{"id":103959,"date":"2020-03-19T07:35:41","date_gmt":"2020-03-19T06:35:41","guid":{"rendered":"https:\/\/batijournal.com\/?p=103959"},"modified":"2020-03-19T07:35:44","modified_gmt":"2020-03-19T06:35:44","slug":"coronavirus-le-secteur-de-la-construction-demande-un-arret-temporaire-des-chantiers","status":"publish","type":"post","link":"https:\/\/batijournal.com\/index.php\/coronavirus-le-secteur-de-la-construction-demande-un-arret-temporaire-des-chantiers\/103959\/","title":{"rendered":"Coronavirus : le secteur de la construction demande un arr\u00eat temporaire des chantiers"},"content":{"rendered":"\n<p>Alors que le Pr\u00e9sident de la R\u00e9publique a sonn\u00e9 la \u00ab mobilisation g\u00e9n\u00e9rale \u00bb contre la pand\u00e9mie du coronavirus lors de son allocution du 16 mars dernier, le secteur de la construction demande instamment au Gouvernement d\u2019arr\u00eater temporairement les chantiers, \u00e0 l\u2019exception des interventions urgentes, et de lui laisser une dizaine de jours pour s\u2019organiser. La sant\u00e9 et la s\u00e9curit\u00e9 des personnes est une priorit\u00e9 absolue pour les entreprises de B\u00e2timent et de Travaux Publics. Face \u00e0 des mesures de protection qui ne sont pas toujours assur\u00e9es pour les salari\u00e9s, en l\u2019absence notamment de masques de protection, face \u00e0 des donneurs d\u2019ordre qui, de mani\u00e8re \u00e9parpill\u00e9e, arr\u00eatent certains chantiers, face \u00e0 des difficult\u00e9s majeures d\u2019approvisionnement, face \u00e0 certaines interventions des forces de l\u2019ordre pour interrompre des chantiers, le BTP est confront\u00e9 \u00e0 une d\u00e9sorganisation, \u00e0 des risques sanitaires et \u00e0 une incompr\u00e9hension m\u00eal\u00e9e d\u2019inqui\u00e9tude l\u00e9gitime \u00e0 la fois des chefs d\u2019entreprise et des salari\u00e9s. La responsabilit\u00e9 est collective pour limiter au maximum les risques de propagation du coronavirus et pour trouver avec le Gouvernement des solutions pour prot\u00e9ger la sant\u00e9 des salari\u00e9s et assurer la poursuite de l\u2019activit\u00e9 dans de bonnes conditions.<\/p>\n","protected":false},"excerpt":{"rendered":"<p>Alors que le Pr\u00e9sident de la R\u00e9publique a sonn\u00e9 la \u00ab mobilisation g\u00e9n\u00e9rale \u00bb contre la pand\u00e9mie du coronavirus lors de son allocution du 16 mars dernier, le secteur de la construction demande instamment au Gouvernement d\u2019arr\u00eater temporairement les chantiers, \u00e0 l\u2019exception des interventions urgentes, et de lui laisser une dizaine de jours pour s\u2019organiser. [&hellip;]<\/p>\n","protected":false},"author":17,"featured_media":103960,"comment_status":"closed","ping_status":"closed","sticky":false,"template":"","format":"standard","meta":{"_et_pb_use_builder":"","_et_pb_old_content":"","_et_gb_content_width":"","footnotes":""},"categories":[10530,6345],"tags":[],"class_list":["post-103959","post","type-post","status-publish","format-standard","has-post-thumbnail","hentry","category-actualites","category-economie-marches"],"yoast_head":"<!-- This site is optimized with the Yoast SEO plugin v27.4 - https:\/\/yoast.com\/product\/yoast-seo-wordpress\/ -->\n<title>Coronavirus : le secteur de la construction demande un arr\u00eat temporaire des chantiers<\/title>\n<meta name=\"robots\" content=\"index, follow, max-snippet:-1, max-image-preview:large, max-video-preview:-1\" \/>\n<link rel=\"canonical\" href=\"https:\/\/batijournal.com\/index.php\/coronavirus-le-secteur-de-la-construction-demande-un-arret-temporaire-des-chantiers\/103959\/\" \/>\n<meta property=\"og:locale\" content=\"fr_FR\" \/>\n<meta property=\"og:type\" content=\"article\" \/>\n<meta property=\"og:title\" content=\"Coronavirus : le secteur de la construction demande un arr\u00eat temporaire des chantiers\" \/>\n<meta property=\"og:description\" content=\"Alors que le Pr\u00e9sident de la R\u00e9publique a sonn\u00e9 la \u00ab mobilisation g\u00e9n\u00e9rale \u00bb contre la pand\u00e9mie du coronavirus lors de son allocution du 16 mars dernier, le secteur de la construction demande instamment au Gouvernement d\u2019arr\u00eater temporairement les chantiers, \u00e0 l\u2019exception des interventions urgentes, et de lui laisser une dizaine de jours pour s\u2019organiser. [&hellip;]\" \/>\n<meta property=\"og:url\" content=\"https:\/\/batijournal.com\/index.php\/coronavirus-le-secteur-de-la-construction-demande-un-arret-temporaire-des-chantiers\/103959\/\" \/>\n<meta property=\"og:site_name\" content=\"Batijournal\" \/>\n<meta property=\"article:published_time\" content=\"2020-03-19T06:35:41+00:00\" \/>\n<meta property=\"article:modified_time\" content=\"2020-03-19T06:35:44+00:00\" \/>\n<meta property=\"og:image\" content=\"https:\/\/batijournal.com\/wp-content\/uploads\/2020\/03\/chantier-batiment.jpg\" \/>\n\t<meta property=\"og:image:width\" content=\"1200\" \/>\n\t<meta property=\"og:image:height\" content=\"757\" \/>\n\t<meta property=\"og:image:type\" content=\"image\/jpeg\" \/>\n<meta name=\"author\" content=\"St\u00e9phane Miget\" \/>\n<meta name=\"twitter:card\" content=\"summary_large_image\" \/>\n<meta name=\"twitter:creator\" content=\"@bati_journal\" \/>\n<meta name=\"twitter:site\" content=\"@bati_journal\" \/>\n<meta name=\"twitter:label1\" content=\"\u00c9crit par\" \/>\n\t<meta name=\"twitter:data1\" content=\"St\u00e9phane Miget\" \/>\n\t<meta name=\"twitter:label2\" content=\"Dur\u00e9e de lecture estim\u00e9e\" \/>\n\t<meta name=\"twitter:data2\" content=\"1 minute\" \/>\n<script type=\"application\/ld+json\" class=\"yoast-schema-graph\">{\"@context\":\"https:\\\/\\\/schema.org\",\"@graph\":[{\"@type\":\"Article\",\"@id\":\"https:\\\/\\\/batijournal.com\\\/index.php\\\/coronavirus-le-secteur-de-la-construction-demande-un-arret-temporaire-des-chantiers\\\/103959\\\/#article\",\"isPartOf\":{\"@id\":\"https:\\\/\\\/batijournal.com\\\/index.php\\\/coronavirus-le-secteur-de-la-construction-demande-un-arret-temporaire-des-chantiers\\\/103959\\\/\"},\"author\":{\"name\":\"St\u00e9phane Miget\",\"@id\":\"https:\\\/\\\/batijournal.com\\\/#\\\/schema\\\/person\\\/1dc96ec6957aa1ccb25ebe78bb19f100\"},\"headline\":\"Coronavirus : le secteur de la construction demande un arr\u00eat temporaire des chantiers\",\"datePublished\":\"2020-03-19T06:35:41+00:00\",\"dateModified\":\"2020-03-19T06:35:44+00:00\",\"mainEntityOfPage\":{\"@id\":\"https:\\\/\\\/batijournal.com\\\/index.php\\\/coronavirus-le-secteur-de-la-construction-demande-un-arret-temporaire-des-chantiers\\\/103959\\\/\"},\"wordCount\":226,\"image\":{\"@id\":\"https:\\\/\\\/batijournal.com\\\/index.php\\\/coronavirus-le-secteur-de-la-construction-demande-un-arret-temporaire-des-chantiers\\\/103959\\\/#primaryimage\"},\"thumbnailUrl\":\"https:\\\/\\\/batijournal.com\\\/wp-content\\\/uploads\\\/2020\\\/03\\\/chantier-batiment.jpg\",\"articleSection\":[\"Actualit\u00e9s\",\"\u00c9conomie &amp; March\u00e9s\"],\"inLanguage\":\"fr-FR\"},{\"@type\":\"WebPage\",\"@id\":\"https:\\\/\\\/batijournal.com\\\/index.php\\\/coronavirus-le-secteur-de-la-construction-demande-un-arret-temporaire-des-chantiers\\\/103959\\\/\",\"url\":\"https:\\\/\\\/batijournal.com\\\/index.php\\\/coronavirus-le-secteur-de-la-construction-demande-un-arret-temporaire-des-chantiers\\\/103959\\\/\",\"name\":\"Coronavirus : le secteur de la construction demande un arr\u00eat temporaire des chantiers\",\"isPartOf\":{\"@id\":\"https:\\\/\\\/batijournal.com\\\/#website\"},\"primaryImageOfPage\":{\"@id\":\"https:\\\/\\\/batijournal.com\\\/index.php\\\/coronavirus-le-secteur-de-la-construction-demande-un-arret-temporaire-des-chantiers\\\/103959\\\/#primaryimage\"},\"image\":{\"@id\":\"https:\\\/\\\/batijournal.com\\\/index.php\\\/coronavirus-le-secteur-de-la-construction-demande-un-arret-temporaire-des-chantiers\\\/103959\\\/#primaryimage\"},\"thumbnailUrl\":\"https:\\\/\\\/batijournal.com\\\/wp-content\\\/uploads\\\/2020\\\/03\\\/chantier-batiment.jpg\",\"datePublished\":\"2020-03-19T06:35:41+00:00\",\"dateModified\":\"2020-03-19T06:35:44+00:00\",\"author\":{\"@id\":\"https:\\\/\\\/batijournal.com\\\/#\\\/schema\\\/person\\\/1dc96ec6957aa1ccb25ebe78bb19f100\"},\"breadcrumb\":{\"@id\":\"https:\\\/\\\/batijournal.com\\\/index.php\\\/coronavirus-le-secteur-de-la-construction-demande-un-arret-temporaire-des-chantiers\\\/103959\\\/#breadcrumb\"},\"inLanguage\":\"fr-FR\",\"potentialAction\":[{\"@type\":\"ReadAction\",\"target\":[\"https:\\\/\\\/batijournal.com\\\/index.php\\\/coronavirus-le-secteur-de-la-construction-demande-un-arret-temporaire-des-chantiers\\\/103959\\\/\"]}]},{\"@type\":\"ImageObject\",\"inLanguage\":\"fr-FR\",\"@id\":\"https:\\\/\\\/batijournal.com\\\/index.php\\\/coronavirus-le-secteur-de-la-construction-demande-un-arret-temporaire-des-chantiers\\\/103959\\\/#primaryimage\",\"url\":\"https:\\\/\\\/batijournal.com\\\/wp-content\\\/uploads\\\/2020\\\/03\\\/chantier-batiment.jpg\",\"contentUrl\":\"https:\\\/\\\/batijournal.com\\\/wp-content\\\/uploads\\\/2020\\\/03\\\/chantier-batiment.jpg\",\"width\":1200,\"height\":757},{\"@type\":\"BreadcrumbList\",\"@id\":\"https:\\\/\\\/batijournal.com\\\/index.php\\\/coronavirus-le-secteur-de-la-construction-demande-un-arret-temporaire-des-chantiers\\\/103959\\\/#breadcrumb\",\"itemListElement\":[{\"@type\":\"ListItem\",\"position\":1,\"name\":\"Accueil\",\"item\":\"https:\\\/\\\/batijournal.com\\\/\"},{\"@type\":\"ListItem\",\"position\":2,\"name\":\"Actualit\u00e9s\",\"item\":\"https:\\\/\\\/batijournal.com\\\/index.php\\\/category\\\/actualites\\\/\"},{\"@type\":\"ListItem\",\"position\":3,\"name\":\"Coronavirus : le secteur de la construction demande un arr\u00eat temporaire des chantiers\"}]},{\"@type\":\"WebSite\",\"@id\":\"https:\\\/\\\/batijournal.com\\\/#website\",\"url\":\"https:\\\/\\\/batijournal.com\\\/\",\"name\":\"Batijournal\",\"description\":\"L&#039;actualit\u00e9 du b\u00e2timent\",\"potentialAction\":[{\"@type\":\"SearchAction\",\"target\":{\"@type\":\"EntryPoint\",\"urlTemplate\":\"https:\\\/\\\/batijournal.com\\\/?s={search_term_string}\"},\"query-input\":{\"@type\":\"PropertyValueSpecification\",\"valueRequired\":true,\"valueName\":\"search_term_string\"}}],\"inLanguage\":\"fr-FR\"},{\"@type\":\"Person\",\"@id\":\"https:\\\/\\\/batijournal.com\\\/#\\\/schema\\\/person\\\/1dc96ec6957aa1ccb25ebe78bb19f100\",\"name\":\"St\u00e9phane Miget\",\"image\":{\"@type\":\"ImageObject\",\"inLanguage\":\"fr-FR\",\"@id\":\"https:\\\/\\\/secure.gravatar.com\\\/avatar\\\/89915563d925342126b8ef0281b93d9d7fc337043e8df017f780908eb9644451?s=96&d=mm&r=g\",\"url\":\"https:\\\/\\\/secure.gravatar.com\\\/avatar\\\/89915563d925342126b8ef0281b93d9d7fc337043e8df017f780908eb9644451?s=96&d=mm&r=g\",\"contentUrl\":\"https:\\\/\\\/secure.gravatar.com\\\/avatar\\\/89915563d925342126b8ef0281b93d9d7fc337043e8df017f780908eb9644451?s=96&d=mm&r=g\",\"caption\":\"St\u00e9phane Miget\"},\"url\":\"https:\\\/\\\/batijournal.com\\\/index.php\\\/author\\\/stephane\\\/\"}]}<\/script>\n<!-- \/ Yoast SEO plugin. -->","yoast_head_json":{"title":"Coronavirus : le secteur de la construction demande un arr\u00eat temporaire des chantiers","robots":{"index":"index","follow":"follow","max-snippet":"max-snippet:-1","max-image-preview":"max-image-preview:large","max-video-preview":"max-video-preview:-1"},"canonical":"https:\/\/batijournal.com\/index.php\/coronavirus-le-secteur-de-la-construction-demande-un-arret-temporaire-des-chantiers\/103959\/","og_locale":"fr_FR","og_type":"article","og_title":"Coronavirus : le secteur de la construction demande un arr\u00eat temporaire des chantiers","og_description":"Alors que le Pr\u00e9sident de la R\u00e9publique a sonn\u00e9 la \u00ab mobilisation g\u00e9n\u00e9rale \u00bb contre la pand\u00e9mie du coronavirus lors de son allocution du 16 mars dernier, le secteur de la construction demande instamment au Gouvernement d\u2019arr\u00eater temporairement les chantiers, \u00e0 l\u2019exception des interventions urgentes, et de lui laisser une dizaine de jours pour s\u2019organiser. [&hellip;]","og_url":"https:\/\/batijournal.com\/index.php\/coronavirus-le-secteur-de-la-construction-demande-un-arret-temporaire-des-chantiers\/103959\/","og_site_name":"Batijournal","article_published_time":"2020-03-19T06:35:41+00:00","article_modified_time":"2020-03-19T06:35:44+00:00","og_image":[{"width":1200,"height":757,"url":"https:\/\/batijournal.com\/wp-content\/uploads\/2020\/03\/chantier-batiment.jpg","type":"image\/jpeg"}],"author":"St\u00e9phane Miget","twitter_card":"summary_large_image","twitter_creator":"@bati_journal","twitter_site":"@bati_journal","twitter_misc":{"\u00c9crit par":"St\u00e9phane Miget","Dur\u00e9e de lecture estim\u00e9e":"1 minute"},"schema":{"@context":"https:\/\/schema.org","@graph":[{"@type":"Article","@id":"https:\/\/batijournal.com\/index.php\/coronavirus-le-secteur-de-la-construction-demande-un-arret-temporaire-des-chantiers\/103959\/#article","isPartOf":{"@id":"https:\/\/batijournal.com\/index.php\/coronavirus-le-secteur-de-la-construction-demande-un-arret-temporaire-des-chantiers\/103959\/"},"author":{"name":"St\u00e9phane Miget","@id":"https:\/\/batijournal.com\/#\/schema\/person\/1dc96ec6957aa1ccb25ebe78bb19f100"},"headline":"Coronavirus : le secteur de la construction demande un arr\u00eat temporaire des chantiers","datePublished":"2020-03-19T06:35:41+00:00","dateModified":"2020-03-19T06:35:44+00:00","mainEntityOfPage":{"@id":"https:\/\/batijournal.com\/index.php\/coronavirus-le-secteur-de-la-construction-demande-un-arret-temporaire-des-chantiers\/103959\/"},"wordCount":226,"image":{"@id":"https:\/\/batijournal.com\/index.php\/coronavirus-le-secteur-de-la-construction-demande-un-arret-temporaire-des-chantiers\/103959\/#primaryimage"},"thumbnailUrl":"https:\/\/batijournal.com\/wp-content\/uploads\/2020\/03\/chantier-batiment.jpg","articleSection":["Actualit\u00e9s","\u00c9conomie &amp; March\u00e9s"],"inLanguage":"fr-FR"},{"@type":"WebPage","@id":"https:\/\/batijournal.com\/index.php\/coronavirus-le-secteur-de-la-construction-demande-un-arret-temporaire-des-chantiers\/103959\/","url":"https:\/\/batijournal.com\/index.php\/coronavirus-le-secteur-de-la-construction-demande-un-arret-temporaire-des-chantiers\/103959\/","name":"Coronavirus : le secteur de la construction demande un arr\u00eat temporaire des chantiers","isPartOf":{"@id":"https:\/\/batijournal.com\/#website"},"primaryImageOfPage":{"@id":"https:\/\/batijournal.com\/index.php\/coronavirus-le-secteur-de-la-construction-demande-un-arret-temporaire-des-chantiers\/103959\/#primaryimage"},"image":{"@id":"https:\/\/batijournal.com\/index.php\/coronavirus-le-secteur-de-la-construction-demande-un-arret-temporaire-des-chantiers\/103959\/#primaryimage"},"thumbnailUrl":"https:\/\/batijournal.com\/wp-content\/uploads\/2020\/03\/chantier-batiment.jpg","datePublished":"2020-03-19T06:35:41+00:00","dateModified":"2020-03-19T06:35:44+00:00","author":{"@id":"https:\/\/batijournal.com\/#\/schema\/person\/1dc96ec6957aa1ccb25ebe78bb19f100"},"breadcrumb":{"@id":"https:\/\/batijournal.com\/index.php\/coronavirus-le-secteur-de-la-construction-demande-un-arret-temporaire-des-chantiers\/103959\/#breadcrumb"},"inLanguage":"fr-FR","potentialAction":[{"@type":"ReadAction","target":["https:\/\/batijournal.com\/index.php\/coronavirus-le-secteur-de-la-construction-demande-un-arret-temporaire-des-chantiers\/103959\/"]}]},{"@type":"ImageObject","inLanguage":"fr-FR","@id":"https:\/\/batijournal.com\/index.php\/coronavirus-le-secteur-de-la-construction-demande-un-arret-temporaire-des-chantiers\/103959\/#primaryimage","url":"https:\/\/batijournal.com\/wp-content\/uploads\/2020\/03\/chantier-batiment.jpg","contentUrl":"https:\/\/batijournal.com\/wp-content\/uploads\/2020\/03\/chantier-batiment.jpg","width":1200,"height":757},{"@type":"BreadcrumbList","@id":"https:\/\/batijournal.com\/index.php\/coronavirus-le-secteur-de-la-construction-demande-un-arret-temporaire-des-chantiers\/103959\/#breadcrumb","itemListElement":[{"@type":"ListItem","position":1,"name":"Accueil","item":"https:\/\/batijournal.com\/"},{"@type":"ListItem","position":2,"name":"Actualit\u00e9s","item":"https:\/\/batijournal.com\/index.php\/category\/actualites\/"},{"@type":"ListItem","position":3,"name":"Coronavirus : le secteur de la construction demande un arr\u00eat temporaire des chantiers"}]},{"@type":"WebSite","@id":"https:\/\/batijournal.com\/#website","url":"https:\/\/batijournal.com\/","name":"Batijournal","description":"L&#039;actualit\u00e9 du b\u00e2timent","potentialAction":[{"@type":"SearchAction","target":{"@type":"EntryPoint","urlTemplate":"https:\/\/batijournal.com\/?s={search_term_string}"},"query-input":{"@type":"PropertyValueSpecification","valueRequired":true,"valueName":"search_term_string"}}],"inLanguage":"fr-FR"},{"@type":"Person","@id":"https:\/\/batijournal.com\/#\/schema\/person\/1dc96ec6957aa1ccb25ebe78bb19f100","name":"St\u00e9phane Miget","image":{"@type":"ImageObject","inLanguage":"fr-FR","@id":"https:\/\/secure.gravatar.com\/avatar\/89915563d925342126b8ef0281b93d9d7fc337043e8df017f780908eb9644451?s=96&d=mm&r=g","url":"https:\/\/secure.gravatar.com\/avatar\/89915563d925342126b8ef0281b93d9d7fc337043e8df017f780908eb9644451?s=96&d=mm&r=g","contentUrl":"https:\/\/secure.gravatar.com\/avatar\/89915563d925342126b8ef0281b93d9d7fc337043e8df017f780908eb9644451?s=96&d=mm&r=g","caption":"St\u00e9phane Miget"},"url":"https:\/\/batijournal.com\/index.php\/author\/stephane\/"}]}},"_links":{"self":[{"href":"https:\/\/batijournal.com\/index.php\/wp-json\/wp\/v2\/posts\/103959","targetHints":{"allow":["GET"]}}],"collection":[{"href":"https:\/\/batijournal.com\/index.php\/wp-json\/wp\/v2\/posts"}],"about":[{"href":"https:\/\/batijournal.com\/index.php\/wp-json\/wp\/v2\/types\/post"}],"author":[{"embeddable":true,"href":"https:\/\/batijournal.com\/index.php\/wp-json\/wp\/v2\/users\/17"}],"replies":[{"embeddable":true,"href":"https:\/\/batijournal.com\/index.php\/wp-json\/wp\/v2\/comments?post=103959"}],"version-history":[{"count":0,"href":"https:\/\/batijournal.com\/index.php\/wp-json\/wp\/v2\/posts\/103959\/revisions"}],"wp:featuredmedia":[{"embeddable":true,"href":"https:\/\/batijournal.com\/index.php\/wp-json\/wp\/v2\/media\/103960"}],"wp:attachment":[{"href":"https:\/\/batijournal.com\/index.php\/wp-json\/wp\/v2\/media?parent=103959"}],"wp:term":[{"taxonomy":"category","embeddable":true,"href":"https:\/\/batijournal.com\/index.php\/wp-json\/wp\/v2\/categories?post=103959"},{"taxonomy":"post_tag","embeddable":true,"href":"https:\/\/batijournal.com\/index.php\/wp-json\/wp\/v2\/tags?post=103959"}],"curies":[{"name":"wp","href":"https:\/\/api.w.org\/{rel}","templated":true}]}}