{"id":103965,"date":"2020-03-19T08:59:14","date_gmt":"2020-03-19T07:59:14","guid":{"rendered":"https:\/\/batijournal.com\/?p=103965"},"modified":"2020-03-19T08:59:15","modified_gmt":"2020-03-19T07:59:15","slug":"muriel-penicaud-en-appelle-au-civisme-des-entreprises","status":"publish","type":"post","link":"https:\/\/batijournal.com\/index.php\/muriel-penicaud-en-appelle-au-civisme-des-entreprises\/103965\/","title":{"rendered":"Muriel P\u00e9nicaud en appelle au civisme des entreprises"},"content":{"rendered":"\n<p>Muriel P\u00e9nicaud, interview\u00e9e sur LCI par \u00c9lizabeth Martichoux, ce jeudi 19 mars 2020 matin, r\u00e9agit entre autre \u00e0 l&rsquo;appel de la Capeb de cesser toute activit\u00e9. Pour la Ministre du travail, il s&rsquo;agit d&rsquo;un acte civique de continuer \u00e0 travailler. Elle demande aux employeurs de r\u00e9fl\u00e9chir \u00e0 une organisation permettant de s\u00e9curiser leurs salari\u00e9s en continuant leur activit\u00e9, \u00ab\u00a0Le pays ne doit pas s&rsquo;arr\u00eater\u00a0\u00bb. Citant le monde du b\u00e2timent, elle donne l&rsquo;exemple du d\u00e9placement o\u00f9 les salari\u00e9s sont coll\u00e9s les uns aux autres dans les v\u00e9hicules en indiquant qu&rsquo;il suffit simplement d&rsquo;utiliser plusieurs voitures au lieu d&rsquo;une seule\u2026 Elle demande d&rsquo;assurer la s\u00e9curit\u00e9 des salari\u00e9s en s&rsquo;organisant diff\u00e9remment et en se concertant. Bruno Le Maire, le ministre de l&rsquo;\u00e9conomie avait invit\u00e9 la veille : \u00ab\u00a0tous les salari\u00e9s des entreprises qui sont encore ouvertes, des activit\u00e9s qui sont indispensables au fonctionnement du pays, \u00e0 se rendre sur leurs lieux de travail (\u2026) dans des conditions de s\u00e9curit\u00e9 sanitaire maximales\u00a0\u00bb sur BFM Business. L&rsquo;objectif des ministres \u00e9tant de ne pas paralyser totalement l&rsquo;activit\u00e9 \u00e9conomique du pays.<\/p>\n","protected":false},"excerpt":{"rendered":"<p>Muriel P\u00e9nicaud, interview\u00e9e sur LCI par \u00c9lizabeth Martichoux, ce jeudi 19 mars 2020 matin, r\u00e9agit entre autre \u00e0 l&rsquo;appel de la Capeb de cesser toute activit\u00e9. Pour la Ministre du travail, il s&rsquo;agit d&rsquo;un acte civique de continuer \u00e0 travailler. Elle demande aux employeurs de r\u00e9fl\u00e9chir \u00e0 une organisation permettant de s\u00e9curiser leurs salari\u00e9s en [&hellip;]<\/p>\n","protected":false},"author":17,"featured_media":103966,"comment_status":"closed","ping_status":"closed","sticky":false,"template":"","format":"standard","meta":{"_et_pb_use_builder":"","_et_pb_old_content":"","_et_gb_content_width":"","footnotes":""},"categories":[10736,10530,6345],"tags":[],"class_list":["post-103965","post","type-post","status-publish","format-standard","has-post-thumbnail","hentry","category-a-la-une","category-actualites","category-economie-marches"],"yoast_head":"<!-- This site is optimized with the Yoast SEO plugin v27.4 - https:\/\/yoast.com\/product\/yoast-seo-wordpress\/ -->\n<title>Muriel P\u00e9nicaud en appelle au civisme des entreprises<\/title>\n<meta name=\"robots\" content=\"index, follow, max-snippet:-1, max-image-preview:large, max-video-preview:-1\" \/>\n<link rel=\"canonical\" href=\"https:\/\/batijournal.com\/index.php\/muriel-penicaud-en-appelle-au-civisme-des-entreprises\/103965\/\" \/>\n<meta property=\"og:locale\" content=\"fr_FR\" \/>\n<meta property=\"og:type\" content=\"article\" \/>\n<meta property=\"og:title\" content=\"Muriel P\u00e9nicaud en appelle au civisme des entreprises\" \/>\n<meta property=\"og:description\" content=\"Muriel P\u00e9nicaud, interview\u00e9e sur LCI par \u00c9lizabeth Martichoux, ce jeudi 19 mars 2020 matin, r\u00e9agit entre autre \u00e0 l&rsquo;appel de la Capeb de cesser toute activit\u00e9. Pour la Ministre du travail, il s&rsquo;agit d&rsquo;un acte civique de continuer \u00e0 travailler. Elle demande aux employeurs de r\u00e9fl\u00e9chir \u00e0 une organisation permettant de s\u00e9curiser leurs salari\u00e9s en [&hellip;]\" \/>\n<meta property=\"og:url\" content=\"https:\/\/batijournal.com\/index.php\/muriel-penicaud-en-appelle-au-civisme-des-entreprises\/103965\/\" \/>\n<meta property=\"og:site_name\" content=\"Batijournal\" \/>\n<meta property=\"article:published_time\" content=\"2020-03-19T07:59:14+00:00\" \/>\n<meta property=\"article:modified_time\" content=\"2020-03-19T07:59:15+00:00\" \/>\n<meta property=\"og:image\" content=\"https:\/\/batijournal.com\/wp-content\/uploads\/2020\/03\/murie-penicaud-elizabeth-martichoux-lci.png\" \/>\n\t<meta property=\"og:image:width\" content=\"770\" \/>\n\t<meta property=\"og:image:height\" content=\"383\" \/>\n\t<meta property=\"og:image:type\" content=\"image\/png\" \/>\n<meta name=\"author\" content=\"St\u00e9phane Miget\" \/>\n<meta name=\"twitter:card\" content=\"summary_large_image\" \/>\n<meta name=\"twitter:creator\" content=\"@bati_journal\" \/>\n<meta name=\"twitter:site\" content=\"@bati_journal\" \/>\n<meta name=\"twitter:label1\" content=\"\u00c9crit par\" \/>\n\t<meta name=\"twitter:data1\" content=\"St\u00e9phane Miget\" \/>\n\t<meta name=\"twitter:label2\" content=\"Dur\u00e9e de lecture estim\u00e9e\" \/>\n\t<meta name=\"twitter:data2\" content=\"1 minute\" \/>\n<script type=\"application\/ld+json\" class=\"yoast-schema-graph\">{\"@context\":\"https:\\\/\\\/schema.org\",\"@graph\":[{\"@type\":\"Article\",\"@id\":\"https:\\\/\\\/batijournal.com\\\/index.php\\\/muriel-penicaud-en-appelle-au-civisme-des-entreprises\\\/103965\\\/#article\",\"isPartOf\":{\"@id\":\"https:\\\/\\\/batijournal.com\\\/index.php\\\/muriel-penicaud-en-appelle-au-civisme-des-entreprises\\\/103965\\\/\"},\"author\":{\"name\":\"St\u00e9phane Miget\",\"@id\":\"https:\\\/\\\/batijournal.com\\\/#\\\/schema\\\/person\\\/1dc96ec6957aa1ccb25ebe78bb19f100\"},\"headline\":\"Muriel P\u00e9nicaud en appelle au civisme des entreprises\",\"datePublished\":\"2020-03-19T07:59:14+00:00\",\"dateModified\":\"2020-03-19T07:59:15+00:00\",\"mainEntityOfPage\":{\"@id\":\"https:\\\/\\\/batijournal.com\\\/index.php\\\/muriel-penicaud-en-appelle-au-civisme-des-entreprises\\\/103965\\\/\"},\"wordCount\":207,\"image\":{\"@id\":\"https:\\\/\\\/batijournal.com\\\/index.php\\\/muriel-penicaud-en-appelle-au-civisme-des-entreprises\\\/103965\\\/#primaryimage\"},\"thumbnailUrl\":\"https:\\\/\\\/batijournal.com\\\/wp-content\\\/uploads\\\/2020\\\/03\\\/murie-penicaud-elizabeth-martichoux-lci.png\",\"articleSection\":[\"A la Une\",\"Actualit\u00e9s\",\"\u00c9conomie &amp; March\u00e9s\"],\"inLanguage\":\"fr-FR\"},{\"@type\":\"WebPage\",\"@id\":\"https:\\\/\\\/batijournal.com\\\/index.php\\\/muriel-penicaud-en-appelle-au-civisme-des-entreprises\\\/103965\\\/\",\"url\":\"https:\\\/\\\/batijournal.com\\\/index.php\\\/muriel-penicaud-en-appelle-au-civisme-des-entreprises\\\/103965\\\/\",\"name\":\"Muriel P\u00e9nicaud en appelle au civisme des entreprises\",\"isPartOf\":{\"@id\":\"https:\\\/\\\/batijournal.com\\\/#website\"},\"primaryImageOfPage\":{\"@id\":\"https:\\\/\\\/batijournal.com\\\/index.php\\\/muriel-penicaud-en-appelle-au-civisme-des-entreprises\\\/103965\\\/#primaryimage\"},\"image\":{\"@id\":\"https:\\\/\\\/batijournal.com\\\/index.php\\\/muriel-penicaud-en-appelle-au-civisme-des-entreprises\\\/103965\\\/#primaryimage\"},\"thumbnailUrl\":\"https:\\\/\\\/batijournal.com\\\/wp-content\\\/uploads\\\/2020\\\/03\\\/murie-penicaud-elizabeth-martichoux-lci.png\",\"datePublished\":\"2020-03-19T07:59:14+00:00\",\"dateModified\":\"2020-03-19T07:59:15+00:00\",\"author\":{\"@id\":\"https:\\\/\\\/batijournal.com\\\/#\\\/schema\\\/person\\\/1dc96ec6957aa1ccb25ebe78bb19f100\"},\"breadcrumb\":{\"@id\":\"https:\\\/\\\/batijournal.com\\\/index.php\\\/muriel-penicaud-en-appelle-au-civisme-des-entreprises\\\/103965\\\/#breadcrumb\"},\"inLanguage\":\"fr-FR\",\"potentialAction\":[{\"@type\":\"ReadAction\",\"target\":[\"https:\\\/\\\/batijournal.com\\\/index.php\\\/muriel-penicaud-en-appelle-au-civisme-des-entreprises\\\/103965\\\/\"]}]},{\"@type\":\"ImageObject\",\"inLanguage\":\"fr-FR\",\"@id\":\"https:\\\/\\\/batijournal.com\\\/index.php\\\/muriel-penicaud-en-appelle-au-civisme-des-entreprises\\\/103965\\\/#primaryimage\",\"url\":\"https:\\\/\\\/batijournal.com\\\/wp-content\\\/uploads\\\/2020\\\/03\\\/murie-penicaud-elizabeth-martichoux-lci.png\",\"contentUrl\":\"https:\\\/\\\/batijournal.com\\\/wp-content\\\/uploads\\\/2020\\\/03\\\/murie-penicaud-elizabeth-martichoux-lci.png\",\"width\":770,\"height\":383},{\"@type\":\"BreadcrumbList\",\"@id\":\"https:\\\/\\\/batijournal.com\\\/index.php\\\/muriel-penicaud-en-appelle-au-civisme-des-entreprises\\\/103965\\\/#breadcrumb\",\"itemListElement\":[{\"@type\":\"ListItem\",\"position\":1,\"name\":\"Accueil\",\"item\":\"https:\\\/\\\/batijournal.com\\\/\"},{\"@type\":\"ListItem\",\"position\":2,\"name\":\"Actualit\u00e9s\",\"item\":\"https:\\\/\\\/batijournal.com\\\/index.php\\\/category\\\/actualites\\\/\"},{\"@type\":\"ListItem\",\"position\":3,\"name\":\"Muriel P\u00e9nicaud en appelle au civisme des entreprises\"}]},{\"@type\":\"WebSite\",\"@id\":\"https:\\\/\\\/batijournal.com\\\/#website\",\"url\":\"https:\\\/\\\/batijournal.com\\\/\",\"name\":\"Batijournal\",\"description\":\"L&#039;actualit\u00e9 du b\u00e2timent\",\"potentialAction\":[{\"@type\":\"SearchAction\",\"target\":{\"@type\":\"EntryPoint\",\"urlTemplate\":\"https:\\\/\\\/batijournal.com\\\/?s={search_term_string}\"},\"query-input\":{\"@type\":\"PropertyValueSpecification\",\"valueRequired\":true,\"valueName\":\"search_term_string\"}}],\"inLanguage\":\"fr-FR\"},{\"@type\":\"Person\",\"@id\":\"https:\\\/\\\/batijournal.com\\\/#\\\/schema\\\/person\\\/1dc96ec6957aa1ccb25ebe78bb19f100\",\"name\":\"St\u00e9phane Miget\",\"image\":{\"@type\":\"ImageObject\",\"inLanguage\":\"fr-FR\",\"@id\":\"https:\\\/\\\/secure.gravatar.com\\\/avatar\\\/89915563d925342126b8ef0281b93d9d7fc337043e8df017f780908eb9644451?s=96&d=mm&r=g\",\"url\":\"https:\\\/\\\/secure.gravatar.com\\\/avatar\\\/89915563d925342126b8ef0281b93d9d7fc337043e8df017f780908eb9644451?s=96&d=mm&r=g\",\"contentUrl\":\"https:\\\/\\\/secure.gravatar.com\\\/avatar\\\/89915563d925342126b8ef0281b93d9d7fc337043e8df017f780908eb9644451?s=96&d=mm&r=g\",\"caption\":\"St\u00e9phane Miget\"},\"url\":\"https:\\\/\\\/batijournal.com\\\/index.php\\\/author\\\/stephane\\\/\"}]}<\/script>\n<!-- \/ Yoast SEO plugin. -->","yoast_head_json":{"title":"Muriel P\u00e9nicaud en appelle au civisme des entreprises","robots":{"index":"index","follow":"follow","max-snippet":"max-snippet:-1","max-image-preview":"max-image-preview:large","max-video-preview":"max-video-preview:-1"},"canonical":"https:\/\/batijournal.com\/index.php\/muriel-penicaud-en-appelle-au-civisme-des-entreprises\/103965\/","og_locale":"fr_FR","og_type":"article","og_title":"Muriel P\u00e9nicaud en appelle au civisme des entreprises","og_description":"Muriel P\u00e9nicaud, interview\u00e9e sur LCI par \u00c9lizabeth Martichoux, ce jeudi 19 mars 2020 matin, r\u00e9agit entre autre \u00e0 l&rsquo;appel de la Capeb de cesser toute activit\u00e9. Pour la Ministre du travail, il s&rsquo;agit d&rsquo;un acte civique de continuer \u00e0 travailler. Elle demande aux employeurs de r\u00e9fl\u00e9chir \u00e0 une organisation permettant de s\u00e9curiser leurs salari\u00e9s en [&hellip;]","og_url":"https:\/\/batijournal.com\/index.php\/muriel-penicaud-en-appelle-au-civisme-des-entreprises\/103965\/","og_site_name":"Batijournal","article_published_time":"2020-03-19T07:59:14+00:00","article_modified_time":"2020-03-19T07:59:15+00:00","og_image":[{"width":770,"height":383,"url":"https:\/\/batijournal.com\/wp-content\/uploads\/2020\/03\/murie-penicaud-elizabeth-martichoux-lci.png","type":"image\/png"}],"author":"St\u00e9phane Miget","twitter_card":"summary_large_image","twitter_creator":"@bati_journal","twitter_site":"@bati_journal","twitter_misc":{"\u00c9crit par":"St\u00e9phane Miget","Dur\u00e9e de lecture estim\u00e9e":"1 minute"},"schema":{"@context":"https:\/\/schema.org","@graph":[{"@type":"Article","@id":"https:\/\/batijournal.com\/index.php\/muriel-penicaud-en-appelle-au-civisme-des-entreprises\/103965\/#article","isPartOf":{"@id":"https:\/\/batijournal.com\/index.php\/muriel-penicaud-en-appelle-au-civisme-des-entreprises\/103965\/"},"author":{"name":"St\u00e9phane Miget","@id":"https:\/\/batijournal.com\/#\/schema\/person\/1dc96ec6957aa1ccb25ebe78bb19f100"},"headline":"Muriel P\u00e9nicaud en appelle au civisme des entreprises","datePublished":"2020-03-19T07:59:14+00:00","dateModified":"2020-03-19T07:59:15+00:00","mainEntityOfPage":{"@id":"https:\/\/batijournal.com\/index.php\/muriel-penicaud-en-appelle-au-civisme-des-entreprises\/103965\/"},"wordCount":207,"image":{"@id":"https:\/\/batijournal.com\/index.php\/muriel-penicaud-en-appelle-au-civisme-des-entreprises\/103965\/#primaryimage"},"thumbnailUrl":"https:\/\/batijournal.com\/wp-content\/uploads\/2020\/03\/murie-penicaud-elizabeth-martichoux-lci.png","articleSection":["A la Une","Actualit\u00e9s","\u00c9conomie &amp; March\u00e9s"],"inLanguage":"fr-FR"},{"@type":"WebPage","@id":"https:\/\/batijournal.com\/index.php\/muriel-penicaud-en-appelle-au-civisme-des-entreprises\/103965\/","url":"https:\/\/batijournal.com\/index.php\/muriel-penicaud-en-appelle-au-civisme-des-entreprises\/103965\/","name":"Muriel P\u00e9nicaud en appelle au civisme des entreprises","isPartOf":{"@id":"https:\/\/batijournal.com\/#website"},"primaryImageOfPage":{"@id":"https:\/\/batijournal.com\/index.php\/muriel-penicaud-en-appelle-au-civisme-des-entreprises\/103965\/#primaryimage"},"image":{"@id":"https:\/\/batijournal.com\/index.php\/muriel-penicaud-en-appelle-au-civisme-des-entreprises\/103965\/#primaryimage"},"thumbnailUrl":"https:\/\/batijournal.com\/wp-content\/uploads\/2020\/03\/murie-penicaud-elizabeth-martichoux-lci.png","datePublished":"2020-03-19T07:59:14+00:00","dateModified":"2020-03-19T07:59:15+00:00","author":{"@id":"https:\/\/batijournal.com\/#\/schema\/person\/1dc96ec6957aa1ccb25ebe78bb19f100"},"breadcrumb":{"@id":"https:\/\/batijournal.com\/index.php\/muriel-penicaud-en-appelle-au-civisme-des-entreprises\/103965\/#breadcrumb"},"inLanguage":"fr-FR","potentialAction":[{"@type":"ReadAction","target":["https:\/\/batijournal.com\/index.php\/muriel-penicaud-en-appelle-au-civisme-des-entreprises\/103965\/"]}]},{"@type":"ImageObject","inLanguage":"fr-FR","@id":"https:\/\/batijournal.com\/index.php\/muriel-penicaud-en-appelle-au-civisme-des-entreprises\/103965\/#primaryimage","url":"https:\/\/batijournal.com\/wp-content\/uploads\/2020\/03\/murie-penicaud-elizabeth-martichoux-lci.png","contentUrl":"https:\/\/batijournal.com\/wp-content\/uploads\/2020\/03\/murie-penicaud-elizabeth-martichoux-lci.png","width":770,"height":383},{"@type":"BreadcrumbList","@id":"https:\/\/batijournal.com\/index.php\/muriel-penicaud-en-appelle-au-civisme-des-entreprises\/103965\/#breadcrumb","itemListElement":[{"@type":"ListItem","position":1,"name":"Accueil","item":"https:\/\/batijournal.com\/"},{"@type":"ListItem","position":2,"name":"Actualit\u00e9s","item":"https:\/\/batijournal.com\/index.php\/category\/actualites\/"},{"@type":"ListItem","position":3,"name":"Muriel P\u00e9nicaud en appelle au civisme des entreprises"}]},{"@type":"WebSite","@id":"https:\/\/batijournal.com\/#website","url":"https:\/\/batijournal.com\/","name":"Batijournal","description":"L&#039;actualit\u00e9 du b\u00e2timent","potentialAction":[{"@type":"SearchAction","target":{"@type":"EntryPoint","urlTemplate":"https:\/\/batijournal.com\/?s={search_term_string}"},"query-input":{"@type":"PropertyValueSpecification","valueRequired":true,"valueName":"search_term_string"}}],"inLanguage":"fr-FR"},{"@type":"Person","@id":"https:\/\/batijournal.com\/#\/schema\/person\/1dc96ec6957aa1ccb25ebe78bb19f100","name":"St\u00e9phane Miget","image":{"@type":"ImageObject","inLanguage":"fr-FR","@id":"https:\/\/secure.gravatar.com\/avatar\/89915563d925342126b8ef0281b93d9d7fc337043e8df017f780908eb9644451?s=96&d=mm&r=g","url":"https:\/\/secure.gravatar.com\/avatar\/89915563d925342126b8ef0281b93d9d7fc337043e8df017f780908eb9644451?s=96&d=mm&r=g","contentUrl":"https:\/\/secure.gravatar.com\/avatar\/89915563d925342126b8ef0281b93d9d7fc337043e8df017f780908eb9644451?s=96&d=mm&r=g","caption":"St\u00e9phane Miget"},"url":"https:\/\/batijournal.com\/index.php\/author\/stephane\/"}]}},"_links":{"self":[{"href":"https:\/\/batijournal.com\/index.php\/wp-json\/wp\/v2\/posts\/103965","targetHints":{"allow":["GET"]}}],"collection":[{"href":"https:\/\/batijournal.com\/index.php\/wp-json\/wp\/v2\/posts"}],"about":[{"href":"https:\/\/batijournal.com\/index.php\/wp-json\/wp\/v2\/types\/post"}],"author":[{"embeddable":true,"href":"https:\/\/batijournal.com\/index.php\/wp-json\/wp\/v2\/users\/17"}],"replies":[{"embeddable":true,"href":"https:\/\/batijournal.com\/index.php\/wp-json\/wp\/v2\/comments?post=103965"}],"version-history":[{"count":0,"href":"https:\/\/batijournal.com\/index.php\/wp-json\/wp\/v2\/posts\/103965\/revisions"}],"wp:featuredmedia":[{"embeddable":true,"href":"https:\/\/batijournal.com\/index.php\/wp-json\/wp\/v2\/media\/103966"}],"wp:attachment":[{"href":"https:\/\/batijournal.com\/index.php\/wp-json\/wp\/v2\/media?parent=103965"}],"wp:term":[{"taxonomy":"category","embeddable":true,"href":"https:\/\/batijournal.com\/index.php\/wp-json\/wp\/v2\/categories?post=103965"},{"taxonomy":"post_tag","embeddable":true,"href":"https:\/\/batijournal.com\/index.php\/wp-json\/wp\/v2\/tags?post=103965"}],"curies":[{"name":"wp","href":"https:\/\/api.w.org\/{rel}","templated":true}]}}