{"id":103987,"date":"2020-03-23T07:55:32","date_gmt":"2020-03-23T06:55:32","guid":{"rendered":"https:\/\/batijournal.com\/?p=103987"},"modified":"2020-03-23T07:55:34","modified_gmt":"2020-03-23T06:55:34","slug":"les-entreprises-du-paysages-aussi-dans-le-flou","status":"publish","type":"post","link":"https:\/\/batijournal.com\/index.php\/les-entreprises-du-paysages-aussi-dans-le-flou\/103987\/","title":{"rendered":"Les entreprises du paysages, aussi dans le flou"},"content":{"rendered":"\n<p>Au lendemain de l\u2019intervention du pr\u00e9sident de la R\u00e9publique du lundi 16 mars 2020 concernant les nouvelles dispositions pour faire face \u00e0 la propagation de l\u2019\u00e9pid\u00e9mie touchant le pays, l\u2019Unep a recommand\u00e9 aux entreprises du paysage de cesser leurs activit\u00e9s \u2013 sauf exception ou contrainte de travail. Cette disposition \u00e9tait en effet la seule permettant de garantir totalement la s\u00e9curit\u00e9 des salari\u00e9s, des chefs d\u2019entreprise et de la soci\u00e9t\u00e9 civile.<\/p>\n\n\n\n<p>Cette recommandation a \u00e9t\u00e9 prise en coh\u00e9rence \u00e0 la fois avec l\u2019ordre de confinement port\u00e9 par le chef de l\u2019Etat et avec les annonces du gouvernement concernant la g\u00e9n\u00e9ralisation du dispositif d\u2019activit\u00e9 partielle pour toutes les entreprises qui en feraient la demande.<\/p>\n\n\n\n<p>Or, depuis le 17 mars, les annonces gouvernementales et les informations contradictoires se sont multipli\u00e9es concernant la continuit\u00e9 de l\u2019activit\u00e9 de la fili\u00e8re : les diff\u00e9rentes institutions en contact avec les entreprises au c\u0153ur des territoires (inspection du travail, donneurs d\u2019ordres publics, corps de police et de gendarmerie) ont port\u00e9 des messages allant parfois \u00e0 l\u2019encontre des directives gouvernementales.<\/p>\n\n\n\n<p>En l\u2019\u00e9tat et \u00e0 l\u2019heure actuelle, l\u2019Unep ne dispose pas des informations et garanties permettant aux chefs de petites et de grandes entreprises de reprendre sereinement et dans des conditions de s\u00e9curit\u00e9 strictes leurs activit\u00e9s.<\/p>\n\n\n\n<p>Apr\u00e8s avoir interpel\u00e9 la ministre du Travail et le Premier ministre pour demander une clarification sur la prise en charge financi\u00e8re de l\u2019activit\u00e9 partielle, l\u2019Unep da demand\u00e9 au gouvernement de tenir et d\u2019appliquer un discours clair et unique sur les aspects de :<\/p>\n\n\n\n<ul class=\"wp-block-list\"><li>la s\u00e9curit\u00e9 des missions et du travail, pour tous ;<\/li><li>la responsabilit\u00e9 des chefs d\u2019entreprise ;<\/li><li>la prise en charge de l\u2019activit\u00e9 partielle ;<\/li><li>l\u2019uniformisation des messages et directives gouvernementales, \u00e0 tous les niveaux territoriaux.<\/li><\/ul>\n\n\n\n<p>Conscientes de l\u2019urgence de la situation et volontaires pour maintenir une activit\u00e9 \u00e9conomique structurante pour le pays conform\u00e9ment aux directives gouvernementales, les 29 550 entreprises du paysage ont d\u00e9sormais besoin de r\u00e9ponses claires pour permettre un red\u00e9marrage de la fili\u00e8re. De la m\u00eame mani\u00e8re, l\u2019Unep travaille au plus proche avec l\u2019ensemble de ses homologues, les instances li\u00e9es au monde agricole et les autorit\u00e9s gouvernementales pour voir comment assurer la protection du plus grand nombre, mais ne peut avancer efficacement sans le concours du gouvernement.<\/p>\n","protected":false},"excerpt":{"rendered":"<p>Au lendemain de l\u2019intervention du pr\u00e9sident de la R\u00e9publique du lundi 16 mars 2020 concernant les nouvelles dispositions pour faire face \u00e0 la propagation de l\u2019\u00e9pid\u00e9mie touchant le pays, l\u2019Unep a recommand\u00e9 aux entreprises du paysage de cesser leurs activit\u00e9s \u2013 sauf exception ou contrainte de travail. Cette disposition \u00e9tait en effet la seule permettant [&hellip;]<\/p>\n","protected":false},"author":17,"featured_media":95411,"comment_status":"closed","ping_status":"closed","sticky":false,"template":"","format":"standard","meta":{"_et_pb_use_builder":"","_et_pb_old_content":"","_et_gb_content_width":"","footnotes":""},"categories":[10530,6345],"tags":[],"class_list":["post-103987","post","type-post","status-publish","format-standard","has-post-thumbnail","hentry","category-actualites","category-economie-marches"],"yoast_head":"<!-- This site is optimized with the Yoast SEO plugin v27.4 - https:\/\/yoast.com\/product\/yoast-seo-wordpress\/ -->\n<title>Les entreprises du paysages, aussi dans le flou<\/title>\n<meta name=\"robots\" content=\"index, follow, max-snippet:-1, max-image-preview:large, max-video-preview:-1\" \/>\n<link rel=\"canonical\" href=\"https:\/\/batijournal.com\/index.php\/les-entreprises-du-paysages-aussi-dans-le-flou\/103987\/\" \/>\n<meta property=\"og:locale\" content=\"fr_FR\" \/>\n<meta property=\"og:type\" content=\"article\" \/>\n<meta property=\"og:title\" content=\"Les entreprises du paysages, aussi dans le flou\" \/>\n<meta property=\"og:description\" content=\"Au lendemain de l\u2019intervention du pr\u00e9sident de la R\u00e9publique du lundi 16 mars 2020 concernant les nouvelles dispositions pour faire face \u00e0 la propagation de l\u2019\u00e9pid\u00e9mie touchant le pays, l\u2019Unep a recommand\u00e9 aux entreprises du paysage de cesser leurs activit\u00e9s \u2013 sauf exception ou contrainte de travail. Cette disposition \u00e9tait en effet la seule permettant [&hellip;]\" \/>\n<meta property=\"og:url\" content=\"https:\/\/batijournal.com\/index.php\/les-entreprises-du-paysages-aussi-dans-le-flou\/103987\/\" \/>\n<meta property=\"og:site_name\" content=\"Batijournal\" \/>\n<meta property=\"article:published_time\" content=\"2020-03-23T06:55:32+00:00\" \/>\n<meta property=\"article:modified_time\" content=\"2020-03-23T06:55:34+00:00\" \/>\n<meta property=\"og:image\" content=\"https:\/\/batijournal.com\/wp-content\/uploads\/2017\/03\/jardin-potager.jpg\" \/>\n\t<meta property=\"og:image:width\" content=\"1200\" \/>\n\t<meta property=\"og:image:height\" content=\"698\" \/>\n\t<meta property=\"og:image:type\" content=\"image\/jpeg\" \/>\n<meta name=\"author\" content=\"St\u00e9phane Miget\" \/>\n<meta name=\"twitter:card\" content=\"summary_large_image\" \/>\n<meta name=\"twitter:creator\" content=\"@bati_journal\" \/>\n<meta name=\"twitter:site\" content=\"@bati_journal\" \/>\n<meta name=\"twitter:label1\" content=\"\u00c9crit par\" \/>\n\t<meta name=\"twitter:data1\" content=\"St\u00e9phane Miget\" \/>\n\t<meta name=\"twitter:label2\" content=\"Dur\u00e9e de lecture estim\u00e9e\" \/>\n\t<meta name=\"twitter:data2\" content=\"2 minutes\" \/>\n<script type=\"application\/ld+json\" class=\"yoast-schema-graph\">{\"@context\":\"https:\\\/\\\/schema.org\",\"@graph\":[{\"@type\":\"Article\",\"@id\":\"https:\\\/\\\/batijournal.com\\\/index.php\\\/les-entreprises-du-paysages-aussi-dans-le-flou\\\/103987\\\/#article\",\"isPartOf\":{\"@id\":\"https:\\\/\\\/batijournal.com\\\/index.php\\\/les-entreprises-du-paysages-aussi-dans-le-flou\\\/103987\\\/\"},\"author\":{\"name\":\"St\u00e9phane Miget\",\"@id\":\"https:\\\/\\\/batijournal.com\\\/#\\\/schema\\\/person\\\/1dc96ec6957aa1ccb25ebe78bb19f100\"},\"headline\":\"Les entreprises du paysages, aussi dans le flou\",\"datePublished\":\"2020-03-23T06:55:32+00:00\",\"dateModified\":\"2020-03-23T06:55:34+00:00\",\"mainEntityOfPage\":{\"@id\":\"https:\\\/\\\/batijournal.com\\\/index.php\\\/les-entreprises-du-paysages-aussi-dans-le-flou\\\/103987\\\/\"},\"wordCount\":410,\"image\":{\"@id\":\"https:\\\/\\\/batijournal.com\\\/index.php\\\/les-entreprises-du-paysages-aussi-dans-le-flou\\\/103987\\\/#primaryimage\"},\"thumbnailUrl\":\"https:\\\/\\\/batijournal.com\\\/wp-content\\\/uploads\\\/2017\\\/03\\\/jardin-potager.jpg\",\"articleSection\":[\"Actualit\u00e9s\",\"\u00c9conomie &amp; March\u00e9s\"],\"inLanguage\":\"fr-FR\"},{\"@type\":\"WebPage\",\"@id\":\"https:\\\/\\\/batijournal.com\\\/index.php\\\/les-entreprises-du-paysages-aussi-dans-le-flou\\\/103987\\\/\",\"url\":\"https:\\\/\\\/batijournal.com\\\/index.php\\\/les-entreprises-du-paysages-aussi-dans-le-flou\\\/103987\\\/\",\"name\":\"Les entreprises du paysages, aussi dans le flou\",\"isPartOf\":{\"@id\":\"https:\\\/\\\/batijournal.com\\\/#website\"},\"primaryImageOfPage\":{\"@id\":\"https:\\\/\\\/batijournal.com\\\/index.php\\\/les-entreprises-du-paysages-aussi-dans-le-flou\\\/103987\\\/#primaryimage\"},\"image\":{\"@id\":\"https:\\\/\\\/batijournal.com\\\/index.php\\\/les-entreprises-du-paysages-aussi-dans-le-flou\\\/103987\\\/#primaryimage\"},\"thumbnailUrl\":\"https:\\\/\\\/batijournal.com\\\/wp-content\\\/uploads\\\/2017\\\/03\\\/jardin-potager.jpg\",\"datePublished\":\"2020-03-23T06:55:32+00:00\",\"dateModified\":\"2020-03-23T06:55:34+00:00\",\"author\":{\"@id\":\"https:\\\/\\\/batijournal.com\\\/#\\\/schema\\\/person\\\/1dc96ec6957aa1ccb25ebe78bb19f100\"},\"breadcrumb\":{\"@id\":\"https:\\\/\\\/batijournal.com\\\/index.php\\\/les-entreprises-du-paysages-aussi-dans-le-flou\\\/103987\\\/#breadcrumb\"},\"inLanguage\":\"fr-FR\",\"potentialAction\":[{\"@type\":\"ReadAction\",\"target\":[\"https:\\\/\\\/batijournal.com\\\/index.php\\\/les-entreprises-du-paysages-aussi-dans-le-flou\\\/103987\\\/\"]}]},{\"@type\":\"ImageObject\",\"inLanguage\":\"fr-FR\",\"@id\":\"https:\\\/\\\/batijournal.com\\\/index.php\\\/les-entreprises-du-paysages-aussi-dans-le-flou\\\/103987\\\/#primaryimage\",\"url\":\"https:\\\/\\\/batijournal.com\\\/wp-content\\\/uploads\\\/2017\\\/03\\\/jardin-potager.jpg\",\"contentUrl\":\"https:\\\/\\\/batijournal.com\\\/wp-content\\\/uploads\\\/2017\\\/03\\\/jardin-potager.jpg\",\"width\":1200,\"height\":698},{\"@type\":\"BreadcrumbList\",\"@id\":\"https:\\\/\\\/batijournal.com\\\/index.php\\\/les-entreprises-du-paysages-aussi-dans-le-flou\\\/103987\\\/#breadcrumb\",\"itemListElement\":[{\"@type\":\"ListItem\",\"position\":1,\"name\":\"Accueil\",\"item\":\"https:\\\/\\\/batijournal.com\\\/\"},{\"@type\":\"ListItem\",\"position\":2,\"name\":\"Actualit\u00e9s\",\"item\":\"https:\\\/\\\/batijournal.com\\\/index.php\\\/category\\\/actualites\\\/\"},{\"@type\":\"ListItem\",\"position\":3,\"name\":\"Les entreprises du paysages, aussi dans le flou\"}]},{\"@type\":\"WebSite\",\"@id\":\"https:\\\/\\\/batijournal.com\\\/#website\",\"url\":\"https:\\\/\\\/batijournal.com\\\/\",\"name\":\"Batijournal\",\"description\":\"L&#039;actualit\u00e9 du b\u00e2timent\",\"potentialAction\":[{\"@type\":\"SearchAction\",\"target\":{\"@type\":\"EntryPoint\",\"urlTemplate\":\"https:\\\/\\\/batijournal.com\\\/?s={search_term_string}\"},\"query-input\":{\"@type\":\"PropertyValueSpecification\",\"valueRequired\":true,\"valueName\":\"search_term_string\"}}],\"inLanguage\":\"fr-FR\"},{\"@type\":\"Person\",\"@id\":\"https:\\\/\\\/batijournal.com\\\/#\\\/schema\\\/person\\\/1dc96ec6957aa1ccb25ebe78bb19f100\",\"name\":\"St\u00e9phane Miget\",\"image\":{\"@type\":\"ImageObject\",\"inLanguage\":\"fr-FR\",\"@id\":\"https:\\\/\\\/secure.gravatar.com\\\/avatar\\\/89915563d925342126b8ef0281b93d9d7fc337043e8df017f780908eb9644451?s=96&d=mm&r=g\",\"url\":\"https:\\\/\\\/secure.gravatar.com\\\/avatar\\\/89915563d925342126b8ef0281b93d9d7fc337043e8df017f780908eb9644451?s=96&d=mm&r=g\",\"contentUrl\":\"https:\\\/\\\/secure.gravatar.com\\\/avatar\\\/89915563d925342126b8ef0281b93d9d7fc337043e8df017f780908eb9644451?s=96&d=mm&r=g\",\"caption\":\"St\u00e9phane Miget\"},\"url\":\"https:\\\/\\\/batijournal.com\\\/index.php\\\/author\\\/stephane\\\/\"}]}<\/script>\n<!-- \/ Yoast SEO plugin. -->","yoast_head_json":{"title":"Les entreprises du paysages, aussi dans le flou","robots":{"index":"index","follow":"follow","max-snippet":"max-snippet:-1","max-image-preview":"max-image-preview:large","max-video-preview":"max-video-preview:-1"},"canonical":"https:\/\/batijournal.com\/index.php\/les-entreprises-du-paysages-aussi-dans-le-flou\/103987\/","og_locale":"fr_FR","og_type":"article","og_title":"Les entreprises du paysages, aussi dans le flou","og_description":"Au lendemain de l\u2019intervention du pr\u00e9sident de la R\u00e9publique du lundi 16 mars 2020 concernant les nouvelles dispositions pour faire face \u00e0 la propagation de l\u2019\u00e9pid\u00e9mie touchant le pays, l\u2019Unep a recommand\u00e9 aux entreprises du paysage de cesser leurs activit\u00e9s \u2013 sauf exception ou contrainte de travail. Cette disposition \u00e9tait en effet la seule permettant [&hellip;]","og_url":"https:\/\/batijournal.com\/index.php\/les-entreprises-du-paysages-aussi-dans-le-flou\/103987\/","og_site_name":"Batijournal","article_published_time":"2020-03-23T06:55:32+00:00","article_modified_time":"2020-03-23T06:55:34+00:00","og_image":[{"width":1200,"height":698,"url":"https:\/\/batijournal.com\/wp-content\/uploads\/2017\/03\/jardin-potager.jpg","type":"image\/jpeg"}],"author":"St\u00e9phane Miget","twitter_card":"summary_large_image","twitter_creator":"@bati_journal","twitter_site":"@bati_journal","twitter_misc":{"\u00c9crit par":"St\u00e9phane Miget","Dur\u00e9e de lecture estim\u00e9e":"2 minutes"},"schema":{"@context":"https:\/\/schema.org","@graph":[{"@type":"Article","@id":"https:\/\/batijournal.com\/index.php\/les-entreprises-du-paysages-aussi-dans-le-flou\/103987\/#article","isPartOf":{"@id":"https:\/\/batijournal.com\/index.php\/les-entreprises-du-paysages-aussi-dans-le-flou\/103987\/"},"author":{"name":"St\u00e9phane Miget","@id":"https:\/\/batijournal.com\/#\/schema\/person\/1dc96ec6957aa1ccb25ebe78bb19f100"},"headline":"Les entreprises du paysages, aussi dans le flou","datePublished":"2020-03-23T06:55:32+00:00","dateModified":"2020-03-23T06:55:34+00:00","mainEntityOfPage":{"@id":"https:\/\/batijournal.com\/index.php\/les-entreprises-du-paysages-aussi-dans-le-flou\/103987\/"},"wordCount":410,"image":{"@id":"https:\/\/batijournal.com\/index.php\/les-entreprises-du-paysages-aussi-dans-le-flou\/103987\/#primaryimage"},"thumbnailUrl":"https:\/\/batijournal.com\/wp-content\/uploads\/2017\/03\/jardin-potager.jpg","articleSection":["Actualit\u00e9s","\u00c9conomie &amp; March\u00e9s"],"inLanguage":"fr-FR"},{"@type":"WebPage","@id":"https:\/\/batijournal.com\/index.php\/les-entreprises-du-paysages-aussi-dans-le-flou\/103987\/","url":"https:\/\/batijournal.com\/index.php\/les-entreprises-du-paysages-aussi-dans-le-flou\/103987\/","name":"Les entreprises du paysages, aussi dans le flou","isPartOf":{"@id":"https:\/\/batijournal.com\/#website"},"primaryImageOfPage":{"@id":"https:\/\/batijournal.com\/index.php\/les-entreprises-du-paysages-aussi-dans-le-flou\/103987\/#primaryimage"},"image":{"@id":"https:\/\/batijournal.com\/index.php\/les-entreprises-du-paysages-aussi-dans-le-flou\/103987\/#primaryimage"},"thumbnailUrl":"https:\/\/batijournal.com\/wp-content\/uploads\/2017\/03\/jardin-potager.jpg","datePublished":"2020-03-23T06:55:32+00:00","dateModified":"2020-03-23T06:55:34+00:00","author":{"@id":"https:\/\/batijournal.com\/#\/schema\/person\/1dc96ec6957aa1ccb25ebe78bb19f100"},"breadcrumb":{"@id":"https:\/\/batijournal.com\/index.php\/les-entreprises-du-paysages-aussi-dans-le-flou\/103987\/#breadcrumb"},"inLanguage":"fr-FR","potentialAction":[{"@type":"ReadAction","target":["https:\/\/batijournal.com\/index.php\/les-entreprises-du-paysages-aussi-dans-le-flou\/103987\/"]}]},{"@type":"ImageObject","inLanguage":"fr-FR","@id":"https:\/\/batijournal.com\/index.php\/les-entreprises-du-paysages-aussi-dans-le-flou\/103987\/#primaryimage","url":"https:\/\/batijournal.com\/wp-content\/uploads\/2017\/03\/jardin-potager.jpg","contentUrl":"https:\/\/batijournal.com\/wp-content\/uploads\/2017\/03\/jardin-potager.jpg","width":1200,"height":698},{"@type":"BreadcrumbList","@id":"https:\/\/batijournal.com\/index.php\/les-entreprises-du-paysages-aussi-dans-le-flou\/103987\/#breadcrumb","itemListElement":[{"@type":"ListItem","position":1,"name":"Accueil","item":"https:\/\/batijournal.com\/"},{"@type":"ListItem","position":2,"name":"Actualit\u00e9s","item":"https:\/\/batijournal.com\/index.php\/category\/actualites\/"},{"@type":"ListItem","position":3,"name":"Les entreprises du paysages, aussi dans le flou"}]},{"@type":"WebSite","@id":"https:\/\/batijournal.com\/#website","url":"https:\/\/batijournal.com\/","name":"Batijournal","description":"L&#039;actualit\u00e9 du b\u00e2timent","potentialAction":[{"@type":"SearchAction","target":{"@type":"EntryPoint","urlTemplate":"https:\/\/batijournal.com\/?s={search_term_string}"},"query-input":{"@type":"PropertyValueSpecification","valueRequired":true,"valueName":"search_term_string"}}],"inLanguage":"fr-FR"},{"@type":"Person","@id":"https:\/\/batijournal.com\/#\/schema\/person\/1dc96ec6957aa1ccb25ebe78bb19f100","name":"St\u00e9phane Miget","image":{"@type":"ImageObject","inLanguage":"fr-FR","@id":"https:\/\/secure.gravatar.com\/avatar\/89915563d925342126b8ef0281b93d9d7fc337043e8df017f780908eb9644451?s=96&d=mm&r=g","url":"https:\/\/secure.gravatar.com\/avatar\/89915563d925342126b8ef0281b93d9d7fc337043e8df017f780908eb9644451?s=96&d=mm&r=g","contentUrl":"https:\/\/secure.gravatar.com\/avatar\/89915563d925342126b8ef0281b93d9d7fc337043e8df017f780908eb9644451?s=96&d=mm&r=g","caption":"St\u00e9phane Miget"},"url":"https:\/\/batijournal.com\/index.php\/author\/stephane\/"}]}},"_links":{"self":[{"href":"https:\/\/batijournal.com\/index.php\/wp-json\/wp\/v2\/posts\/103987","targetHints":{"allow":["GET"]}}],"collection":[{"href":"https:\/\/batijournal.com\/index.php\/wp-json\/wp\/v2\/posts"}],"about":[{"href":"https:\/\/batijournal.com\/index.php\/wp-json\/wp\/v2\/types\/post"}],"author":[{"embeddable":true,"href":"https:\/\/batijournal.com\/index.php\/wp-json\/wp\/v2\/users\/17"}],"replies":[{"embeddable":true,"href":"https:\/\/batijournal.com\/index.php\/wp-json\/wp\/v2\/comments?post=103987"}],"version-history":[{"count":0,"href":"https:\/\/batijournal.com\/index.php\/wp-json\/wp\/v2\/posts\/103987\/revisions"}],"wp:featuredmedia":[{"embeddable":true,"href":"https:\/\/batijournal.com\/index.php\/wp-json\/wp\/v2\/media\/95411"}],"wp:attachment":[{"href":"https:\/\/batijournal.com\/index.php\/wp-json\/wp\/v2\/media?parent=103987"}],"wp:term":[{"taxonomy":"category","embeddable":true,"href":"https:\/\/batijournal.com\/index.php\/wp-json\/wp\/v2\/categories?post=103987"},{"taxonomy":"post_tag","embeddable":true,"href":"https:\/\/batijournal.com\/index.php\/wp-json\/wp\/v2\/tags?post=103987"}],"curies":[{"name":"wp","href":"https:\/\/api.w.org\/{rel}","templated":true}]}}