{"id":103997,"date":"2020-03-25T09:48:50","date_gmt":"2020-03-25T08:48:50","guid":{"rendered":"https:\/\/batijournal.com\/?p=103997"},"modified":"2020-03-25T09:48:51","modified_gmt":"2020-03-25T08:48:51","slug":"premieres-mesures-du-ministere-de-la-culture-en-soutien-au-secteur-culturel","status":"publish","type":"post","link":"https:\/\/batijournal.com\/index.php\/premieres-mesures-du-ministere-de-la-culture-en-soutien-au-secteur-culturel\/103997\/","title":{"rendered":"Premi\u00e8res mesures du minist\u00e8re de la Culture en soutien au secteur culturel"},"content":{"rendered":"\n<p>Le Gouvernement a annonc\u00e9 un ensemble de mesures transversales de soutien aux entreprises qui concernent aussi les structures du secteur culturel qui y sont \u00e9ligibles : accompagnement simplifi\u00e9 et renforc\u00e9 du ch\u00f4mage partiel, d\u00e9lais de paiement des \u00e9ch\u00e9ances sociales et\/ ou fiscales voire remises d\u2019imp\u00f4ts directs, fonds de solidarit\u00e9 pour les petites entreprises, les ind\u00e9pendants et les micro-entreprises, lignes de tr\u00e9sorerie bancaires garanties par Bpifrance, etc. En compl\u00e9ment des mesures annonc\u00e9es, le ministre de la Culture a demand\u00e9 \u00e0 ses centres nationaux sectoriels (CNC, CNL, CNM, CNAP), ainsi qu\u2019\u00e0 l\u2019IFCIC, de se mobiliser pour faire face \u00e0 l\u2019urgence et r\u00e9pondre aux difficult\u00e9s sp\u00e9cifiques rencontr\u00e9es par les acteurs de la culture, dans les cas o\u00f9 les mesures transversales mises en place ne suffiraient pas \u00e0 y r\u00e9pondre. Le ministre de la Culture demande \u00e0 ces op\u00e9rateurs de veiller \u00e0 ce que ce premier volet d\u2019aides d\u2019urgence b\u00e9n\u00e9ficie \u00e9galement, dans chaque secteur, aux artistes-auteurs concern\u00e9s.<\/p>\n","protected":false},"excerpt":{"rendered":"<p>Le Gouvernement a annonc\u00e9 un ensemble de mesures transversales de soutien aux entreprises qui concernent aussi les structures du secteur culturel qui y sont \u00e9ligibles : accompagnement simplifi\u00e9 et renforc\u00e9 du ch\u00f4mage partiel, d\u00e9lais de paiement des \u00e9ch\u00e9ances sociales et\/ ou fiscales voire remises d\u2019imp\u00f4ts directs, fonds de solidarit\u00e9 pour les petites entreprises, les ind\u00e9pendants [&hellip;]<\/p>\n","protected":false},"author":17,"featured_media":89258,"comment_status":"closed","ping_status":"closed","sticky":false,"template":"","format":"standard","meta":{"_et_pb_use_builder":"","_et_pb_old_content":"","_et_gb_content_width":"","footnotes":""},"categories":[10530,6362,10789,10785],"tags":[],"class_list":["post-103997","post","type-post","status-publish","format-standard","has-post-thumbnail","hentry","category-actualites","category-services-equipements","category-publications-atrium","category-atrium"],"yoast_head":"<!-- This site is optimized with the Yoast SEO plugin v27.4 - https:\/\/yoast.com\/product\/yoast-seo-wordpress\/ -->\n<title>Premi\u00e8res mesures du minist\u00e8re de la Culture en soutien au secteur culturel<\/title>\n<meta name=\"robots\" content=\"index, follow, max-snippet:-1, max-image-preview:large, max-video-preview:-1\" \/>\n<link rel=\"canonical\" href=\"https:\/\/batijournal.com\/index.php\/premieres-mesures-du-ministere-de-la-culture-en-soutien-au-secteur-culturel\/103997\/\" \/>\n<meta property=\"og:locale\" content=\"fr_FR\" \/>\n<meta property=\"og:type\" content=\"article\" \/>\n<meta property=\"og:title\" content=\"Premi\u00e8res mesures du minist\u00e8re de la Culture en soutien au secteur culturel\" \/>\n<meta property=\"og:description\" content=\"Le Gouvernement a annonc\u00e9 un ensemble de mesures transversales de soutien aux entreprises qui concernent aussi les structures du secteur culturel qui y sont \u00e9ligibles : accompagnement simplifi\u00e9 et renforc\u00e9 du ch\u00f4mage partiel, d\u00e9lais de paiement des \u00e9ch\u00e9ances sociales et\/ ou fiscales voire remises d\u2019imp\u00f4ts directs, fonds de solidarit\u00e9 pour les petites entreprises, les ind\u00e9pendants [&hellip;]\" \/>\n<meta property=\"og:url\" content=\"https:\/\/batijournal.com\/index.php\/premieres-mesures-du-ministere-de-la-culture-en-soutien-au-secteur-culturel\/103997\/\" \/>\n<meta property=\"og:site_name\" content=\"Batijournal\" \/>\n<meta property=\"article:published_time\" content=\"2020-03-25T08:48:50+00:00\" \/>\n<meta property=\"article:modified_time\" content=\"2020-03-25T08:48:51+00:00\" \/>\n<meta property=\"og:image\" content=\"https:\/\/batijournal.com\/wp-content\/uploads\/2015\/09\/Fresque-Domus-Verrerie-Arles.jpg\" \/>\n\t<meta property=\"og:image:width\" content=\"683\" \/>\n\t<meta property=\"og:image:height\" content=\"1024\" \/>\n\t<meta property=\"og:image:type\" content=\"image\/jpeg\" \/>\n<meta name=\"author\" content=\"St\u00e9phane Miget\" \/>\n<meta name=\"twitter:card\" content=\"summary_large_image\" \/>\n<meta name=\"twitter:creator\" content=\"@bati_journal\" \/>\n<meta name=\"twitter:site\" content=\"@bati_journal\" \/>\n<meta name=\"twitter:label1\" content=\"\u00c9crit par\" \/>\n\t<meta name=\"twitter:data1\" content=\"St\u00e9phane Miget\" \/>\n\t<meta name=\"twitter:label2\" content=\"Dur\u00e9e de lecture estim\u00e9e\" \/>\n\t<meta name=\"twitter:data2\" content=\"1 minute\" \/>\n<script type=\"application\/ld+json\" class=\"yoast-schema-graph\">{\"@context\":\"https:\\\/\\\/schema.org\",\"@graph\":[{\"@type\":\"Article\",\"@id\":\"https:\\\/\\\/batijournal.com\\\/index.php\\\/premieres-mesures-du-ministere-de-la-culture-en-soutien-au-secteur-culturel\\\/103997\\\/#article\",\"isPartOf\":{\"@id\":\"https:\\\/\\\/batijournal.com\\\/index.php\\\/premieres-mesures-du-ministere-de-la-culture-en-soutien-au-secteur-culturel\\\/103997\\\/\"},\"author\":{\"name\":\"St\u00e9phane Miget\",\"@id\":\"https:\\\/\\\/batijournal.com\\\/#\\\/schema\\\/person\\\/1dc96ec6957aa1ccb25ebe78bb19f100\"},\"headline\":\"Premi\u00e8res mesures du minist\u00e8re de la Culture en soutien au secteur culturel\",\"datePublished\":\"2020-03-25T08:48:50+00:00\",\"dateModified\":\"2020-03-25T08:48:51+00:00\",\"mainEntityOfPage\":{\"@id\":\"https:\\\/\\\/batijournal.com\\\/index.php\\\/premieres-mesures-du-ministere-de-la-culture-en-soutien-au-secteur-culturel\\\/103997\\\/\"},\"wordCount\":183,\"image\":{\"@id\":\"https:\\\/\\\/batijournal.com\\\/index.php\\\/premieres-mesures-du-ministere-de-la-culture-en-soutien-au-secteur-culturel\\\/103997\\\/#primaryimage\"},\"thumbnailUrl\":\"https:\\\/\\\/batijournal.com\\\/wp-content\\\/uploads\\\/2015\\\/09\\\/Fresque-Domus-Verrerie-Arles.jpg\",\"articleSection\":[\"Actualit\u00e9s\",\"Divers\",\"zz_Actualit\u00e9s - Atrium\",\"zz_Atrium Patrimoine\"],\"inLanguage\":\"fr-FR\"},{\"@type\":\"WebPage\",\"@id\":\"https:\\\/\\\/batijournal.com\\\/index.php\\\/premieres-mesures-du-ministere-de-la-culture-en-soutien-au-secteur-culturel\\\/103997\\\/\",\"url\":\"https:\\\/\\\/batijournal.com\\\/index.php\\\/premieres-mesures-du-ministere-de-la-culture-en-soutien-au-secteur-culturel\\\/103997\\\/\",\"name\":\"Premi\u00e8res mesures du minist\u00e8re de la Culture en soutien au secteur culturel\",\"isPartOf\":{\"@id\":\"https:\\\/\\\/batijournal.com\\\/#website\"},\"primaryImageOfPage\":{\"@id\":\"https:\\\/\\\/batijournal.com\\\/index.php\\\/premieres-mesures-du-ministere-de-la-culture-en-soutien-au-secteur-culturel\\\/103997\\\/#primaryimage\"},\"image\":{\"@id\":\"https:\\\/\\\/batijournal.com\\\/index.php\\\/premieres-mesures-du-ministere-de-la-culture-en-soutien-au-secteur-culturel\\\/103997\\\/#primaryimage\"},\"thumbnailUrl\":\"https:\\\/\\\/batijournal.com\\\/wp-content\\\/uploads\\\/2015\\\/09\\\/Fresque-Domus-Verrerie-Arles.jpg\",\"datePublished\":\"2020-03-25T08:48:50+00:00\",\"dateModified\":\"2020-03-25T08:48:51+00:00\",\"author\":{\"@id\":\"https:\\\/\\\/batijournal.com\\\/#\\\/schema\\\/person\\\/1dc96ec6957aa1ccb25ebe78bb19f100\"},\"breadcrumb\":{\"@id\":\"https:\\\/\\\/batijournal.com\\\/index.php\\\/premieres-mesures-du-ministere-de-la-culture-en-soutien-au-secteur-culturel\\\/103997\\\/#breadcrumb\"},\"inLanguage\":\"fr-FR\",\"potentialAction\":[{\"@type\":\"ReadAction\",\"target\":[\"https:\\\/\\\/batijournal.com\\\/index.php\\\/premieres-mesures-du-ministere-de-la-culture-en-soutien-au-secteur-culturel\\\/103997\\\/\"]}]},{\"@type\":\"ImageObject\",\"inLanguage\":\"fr-FR\",\"@id\":\"https:\\\/\\\/batijournal.com\\\/index.php\\\/premieres-mesures-du-ministere-de-la-culture-en-soutien-au-secteur-culturel\\\/103997\\\/#primaryimage\",\"url\":\"https:\\\/\\\/batijournal.com\\\/wp-content\\\/uploads\\\/2015\\\/09\\\/Fresque-Domus-Verrerie-Arles.jpg\",\"contentUrl\":\"https:\\\/\\\/batijournal.com\\\/wp-content\\\/uploads\\\/2015\\\/09\\\/Fresque-Domus-Verrerie-Arles.jpg\",\"width\":683,\"height\":1024,\"caption\":\"Photo : R\u00e9mi B\u00e9nali, Inrap - Mus\u00e9e d\u00e9partemental Arles antique\"},{\"@type\":\"BreadcrumbList\",\"@id\":\"https:\\\/\\\/batijournal.com\\\/index.php\\\/premieres-mesures-du-ministere-de-la-culture-en-soutien-au-secteur-culturel\\\/103997\\\/#breadcrumb\",\"itemListElement\":[{\"@type\":\"ListItem\",\"position\":1,\"name\":\"Accueil\",\"item\":\"https:\\\/\\\/batijournal.com\\\/\"},{\"@type\":\"ListItem\",\"position\":2,\"name\":\"Actualit\u00e9s\",\"item\":\"https:\\\/\\\/batijournal.com\\\/index.php\\\/category\\\/actualites\\\/\"},{\"@type\":\"ListItem\",\"position\":3,\"name\":\"Premi\u00e8res mesures du minist\u00e8re de la Culture en soutien au secteur culturel\"}]},{\"@type\":\"WebSite\",\"@id\":\"https:\\\/\\\/batijournal.com\\\/#website\",\"url\":\"https:\\\/\\\/batijournal.com\\\/\",\"name\":\"Batijournal\",\"description\":\"L&#039;actualit\u00e9 du b\u00e2timent\",\"potentialAction\":[{\"@type\":\"SearchAction\",\"target\":{\"@type\":\"EntryPoint\",\"urlTemplate\":\"https:\\\/\\\/batijournal.com\\\/?s={search_term_string}\"},\"query-input\":{\"@type\":\"PropertyValueSpecification\",\"valueRequired\":true,\"valueName\":\"search_term_string\"}}],\"inLanguage\":\"fr-FR\"},{\"@type\":\"Person\",\"@id\":\"https:\\\/\\\/batijournal.com\\\/#\\\/schema\\\/person\\\/1dc96ec6957aa1ccb25ebe78bb19f100\",\"name\":\"St\u00e9phane Miget\",\"image\":{\"@type\":\"ImageObject\",\"inLanguage\":\"fr-FR\",\"@id\":\"https:\\\/\\\/secure.gravatar.com\\\/avatar\\\/89915563d925342126b8ef0281b93d9d7fc337043e8df017f780908eb9644451?s=96&d=mm&r=g\",\"url\":\"https:\\\/\\\/secure.gravatar.com\\\/avatar\\\/89915563d925342126b8ef0281b93d9d7fc337043e8df017f780908eb9644451?s=96&d=mm&r=g\",\"contentUrl\":\"https:\\\/\\\/secure.gravatar.com\\\/avatar\\\/89915563d925342126b8ef0281b93d9d7fc337043e8df017f780908eb9644451?s=96&d=mm&r=g\",\"caption\":\"St\u00e9phane Miget\"},\"url\":\"https:\\\/\\\/batijournal.com\\\/index.php\\\/author\\\/stephane\\\/\"}]}<\/script>\n<!-- \/ Yoast SEO plugin. -->","yoast_head_json":{"title":"Premi\u00e8res mesures du minist\u00e8re de la Culture en soutien au secteur culturel","robots":{"index":"index","follow":"follow","max-snippet":"max-snippet:-1","max-image-preview":"max-image-preview:large","max-video-preview":"max-video-preview:-1"},"canonical":"https:\/\/batijournal.com\/index.php\/premieres-mesures-du-ministere-de-la-culture-en-soutien-au-secteur-culturel\/103997\/","og_locale":"fr_FR","og_type":"article","og_title":"Premi\u00e8res mesures du minist\u00e8re de la Culture en soutien au secteur culturel","og_description":"Le Gouvernement a annonc\u00e9 un ensemble de mesures transversales de soutien aux entreprises qui concernent aussi les structures du secteur culturel qui y sont \u00e9ligibles : accompagnement simplifi\u00e9 et renforc\u00e9 du ch\u00f4mage partiel, d\u00e9lais de paiement des \u00e9ch\u00e9ances sociales et\/ ou fiscales voire remises d\u2019imp\u00f4ts directs, fonds de solidarit\u00e9 pour les petites entreprises, les ind\u00e9pendants [&hellip;]","og_url":"https:\/\/batijournal.com\/index.php\/premieres-mesures-du-ministere-de-la-culture-en-soutien-au-secteur-culturel\/103997\/","og_site_name":"Batijournal","article_published_time":"2020-03-25T08:48:50+00:00","article_modified_time":"2020-03-25T08:48:51+00:00","og_image":[{"width":683,"height":1024,"url":"https:\/\/batijournal.com\/wp-content\/uploads\/2015\/09\/Fresque-Domus-Verrerie-Arles.jpg","type":"image\/jpeg"}],"author":"St\u00e9phane Miget","twitter_card":"summary_large_image","twitter_creator":"@bati_journal","twitter_site":"@bati_journal","twitter_misc":{"\u00c9crit par":"St\u00e9phane Miget","Dur\u00e9e de lecture estim\u00e9e":"1 minute"},"schema":{"@context":"https:\/\/schema.org","@graph":[{"@type":"Article","@id":"https:\/\/batijournal.com\/index.php\/premieres-mesures-du-ministere-de-la-culture-en-soutien-au-secteur-culturel\/103997\/#article","isPartOf":{"@id":"https:\/\/batijournal.com\/index.php\/premieres-mesures-du-ministere-de-la-culture-en-soutien-au-secteur-culturel\/103997\/"},"author":{"name":"St\u00e9phane Miget","@id":"https:\/\/batijournal.com\/#\/schema\/person\/1dc96ec6957aa1ccb25ebe78bb19f100"},"headline":"Premi\u00e8res mesures du minist\u00e8re de la Culture en soutien au secteur culturel","datePublished":"2020-03-25T08:48:50+00:00","dateModified":"2020-03-25T08:48:51+00:00","mainEntityOfPage":{"@id":"https:\/\/batijournal.com\/index.php\/premieres-mesures-du-ministere-de-la-culture-en-soutien-au-secteur-culturel\/103997\/"},"wordCount":183,"image":{"@id":"https:\/\/batijournal.com\/index.php\/premieres-mesures-du-ministere-de-la-culture-en-soutien-au-secteur-culturel\/103997\/#primaryimage"},"thumbnailUrl":"https:\/\/batijournal.com\/wp-content\/uploads\/2015\/09\/Fresque-Domus-Verrerie-Arles.jpg","articleSection":["Actualit\u00e9s","Divers","zz_Actualit\u00e9s - Atrium","zz_Atrium Patrimoine"],"inLanguage":"fr-FR"},{"@type":"WebPage","@id":"https:\/\/batijournal.com\/index.php\/premieres-mesures-du-ministere-de-la-culture-en-soutien-au-secteur-culturel\/103997\/","url":"https:\/\/batijournal.com\/index.php\/premieres-mesures-du-ministere-de-la-culture-en-soutien-au-secteur-culturel\/103997\/","name":"Premi\u00e8res mesures du minist\u00e8re de la Culture en soutien au secteur culturel","isPartOf":{"@id":"https:\/\/batijournal.com\/#website"},"primaryImageOfPage":{"@id":"https:\/\/batijournal.com\/index.php\/premieres-mesures-du-ministere-de-la-culture-en-soutien-au-secteur-culturel\/103997\/#primaryimage"},"image":{"@id":"https:\/\/batijournal.com\/index.php\/premieres-mesures-du-ministere-de-la-culture-en-soutien-au-secteur-culturel\/103997\/#primaryimage"},"thumbnailUrl":"https:\/\/batijournal.com\/wp-content\/uploads\/2015\/09\/Fresque-Domus-Verrerie-Arles.jpg","datePublished":"2020-03-25T08:48:50+00:00","dateModified":"2020-03-25T08:48:51+00:00","author":{"@id":"https:\/\/batijournal.com\/#\/schema\/person\/1dc96ec6957aa1ccb25ebe78bb19f100"},"breadcrumb":{"@id":"https:\/\/batijournal.com\/index.php\/premieres-mesures-du-ministere-de-la-culture-en-soutien-au-secteur-culturel\/103997\/#breadcrumb"},"inLanguage":"fr-FR","potentialAction":[{"@type":"ReadAction","target":["https:\/\/batijournal.com\/index.php\/premieres-mesures-du-ministere-de-la-culture-en-soutien-au-secteur-culturel\/103997\/"]}]},{"@type":"ImageObject","inLanguage":"fr-FR","@id":"https:\/\/batijournal.com\/index.php\/premieres-mesures-du-ministere-de-la-culture-en-soutien-au-secteur-culturel\/103997\/#primaryimage","url":"https:\/\/batijournal.com\/wp-content\/uploads\/2015\/09\/Fresque-Domus-Verrerie-Arles.jpg","contentUrl":"https:\/\/batijournal.com\/wp-content\/uploads\/2015\/09\/Fresque-Domus-Verrerie-Arles.jpg","width":683,"height":1024,"caption":"Photo : R\u00e9mi B\u00e9nali, Inrap - Mus\u00e9e d\u00e9partemental Arles antique"},{"@type":"BreadcrumbList","@id":"https:\/\/batijournal.com\/index.php\/premieres-mesures-du-ministere-de-la-culture-en-soutien-au-secteur-culturel\/103997\/#breadcrumb","itemListElement":[{"@type":"ListItem","position":1,"name":"Accueil","item":"https:\/\/batijournal.com\/"},{"@type":"ListItem","position":2,"name":"Actualit\u00e9s","item":"https:\/\/batijournal.com\/index.php\/category\/actualites\/"},{"@type":"ListItem","position":3,"name":"Premi\u00e8res mesures du minist\u00e8re de la Culture en soutien au secteur culturel"}]},{"@type":"WebSite","@id":"https:\/\/batijournal.com\/#website","url":"https:\/\/batijournal.com\/","name":"Batijournal","description":"L&#039;actualit\u00e9 du b\u00e2timent","potentialAction":[{"@type":"SearchAction","target":{"@type":"EntryPoint","urlTemplate":"https:\/\/batijournal.com\/?s={search_term_string}"},"query-input":{"@type":"PropertyValueSpecification","valueRequired":true,"valueName":"search_term_string"}}],"inLanguage":"fr-FR"},{"@type":"Person","@id":"https:\/\/batijournal.com\/#\/schema\/person\/1dc96ec6957aa1ccb25ebe78bb19f100","name":"St\u00e9phane Miget","image":{"@type":"ImageObject","inLanguage":"fr-FR","@id":"https:\/\/secure.gravatar.com\/avatar\/89915563d925342126b8ef0281b93d9d7fc337043e8df017f780908eb9644451?s=96&d=mm&r=g","url":"https:\/\/secure.gravatar.com\/avatar\/89915563d925342126b8ef0281b93d9d7fc337043e8df017f780908eb9644451?s=96&d=mm&r=g","contentUrl":"https:\/\/secure.gravatar.com\/avatar\/89915563d925342126b8ef0281b93d9d7fc337043e8df017f780908eb9644451?s=96&d=mm&r=g","caption":"St\u00e9phane Miget"},"url":"https:\/\/batijournal.com\/index.php\/author\/stephane\/"}]}},"_links":{"self":[{"href":"https:\/\/batijournal.com\/index.php\/wp-json\/wp\/v2\/posts\/103997","targetHints":{"allow":["GET"]}}],"collection":[{"href":"https:\/\/batijournal.com\/index.php\/wp-json\/wp\/v2\/posts"}],"about":[{"href":"https:\/\/batijournal.com\/index.php\/wp-json\/wp\/v2\/types\/post"}],"author":[{"embeddable":true,"href":"https:\/\/batijournal.com\/index.php\/wp-json\/wp\/v2\/users\/17"}],"replies":[{"embeddable":true,"href":"https:\/\/batijournal.com\/index.php\/wp-json\/wp\/v2\/comments?post=103997"}],"version-history":[{"count":0,"href":"https:\/\/batijournal.com\/index.php\/wp-json\/wp\/v2\/posts\/103997\/revisions"}],"wp:featuredmedia":[{"embeddable":true,"href":"https:\/\/batijournal.com\/index.php\/wp-json\/wp\/v2\/media\/89258"}],"wp:attachment":[{"href":"https:\/\/batijournal.com\/index.php\/wp-json\/wp\/v2\/media?parent=103997"}],"wp:term":[{"taxonomy":"category","embeddable":true,"href":"https:\/\/batijournal.com\/index.php\/wp-json\/wp\/v2\/categories?post=103997"},{"taxonomy":"post_tag","embeddable":true,"href":"https:\/\/batijournal.com\/index.php\/wp-json\/wp\/v2\/tags?post=103997"}],"curies":[{"name":"wp","href":"https:\/\/api.w.org\/{rel}","templated":true}]}}