{"id":104025,"date":"2020-03-27T12:56:35","date_gmt":"2020-03-27T11:56:35","guid":{"rendered":"https:\/\/batijournal.com\/?p=104025"},"modified":"2020-03-27T12:56:38","modified_gmt":"2020-03-27T11:56:38","slug":"coronavirus-covid-19-enquete-hebdomadaire-de-conjoncture-de-la-filiere-foret-bois","status":"publish","type":"post","link":"https:\/\/batijournal.com\/index.php\/coronavirus-covid-19-enquete-hebdomadaire-de-conjoncture-de-la-filiere-foret-bois\/104025\/","title":{"rendered":"Coronavirus Covid-19 : enqu\u00eate hebdomadaire de conjoncture de la fili\u00e8re for\u00eat bois"},"content":{"rendered":"\n<p>Dans A la demande des professionnels de la fili\u00e8re for\u00eat bois de plusieurs r\u00e9gions, des services de l&rsquo;Etat et des Conseils r\u00e9gionaux, les Interprofessions r\u00e9gionales regroup\u00e9es au sein de France Bois R\u00e9gions ont d\u00e9cid\u00e9 de r\u00e9aliser une enqu\u00eate de conjoncture aupr\u00e8s des entreprises. l\u2019objectif est d\u2019avoir chaque semaine une vision pr\u00e9cise de l\u2019activit\u00e9 des diff\u00e9rents maillons de la fili\u00e8re afin d\u2019aider les chefs d\u2019entreprises \u00e0 orienter leurs d\u00e9cisions. Les r\u00e9sultats synth\u00e9tis\u00e9s seront envoy\u00e9s uniquement aux personnes qui auront r\u00e9pondu au questionnaire.<\/p>\n\n\n\n<p><a href=\"https:\/\/docs.google.com\/forms\/d\/e\/1FAIpQLSf8ZlJXK0OxGVPaWF6Mi0HczwnA5-mesmU87d9AmusxWVf91w\/viewform\">Conjoncture de la fili\u00e8re for\u00eat bois en r\u00e9gions du 23\/03 au 29\/03<\/a><\/p>\n\n\n\n<p><\/p>\n","protected":false},"excerpt":{"rendered":"<p>Dans A la demande des professionnels de la fili\u00e8re for\u00eat bois de plusieurs r\u00e9gions, des services de l&rsquo;Etat et des Conseils r\u00e9gionaux, les Interprofessions r\u00e9gionales regroup\u00e9es au sein de France Bois R\u00e9gions ont d\u00e9cid\u00e9 de r\u00e9aliser une enqu\u00eate de conjoncture aupr\u00e8s des entreprises. l\u2019objectif est d\u2019avoir chaque semaine une vision pr\u00e9cise de l\u2019activit\u00e9 des diff\u00e9rents [&hellip;]<\/p>\n","protected":false},"author":17,"featured_media":91552,"comment_status":"closed","ping_status":"closed","sticky":false,"template":"","format":"standard","meta":{"_et_pb_use_builder":"","_et_pb_old_content":"","_et_gb_content_width":"","footnotes":""},"categories":[10530,6345,10769,10764],"tags":[1017],"class_list":["post-104025","post","type-post","status-publish","format-standard","has-post-thumbnail","hentry","category-actualites","category-economie-marches","category-publications","category-woodsurfer","tag-filiere-bois"],"yoast_head":"<!-- This site is optimized with the Yoast SEO plugin v27.4 - https:\/\/yoast.com\/product\/yoast-seo-wordpress\/ -->\n<title>Coronavirus Covid-19 : enqu\u00eate hebdomadaire de conjoncture de la fili\u00e8re for\u00eat bois<\/title>\n<meta name=\"robots\" content=\"index, follow, max-snippet:-1, max-image-preview:large, max-video-preview:-1\" \/>\n<link rel=\"canonical\" href=\"https:\/\/batijournal.com\/index.php\/coronavirus-covid-19-enquete-hebdomadaire-de-conjoncture-de-la-filiere-foret-bois\/104025\/\" \/>\n<meta property=\"og:locale\" content=\"fr_FR\" \/>\n<meta property=\"og:type\" content=\"article\" \/>\n<meta property=\"og:title\" content=\"Coronavirus Covid-19 : enqu\u00eate hebdomadaire de conjoncture de la fili\u00e8re for\u00eat bois\" \/>\n<meta property=\"og:description\" content=\"Dans A la demande des professionnels de la fili\u00e8re for\u00eat bois de plusieurs r\u00e9gions, des services de l&rsquo;Etat et des Conseils r\u00e9gionaux, les Interprofessions r\u00e9gionales regroup\u00e9es au sein de France Bois R\u00e9gions ont d\u00e9cid\u00e9 de r\u00e9aliser une enqu\u00eate de conjoncture aupr\u00e8s des entreprises. l\u2019objectif est d\u2019avoir chaque semaine une vision pr\u00e9cise de l\u2019activit\u00e9 des diff\u00e9rents [&hellip;]\" \/>\n<meta property=\"og:url\" content=\"https:\/\/batijournal.com\/index.php\/coronavirus-covid-19-enquete-hebdomadaire-de-conjoncture-de-la-filiere-foret-bois\/104025\/\" \/>\n<meta property=\"og:site_name\" content=\"Batijournal\" \/>\n<meta property=\"article:published_time\" content=\"2020-03-27T11:56:35+00:00\" \/>\n<meta property=\"article:modified_time\" content=\"2020-03-27T11:56:38+00:00\" \/>\n<meta property=\"og:image\" content=\"https:\/\/batijournal.com\/wp-content\/uploads\/2016\/02\/foret-1.jpg\" \/>\n\t<meta property=\"og:image:width\" content=\"600\" \/>\n\t<meta property=\"og:image:height\" content=\"400\" \/>\n\t<meta property=\"og:image:type\" content=\"image\/jpeg\" \/>\n<meta name=\"author\" content=\"St\u00e9phane Miget\" \/>\n<meta name=\"twitter:card\" content=\"summary_large_image\" \/>\n<meta name=\"twitter:creator\" content=\"@bati_journal\" \/>\n<meta name=\"twitter:site\" content=\"@bati_journal\" \/>\n<meta name=\"twitter:label1\" content=\"\u00c9crit par\" \/>\n\t<meta name=\"twitter:data1\" content=\"St\u00e9phane Miget\" \/>\n\t<meta name=\"twitter:label2\" content=\"Dur\u00e9e de lecture estim\u00e9e\" \/>\n\t<meta name=\"twitter:data2\" content=\"1 minute\" \/>\n<script type=\"application\/ld+json\" class=\"yoast-schema-graph\">{\"@context\":\"https:\\\/\\\/schema.org\",\"@graph\":[{\"@type\":\"Article\",\"@id\":\"https:\\\/\\\/batijournal.com\\\/index.php\\\/coronavirus-covid-19-enquete-hebdomadaire-de-conjoncture-de-la-filiere-foret-bois\\\/104025\\\/#article\",\"isPartOf\":{\"@id\":\"https:\\\/\\\/batijournal.com\\\/index.php\\\/coronavirus-covid-19-enquete-hebdomadaire-de-conjoncture-de-la-filiere-foret-bois\\\/104025\\\/\"},\"author\":{\"name\":\"St\u00e9phane Miget\",\"@id\":\"https:\\\/\\\/batijournal.com\\\/#\\\/schema\\\/person\\\/1dc96ec6957aa1ccb25ebe78bb19f100\"},\"headline\":\"Coronavirus Covid-19 : enqu\u00eate hebdomadaire de conjoncture de la fili\u00e8re for\u00eat bois\",\"datePublished\":\"2020-03-27T11:56:35+00:00\",\"dateModified\":\"2020-03-27T11:56:38+00:00\",\"mainEntityOfPage\":{\"@id\":\"https:\\\/\\\/batijournal.com\\\/index.php\\\/coronavirus-covid-19-enquete-hebdomadaire-de-conjoncture-de-la-filiere-foret-bois\\\/104025\\\/\"},\"wordCount\":133,\"image\":{\"@id\":\"https:\\\/\\\/batijournal.com\\\/index.php\\\/coronavirus-covid-19-enquete-hebdomadaire-de-conjoncture-de-la-filiere-foret-bois\\\/104025\\\/#primaryimage\"},\"thumbnailUrl\":\"https:\\\/\\\/batijournal.com\\\/wp-content\\\/uploads\\\/2016\\\/02\\\/foret-1.jpg\",\"keywords\":[\"fili\u00e8re bois\"],\"articleSection\":[\"Actualit\u00e9s\",\"\u00c9conomie &amp; March\u00e9s\",\"zz_Actualit\u00e9s - Woodsurfer\",\"zz_Woodsurfer\"],\"inLanguage\":\"fr-FR\"},{\"@type\":\"WebPage\",\"@id\":\"https:\\\/\\\/batijournal.com\\\/index.php\\\/coronavirus-covid-19-enquete-hebdomadaire-de-conjoncture-de-la-filiere-foret-bois\\\/104025\\\/\",\"url\":\"https:\\\/\\\/batijournal.com\\\/index.php\\\/coronavirus-covid-19-enquete-hebdomadaire-de-conjoncture-de-la-filiere-foret-bois\\\/104025\\\/\",\"name\":\"Coronavirus Covid-19 : enqu\u00eate hebdomadaire de conjoncture de la fili\u00e8re for\u00eat bois\",\"isPartOf\":{\"@id\":\"https:\\\/\\\/batijournal.com\\\/#website\"},\"primaryImageOfPage\":{\"@id\":\"https:\\\/\\\/batijournal.com\\\/index.php\\\/coronavirus-covid-19-enquete-hebdomadaire-de-conjoncture-de-la-filiere-foret-bois\\\/104025\\\/#primaryimage\"},\"image\":{\"@id\":\"https:\\\/\\\/batijournal.com\\\/index.php\\\/coronavirus-covid-19-enquete-hebdomadaire-de-conjoncture-de-la-filiere-foret-bois\\\/104025\\\/#primaryimage\"},\"thumbnailUrl\":\"https:\\\/\\\/batijournal.com\\\/wp-content\\\/uploads\\\/2016\\\/02\\\/foret-1.jpg\",\"datePublished\":\"2020-03-27T11:56:35+00:00\",\"dateModified\":\"2020-03-27T11:56:38+00:00\",\"author\":{\"@id\":\"https:\\\/\\\/batijournal.com\\\/#\\\/schema\\\/person\\\/1dc96ec6957aa1ccb25ebe78bb19f100\"},\"breadcrumb\":{\"@id\":\"https:\\\/\\\/batijournal.com\\\/index.php\\\/coronavirus-covid-19-enquete-hebdomadaire-de-conjoncture-de-la-filiere-foret-bois\\\/104025\\\/#breadcrumb\"},\"inLanguage\":\"fr-FR\",\"potentialAction\":[{\"@type\":\"ReadAction\",\"target\":[\"https:\\\/\\\/batijournal.com\\\/index.php\\\/coronavirus-covid-19-enquete-hebdomadaire-de-conjoncture-de-la-filiere-foret-bois\\\/104025\\\/\"]}]},{\"@type\":\"ImageObject\",\"inLanguage\":\"fr-FR\",\"@id\":\"https:\\\/\\\/batijournal.com\\\/index.php\\\/coronavirus-covid-19-enquete-hebdomadaire-de-conjoncture-de-la-filiere-foret-bois\\\/104025\\\/#primaryimage\",\"url\":\"https:\\\/\\\/batijournal.com\\\/wp-content\\\/uploads\\\/2016\\\/02\\\/foret-1.jpg\",\"contentUrl\":\"https:\\\/\\\/batijournal.com\\\/wp-content\\\/uploads\\\/2016\\\/02\\\/foret-1.jpg\",\"width\":600,\"height\":400,\"caption\":\"For\u00eat\"},{\"@type\":\"BreadcrumbList\",\"@id\":\"https:\\\/\\\/batijournal.com\\\/index.php\\\/coronavirus-covid-19-enquete-hebdomadaire-de-conjoncture-de-la-filiere-foret-bois\\\/104025\\\/#breadcrumb\",\"itemListElement\":[{\"@type\":\"ListItem\",\"position\":1,\"name\":\"Accueil\",\"item\":\"https:\\\/\\\/batijournal.com\\\/\"},{\"@type\":\"ListItem\",\"position\":2,\"name\":\"Actualit\u00e9s\",\"item\":\"https:\\\/\\\/batijournal.com\\\/index.php\\\/category\\\/actualites\\\/\"},{\"@type\":\"ListItem\",\"position\":3,\"name\":\"Coronavirus Covid-19 : enqu\u00eate hebdomadaire de conjoncture de la fili\u00e8re for\u00eat bois\"}]},{\"@type\":\"WebSite\",\"@id\":\"https:\\\/\\\/batijournal.com\\\/#website\",\"url\":\"https:\\\/\\\/batijournal.com\\\/\",\"name\":\"Batijournal\",\"description\":\"L&#039;actualit\u00e9 du b\u00e2timent\",\"potentialAction\":[{\"@type\":\"SearchAction\",\"target\":{\"@type\":\"EntryPoint\",\"urlTemplate\":\"https:\\\/\\\/batijournal.com\\\/?s={search_term_string}\"},\"query-input\":{\"@type\":\"PropertyValueSpecification\",\"valueRequired\":true,\"valueName\":\"search_term_string\"}}],\"inLanguage\":\"fr-FR\"},{\"@type\":\"Person\",\"@id\":\"https:\\\/\\\/batijournal.com\\\/#\\\/schema\\\/person\\\/1dc96ec6957aa1ccb25ebe78bb19f100\",\"name\":\"St\u00e9phane Miget\",\"image\":{\"@type\":\"ImageObject\",\"inLanguage\":\"fr-FR\",\"@id\":\"https:\\\/\\\/secure.gravatar.com\\\/avatar\\\/89915563d925342126b8ef0281b93d9d7fc337043e8df017f780908eb9644451?s=96&d=mm&r=g\",\"url\":\"https:\\\/\\\/secure.gravatar.com\\\/avatar\\\/89915563d925342126b8ef0281b93d9d7fc337043e8df017f780908eb9644451?s=96&d=mm&r=g\",\"contentUrl\":\"https:\\\/\\\/secure.gravatar.com\\\/avatar\\\/89915563d925342126b8ef0281b93d9d7fc337043e8df017f780908eb9644451?s=96&d=mm&r=g\",\"caption\":\"St\u00e9phane Miget\"},\"url\":\"https:\\\/\\\/batijournal.com\\\/index.php\\\/author\\\/stephane\\\/\"}]}<\/script>\n<!-- \/ Yoast SEO plugin. -->","yoast_head_json":{"title":"Coronavirus Covid-19 : enqu\u00eate hebdomadaire de conjoncture de la fili\u00e8re for\u00eat bois","robots":{"index":"index","follow":"follow","max-snippet":"max-snippet:-1","max-image-preview":"max-image-preview:large","max-video-preview":"max-video-preview:-1"},"canonical":"https:\/\/batijournal.com\/index.php\/coronavirus-covid-19-enquete-hebdomadaire-de-conjoncture-de-la-filiere-foret-bois\/104025\/","og_locale":"fr_FR","og_type":"article","og_title":"Coronavirus Covid-19 : enqu\u00eate hebdomadaire de conjoncture de la fili\u00e8re for\u00eat bois","og_description":"Dans A la demande des professionnels de la fili\u00e8re for\u00eat bois de plusieurs r\u00e9gions, des services de l&rsquo;Etat et des Conseils r\u00e9gionaux, les Interprofessions r\u00e9gionales regroup\u00e9es au sein de France Bois R\u00e9gions ont d\u00e9cid\u00e9 de r\u00e9aliser une enqu\u00eate de conjoncture aupr\u00e8s des entreprises. l\u2019objectif est d\u2019avoir chaque semaine une vision pr\u00e9cise de l\u2019activit\u00e9 des diff\u00e9rents [&hellip;]","og_url":"https:\/\/batijournal.com\/index.php\/coronavirus-covid-19-enquete-hebdomadaire-de-conjoncture-de-la-filiere-foret-bois\/104025\/","og_site_name":"Batijournal","article_published_time":"2020-03-27T11:56:35+00:00","article_modified_time":"2020-03-27T11:56:38+00:00","og_image":[{"width":600,"height":400,"url":"https:\/\/batijournal.com\/wp-content\/uploads\/2016\/02\/foret-1.jpg","type":"image\/jpeg"}],"author":"St\u00e9phane Miget","twitter_card":"summary_large_image","twitter_creator":"@bati_journal","twitter_site":"@bati_journal","twitter_misc":{"\u00c9crit par":"St\u00e9phane Miget","Dur\u00e9e de lecture estim\u00e9e":"1 minute"},"schema":{"@context":"https:\/\/schema.org","@graph":[{"@type":"Article","@id":"https:\/\/batijournal.com\/index.php\/coronavirus-covid-19-enquete-hebdomadaire-de-conjoncture-de-la-filiere-foret-bois\/104025\/#article","isPartOf":{"@id":"https:\/\/batijournal.com\/index.php\/coronavirus-covid-19-enquete-hebdomadaire-de-conjoncture-de-la-filiere-foret-bois\/104025\/"},"author":{"name":"St\u00e9phane Miget","@id":"https:\/\/batijournal.com\/#\/schema\/person\/1dc96ec6957aa1ccb25ebe78bb19f100"},"headline":"Coronavirus Covid-19 : enqu\u00eate hebdomadaire de conjoncture de la fili\u00e8re for\u00eat bois","datePublished":"2020-03-27T11:56:35+00:00","dateModified":"2020-03-27T11:56:38+00:00","mainEntityOfPage":{"@id":"https:\/\/batijournal.com\/index.php\/coronavirus-covid-19-enquete-hebdomadaire-de-conjoncture-de-la-filiere-foret-bois\/104025\/"},"wordCount":133,"image":{"@id":"https:\/\/batijournal.com\/index.php\/coronavirus-covid-19-enquete-hebdomadaire-de-conjoncture-de-la-filiere-foret-bois\/104025\/#primaryimage"},"thumbnailUrl":"https:\/\/batijournal.com\/wp-content\/uploads\/2016\/02\/foret-1.jpg","keywords":["fili\u00e8re bois"],"articleSection":["Actualit\u00e9s","\u00c9conomie &amp; March\u00e9s","zz_Actualit\u00e9s - Woodsurfer","zz_Woodsurfer"],"inLanguage":"fr-FR"},{"@type":"WebPage","@id":"https:\/\/batijournal.com\/index.php\/coronavirus-covid-19-enquete-hebdomadaire-de-conjoncture-de-la-filiere-foret-bois\/104025\/","url":"https:\/\/batijournal.com\/index.php\/coronavirus-covid-19-enquete-hebdomadaire-de-conjoncture-de-la-filiere-foret-bois\/104025\/","name":"Coronavirus Covid-19 : enqu\u00eate hebdomadaire de conjoncture de la fili\u00e8re for\u00eat bois","isPartOf":{"@id":"https:\/\/batijournal.com\/#website"},"primaryImageOfPage":{"@id":"https:\/\/batijournal.com\/index.php\/coronavirus-covid-19-enquete-hebdomadaire-de-conjoncture-de-la-filiere-foret-bois\/104025\/#primaryimage"},"image":{"@id":"https:\/\/batijournal.com\/index.php\/coronavirus-covid-19-enquete-hebdomadaire-de-conjoncture-de-la-filiere-foret-bois\/104025\/#primaryimage"},"thumbnailUrl":"https:\/\/batijournal.com\/wp-content\/uploads\/2016\/02\/foret-1.jpg","datePublished":"2020-03-27T11:56:35+00:00","dateModified":"2020-03-27T11:56:38+00:00","author":{"@id":"https:\/\/batijournal.com\/#\/schema\/person\/1dc96ec6957aa1ccb25ebe78bb19f100"},"breadcrumb":{"@id":"https:\/\/batijournal.com\/index.php\/coronavirus-covid-19-enquete-hebdomadaire-de-conjoncture-de-la-filiere-foret-bois\/104025\/#breadcrumb"},"inLanguage":"fr-FR","potentialAction":[{"@type":"ReadAction","target":["https:\/\/batijournal.com\/index.php\/coronavirus-covid-19-enquete-hebdomadaire-de-conjoncture-de-la-filiere-foret-bois\/104025\/"]}]},{"@type":"ImageObject","inLanguage":"fr-FR","@id":"https:\/\/batijournal.com\/index.php\/coronavirus-covid-19-enquete-hebdomadaire-de-conjoncture-de-la-filiere-foret-bois\/104025\/#primaryimage","url":"https:\/\/batijournal.com\/wp-content\/uploads\/2016\/02\/foret-1.jpg","contentUrl":"https:\/\/batijournal.com\/wp-content\/uploads\/2016\/02\/foret-1.jpg","width":600,"height":400,"caption":"For\u00eat"},{"@type":"BreadcrumbList","@id":"https:\/\/batijournal.com\/index.php\/coronavirus-covid-19-enquete-hebdomadaire-de-conjoncture-de-la-filiere-foret-bois\/104025\/#breadcrumb","itemListElement":[{"@type":"ListItem","position":1,"name":"Accueil","item":"https:\/\/batijournal.com\/"},{"@type":"ListItem","position":2,"name":"Actualit\u00e9s","item":"https:\/\/batijournal.com\/index.php\/category\/actualites\/"},{"@type":"ListItem","position":3,"name":"Coronavirus Covid-19 : enqu\u00eate hebdomadaire de conjoncture de la fili\u00e8re for\u00eat bois"}]},{"@type":"WebSite","@id":"https:\/\/batijournal.com\/#website","url":"https:\/\/batijournal.com\/","name":"Batijournal","description":"L&#039;actualit\u00e9 du b\u00e2timent","potentialAction":[{"@type":"SearchAction","target":{"@type":"EntryPoint","urlTemplate":"https:\/\/batijournal.com\/?s={search_term_string}"},"query-input":{"@type":"PropertyValueSpecification","valueRequired":true,"valueName":"search_term_string"}}],"inLanguage":"fr-FR"},{"@type":"Person","@id":"https:\/\/batijournal.com\/#\/schema\/person\/1dc96ec6957aa1ccb25ebe78bb19f100","name":"St\u00e9phane Miget","image":{"@type":"ImageObject","inLanguage":"fr-FR","@id":"https:\/\/secure.gravatar.com\/avatar\/89915563d925342126b8ef0281b93d9d7fc337043e8df017f780908eb9644451?s=96&d=mm&r=g","url":"https:\/\/secure.gravatar.com\/avatar\/89915563d925342126b8ef0281b93d9d7fc337043e8df017f780908eb9644451?s=96&d=mm&r=g","contentUrl":"https:\/\/secure.gravatar.com\/avatar\/89915563d925342126b8ef0281b93d9d7fc337043e8df017f780908eb9644451?s=96&d=mm&r=g","caption":"St\u00e9phane Miget"},"url":"https:\/\/batijournal.com\/index.php\/author\/stephane\/"}]}},"_links":{"self":[{"href":"https:\/\/batijournal.com\/index.php\/wp-json\/wp\/v2\/posts\/104025","targetHints":{"allow":["GET"]}}],"collection":[{"href":"https:\/\/batijournal.com\/index.php\/wp-json\/wp\/v2\/posts"}],"about":[{"href":"https:\/\/batijournal.com\/index.php\/wp-json\/wp\/v2\/types\/post"}],"author":[{"embeddable":true,"href":"https:\/\/batijournal.com\/index.php\/wp-json\/wp\/v2\/users\/17"}],"replies":[{"embeddable":true,"href":"https:\/\/batijournal.com\/index.php\/wp-json\/wp\/v2\/comments?post=104025"}],"version-history":[{"count":0,"href":"https:\/\/batijournal.com\/index.php\/wp-json\/wp\/v2\/posts\/104025\/revisions"}],"wp:featuredmedia":[{"embeddable":true,"href":"https:\/\/batijournal.com\/index.php\/wp-json\/wp\/v2\/media\/91552"}],"wp:attachment":[{"href":"https:\/\/batijournal.com\/index.php\/wp-json\/wp\/v2\/media?parent=104025"}],"wp:term":[{"taxonomy":"category","embeddable":true,"href":"https:\/\/batijournal.com\/index.php\/wp-json\/wp\/v2\/categories?post=104025"},{"taxonomy":"post_tag","embeddable":true,"href":"https:\/\/batijournal.com\/index.php\/wp-json\/wp\/v2\/tags?post=104025"}],"curies":[{"name":"wp","href":"https:\/\/api.w.org\/{rel}","templated":true}]}}