{"id":104062,"date":"2020-04-07T10:05:25","date_gmt":"2020-04-07T08:05:25","guid":{"rendered":"https:\/\/batijournal.com\/?p=104062"},"modified":"2020-04-07T10:05:27","modified_gmt":"2020-04-07T08:05:27","slug":"appel-a-projets-2020-du-fonds-de-dotation-qualitel","status":"publish","type":"post","link":"https:\/\/batijournal.com\/index.php\/appel-a-projets-2020-du-fonds-de-dotation-qualitel\/104062\/","title":{"rendered":"Appel \u00e0 projets 2020 du Fonds de dotation QUALITEL"},"content":{"rendered":"\n<p>Le Fonds de dotation QUALITEL met \u00e0 l&rsquo;honneur des initiatives novatrices et engag\u00e9es en faveur d&rsquo;un logement digne et de qualit\u00e9 pour tous. L&rsquo;appel \u00e0 projets est lanc\u00e9, exceptionnellement cette ann\u00e9e jusqu&rsquo;au 14 juillet 2020, pour r\u00e9pondre \u00e0 la situation sanitaire et aux besoins des associations et des publics pr\u00e9caires. Les porteurs de projets solidaires peuvent d\u00e9poser leur dossier de candidature sur le site de Qualitel. \u00c0 la cl\u00e9 : un appui financier pr\u00e9cieux pour contribuer \u00e0 donner vie au projet, le renouveler, le renforcer, le faire perdurer. Une dotation globale de 210 000 \u20ac, d\u00e9livr\u00e9e par le Fonds de dotation QUALITEL et ses partenaires, m\u00e9c\u00e8nes engag\u00e9s et impliqu\u00e9s contre le mal-logement, sera r\u00e9partie entre les diff\u00e9rents laur\u00e9ats. En 2019, le Fonds a \u00e9tudi\u00e9 250 dossiers de candidatures. 31 organismes ont \u00e9t\u00e9 laur\u00e9ats et ont pu lancer leur projet.<\/p>\n\n\n\n<p><a href=\"http:\/\/www.qualitel.org\" target=\"_blank\" rel=\"noreferrer noopener\">www.qualitel.org<\/a><\/p>\n","protected":false},"excerpt":{"rendered":"<p>Le Fonds de dotation QUALITEL met \u00e0 l&rsquo;honneur des initiatives novatrices et engag\u00e9es en faveur d&rsquo;un logement digne et de qualit\u00e9 pour tous. L&rsquo;appel \u00e0 projets est lanc\u00e9, exceptionnellement cette ann\u00e9e jusqu&rsquo;au 14 juillet 2020, pour r\u00e9pondre \u00e0 la situation sanitaire et aux besoins des associations et des publics pr\u00e9caires. Les porteurs de projets solidaires [&hellip;]<\/p>\n","protected":false},"author":17,"featured_media":104063,"comment_status":"closed","ping_status":"closed","sticky":false,"template":"","format":"standard","meta":{"_et_pb_use_builder":"","_et_pb_old_content":"","_et_gb_content_width":"","footnotes":""},"categories":[10530,6362,10781,10778],"tags":[1130],"class_list":["post-104062","post","type-post","status-publish","format-standard","has-post-thumbnail","hentry","category-actualites","category-services-equipements","category-publications-planete","category-planete","tag-precarite-energetique"],"yoast_head":"<!-- This site is optimized with the Yoast SEO plugin v27.4 - https:\/\/yoast.com\/product\/yoast-seo-wordpress\/ -->\n<title>Appel \u00e0 projets 2020 du Fonds de dotation QUALITEL<\/title>\n<meta name=\"robots\" content=\"index, follow, max-snippet:-1, max-image-preview:large, max-video-preview:-1\" \/>\n<link rel=\"canonical\" href=\"https:\/\/batijournal.com\/index.php\/appel-a-projets-2020-du-fonds-de-dotation-qualitel\/104062\/\" \/>\n<meta property=\"og:locale\" content=\"fr_FR\" \/>\n<meta property=\"og:type\" content=\"article\" \/>\n<meta property=\"og:title\" content=\"Appel \u00e0 projets 2020 du Fonds de dotation QUALITEL\" \/>\n<meta property=\"og:description\" content=\"Le Fonds de dotation QUALITEL met \u00e0 l&rsquo;honneur des initiatives novatrices et engag\u00e9es en faveur d&rsquo;un logement digne et de qualit\u00e9 pour tous. L&rsquo;appel \u00e0 projets est lanc\u00e9, exceptionnellement cette ann\u00e9e jusqu&rsquo;au 14 juillet 2020, pour r\u00e9pondre \u00e0 la situation sanitaire et aux besoins des associations et des publics pr\u00e9caires. Les porteurs de projets solidaires [&hellip;]\" \/>\n<meta property=\"og:url\" content=\"https:\/\/batijournal.com\/index.php\/appel-a-projets-2020-du-fonds-de-dotation-qualitel\/104062\/\" \/>\n<meta property=\"og:site_name\" content=\"Batijournal\" \/>\n<meta property=\"article:published_time\" content=\"2020-04-07T08:05:25+00:00\" \/>\n<meta property=\"article:modified_time\" content=\"2020-04-07T08:05:27+00:00\" \/>\n<meta property=\"og:image\" content=\"https:\/\/batijournal.com\/wp-content\/uploads\/2020\/04\/fonds-dotation-qualitel.png\" \/>\n\t<meta property=\"og:image:width\" content=\"939\" \/>\n\t<meta property=\"og:image:height\" content=\"406\" \/>\n\t<meta property=\"og:image:type\" content=\"image\/png\" \/>\n<meta name=\"author\" content=\"St\u00e9phane Miget\" \/>\n<meta name=\"twitter:card\" content=\"summary_large_image\" \/>\n<meta name=\"twitter:creator\" content=\"@bati_journal\" \/>\n<meta name=\"twitter:site\" content=\"@bati_journal\" \/>\n<meta name=\"twitter:label1\" content=\"\u00c9crit par\" \/>\n\t<meta name=\"twitter:data1\" content=\"St\u00e9phane Miget\" \/>\n\t<meta name=\"twitter:label2\" content=\"Dur\u00e9e de lecture estim\u00e9e\" \/>\n\t<meta name=\"twitter:data2\" content=\"1 minute\" \/>\n<script type=\"application\/ld+json\" class=\"yoast-schema-graph\">{\"@context\":\"https:\\\/\\\/schema.org\",\"@graph\":[{\"@type\":\"Article\",\"@id\":\"https:\\\/\\\/batijournal.com\\\/index.php\\\/appel-a-projets-2020-du-fonds-de-dotation-qualitel\\\/104062\\\/#article\",\"isPartOf\":{\"@id\":\"https:\\\/\\\/batijournal.com\\\/index.php\\\/appel-a-projets-2020-du-fonds-de-dotation-qualitel\\\/104062\\\/\"},\"author\":{\"name\":\"St\u00e9phane Miget\",\"@id\":\"https:\\\/\\\/batijournal.com\\\/#\\\/schema\\\/person\\\/1dc96ec6957aa1ccb25ebe78bb19f100\"},\"headline\":\"Appel \u00e0 projets 2020 du Fonds de dotation QUALITEL\",\"datePublished\":\"2020-04-07T08:05:25+00:00\",\"dateModified\":\"2020-04-07T08:05:27+00:00\",\"mainEntityOfPage\":{\"@id\":\"https:\\\/\\\/batijournal.com\\\/index.php\\\/appel-a-projets-2020-du-fonds-de-dotation-qualitel\\\/104062\\\/\"},\"wordCount\":155,\"image\":{\"@id\":\"https:\\\/\\\/batijournal.com\\\/index.php\\\/appel-a-projets-2020-du-fonds-de-dotation-qualitel\\\/104062\\\/#primaryimage\"},\"thumbnailUrl\":\"https:\\\/\\\/batijournal.com\\\/wp-content\\\/uploads\\\/2020\\\/04\\\/fonds-dotation-qualitel.png\",\"keywords\":[\"pr\u00e9carit\u00e9 \u00e9nerg\u00e9tique\"],\"articleSection\":[\"Actualit\u00e9s\",\"Divers\",\"zz_Actualit\u00e9s - Plan\u00e8te\",\"zz_Plan\u00e8te B\u00e2timent\"],\"inLanguage\":\"fr-FR\"},{\"@type\":\"WebPage\",\"@id\":\"https:\\\/\\\/batijournal.com\\\/index.php\\\/appel-a-projets-2020-du-fonds-de-dotation-qualitel\\\/104062\\\/\",\"url\":\"https:\\\/\\\/batijournal.com\\\/index.php\\\/appel-a-projets-2020-du-fonds-de-dotation-qualitel\\\/104062\\\/\",\"name\":\"Appel \u00e0 projets 2020 du Fonds de dotation QUALITEL\",\"isPartOf\":{\"@id\":\"https:\\\/\\\/batijournal.com\\\/#website\"},\"primaryImageOfPage\":{\"@id\":\"https:\\\/\\\/batijournal.com\\\/index.php\\\/appel-a-projets-2020-du-fonds-de-dotation-qualitel\\\/104062\\\/#primaryimage\"},\"image\":{\"@id\":\"https:\\\/\\\/batijournal.com\\\/index.php\\\/appel-a-projets-2020-du-fonds-de-dotation-qualitel\\\/104062\\\/#primaryimage\"},\"thumbnailUrl\":\"https:\\\/\\\/batijournal.com\\\/wp-content\\\/uploads\\\/2020\\\/04\\\/fonds-dotation-qualitel.png\",\"datePublished\":\"2020-04-07T08:05:25+00:00\",\"dateModified\":\"2020-04-07T08:05:27+00:00\",\"author\":{\"@id\":\"https:\\\/\\\/batijournal.com\\\/#\\\/schema\\\/person\\\/1dc96ec6957aa1ccb25ebe78bb19f100\"},\"breadcrumb\":{\"@id\":\"https:\\\/\\\/batijournal.com\\\/index.php\\\/appel-a-projets-2020-du-fonds-de-dotation-qualitel\\\/104062\\\/#breadcrumb\"},\"inLanguage\":\"fr-FR\",\"potentialAction\":[{\"@type\":\"ReadAction\",\"target\":[\"https:\\\/\\\/batijournal.com\\\/index.php\\\/appel-a-projets-2020-du-fonds-de-dotation-qualitel\\\/104062\\\/\"]}]},{\"@type\":\"ImageObject\",\"inLanguage\":\"fr-FR\",\"@id\":\"https:\\\/\\\/batijournal.com\\\/index.php\\\/appel-a-projets-2020-du-fonds-de-dotation-qualitel\\\/104062\\\/#primaryimage\",\"url\":\"https:\\\/\\\/batijournal.com\\\/wp-content\\\/uploads\\\/2020\\\/04\\\/fonds-dotation-qualitel.png\",\"contentUrl\":\"https:\\\/\\\/batijournal.com\\\/wp-content\\\/uploads\\\/2020\\\/04\\\/fonds-dotation-qualitel.png\",\"width\":939,\"height\":406},{\"@type\":\"BreadcrumbList\",\"@id\":\"https:\\\/\\\/batijournal.com\\\/index.php\\\/appel-a-projets-2020-du-fonds-de-dotation-qualitel\\\/104062\\\/#breadcrumb\",\"itemListElement\":[{\"@type\":\"ListItem\",\"position\":1,\"name\":\"Accueil\",\"item\":\"https:\\\/\\\/batijournal.com\\\/\"},{\"@type\":\"ListItem\",\"position\":2,\"name\":\"Actualit\u00e9s\",\"item\":\"https:\\\/\\\/batijournal.com\\\/index.php\\\/category\\\/actualites\\\/\"},{\"@type\":\"ListItem\",\"position\":3,\"name\":\"Appel \u00e0 projets 2020 du Fonds de dotation QUALITEL\"}]},{\"@type\":\"WebSite\",\"@id\":\"https:\\\/\\\/batijournal.com\\\/#website\",\"url\":\"https:\\\/\\\/batijournal.com\\\/\",\"name\":\"Batijournal\",\"description\":\"L&#039;actualit\u00e9 du b\u00e2timent\",\"potentialAction\":[{\"@type\":\"SearchAction\",\"target\":{\"@type\":\"EntryPoint\",\"urlTemplate\":\"https:\\\/\\\/batijournal.com\\\/?s={search_term_string}\"},\"query-input\":{\"@type\":\"PropertyValueSpecification\",\"valueRequired\":true,\"valueName\":\"search_term_string\"}}],\"inLanguage\":\"fr-FR\"},{\"@type\":\"Person\",\"@id\":\"https:\\\/\\\/batijournal.com\\\/#\\\/schema\\\/person\\\/1dc96ec6957aa1ccb25ebe78bb19f100\",\"name\":\"St\u00e9phane Miget\",\"image\":{\"@type\":\"ImageObject\",\"inLanguage\":\"fr-FR\",\"@id\":\"https:\\\/\\\/secure.gravatar.com\\\/avatar\\\/89915563d925342126b8ef0281b93d9d7fc337043e8df017f780908eb9644451?s=96&d=mm&r=g\",\"url\":\"https:\\\/\\\/secure.gravatar.com\\\/avatar\\\/89915563d925342126b8ef0281b93d9d7fc337043e8df017f780908eb9644451?s=96&d=mm&r=g\",\"contentUrl\":\"https:\\\/\\\/secure.gravatar.com\\\/avatar\\\/89915563d925342126b8ef0281b93d9d7fc337043e8df017f780908eb9644451?s=96&d=mm&r=g\",\"caption\":\"St\u00e9phane Miget\"},\"url\":\"https:\\\/\\\/batijournal.com\\\/index.php\\\/author\\\/stephane\\\/\"}]}<\/script>\n<!-- \/ Yoast SEO plugin. -->","yoast_head_json":{"title":"Appel \u00e0 projets 2020 du Fonds de dotation QUALITEL","robots":{"index":"index","follow":"follow","max-snippet":"max-snippet:-1","max-image-preview":"max-image-preview:large","max-video-preview":"max-video-preview:-1"},"canonical":"https:\/\/batijournal.com\/index.php\/appel-a-projets-2020-du-fonds-de-dotation-qualitel\/104062\/","og_locale":"fr_FR","og_type":"article","og_title":"Appel \u00e0 projets 2020 du Fonds de dotation QUALITEL","og_description":"Le Fonds de dotation QUALITEL met \u00e0 l&rsquo;honneur des initiatives novatrices et engag\u00e9es en faveur d&rsquo;un logement digne et de qualit\u00e9 pour tous. L&rsquo;appel \u00e0 projets est lanc\u00e9, exceptionnellement cette ann\u00e9e jusqu&rsquo;au 14 juillet 2020, pour r\u00e9pondre \u00e0 la situation sanitaire et aux besoins des associations et des publics pr\u00e9caires. Les porteurs de projets solidaires [&hellip;]","og_url":"https:\/\/batijournal.com\/index.php\/appel-a-projets-2020-du-fonds-de-dotation-qualitel\/104062\/","og_site_name":"Batijournal","article_published_time":"2020-04-07T08:05:25+00:00","article_modified_time":"2020-04-07T08:05:27+00:00","og_image":[{"width":939,"height":406,"url":"https:\/\/batijournal.com\/wp-content\/uploads\/2020\/04\/fonds-dotation-qualitel.png","type":"image\/png"}],"author":"St\u00e9phane Miget","twitter_card":"summary_large_image","twitter_creator":"@bati_journal","twitter_site":"@bati_journal","twitter_misc":{"\u00c9crit par":"St\u00e9phane Miget","Dur\u00e9e de lecture estim\u00e9e":"1 minute"},"schema":{"@context":"https:\/\/schema.org","@graph":[{"@type":"Article","@id":"https:\/\/batijournal.com\/index.php\/appel-a-projets-2020-du-fonds-de-dotation-qualitel\/104062\/#article","isPartOf":{"@id":"https:\/\/batijournal.com\/index.php\/appel-a-projets-2020-du-fonds-de-dotation-qualitel\/104062\/"},"author":{"name":"St\u00e9phane Miget","@id":"https:\/\/batijournal.com\/#\/schema\/person\/1dc96ec6957aa1ccb25ebe78bb19f100"},"headline":"Appel \u00e0 projets 2020 du Fonds de dotation QUALITEL","datePublished":"2020-04-07T08:05:25+00:00","dateModified":"2020-04-07T08:05:27+00:00","mainEntityOfPage":{"@id":"https:\/\/batijournal.com\/index.php\/appel-a-projets-2020-du-fonds-de-dotation-qualitel\/104062\/"},"wordCount":155,"image":{"@id":"https:\/\/batijournal.com\/index.php\/appel-a-projets-2020-du-fonds-de-dotation-qualitel\/104062\/#primaryimage"},"thumbnailUrl":"https:\/\/batijournal.com\/wp-content\/uploads\/2020\/04\/fonds-dotation-qualitel.png","keywords":["pr\u00e9carit\u00e9 \u00e9nerg\u00e9tique"],"articleSection":["Actualit\u00e9s","Divers","zz_Actualit\u00e9s - Plan\u00e8te","zz_Plan\u00e8te B\u00e2timent"],"inLanguage":"fr-FR"},{"@type":"WebPage","@id":"https:\/\/batijournal.com\/index.php\/appel-a-projets-2020-du-fonds-de-dotation-qualitel\/104062\/","url":"https:\/\/batijournal.com\/index.php\/appel-a-projets-2020-du-fonds-de-dotation-qualitel\/104062\/","name":"Appel \u00e0 projets 2020 du Fonds de dotation QUALITEL","isPartOf":{"@id":"https:\/\/batijournal.com\/#website"},"primaryImageOfPage":{"@id":"https:\/\/batijournal.com\/index.php\/appel-a-projets-2020-du-fonds-de-dotation-qualitel\/104062\/#primaryimage"},"image":{"@id":"https:\/\/batijournal.com\/index.php\/appel-a-projets-2020-du-fonds-de-dotation-qualitel\/104062\/#primaryimage"},"thumbnailUrl":"https:\/\/batijournal.com\/wp-content\/uploads\/2020\/04\/fonds-dotation-qualitel.png","datePublished":"2020-04-07T08:05:25+00:00","dateModified":"2020-04-07T08:05:27+00:00","author":{"@id":"https:\/\/batijournal.com\/#\/schema\/person\/1dc96ec6957aa1ccb25ebe78bb19f100"},"breadcrumb":{"@id":"https:\/\/batijournal.com\/index.php\/appel-a-projets-2020-du-fonds-de-dotation-qualitel\/104062\/#breadcrumb"},"inLanguage":"fr-FR","potentialAction":[{"@type":"ReadAction","target":["https:\/\/batijournal.com\/index.php\/appel-a-projets-2020-du-fonds-de-dotation-qualitel\/104062\/"]}]},{"@type":"ImageObject","inLanguage":"fr-FR","@id":"https:\/\/batijournal.com\/index.php\/appel-a-projets-2020-du-fonds-de-dotation-qualitel\/104062\/#primaryimage","url":"https:\/\/batijournal.com\/wp-content\/uploads\/2020\/04\/fonds-dotation-qualitel.png","contentUrl":"https:\/\/batijournal.com\/wp-content\/uploads\/2020\/04\/fonds-dotation-qualitel.png","width":939,"height":406},{"@type":"BreadcrumbList","@id":"https:\/\/batijournal.com\/index.php\/appel-a-projets-2020-du-fonds-de-dotation-qualitel\/104062\/#breadcrumb","itemListElement":[{"@type":"ListItem","position":1,"name":"Accueil","item":"https:\/\/batijournal.com\/"},{"@type":"ListItem","position":2,"name":"Actualit\u00e9s","item":"https:\/\/batijournal.com\/index.php\/category\/actualites\/"},{"@type":"ListItem","position":3,"name":"Appel \u00e0 projets 2020 du Fonds de dotation QUALITEL"}]},{"@type":"WebSite","@id":"https:\/\/batijournal.com\/#website","url":"https:\/\/batijournal.com\/","name":"Batijournal","description":"L&#039;actualit\u00e9 du b\u00e2timent","potentialAction":[{"@type":"SearchAction","target":{"@type":"EntryPoint","urlTemplate":"https:\/\/batijournal.com\/?s={search_term_string}"},"query-input":{"@type":"PropertyValueSpecification","valueRequired":true,"valueName":"search_term_string"}}],"inLanguage":"fr-FR"},{"@type":"Person","@id":"https:\/\/batijournal.com\/#\/schema\/person\/1dc96ec6957aa1ccb25ebe78bb19f100","name":"St\u00e9phane Miget","image":{"@type":"ImageObject","inLanguage":"fr-FR","@id":"https:\/\/secure.gravatar.com\/avatar\/89915563d925342126b8ef0281b93d9d7fc337043e8df017f780908eb9644451?s=96&d=mm&r=g","url":"https:\/\/secure.gravatar.com\/avatar\/89915563d925342126b8ef0281b93d9d7fc337043e8df017f780908eb9644451?s=96&d=mm&r=g","contentUrl":"https:\/\/secure.gravatar.com\/avatar\/89915563d925342126b8ef0281b93d9d7fc337043e8df017f780908eb9644451?s=96&d=mm&r=g","caption":"St\u00e9phane Miget"},"url":"https:\/\/batijournal.com\/index.php\/author\/stephane\/"}]}},"_links":{"self":[{"href":"https:\/\/batijournal.com\/index.php\/wp-json\/wp\/v2\/posts\/104062","targetHints":{"allow":["GET"]}}],"collection":[{"href":"https:\/\/batijournal.com\/index.php\/wp-json\/wp\/v2\/posts"}],"about":[{"href":"https:\/\/batijournal.com\/index.php\/wp-json\/wp\/v2\/types\/post"}],"author":[{"embeddable":true,"href":"https:\/\/batijournal.com\/index.php\/wp-json\/wp\/v2\/users\/17"}],"replies":[{"embeddable":true,"href":"https:\/\/batijournal.com\/index.php\/wp-json\/wp\/v2\/comments?post=104062"}],"version-history":[{"count":0,"href":"https:\/\/batijournal.com\/index.php\/wp-json\/wp\/v2\/posts\/104062\/revisions"}],"wp:featuredmedia":[{"embeddable":true,"href":"https:\/\/batijournal.com\/index.php\/wp-json\/wp\/v2\/media\/104063"}],"wp:attachment":[{"href":"https:\/\/batijournal.com\/index.php\/wp-json\/wp\/v2\/media?parent=104062"}],"wp:term":[{"taxonomy":"category","embeddable":true,"href":"https:\/\/batijournal.com\/index.php\/wp-json\/wp\/v2\/categories?post=104062"},{"taxonomy":"post_tag","embeddable":true,"href":"https:\/\/batijournal.com\/index.php\/wp-json\/wp\/v2\/tags?post=104062"}],"curies":[{"name":"wp","href":"https:\/\/api.w.org\/{rel}","templated":true}]}}