{"id":104064,"date":"2020-04-07T10:10:49","date_gmt":"2020-04-07T08:10:49","guid":{"rendered":"https:\/\/batijournal.com\/?p=104064"},"modified":"2020-04-07T10:10:51","modified_gmt":"2020-04-07T08:10:51","slug":"lademe-soutient-les-entreprises-engagees-dans-la-transition-ecologique","status":"publish","type":"post","link":"https:\/\/batijournal.com\/index.php\/lademe-soutient-les-entreprises-engagees-dans-la-transition-ecologique\/104064\/","title":{"rendered":"L\u2019ADEME soutient les entreprises engag\u00e9es dans la transition \u00e9cologique"},"content":{"rendered":"\n<p>Face \u00e0 une crise sanitaire, l\u2019ADEME a pris une s\u00e9rie de trois mesures pour soutenir l\u2019ensemble des entreprises engag\u00e9es dans la transition \u00e9cologique. Elles sont applicables automatiquement pour les nouvelles aides et achats et sur demande pour les projets en cours.<\/p>\n\n\n\n<p><strong>Une avance de 20% sur les aides aux entreprises et aux associations<\/strong><br \/>Cette avance vise \u00e0 r\u00e9pondre aux besoins de tr\u00e9sorerie des petites ou moyennes entreprises, des associations, particuli\u00e8rement impact\u00e9es par la crise, et faire face aux premi\u00e8res d\u00e9penses des projets engag\u00e9s. Le taux est fix\u00e9 \u00e0 20% du montant de l\u2019aide totale accord\u00e9e. Cette avance est accord\u00e9e pour la dur\u00e9e de l\u2019op\u00e9ration et r\u00e9cup\u00e9r\u00e9e sur le dernier versement. Pour les actions d\u00e9j\u00e0 engag\u00e9es, une avance pourra \u00eatre accord\u00e9e \u00e0 la demande du b\u00e9n\u00e9ficiaire, de m\u00eame qu\u2019un versement interm\u00e9diaire \u00e0 hauteur des d\u00e9penses r\u00e9alis\u00e9es sur la base de justificatifs all\u00e9g\u00e9s.<br \/>Des dispositions sp\u00e9cifiques sont \u00e9galement mises en place pour les entreprises laur\u00e9ates du programme d\u2019investissements d\u2019avenir (avances, simplifications dans les conditions d\u2019aides et am\u00e9nagement des modalit\u00e9s des remboursements des avances remboursables).<\/p>\n\n\n\n<p><strong>Une avance sur les achats<\/strong><br \/>L\u2019ADEME maintient sa programmation d\u2019achats et s\u2019attache \u00e0 en simplifier la contractualisation de fa\u00e7on d\u00e9mat\u00e9rialis\u00e9e. Une avance \u00e0 notification de 20% sera \u00e9galement syst\u00e9matiquement vers\u00e9e sur toute commande ou march\u00e9 engag\u00e9 aupr\u00e8s d\u2019entreprises petites, moyennes ou de tailles interm\u00e9diaires. Les grandes entreprises pourront b\u00e9n\u00e9ficier d\u2019une avance sur demande.<\/p>\n\n\n\n<p><strong>Des appels \u00e0 projets prolong\u00e9s et rouverts<\/strong><br \/>En r\u00e9gion, comme au niveau national, plusieurs appels \u00e0 projets de soutien aux d\u00e9marches de transition \u00e9cologique restent ouverts avec une prolongation des dates de d\u00e9p\u00f4t pour certains. De nouveaux appels \u00e0 projets th\u00e9matiques cibl\u00e9s sur les entreprises seront rapidement lanc\u00e9s.<\/p>\n","protected":false},"excerpt":{"rendered":"<p>Face \u00e0 une crise sanitaire, l\u2019ADEME a pris une s\u00e9rie de trois mesures pour soutenir l\u2019ensemble des entreprises engag\u00e9es dans la transition \u00e9cologique. Elles sont applicables automatiquement pour les nouvelles aides et achats et sur demande pour les projets en cours. Une avance de 20% sur les aides aux entreprises et aux associationsCette avance vise [&hellip;]<\/p>\n","protected":false},"author":17,"featured_media":93627,"comment_status":"closed","ping_status":"closed","sticky":false,"template":"","format":"standard","meta":{"_et_pb_use_builder":"","_et_pb_old_content":"","_et_gb_content_width":"","footnotes":""},"categories":[10530,6345,10781,10778],"tags":[],"class_list":["post-104064","post","type-post","status-publish","format-standard","has-post-thumbnail","hentry","category-actualites","category-economie-marches","category-publications-planete","category-planete"],"yoast_head":"<!-- This site is optimized with the Yoast SEO plugin v27.4 - https:\/\/yoast.com\/product\/yoast-seo-wordpress\/ -->\n<title>L\u2019ADEME soutient les entreprises engag\u00e9es dans la transition \u00e9cologique<\/title>\n<meta name=\"robots\" content=\"index, follow, max-snippet:-1, max-image-preview:large, max-video-preview:-1\" \/>\n<link rel=\"canonical\" href=\"https:\/\/batijournal.com\/index.php\/lademe-soutient-les-entreprises-engagees-dans-la-transition-ecologique\/104064\/\" \/>\n<meta property=\"og:locale\" content=\"fr_FR\" \/>\n<meta property=\"og:type\" content=\"article\" \/>\n<meta property=\"og:title\" content=\"L\u2019ADEME soutient les entreprises engag\u00e9es dans la transition \u00e9cologique\" \/>\n<meta property=\"og:description\" content=\"Face \u00e0 une crise sanitaire, l\u2019ADEME a pris une s\u00e9rie de trois mesures pour soutenir l\u2019ensemble des entreprises engag\u00e9es dans la transition \u00e9cologique. Elles sont applicables automatiquement pour les nouvelles aides et achats et sur demande pour les projets en cours. Une avance de 20% sur les aides aux entreprises et aux associationsCette avance vise [&hellip;]\" \/>\n<meta property=\"og:url\" content=\"https:\/\/batijournal.com\/index.php\/lademe-soutient-les-entreprises-engagees-dans-la-transition-ecologique\/104064\/\" \/>\n<meta property=\"og:site_name\" content=\"Batijournal\" \/>\n<meta property=\"article:published_time\" content=\"2020-04-07T08:10:49+00:00\" \/>\n<meta property=\"article:modified_time\" content=\"2020-04-07T08:10:51+00:00\" \/>\n<meta property=\"og:image\" content=\"https:\/\/batijournal.com\/wp-content\/uploads\/2016\/09\/photovoltaique3.jpg\" \/>\n\t<meta property=\"og:image:width\" content=\"1000\" \/>\n\t<meta property=\"og:image:height\" content=\"485\" \/>\n\t<meta property=\"og:image:type\" content=\"image\/jpeg\" \/>\n<meta name=\"author\" content=\"St\u00e9phane Miget\" \/>\n<meta name=\"twitter:card\" content=\"summary_large_image\" \/>\n<meta name=\"twitter:creator\" content=\"@bati_journal\" \/>\n<meta name=\"twitter:site\" content=\"@bati_journal\" \/>\n<meta name=\"twitter:label1\" content=\"\u00c9crit par\" \/>\n\t<meta name=\"twitter:data1\" content=\"St\u00e9phane Miget\" \/>\n\t<meta name=\"twitter:label2\" content=\"Dur\u00e9e de lecture estim\u00e9e\" \/>\n\t<meta name=\"twitter:data2\" content=\"2 minutes\" \/>\n<script type=\"application\/ld+json\" class=\"yoast-schema-graph\">{\"@context\":\"https:\\\/\\\/schema.org\",\"@graph\":[{\"@type\":\"Article\",\"@id\":\"https:\\\/\\\/batijournal.com\\\/index.php\\\/lademe-soutient-les-entreprises-engagees-dans-la-transition-ecologique\\\/104064\\\/#article\",\"isPartOf\":{\"@id\":\"https:\\\/\\\/batijournal.com\\\/index.php\\\/lademe-soutient-les-entreprises-engagees-dans-la-transition-ecologique\\\/104064\\\/\"},\"author\":{\"name\":\"St\u00e9phane Miget\",\"@id\":\"https:\\\/\\\/batijournal.com\\\/#\\\/schema\\\/person\\\/1dc96ec6957aa1ccb25ebe78bb19f100\"},\"headline\":\"L\u2019ADEME soutient les entreprises engag\u00e9es dans la transition \u00e9cologique\",\"datePublished\":\"2020-04-07T08:10:49+00:00\",\"dateModified\":\"2020-04-07T08:10:51+00:00\",\"mainEntityOfPage\":{\"@id\":\"https:\\\/\\\/batijournal.com\\\/index.php\\\/lademe-soutient-les-entreprises-engagees-dans-la-transition-ecologique\\\/104064\\\/\"},\"wordCount\":334,\"image\":{\"@id\":\"https:\\\/\\\/batijournal.com\\\/index.php\\\/lademe-soutient-les-entreprises-engagees-dans-la-transition-ecologique\\\/104064\\\/#primaryimage\"},\"thumbnailUrl\":\"https:\\\/\\\/batijournal.com\\\/wp-content\\\/uploads\\\/2016\\\/09\\\/photovoltaique3.jpg\",\"articleSection\":[\"Actualit\u00e9s\",\"\u00c9conomie &amp; March\u00e9s\",\"zz_Actualit\u00e9s - Plan\u00e8te\",\"zz_Plan\u00e8te B\u00e2timent\"],\"inLanguage\":\"fr-FR\"},{\"@type\":\"WebPage\",\"@id\":\"https:\\\/\\\/batijournal.com\\\/index.php\\\/lademe-soutient-les-entreprises-engagees-dans-la-transition-ecologique\\\/104064\\\/\",\"url\":\"https:\\\/\\\/batijournal.com\\\/index.php\\\/lademe-soutient-les-entreprises-engagees-dans-la-transition-ecologique\\\/104064\\\/\",\"name\":\"L\u2019ADEME soutient les entreprises engag\u00e9es dans la transition \u00e9cologique\",\"isPartOf\":{\"@id\":\"https:\\\/\\\/batijournal.com\\\/#website\"},\"primaryImageOfPage\":{\"@id\":\"https:\\\/\\\/batijournal.com\\\/index.php\\\/lademe-soutient-les-entreprises-engagees-dans-la-transition-ecologique\\\/104064\\\/#primaryimage\"},\"image\":{\"@id\":\"https:\\\/\\\/batijournal.com\\\/index.php\\\/lademe-soutient-les-entreprises-engagees-dans-la-transition-ecologique\\\/104064\\\/#primaryimage\"},\"thumbnailUrl\":\"https:\\\/\\\/batijournal.com\\\/wp-content\\\/uploads\\\/2016\\\/09\\\/photovoltaique3.jpg\",\"datePublished\":\"2020-04-07T08:10:49+00:00\",\"dateModified\":\"2020-04-07T08:10:51+00:00\",\"author\":{\"@id\":\"https:\\\/\\\/batijournal.com\\\/#\\\/schema\\\/person\\\/1dc96ec6957aa1ccb25ebe78bb19f100\"},\"breadcrumb\":{\"@id\":\"https:\\\/\\\/batijournal.com\\\/index.php\\\/lademe-soutient-les-entreprises-engagees-dans-la-transition-ecologique\\\/104064\\\/#breadcrumb\"},\"inLanguage\":\"fr-FR\",\"potentialAction\":[{\"@type\":\"ReadAction\",\"target\":[\"https:\\\/\\\/batijournal.com\\\/index.php\\\/lademe-soutient-les-entreprises-engagees-dans-la-transition-ecologique\\\/104064\\\/\"]}]},{\"@type\":\"ImageObject\",\"inLanguage\":\"fr-FR\",\"@id\":\"https:\\\/\\\/batijournal.com\\\/index.php\\\/lademe-soutient-les-entreprises-engagees-dans-la-transition-ecologique\\\/104064\\\/#primaryimage\",\"url\":\"https:\\\/\\\/batijournal.com\\\/wp-content\\\/uploads\\\/2016\\\/09\\\/photovoltaique3.jpg\",\"contentUrl\":\"https:\\\/\\\/batijournal.com\\\/wp-content\\\/uploads\\\/2016\\\/09\\\/photovoltaique3.jpg\",\"width\":1000,\"height\":485},{\"@type\":\"BreadcrumbList\",\"@id\":\"https:\\\/\\\/batijournal.com\\\/index.php\\\/lademe-soutient-les-entreprises-engagees-dans-la-transition-ecologique\\\/104064\\\/#breadcrumb\",\"itemListElement\":[{\"@type\":\"ListItem\",\"position\":1,\"name\":\"Accueil\",\"item\":\"https:\\\/\\\/batijournal.com\\\/\"},{\"@type\":\"ListItem\",\"position\":2,\"name\":\"Actualit\u00e9s\",\"item\":\"https:\\\/\\\/batijournal.com\\\/index.php\\\/category\\\/actualites\\\/\"},{\"@type\":\"ListItem\",\"position\":3,\"name\":\"L\u2019ADEME soutient les entreprises engag\u00e9es dans la transition \u00e9cologique\"}]},{\"@type\":\"WebSite\",\"@id\":\"https:\\\/\\\/batijournal.com\\\/#website\",\"url\":\"https:\\\/\\\/batijournal.com\\\/\",\"name\":\"Batijournal\",\"description\":\"L&#039;actualit\u00e9 du b\u00e2timent\",\"potentialAction\":[{\"@type\":\"SearchAction\",\"target\":{\"@type\":\"EntryPoint\",\"urlTemplate\":\"https:\\\/\\\/batijournal.com\\\/?s={search_term_string}\"},\"query-input\":{\"@type\":\"PropertyValueSpecification\",\"valueRequired\":true,\"valueName\":\"search_term_string\"}}],\"inLanguage\":\"fr-FR\"},{\"@type\":\"Person\",\"@id\":\"https:\\\/\\\/batijournal.com\\\/#\\\/schema\\\/person\\\/1dc96ec6957aa1ccb25ebe78bb19f100\",\"name\":\"St\u00e9phane Miget\",\"image\":{\"@type\":\"ImageObject\",\"inLanguage\":\"fr-FR\",\"@id\":\"https:\\\/\\\/secure.gravatar.com\\\/avatar\\\/89915563d925342126b8ef0281b93d9d7fc337043e8df017f780908eb9644451?s=96&d=mm&r=g\",\"url\":\"https:\\\/\\\/secure.gravatar.com\\\/avatar\\\/89915563d925342126b8ef0281b93d9d7fc337043e8df017f780908eb9644451?s=96&d=mm&r=g\",\"contentUrl\":\"https:\\\/\\\/secure.gravatar.com\\\/avatar\\\/89915563d925342126b8ef0281b93d9d7fc337043e8df017f780908eb9644451?s=96&d=mm&r=g\",\"caption\":\"St\u00e9phane Miget\"},\"url\":\"https:\\\/\\\/batijournal.com\\\/index.php\\\/author\\\/stephane\\\/\"}]}<\/script>\n<!-- \/ Yoast SEO plugin. -->","yoast_head_json":{"title":"L\u2019ADEME soutient les entreprises engag\u00e9es dans la transition \u00e9cologique","robots":{"index":"index","follow":"follow","max-snippet":"max-snippet:-1","max-image-preview":"max-image-preview:large","max-video-preview":"max-video-preview:-1"},"canonical":"https:\/\/batijournal.com\/index.php\/lademe-soutient-les-entreprises-engagees-dans-la-transition-ecologique\/104064\/","og_locale":"fr_FR","og_type":"article","og_title":"L\u2019ADEME soutient les entreprises engag\u00e9es dans la transition \u00e9cologique","og_description":"Face \u00e0 une crise sanitaire, l\u2019ADEME a pris une s\u00e9rie de trois mesures pour soutenir l\u2019ensemble des entreprises engag\u00e9es dans la transition \u00e9cologique. Elles sont applicables automatiquement pour les nouvelles aides et achats et sur demande pour les projets en cours. Une avance de 20% sur les aides aux entreprises et aux associationsCette avance vise [&hellip;]","og_url":"https:\/\/batijournal.com\/index.php\/lademe-soutient-les-entreprises-engagees-dans-la-transition-ecologique\/104064\/","og_site_name":"Batijournal","article_published_time":"2020-04-07T08:10:49+00:00","article_modified_time":"2020-04-07T08:10:51+00:00","og_image":[{"width":1000,"height":485,"url":"https:\/\/batijournal.com\/wp-content\/uploads\/2016\/09\/photovoltaique3.jpg","type":"image\/jpeg"}],"author":"St\u00e9phane Miget","twitter_card":"summary_large_image","twitter_creator":"@bati_journal","twitter_site":"@bati_journal","twitter_misc":{"\u00c9crit par":"St\u00e9phane Miget","Dur\u00e9e de lecture estim\u00e9e":"2 minutes"},"schema":{"@context":"https:\/\/schema.org","@graph":[{"@type":"Article","@id":"https:\/\/batijournal.com\/index.php\/lademe-soutient-les-entreprises-engagees-dans-la-transition-ecologique\/104064\/#article","isPartOf":{"@id":"https:\/\/batijournal.com\/index.php\/lademe-soutient-les-entreprises-engagees-dans-la-transition-ecologique\/104064\/"},"author":{"name":"St\u00e9phane Miget","@id":"https:\/\/batijournal.com\/#\/schema\/person\/1dc96ec6957aa1ccb25ebe78bb19f100"},"headline":"L\u2019ADEME soutient les entreprises engag\u00e9es dans la transition \u00e9cologique","datePublished":"2020-04-07T08:10:49+00:00","dateModified":"2020-04-07T08:10:51+00:00","mainEntityOfPage":{"@id":"https:\/\/batijournal.com\/index.php\/lademe-soutient-les-entreprises-engagees-dans-la-transition-ecologique\/104064\/"},"wordCount":334,"image":{"@id":"https:\/\/batijournal.com\/index.php\/lademe-soutient-les-entreprises-engagees-dans-la-transition-ecologique\/104064\/#primaryimage"},"thumbnailUrl":"https:\/\/batijournal.com\/wp-content\/uploads\/2016\/09\/photovoltaique3.jpg","articleSection":["Actualit\u00e9s","\u00c9conomie &amp; March\u00e9s","zz_Actualit\u00e9s - Plan\u00e8te","zz_Plan\u00e8te B\u00e2timent"],"inLanguage":"fr-FR"},{"@type":"WebPage","@id":"https:\/\/batijournal.com\/index.php\/lademe-soutient-les-entreprises-engagees-dans-la-transition-ecologique\/104064\/","url":"https:\/\/batijournal.com\/index.php\/lademe-soutient-les-entreprises-engagees-dans-la-transition-ecologique\/104064\/","name":"L\u2019ADEME soutient les entreprises engag\u00e9es dans la transition \u00e9cologique","isPartOf":{"@id":"https:\/\/batijournal.com\/#website"},"primaryImageOfPage":{"@id":"https:\/\/batijournal.com\/index.php\/lademe-soutient-les-entreprises-engagees-dans-la-transition-ecologique\/104064\/#primaryimage"},"image":{"@id":"https:\/\/batijournal.com\/index.php\/lademe-soutient-les-entreprises-engagees-dans-la-transition-ecologique\/104064\/#primaryimage"},"thumbnailUrl":"https:\/\/batijournal.com\/wp-content\/uploads\/2016\/09\/photovoltaique3.jpg","datePublished":"2020-04-07T08:10:49+00:00","dateModified":"2020-04-07T08:10:51+00:00","author":{"@id":"https:\/\/batijournal.com\/#\/schema\/person\/1dc96ec6957aa1ccb25ebe78bb19f100"},"breadcrumb":{"@id":"https:\/\/batijournal.com\/index.php\/lademe-soutient-les-entreprises-engagees-dans-la-transition-ecologique\/104064\/#breadcrumb"},"inLanguage":"fr-FR","potentialAction":[{"@type":"ReadAction","target":["https:\/\/batijournal.com\/index.php\/lademe-soutient-les-entreprises-engagees-dans-la-transition-ecologique\/104064\/"]}]},{"@type":"ImageObject","inLanguage":"fr-FR","@id":"https:\/\/batijournal.com\/index.php\/lademe-soutient-les-entreprises-engagees-dans-la-transition-ecologique\/104064\/#primaryimage","url":"https:\/\/batijournal.com\/wp-content\/uploads\/2016\/09\/photovoltaique3.jpg","contentUrl":"https:\/\/batijournal.com\/wp-content\/uploads\/2016\/09\/photovoltaique3.jpg","width":1000,"height":485},{"@type":"BreadcrumbList","@id":"https:\/\/batijournal.com\/index.php\/lademe-soutient-les-entreprises-engagees-dans-la-transition-ecologique\/104064\/#breadcrumb","itemListElement":[{"@type":"ListItem","position":1,"name":"Accueil","item":"https:\/\/batijournal.com\/"},{"@type":"ListItem","position":2,"name":"Actualit\u00e9s","item":"https:\/\/batijournal.com\/index.php\/category\/actualites\/"},{"@type":"ListItem","position":3,"name":"L\u2019ADEME soutient les entreprises engag\u00e9es dans la transition \u00e9cologique"}]},{"@type":"WebSite","@id":"https:\/\/batijournal.com\/#website","url":"https:\/\/batijournal.com\/","name":"Batijournal","description":"L&#039;actualit\u00e9 du b\u00e2timent","potentialAction":[{"@type":"SearchAction","target":{"@type":"EntryPoint","urlTemplate":"https:\/\/batijournal.com\/?s={search_term_string}"},"query-input":{"@type":"PropertyValueSpecification","valueRequired":true,"valueName":"search_term_string"}}],"inLanguage":"fr-FR"},{"@type":"Person","@id":"https:\/\/batijournal.com\/#\/schema\/person\/1dc96ec6957aa1ccb25ebe78bb19f100","name":"St\u00e9phane Miget","image":{"@type":"ImageObject","inLanguage":"fr-FR","@id":"https:\/\/secure.gravatar.com\/avatar\/89915563d925342126b8ef0281b93d9d7fc337043e8df017f780908eb9644451?s=96&d=mm&r=g","url":"https:\/\/secure.gravatar.com\/avatar\/89915563d925342126b8ef0281b93d9d7fc337043e8df017f780908eb9644451?s=96&d=mm&r=g","contentUrl":"https:\/\/secure.gravatar.com\/avatar\/89915563d925342126b8ef0281b93d9d7fc337043e8df017f780908eb9644451?s=96&d=mm&r=g","caption":"St\u00e9phane Miget"},"url":"https:\/\/batijournal.com\/index.php\/author\/stephane\/"}]}},"_links":{"self":[{"href":"https:\/\/batijournal.com\/index.php\/wp-json\/wp\/v2\/posts\/104064","targetHints":{"allow":["GET"]}}],"collection":[{"href":"https:\/\/batijournal.com\/index.php\/wp-json\/wp\/v2\/posts"}],"about":[{"href":"https:\/\/batijournal.com\/index.php\/wp-json\/wp\/v2\/types\/post"}],"author":[{"embeddable":true,"href":"https:\/\/batijournal.com\/index.php\/wp-json\/wp\/v2\/users\/17"}],"replies":[{"embeddable":true,"href":"https:\/\/batijournal.com\/index.php\/wp-json\/wp\/v2\/comments?post=104064"}],"version-history":[{"count":0,"href":"https:\/\/batijournal.com\/index.php\/wp-json\/wp\/v2\/posts\/104064\/revisions"}],"wp:featuredmedia":[{"embeddable":true,"href":"https:\/\/batijournal.com\/index.php\/wp-json\/wp\/v2\/media\/93627"}],"wp:attachment":[{"href":"https:\/\/batijournal.com\/index.php\/wp-json\/wp\/v2\/media?parent=104064"}],"wp:term":[{"taxonomy":"category","embeddable":true,"href":"https:\/\/batijournal.com\/index.php\/wp-json\/wp\/v2\/categories?post=104064"},{"taxonomy":"post_tag","embeddable":true,"href":"https:\/\/batijournal.com\/index.php\/wp-json\/wp\/v2\/tags?post=104064"}],"curies":[{"name":"wp","href":"https:\/\/api.w.org\/{rel}","templated":true}]}}