{"id":104080,"date":"2020-04-08T07:26:48","date_gmt":"2020-04-08T05:26:48","guid":{"rendered":"https:\/\/batijournal.com\/?p=104080"},"modified":"2020-04-08T07:26:49","modified_gmt":"2020-04-08T05:26:49","slug":"culturecheznous-expositions-virtuelles-du-centre-darchives-darchitecture-du-xxe-siecle","status":"publish","type":"post","link":"https:\/\/batijournal.com\/index.php\/culturecheznous-expositions-virtuelles-du-centre-darchives-darchitecture-du-xxe-siecle\/104080\/","title":{"rendered":"#Culturecheznous : Expositions virtuelles du Centre d\u2019archives d\u2019architecture du XXe si\u00e8cle"},"content":{"rendered":"\n<p>Le Centre d\u2019archives d\u2019architecture du XXe si\u00e8cle de la Cit\u00e9 de l\u2019architecture et du patrimoine \u00e9labore depuis 2010 des expositions virtuelles \u00e0 partir de ses propres collections, ainsi que de celles du mus\u00e9e des Monuments fran\u00e7ais. Disponibles et accessibles de fa\u00e7on permanente, on distingue deux types d\u2019expositions : les expositions qui sont les versions num\u00e9riques d\u2019expositions physiques mont\u00e9es par la Cit\u00e9 de l\u2019architecture et du patrimoine ou par d\u2019autres institutions, et les expositions virtuelles mont\u00e9es de toutes pi\u00e8ces en interne.<\/p>\n\n\n\n<p><a href=\"https:\/\/www.citedelarchitecture.fr\/fr\/collection\/les-expositions-virtuelles\" target=\"_blank\" rel=\"noreferrer noopener\">www.citedelarchitecture.fr\/fr\/collection\/les-expositions-virtuelles<\/a><\/p>\n","protected":false},"excerpt":{"rendered":"<p>Le Centre d\u2019archives d\u2019architecture du XXe si\u00e8cle de la Cit\u00e9 de l\u2019architecture et du patrimoine \u00e9labore depuis 2010 des expositions virtuelles \u00e0 partir de ses propres collections, ainsi que de celles du mus\u00e9e des Monuments fran\u00e7ais. Disponibles et accessibles de fa\u00e7on permanente, on distingue deux types d\u2019expositions : les expositions qui sont les versions num\u00e9riques [&hellip;]<\/p>\n","protected":false},"author":17,"featured_media":104082,"comment_status":"closed","ping_status":"closed","sticky":false,"template":"","format":"standard","meta":{"_et_pb_use_builder":"","_et_pb_old_content":"","_et_gb_content_width":"","footnotes":""},"categories":[6362,10789,10785],"tags":[],"class_list":["post-104080","post","type-post","status-publish","format-standard","has-post-thumbnail","hentry","category-services-equipements","category-publications-atrium","category-atrium"],"yoast_head":"<!-- This site is optimized with the Yoast SEO plugin v27.4 - https:\/\/yoast.com\/product\/yoast-seo-wordpress\/ -->\n<title>#Culturecheznous : Expositions virtuelles du Centre d\u2019archives d\u2019architecture du XXe si\u00e8cle<\/title>\n<meta name=\"robots\" content=\"index, follow, max-snippet:-1, max-image-preview:large, max-video-preview:-1\" \/>\n<link rel=\"canonical\" href=\"https:\/\/batijournal.com\/index.php\/culturecheznous-expositions-virtuelles-du-centre-darchives-darchitecture-du-xxe-siecle\/104080\/\" \/>\n<meta property=\"og:locale\" content=\"fr_FR\" \/>\n<meta property=\"og:type\" content=\"article\" \/>\n<meta property=\"og:title\" content=\"#Culturecheznous : Expositions virtuelles du Centre d\u2019archives d\u2019architecture du XXe si\u00e8cle\" \/>\n<meta property=\"og:description\" content=\"Le Centre d\u2019archives d\u2019architecture du XXe si\u00e8cle de la Cit\u00e9 de l\u2019architecture et du patrimoine \u00e9labore depuis 2010 des expositions virtuelles \u00e0 partir de ses propres collections, ainsi que de celles du mus\u00e9e des Monuments fran\u00e7ais. Disponibles et accessibles de fa\u00e7on permanente, on distingue deux types d\u2019expositions : les expositions qui sont les versions num\u00e9riques [&hellip;]\" \/>\n<meta property=\"og:url\" content=\"https:\/\/batijournal.com\/index.php\/culturecheznous-expositions-virtuelles-du-centre-darchives-darchitecture-du-xxe-siecle\/104080\/\" \/>\n<meta property=\"og:site_name\" content=\"Batijournal\" \/>\n<meta property=\"article:published_time\" content=\"2020-04-08T05:26:48+00:00\" \/>\n<meta property=\"article:modified_time\" content=\"2020-04-08T05:26:49+00:00\" \/>\n<meta property=\"og:image\" content=\"https:\/\/batijournal.com\/wp-content\/uploads\/2020\/04\/architecture-du-XXe.png\" \/>\n\t<meta property=\"og:image:width\" content=\"785\" \/>\n\t<meta property=\"og:image:height\" content=\"452\" \/>\n\t<meta property=\"og:image:type\" content=\"image\/png\" \/>\n<meta name=\"author\" content=\"St\u00e9phane Miget\" \/>\n<meta name=\"twitter:card\" content=\"summary_large_image\" \/>\n<meta name=\"twitter:creator\" content=\"@bati_journal\" \/>\n<meta name=\"twitter:site\" content=\"@bati_journal\" \/>\n<meta name=\"twitter:label1\" content=\"\u00c9crit par\" \/>\n\t<meta name=\"twitter:data1\" content=\"St\u00e9phane Miget\" \/>\n<script type=\"application\/ld+json\" class=\"yoast-schema-graph\">{\"@context\":\"https:\\\/\\\/schema.org\",\"@graph\":[{\"@type\":\"Article\",\"@id\":\"https:\\\/\\\/batijournal.com\\\/index.php\\\/culturecheznous-expositions-virtuelles-du-centre-darchives-darchitecture-du-xxe-siecle\\\/104080\\\/#article\",\"isPartOf\":{\"@id\":\"https:\\\/\\\/batijournal.com\\\/index.php\\\/culturecheznous-expositions-virtuelles-du-centre-darchives-darchitecture-du-xxe-siecle\\\/104080\\\/\"},\"author\":{\"name\":\"St\u00e9phane Miget\",\"@id\":\"https:\\\/\\\/batijournal.com\\\/#\\\/schema\\\/person\\\/1dc96ec6957aa1ccb25ebe78bb19f100\"},\"headline\":\"#Culturecheznous : Expositions virtuelles du Centre d\u2019archives d\u2019architecture du XXe si\u00e8cle\",\"datePublished\":\"2020-04-08T05:26:48+00:00\",\"dateModified\":\"2020-04-08T05:26:49+00:00\",\"mainEntityOfPage\":{\"@id\":\"https:\\\/\\\/batijournal.com\\\/index.php\\\/culturecheznous-expositions-virtuelles-du-centre-darchives-darchitecture-du-xxe-siecle\\\/104080\\\/\"},\"wordCount\":111,\"image\":{\"@id\":\"https:\\\/\\\/batijournal.com\\\/index.php\\\/culturecheznous-expositions-virtuelles-du-centre-darchives-darchitecture-du-xxe-siecle\\\/104080\\\/#primaryimage\"},\"thumbnailUrl\":\"https:\\\/\\\/batijournal.com\\\/wp-content\\\/uploads\\\/2020\\\/04\\\/architecture-du-XXe.png\",\"articleSection\":[\"Divers\",\"zz_Actualit\u00e9s - Atrium\",\"zz_Atrium Patrimoine\"],\"inLanguage\":\"fr-FR\"},{\"@type\":\"WebPage\",\"@id\":\"https:\\\/\\\/batijournal.com\\\/index.php\\\/culturecheznous-expositions-virtuelles-du-centre-darchives-darchitecture-du-xxe-siecle\\\/104080\\\/\",\"url\":\"https:\\\/\\\/batijournal.com\\\/index.php\\\/culturecheznous-expositions-virtuelles-du-centre-darchives-darchitecture-du-xxe-siecle\\\/104080\\\/\",\"name\":\"#Culturecheznous : Expositions virtuelles du Centre d\u2019archives d\u2019architecture du XXe si\u00e8cle\",\"isPartOf\":{\"@id\":\"https:\\\/\\\/batijournal.com\\\/#website\"},\"primaryImageOfPage\":{\"@id\":\"https:\\\/\\\/batijournal.com\\\/index.php\\\/culturecheznous-expositions-virtuelles-du-centre-darchives-darchitecture-du-xxe-siecle\\\/104080\\\/#primaryimage\"},\"image\":{\"@id\":\"https:\\\/\\\/batijournal.com\\\/index.php\\\/culturecheznous-expositions-virtuelles-du-centre-darchives-darchitecture-du-xxe-siecle\\\/104080\\\/#primaryimage\"},\"thumbnailUrl\":\"https:\\\/\\\/batijournal.com\\\/wp-content\\\/uploads\\\/2020\\\/04\\\/architecture-du-XXe.png\",\"datePublished\":\"2020-04-08T05:26:48+00:00\",\"dateModified\":\"2020-04-08T05:26:49+00:00\",\"author\":{\"@id\":\"https:\\\/\\\/batijournal.com\\\/#\\\/schema\\\/person\\\/1dc96ec6957aa1ccb25ebe78bb19f100\"},\"breadcrumb\":{\"@id\":\"https:\\\/\\\/batijournal.com\\\/index.php\\\/culturecheznous-expositions-virtuelles-du-centre-darchives-darchitecture-du-xxe-siecle\\\/104080\\\/#breadcrumb\"},\"inLanguage\":\"fr-FR\",\"potentialAction\":[{\"@type\":\"ReadAction\",\"target\":[\"https:\\\/\\\/batijournal.com\\\/index.php\\\/culturecheznous-expositions-virtuelles-du-centre-darchives-darchitecture-du-xxe-siecle\\\/104080\\\/\"]}]},{\"@type\":\"ImageObject\",\"inLanguage\":\"fr-FR\",\"@id\":\"https:\\\/\\\/batijournal.com\\\/index.php\\\/culturecheznous-expositions-virtuelles-du-centre-darchives-darchitecture-du-xxe-siecle\\\/104080\\\/#primaryimage\",\"url\":\"https:\\\/\\\/batijournal.com\\\/wp-content\\\/uploads\\\/2020\\\/04\\\/architecture-du-XXe.png\",\"contentUrl\":\"https:\\\/\\\/batijournal.com\\\/wp-content\\\/uploads\\\/2020\\\/04\\\/architecture-du-XXe.png\",\"width\":785,\"height\":452},{\"@type\":\"BreadcrumbList\",\"@id\":\"https:\\\/\\\/batijournal.com\\\/index.php\\\/culturecheznous-expositions-virtuelles-du-centre-darchives-darchitecture-du-xxe-siecle\\\/104080\\\/#breadcrumb\",\"itemListElement\":[{\"@type\":\"ListItem\",\"position\":1,\"name\":\"Accueil\",\"item\":\"https:\\\/\\\/batijournal.com\\\/\"},{\"@type\":\"ListItem\",\"position\":2,\"name\":\"Actualit\u00e9s\",\"item\":\"https:\\\/\\\/batijournal.com\\\/index.php\\\/category\\\/actualites\\\/\"},{\"@type\":\"ListItem\",\"position\":3,\"name\":\"Divers\",\"item\":\"https:\\\/\\\/batijournal.com\\\/index.php\\\/category\\\/actualites\\\/services-equipements\\\/\"},{\"@type\":\"ListItem\",\"position\":4,\"name\":\"#Culturecheznous : Expositions virtuelles du Centre d\u2019archives d\u2019architecture du XXe si\u00e8cle\"}]},{\"@type\":\"WebSite\",\"@id\":\"https:\\\/\\\/batijournal.com\\\/#website\",\"url\":\"https:\\\/\\\/batijournal.com\\\/\",\"name\":\"Batijournal\",\"description\":\"L&#039;actualit\u00e9 du b\u00e2timent\",\"potentialAction\":[{\"@type\":\"SearchAction\",\"target\":{\"@type\":\"EntryPoint\",\"urlTemplate\":\"https:\\\/\\\/batijournal.com\\\/?s={search_term_string}\"},\"query-input\":{\"@type\":\"PropertyValueSpecification\",\"valueRequired\":true,\"valueName\":\"search_term_string\"}}],\"inLanguage\":\"fr-FR\"},{\"@type\":\"Person\",\"@id\":\"https:\\\/\\\/batijournal.com\\\/#\\\/schema\\\/person\\\/1dc96ec6957aa1ccb25ebe78bb19f100\",\"name\":\"St\u00e9phane Miget\",\"image\":{\"@type\":\"ImageObject\",\"inLanguage\":\"fr-FR\",\"@id\":\"https:\\\/\\\/secure.gravatar.com\\\/avatar\\\/89915563d925342126b8ef0281b93d9d7fc337043e8df017f780908eb9644451?s=96&d=mm&r=g\",\"url\":\"https:\\\/\\\/secure.gravatar.com\\\/avatar\\\/89915563d925342126b8ef0281b93d9d7fc337043e8df017f780908eb9644451?s=96&d=mm&r=g\",\"contentUrl\":\"https:\\\/\\\/secure.gravatar.com\\\/avatar\\\/89915563d925342126b8ef0281b93d9d7fc337043e8df017f780908eb9644451?s=96&d=mm&r=g\",\"caption\":\"St\u00e9phane Miget\"},\"url\":\"https:\\\/\\\/batijournal.com\\\/index.php\\\/author\\\/stephane\\\/\"}]}<\/script>\n<!-- \/ Yoast SEO plugin. -->","yoast_head_json":{"title":"#Culturecheznous : Expositions virtuelles du Centre d\u2019archives d\u2019architecture du XXe si\u00e8cle","robots":{"index":"index","follow":"follow","max-snippet":"max-snippet:-1","max-image-preview":"max-image-preview:large","max-video-preview":"max-video-preview:-1"},"canonical":"https:\/\/batijournal.com\/index.php\/culturecheznous-expositions-virtuelles-du-centre-darchives-darchitecture-du-xxe-siecle\/104080\/","og_locale":"fr_FR","og_type":"article","og_title":"#Culturecheznous : Expositions virtuelles du Centre d\u2019archives d\u2019architecture du XXe si\u00e8cle","og_description":"Le Centre d\u2019archives d\u2019architecture du XXe si\u00e8cle de la Cit\u00e9 de l\u2019architecture et du patrimoine \u00e9labore depuis 2010 des expositions virtuelles \u00e0 partir de ses propres collections, ainsi que de celles du mus\u00e9e des Monuments fran\u00e7ais. Disponibles et accessibles de fa\u00e7on permanente, on distingue deux types d\u2019expositions : les expositions qui sont les versions num\u00e9riques [&hellip;]","og_url":"https:\/\/batijournal.com\/index.php\/culturecheznous-expositions-virtuelles-du-centre-darchives-darchitecture-du-xxe-siecle\/104080\/","og_site_name":"Batijournal","article_published_time":"2020-04-08T05:26:48+00:00","article_modified_time":"2020-04-08T05:26:49+00:00","og_image":[{"width":785,"height":452,"url":"https:\/\/batijournal.com\/wp-content\/uploads\/2020\/04\/architecture-du-XXe.png","type":"image\/png"}],"author":"St\u00e9phane Miget","twitter_card":"summary_large_image","twitter_creator":"@bati_journal","twitter_site":"@bati_journal","twitter_misc":{"\u00c9crit par":"St\u00e9phane Miget"},"schema":{"@context":"https:\/\/schema.org","@graph":[{"@type":"Article","@id":"https:\/\/batijournal.com\/index.php\/culturecheznous-expositions-virtuelles-du-centre-darchives-darchitecture-du-xxe-siecle\/104080\/#article","isPartOf":{"@id":"https:\/\/batijournal.com\/index.php\/culturecheznous-expositions-virtuelles-du-centre-darchives-darchitecture-du-xxe-siecle\/104080\/"},"author":{"name":"St\u00e9phane Miget","@id":"https:\/\/batijournal.com\/#\/schema\/person\/1dc96ec6957aa1ccb25ebe78bb19f100"},"headline":"#Culturecheznous : Expositions virtuelles du Centre d\u2019archives d\u2019architecture du XXe si\u00e8cle","datePublished":"2020-04-08T05:26:48+00:00","dateModified":"2020-04-08T05:26:49+00:00","mainEntityOfPage":{"@id":"https:\/\/batijournal.com\/index.php\/culturecheznous-expositions-virtuelles-du-centre-darchives-darchitecture-du-xxe-siecle\/104080\/"},"wordCount":111,"image":{"@id":"https:\/\/batijournal.com\/index.php\/culturecheznous-expositions-virtuelles-du-centre-darchives-darchitecture-du-xxe-siecle\/104080\/#primaryimage"},"thumbnailUrl":"https:\/\/batijournal.com\/wp-content\/uploads\/2020\/04\/architecture-du-XXe.png","articleSection":["Divers","zz_Actualit\u00e9s - Atrium","zz_Atrium Patrimoine"],"inLanguage":"fr-FR"},{"@type":"WebPage","@id":"https:\/\/batijournal.com\/index.php\/culturecheznous-expositions-virtuelles-du-centre-darchives-darchitecture-du-xxe-siecle\/104080\/","url":"https:\/\/batijournal.com\/index.php\/culturecheznous-expositions-virtuelles-du-centre-darchives-darchitecture-du-xxe-siecle\/104080\/","name":"#Culturecheznous : Expositions virtuelles du Centre d\u2019archives d\u2019architecture du XXe si\u00e8cle","isPartOf":{"@id":"https:\/\/batijournal.com\/#website"},"primaryImageOfPage":{"@id":"https:\/\/batijournal.com\/index.php\/culturecheznous-expositions-virtuelles-du-centre-darchives-darchitecture-du-xxe-siecle\/104080\/#primaryimage"},"image":{"@id":"https:\/\/batijournal.com\/index.php\/culturecheznous-expositions-virtuelles-du-centre-darchives-darchitecture-du-xxe-siecle\/104080\/#primaryimage"},"thumbnailUrl":"https:\/\/batijournal.com\/wp-content\/uploads\/2020\/04\/architecture-du-XXe.png","datePublished":"2020-04-08T05:26:48+00:00","dateModified":"2020-04-08T05:26:49+00:00","author":{"@id":"https:\/\/batijournal.com\/#\/schema\/person\/1dc96ec6957aa1ccb25ebe78bb19f100"},"breadcrumb":{"@id":"https:\/\/batijournal.com\/index.php\/culturecheznous-expositions-virtuelles-du-centre-darchives-darchitecture-du-xxe-siecle\/104080\/#breadcrumb"},"inLanguage":"fr-FR","potentialAction":[{"@type":"ReadAction","target":["https:\/\/batijournal.com\/index.php\/culturecheznous-expositions-virtuelles-du-centre-darchives-darchitecture-du-xxe-siecle\/104080\/"]}]},{"@type":"ImageObject","inLanguage":"fr-FR","@id":"https:\/\/batijournal.com\/index.php\/culturecheznous-expositions-virtuelles-du-centre-darchives-darchitecture-du-xxe-siecle\/104080\/#primaryimage","url":"https:\/\/batijournal.com\/wp-content\/uploads\/2020\/04\/architecture-du-XXe.png","contentUrl":"https:\/\/batijournal.com\/wp-content\/uploads\/2020\/04\/architecture-du-XXe.png","width":785,"height":452},{"@type":"BreadcrumbList","@id":"https:\/\/batijournal.com\/index.php\/culturecheznous-expositions-virtuelles-du-centre-darchives-darchitecture-du-xxe-siecle\/104080\/#breadcrumb","itemListElement":[{"@type":"ListItem","position":1,"name":"Accueil","item":"https:\/\/batijournal.com\/"},{"@type":"ListItem","position":2,"name":"Actualit\u00e9s","item":"https:\/\/batijournal.com\/index.php\/category\/actualites\/"},{"@type":"ListItem","position":3,"name":"Divers","item":"https:\/\/batijournal.com\/index.php\/category\/actualites\/services-equipements\/"},{"@type":"ListItem","position":4,"name":"#Culturecheznous : Expositions virtuelles du Centre d\u2019archives d\u2019architecture du XXe si\u00e8cle"}]},{"@type":"WebSite","@id":"https:\/\/batijournal.com\/#website","url":"https:\/\/batijournal.com\/","name":"Batijournal","description":"L&#039;actualit\u00e9 du b\u00e2timent","potentialAction":[{"@type":"SearchAction","target":{"@type":"EntryPoint","urlTemplate":"https:\/\/batijournal.com\/?s={search_term_string}"},"query-input":{"@type":"PropertyValueSpecification","valueRequired":true,"valueName":"search_term_string"}}],"inLanguage":"fr-FR"},{"@type":"Person","@id":"https:\/\/batijournal.com\/#\/schema\/person\/1dc96ec6957aa1ccb25ebe78bb19f100","name":"St\u00e9phane Miget","image":{"@type":"ImageObject","inLanguage":"fr-FR","@id":"https:\/\/secure.gravatar.com\/avatar\/89915563d925342126b8ef0281b93d9d7fc337043e8df017f780908eb9644451?s=96&d=mm&r=g","url":"https:\/\/secure.gravatar.com\/avatar\/89915563d925342126b8ef0281b93d9d7fc337043e8df017f780908eb9644451?s=96&d=mm&r=g","contentUrl":"https:\/\/secure.gravatar.com\/avatar\/89915563d925342126b8ef0281b93d9d7fc337043e8df017f780908eb9644451?s=96&d=mm&r=g","caption":"St\u00e9phane Miget"},"url":"https:\/\/batijournal.com\/index.php\/author\/stephane\/"}]}},"_links":{"self":[{"href":"https:\/\/batijournal.com\/index.php\/wp-json\/wp\/v2\/posts\/104080","targetHints":{"allow":["GET"]}}],"collection":[{"href":"https:\/\/batijournal.com\/index.php\/wp-json\/wp\/v2\/posts"}],"about":[{"href":"https:\/\/batijournal.com\/index.php\/wp-json\/wp\/v2\/types\/post"}],"author":[{"embeddable":true,"href":"https:\/\/batijournal.com\/index.php\/wp-json\/wp\/v2\/users\/17"}],"replies":[{"embeddable":true,"href":"https:\/\/batijournal.com\/index.php\/wp-json\/wp\/v2\/comments?post=104080"}],"version-history":[{"count":0,"href":"https:\/\/batijournal.com\/index.php\/wp-json\/wp\/v2\/posts\/104080\/revisions"}],"wp:featuredmedia":[{"embeddable":true,"href":"https:\/\/batijournal.com\/index.php\/wp-json\/wp\/v2\/media\/104082"}],"wp:attachment":[{"href":"https:\/\/batijournal.com\/index.php\/wp-json\/wp\/v2\/media?parent=104080"}],"wp:term":[{"taxonomy":"category","embeddable":true,"href":"https:\/\/batijournal.com\/index.php\/wp-json\/wp\/v2\/categories?post=104080"},{"taxonomy":"post_tag","embeddable":true,"href":"https:\/\/batijournal.com\/index.php\/wp-json\/wp\/v2\/tags?post=104080"}],"curies":[{"name":"wp","href":"https:\/\/api.w.org\/{rel}","templated":true}]}}