{"id":104106,"date":"2020-04-09T10:52:23","date_gmt":"2020-04-09T08:52:23","guid":{"rendered":"https:\/\/batijournal.com\/?p=104106"},"modified":"2020-04-09T10:52:26","modified_gmt":"2020-04-09T08:52:26","slug":"prolongement-dun-mois-des-delais-dinstruction-la-capeb-monte-au-creneau","status":"publish","type":"post","link":"https:\/\/batijournal.com\/index.php\/prolongement-dun-mois-des-delais-dinstruction-la-capeb-monte-au-creneau\/104106\/","title":{"rendered":"Prolongement d&rsquo;un mois des d\u00e9lais d&rsquo;instruction : la CAPEB monte au cr\u00e9neau"},"content":{"rendered":"\n<p>La CAPEB rejoint les f\u00e9d\u00e9rations professionnelles de la ma\u00eetrise d&rsquo;\u0153uvre pour protester contre le prolongement d&rsquo;un mois des d\u00e9lais d&rsquo;instruction des demandes d&rsquo;autorisation d&rsquo;urbanisme. Patrick Li\u00e9bus, Pr\u00e9sident de la CAPEB indique : <em>\u00ab Nous avons demand\u00e9 au Ministre du Logement que le Gouvernement modifie les dispositions de l\u2019ordonnance du 25 mars 2020, qui autorise les reports de diff\u00e9rents d\u00e9lais d\u2019instruction \u00e0 la fin de la p\u00e9riode d\u2019urgence sanitaire. Cette disposition aura des effets d\u00e9sastreux. Elle annihilera, de facto, toute reprise de l\u2019activit\u00e9 \u00e9conomique des entreprises et des artisans du b\u00e2timent dans la construction. De surcro\u00eet, ces dispositions ont \u00e9t\u00e9 prises sans aucune concertation avec la fili\u00e8re. Pour notre part, comment expliquer \u00e0 nos entreprises que, du fait de la difficult\u00e9 d\u2019instruction des dossiers, elles devront subir des pertes d\u2019activit\u00e9 consid\u00e9rables \u00e0 la sortie du confinement ? Julien Denormandie nous a donn\u00e9 des assurances que cette ordonnance serait revue en cons\u00e9quence, la CAPEB souhaite que cela soit fait d\u00e9sormais rapidement, dans le cadre d\u2019une concertation des acteurs de la fili\u00e8re construction \u00bb<\/em>.<\/p>\n\n\n\n<figure class=\"wp-block-embed-wordpress wp-block-embed is-type-wp-embed is-provider-batijournal\"><div class=\"wp-block-embed__wrapper\">\nhttps:\/\/batijournal.com\/decalage-dun-mois-des-autorisations-durbanisme-double-peine-pour-toute-la-filiere-construction\/104035\n<\/div><\/figure>\n","protected":false},"excerpt":{"rendered":"<p>La CAPEB rejoint les f\u00e9d\u00e9rations professionnelles de la ma\u00eetrise d&rsquo;\u0153uvre pour protester contre le prolongement d&rsquo;un mois des d\u00e9lais d&rsquo;instruction des demandes d&rsquo;autorisation d&rsquo;urbanisme. Patrick Li\u00e9bus, Pr\u00e9sident de la CAPEB indique : \u00ab Nous avons demand\u00e9 au Ministre du Logement que le Gouvernement modifie les dispositions de l\u2019ordonnance du 25 mars 2020, qui autorise les [&hellip;]<\/p>\n","protected":false},"author":17,"featured_media":92997,"comment_status":"closed","ping_status":"closed","sticky":false,"template":"","format":"standard","meta":{"_et_pb_use_builder":"","_et_pb_old_content":"","_et_gb_content_width":"","footnotes":""},"categories":[10530,6345],"tags":[1154],"class_list":["post-104106","post","type-post","status-publish","format-standard","has-post-thumbnail","hentry","category-actualites","category-economie-marches","tag-urbanisme"],"yoast_head":"<!-- This site is optimized with the Yoast SEO plugin v27.4 - https:\/\/yoast.com\/product\/yoast-seo-wordpress\/ -->\n<title>Prolongement d&#039;un mois des d\u00e9lais d&#039;instruction : la CAPEB monte au cr\u00e9neau<\/title>\n<meta name=\"robots\" content=\"index, follow, max-snippet:-1, max-image-preview:large, max-video-preview:-1\" \/>\n<link rel=\"canonical\" href=\"https:\/\/batijournal.com\/index.php\/prolongement-dun-mois-des-delais-dinstruction-la-capeb-monte-au-creneau\/104106\/\" \/>\n<meta property=\"og:locale\" content=\"fr_FR\" \/>\n<meta property=\"og:type\" content=\"article\" \/>\n<meta property=\"og:title\" content=\"Prolongement d&#039;un mois des d\u00e9lais d&#039;instruction : la CAPEB monte au cr\u00e9neau\" \/>\n<meta property=\"og:description\" content=\"La CAPEB rejoint les f\u00e9d\u00e9rations professionnelles de la ma\u00eetrise d&rsquo;\u0153uvre pour protester contre le prolongement d&rsquo;un mois des d\u00e9lais d&rsquo;instruction des demandes d&rsquo;autorisation d&rsquo;urbanisme. Patrick Li\u00e9bus, Pr\u00e9sident de la CAPEB indique : \u00ab Nous avons demand\u00e9 au Ministre du Logement que le Gouvernement modifie les dispositions de l\u2019ordonnance du 25 mars 2020, qui autorise les [&hellip;]\" \/>\n<meta property=\"og:url\" content=\"https:\/\/batijournal.com\/index.php\/prolongement-dun-mois-des-delais-dinstruction-la-capeb-monte-au-creneau\/104106\/\" \/>\n<meta property=\"og:site_name\" content=\"Batijournal\" \/>\n<meta property=\"article:published_time\" content=\"2020-04-09T08:52:23+00:00\" \/>\n<meta property=\"article:modified_time\" content=\"2020-04-09T08:52:26+00:00\" \/>\n<meta property=\"og:image\" content=\"https:\/\/batijournal.com\/wp-content\/uploads\/2016\/06\/cadastre-urbanisme.jpg\" \/>\n\t<meta property=\"og:image:width\" content=\"1037\" \/>\n\t<meta property=\"og:image:height\" content=\"548\" \/>\n\t<meta property=\"og:image:type\" content=\"image\/jpeg\" \/>\n<meta name=\"author\" content=\"St\u00e9phane Miget\" \/>\n<meta name=\"twitter:card\" content=\"summary_large_image\" \/>\n<meta name=\"twitter:creator\" content=\"@bati_journal\" \/>\n<meta name=\"twitter:site\" content=\"@bati_journal\" \/>\n<meta name=\"twitter:label1\" content=\"\u00c9crit par\" \/>\n\t<meta name=\"twitter:data1\" content=\"St\u00e9phane Miget\" \/>\n\t<meta name=\"twitter:label2\" content=\"Dur\u00e9e de lecture estim\u00e9e\" \/>\n\t<meta name=\"twitter:data2\" content=\"1 minute\" \/>\n<script type=\"application\/ld+json\" class=\"yoast-schema-graph\">{\"@context\":\"https:\\\/\\\/schema.org\",\"@graph\":[{\"@type\":\"Article\",\"@id\":\"https:\\\/\\\/batijournal.com\\\/index.php\\\/prolongement-dun-mois-des-delais-dinstruction-la-capeb-monte-au-creneau\\\/104106\\\/#article\",\"isPartOf\":{\"@id\":\"https:\\\/\\\/batijournal.com\\\/index.php\\\/prolongement-dun-mois-des-delais-dinstruction-la-capeb-monte-au-creneau\\\/104106\\\/\"},\"author\":{\"name\":\"St\u00e9phane Miget\",\"@id\":\"https:\\\/\\\/batijournal.com\\\/#\\\/schema\\\/person\\\/1dc96ec6957aa1ccb25ebe78bb19f100\"},\"headline\":\"Prolongement d&rsquo;un mois des d\u00e9lais d&rsquo;instruction : la CAPEB monte au cr\u00e9neau\",\"datePublished\":\"2020-04-09T08:52:23+00:00\",\"dateModified\":\"2020-04-09T08:52:26+00:00\",\"mainEntityOfPage\":{\"@id\":\"https:\\\/\\\/batijournal.com\\\/index.php\\\/prolongement-dun-mois-des-delais-dinstruction-la-capeb-monte-au-creneau\\\/104106\\\/\"},\"wordCount\":210,\"image\":{\"@id\":\"https:\\\/\\\/batijournal.com\\\/index.php\\\/prolongement-dun-mois-des-delais-dinstruction-la-capeb-monte-au-creneau\\\/104106\\\/#primaryimage\"},\"thumbnailUrl\":\"https:\\\/\\\/batijournal.com\\\/wp-content\\\/uploads\\\/2016\\\/06\\\/cadastre-urbanisme.jpg\",\"keywords\":[\"urbanisme\"],\"articleSection\":[\"Actualit\u00e9s\",\"\u00c9conomie &amp; March\u00e9s\"],\"inLanguage\":\"fr-FR\"},{\"@type\":\"WebPage\",\"@id\":\"https:\\\/\\\/batijournal.com\\\/index.php\\\/prolongement-dun-mois-des-delais-dinstruction-la-capeb-monte-au-creneau\\\/104106\\\/\",\"url\":\"https:\\\/\\\/batijournal.com\\\/index.php\\\/prolongement-dun-mois-des-delais-dinstruction-la-capeb-monte-au-creneau\\\/104106\\\/\",\"name\":\"Prolongement d'un mois des d\u00e9lais d'instruction : la CAPEB monte au cr\u00e9neau\",\"isPartOf\":{\"@id\":\"https:\\\/\\\/batijournal.com\\\/#website\"},\"primaryImageOfPage\":{\"@id\":\"https:\\\/\\\/batijournal.com\\\/index.php\\\/prolongement-dun-mois-des-delais-dinstruction-la-capeb-monte-au-creneau\\\/104106\\\/#primaryimage\"},\"image\":{\"@id\":\"https:\\\/\\\/batijournal.com\\\/index.php\\\/prolongement-dun-mois-des-delais-dinstruction-la-capeb-monte-au-creneau\\\/104106\\\/#primaryimage\"},\"thumbnailUrl\":\"https:\\\/\\\/batijournal.com\\\/wp-content\\\/uploads\\\/2016\\\/06\\\/cadastre-urbanisme.jpg\",\"datePublished\":\"2020-04-09T08:52:23+00:00\",\"dateModified\":\"2020-04-09T08:52:26+00:00\",\"author\":{\"@id\":\"https:\\\/\\\/batijournal.com\\\/#\\\/schema\\\/person\\\/1dc96ec6957aa1ccb25ebe78bb19f100\"},\"breadcrumb\":{\"@id\":\"https:\\\/\\\/batijournal.com\\\/index.php\\\/prolongement-dun-mois-des-delais-dinstruction-la-capeb-monte-au-creneau\\\/104106\\\/#breadcrumb\"},\"inLanguage\":\"fr-FR\",\"potentialAction\":[{\"@type\":\"ReadAction\",\"target\":[\"https:\\\/\\\/batijournal.com\\\/index.php\\\/prolongement-dun-mois-des-delais-dinstruction-la-capeb-monte-au-creneau\\\/104106\\\/\"]}]},{\"@type\":\"ImageObject\",\"inLanguage\":\"fr-FR\",\"@id\":\"https:\\\/\\\/batijournal.com\\\/index.php\\\/prolongement-dun-mois-des-delais-dinstruction-la-capeb-monte-au-creneau\\\/104106\\\/#primaryimage\",\"url\":\"https:\\\/\\\/batijournal.com\\\/wp-content\\\/uploads\\\/2016\\\/06\\\/cadastre-urbanisme.jpg\",\"contentUrl\":\"https:\\\/\\\/batijournal.com\\\/wp-content\\\/uploads\\\/2016\\\/06\\\/cadastre-urbanisme.jpg\",\"width\":1037,\"height\":548},{\"@type\":\"BreadcrumbList\",\"@id\":\"https:\\\/\\\/batijournal.com\\\/index.php\\\/prolongement-dun-mois-des-delais-dinstruction-la-capeb-monte-au-creneau\\\/104106\\\/#breadcrumb\",\"itemListElement\":[{\"@type\":\"ListItem\",\"position\":1,\"name\":\"Accueil\",\"item\":\"https:\\\/\\\/batijournal.com\\\/\"},{\"@type\":\"ListItem\",\"position\":2,\"name\":\"Actualit\u00e9s\",\"item\":\"https:\\\/\\\/batijournal.com\\\/index.php\\\/category\\\/actualites\\\/\"},{\"@type\":\"ListItem\",\"position\":3,\"name\":\"Prolongement d&rsquo;un mois des d\u00e9lais d&rsquo;instruction : la CAPEB monte au cr\u00e9neau\"}]},{\"@type\":\"WebSite\",\"@id\":\"https:\\\/\\\/batijournal.com\\\/#website\",\"url\":\"https:\\\/\\\/batijournal.com\\\/\",\"name\":\"Batijournal\",\"description\":\"L&#039;actualit\u00e9 du b\u00e2timent\",\"potentialAction\":[{\"@type\":\"SearchAction\",\"target\":{\"@type\":\"EntryPoint\",\"urlTemplate\":\"https:\\\/\\\/batijournal.com\\\/?s={search_term_string}\"},\"query-input\":{\"@type\":\"PropertyValueSpecification\",\"valueRequired\":true,\"valueName\":\"search_term_string\"}}],\"inLanguage\":\"fr-FR\"},{\"@type\":\"Person\",\"@id\":\"https:\\\/\\\/batijournal.com\\\/#\\\/schema\\\/person\\\/1dc96ec6957aa1ccb25ebe78bb19f100\",\"name\":\"St\u00e9phane Miget\",\"image\":{\"@type\":\"ImageObject\",\"inLanguage\":\"fr-FR\",\"@id\":\"https:\\\/\\\/secure.gravatar.com\\\/avatar\\\/89915563d925342126b8ef0281b93d9d7fc337043e8df017f780908eb9644451?s=96&d=mm&r=g\",\"url\":\"https:\\\/\\\/secure.gravatar.com\\\/avatar\\\/89915563d925342126b8ef0281b93d9d7fc337043e8df017f780908eb9644451?s=96&d=mm&r=g\",\"contentUrl\":\"https:\\\/\\\/secure.gravatar.com\\\/avatar\\\/89915563d925342126b8ef0281b93d9d7fc337043e8df017f780908eb9644451?s=96&d=mm&r=g\",\"caption\":\"St\u00e9phane Miget\"},\"url\":\"https:\\\/\\\/batijournal.com\\\/index.php\\\/author\\\/stephane\\\/\"}]}<\/script>\n<!-- \/ Yoast SEO plugin. -->","yoast_head_json":{"title":"Prolongement d'un mois des d\u00e9lais d'instruction : la CAPEB monte au cr\u00e9neau","robots":{"index":"index","follow":"follow","max-snippet":"max-snippet:-1","max-image-preview":"max-image-preview:large","max-video-preview":"max-video-preview:-1"},"canonical":"https:\/\/batijournal.com\/index.php\/prolongement-dun-mois-des-delais-dinstruction-la-capeb-monte-au-creneau\/104106\/","og_locale":"fr_FR","og_type":"article","og_title":"Prolongement d'un mois des d\u00e9lais d'instruction : la CAPEB monte au cr\u00e9neau","og_description":"La CAPEB rejoint les f\u00e9d\u00e9rations professionnelles de la ma\u00eetrise d&rsquo;\u0153uvre pour protester contre le prolongement d&rsquo;un mois des d\u00e9lais d&rsquo;instruction des demandes d&rsquo;autorisation d&rsquo;urbanisme. Patrick Li\u00e9bus, Pr\u00e9sident de la CAPEB indique : \u00ab Nous avons demand\u00e9 au Ministre du Logement que le Gouvernement modifie les dispositions de l\u2019ordonnance du 25 mars 2020, qui autorise les [&hellip;]","og_url":"https:\/\/batijournal.com\/index.php\/prolongement-dun-mois-des-delais-dinstruction-la-capeb-monte-au-creneau\/104106\/","og_site_name":"Batijournal","article_published_time":"2020-04-09T08:52:23+00:00","article_modified_time":"2020-04-09T08:52:26+00:00","og_image":[{"width":1037,"height":548,"url":"https:\/\/batijournal.com\/wp-content\/uploads\/2016\/06\/cadastre-urbanisme.jpg","type":"image\/jpeg"}],"author":"St\u00e9phane Miget","twitter_card":"summary_large_image","twitter_creator":"@bati_journal","twitter_site":"@bati_journal","twitter_misc":{"\u00c9crit par":"St\u00e9phane Miget","Dur\u00e9e de lecture estim\u00e9e":"1 minute"},"schema":{"@context":"https:\/\/schema.org","@graph":[{"@type":"Article","@id":"https:\/\/batijournal.com\/index.php\/prolongement-dun-mois-des-delais-dinstruction-la-capeb-monte-au-creneau\/104106\/#article","isPartOf":{"@id":"https:\/\/batijournal.com\/index.php\/prolongement-dun-mois-des-delais-dinstruction-la-capeb-monte-au-creneau\/104106\/"},"author":{"name":"St\u00e9phane Miget","@id":"https:\/\/batijournal.com\/#\/schema\/person\/1dc96ec6957aa1ccb25ebe78bb19f100"},"headline":"Prolongement d&rsquo;un mois des d\u00e9lais d&rsquo;instruction : la CAPEB monte au cr\u00e9neau","datePublished":"2020-04-09T08:52:23+00:00","dateModified":"2020-04-09T08:52:26+00:00","mainEntityOfPage":{"@id":"https:\/\/batijournal.com\/index.php\/prolongement-dun-mois-des-delais-dinstruction-la-capeb-monte-au-creneau\/104106\/"},"wordCount":210,"image":{"@id":"https:\/\/batijournal.com\/index.php\/prolongement-dun-mois-des-delais-dinstruction-la-capeb-monte-au-creneau\/104106\/#primaryimage"},"thumbnailUrl":"https:\/\/batijournal.com\/wp-content\/uploads\/2016\/06\/cadastre-urbanisme.jpg","keywords":["urbanisme"],"articleSection":["Actualit\u00e9s","\u00c9conomie &amp; March\u00e9s"],"inLanguage":"fr-FR"},{"@type":"WebPage","@id":"https:\/\/batijournal.com\/index.php\/prolongement-dun-mois-des-delais-dinstruction-la-capeb-monte-au-creneau\/104106\/","url":"https:\/\/batijournal.com\/index.php\/prolongement-dun-mois-des-delais-dinstruction-la-capeb-monte-au-creneau\/104106\/","name":"Prolongement d'un mois des d\u00e9lais d'instruction : la CAPEB monte au cr\u00e9neau","isPartOf":{"@id":"https:\/\/batijournal.com\/#website"},"primaryImageOfPage":{"@id":"https:\/\/batijournal.com\/index.php\/prolongement-dun-mois-des-delais-dinstruction-la-capeb-monte-au-creneau\/104106\/#primaryimage"},"image":{"@id":"https:\/\/batijournal.com\/index.php\/prolongement-dun-mois-des-delais-dinstruction-la-capeb-monte-au-creneau\/104106\/#primaryimage"},"thumbnailUrl":"https:\/\/batijournal.com\/wp-content\/uploads\/2016\/06\/cadastre-urbanisme.jpg","datePublished":"2020-04-09T08:52:23+00:00","dateModified":"2020-04-09T08:52:26+00:00","author":{"@id":"https:\/\/batijournal.com\/#\/schema\/person\/1dc96ec6957aa1ccb25ebe78bb19f100"},"breadcrumb":{"@id":"https:\/\/batijournal.com\/index.php\/prolongement-dun-mois-des-delais-dinstruction-la-capeb-monte-au-creneau\/104106\/#breadcrumb"},"inLanguage":"fr-FR","potentialAction":[{"@type":"ReadAction","target":["https:\/\/batijournal.com\/index.php\/prolongement-dun-mois-des-delais-dinstruction-la-capeb-monte-au-creneau\/104106\/"]}]},{"@type":"ImageObject","inLanguage":"fr-FR","@id":"https:\/\/batijournal.com\/index.php\/prolongement-dun-mois-des-delais-dinstruction-la-capeb-monte-au-creneau\/104106\/#primaryimage","url":"https:\/\/batijournal.com\/wp-content\/uploads\/2016\/06\/cadastre-urbanisme.jpg","contentUrl":"https:\/\/batijournal.com\/wp-content\/uploads\/2016\/06\/cadastre-urbanisme.jpg","width":1037,"height":548},{"@type":"BreadcrumbList","@id":"https:\/\/batijournal.com\/index.php\/prolongement-dun-mois-des-delais-dinstruction-la-capeb-monte-au-creneau\/104106\/#breadcrumb","itemListElement":[{"@type":"ListItem","position":1,"name":"Accueil","item":"https:\/\/batijournal.com\/"},{"@type":"ListItem","position":2,"name":"Actualit\u00e9s","item":"https:\/\/batijournal.com\/index.php\/category\/actualites\/"},{"@type":"ListItem","position":3,"name":"Prolongement d&rsquo;un mois des d\u00e9lais d&rsquo;instruction : la CAPEB monte au cr\u00e9neau"}]},{"@type":"WebSite","@id":"https:\/\/batijournal.com\/#website","url":"https:\/\/batijournal.com\/","name":"Batijournal","description":"L&#039;actualit\u00e9 du b\u00e2timent","potentialAction":[{"@type":"SearchAction","target":{"@type":"EntryPoint","urlTemplate":"https:\/\/batijournal.com\/?s={search_term_string}"},"query-input":{"@type":"PropertyValueSpecification","valueRequired":true,"valueName":"search_term_string"}}],"inLanguage":"fr-FR"},{"@type":"Person","@id":"https:\/\/batijournal.com\/#\/schema\/person\/1dc96ec6957aa1ccb25ebe78bb19f100","name":"St\u00e9phane Miget","image":{"@type":"ImageObject","inLanguage":"fr-FR","@id":"https:\/\/secure.gravatar.com\/avatar\/89915563d925342126b8ef0281b93d9d7fc337043e8df017f780908eb9644451?s=96&d=mm&r=g","url":"https:\/\/secure.gravatar.com\/avatar\/89915563d925342126b8ef0281b93d9d7fc337043e8df017f780908eb9644451?s=96&d=mm&r=g","contentUrl":"https:\/\/secure.gravatar.com\/avatar\/89915563d925342126b8ef0281b93d9d7fc337043e8df017f780908eb9644451?s=96&d=mm&r=g","caption":"St\u00e9phane Miget"},"url":"https:\/\/batijournal.com\/index.php\/author\/stephane\/"}]}},"_links":{"self":[{"href":"https:\/\/batijournal.com\/index.php\/wp-json\/wp\/v2\/posts\/104106","targetHints":{"allow":["GET"]}}],"collection":[{"href":"https:\/\/batijournal.com\/index.php\/wp-json\/wp\/v2\/posts"}],"about":[{"href":"https:\/\/batijournal.com\/index.php\/wp-json\/wp\/v2\/types\/post"}],"author":[{"embeddable":true,"href":"https:\/\/batijournal.com\/index.php\/wp-json\/wp\/v2\/users\/17"}],"replies":[{"embeddable":true,"href":"https:\/\/batijournal.com\/index.php\/wp-json\/wp\/v2\/comments?post=104106"}],"version-history":[{"count":0,"href":"https:\/\/batijournal.com\/index.php\/wp-json\/wp\/v2\/posts\/104106\/revisions"}],"wp:featuredmedia":[{"embeddable":true,"href":"https:\/\/batijournal.com\/index.php\/wp-json\/wp\/v2\/media\/92997"}],"wp:attachment":[{"href":"https:\/\/batijournal.com\/index.php\/wp-json\/wp\/v2\/media?parent=104106"}],"wp:term":[{"taxonomy":"category","embeddable":true,"href":"https:\/\/batijournal.com\/index.php\/wp-json\/wp\/v2\/categories?post=104106"},{"taxonomy":"post_tag","embeddable":true,"href":"https:\/\/batijournal.com\/index.php\/wp-json\/wp\/v2\/tags?post=104106"}],"curies":[{"name":"wp","href":"https:\/\/api.w.org\/{rel}","templated":true}]}}