{"id":104123,"date":"2020-04-14T07:59:12","date_gmt":"2020-04-14T05:59:12","guid":{"rendered":"https:\/\/batijournal.com\/?p=104123"},"modified":"2020-04-14T07:59:15","modified_gmt":"2020-04-14T05:59:15","slug":"masques-mise-a-jour-des-preconisations","status":"publish","type":"post","link":"https:\/\/batijournal.com\/index.php\/masques-mise-a-jour-des-preconisations\/104123\/","title":{"rendered":"Masques : mise \u00e0 jour des pr\u00e9conisations"},"content":{"rendered":"\n<p>Le Minist\u00e8re du Travail a inform\u00e9 l\u2019OPPBTP de l\u2019avis de l\u2019Agence nationale de s\u00e9curit\u00e9 du m\u00e9dicament (ANSM) sur les conditions d&rsquo;utilisation des masques alternatifs. \u00ab Comme rappel\u00e9 dans l\u2019avis du 24 mars 2020, deux cat\u00e9gories de masques tissus ont \u00e9t\u00e9 cr\u00e9\u00e9es, dont la performance est mesur\u00e9e sur la capacit\u00e9 de filtration pour des particules de 3 \u00b5m. Une premi\u00e8re cat\u00e9gorie propose une efficacit\u00e9 de filtration de 90 \u00e0 95 % et la seconde de 70 \u00e0 80 %. L&rsquo;utilisation de ces deux masques doit \u00eatre faite en compl\u00e9ment de l&rsquo;application des gestes barri\u00e8res et de distanciation sociale.<\/p>\n\n\n\n<p>Dans le cas o\u00f9 certains travaux r\u00e9alis\u00e9s dans le cadre d&rsquo;une activit\u00e9 professionnelle interdisent le respect des gestes barri\u00e8res, et apr\u00e8s qu&rsquo;une analyse du poste ait conclu sur ce fait, la pr\u00e9conisation d&rsquo;utilisation de masque est la suivante.<\/p>\n\n\n\n<ul class=\"wp-block-list\"><li>Il s&rsquo;agit de portage de charges ou de tout type d&rsquo;op\u00e9ration n\u00e9cessitant le travail de plusieurs op\u00e9rateurs \u00e0 proximit\u00e9 imm\u00e9diate les uns des autres : utilisation pour chacun des travailleurs d&rsquo;un masque alternatif ayant un niveau de filtration de 90 \u00e0 95 % (exclusion des masques alternatifs avec une efficacit\u00e9 de filtration de 70 \u00e0 80 %). Si disponible, un masque FFP1 peut \u00eatre \u00e9galement utilis\u00e9. En cas d&rsquo;effort intense, envisager le changement du port du masque alternatif avant le terme des 4 heures d&rsquo;utilisation, ou en cas d&rsquo;inconfort li\u00e9 au port. Dans ce dernier cas, il faut privil\u00e9gier l&rsquo;utilisation d&rsquo;un masque FFP1, dont la portabilit\u00e9 fait l&rsquo;objet de tests dans la norme.<\/li><li>Dans le cas d&rsquo;un travail de plusieurs op\u00e9rateurs dans un environnement confin\u00e9 sans ventilation, le port du FFP1 devra \u00eatre privil\u00e9gi\u00e9. \u00bb<\/li><li>Pour les situations de travail \u00e0 moins d\u2019un m\u00e8tre et pour les interventions chez les personnes \u00e0 risque de sant\u00e9, les masques pr\u00e9conis\u00e9s, pr\u00e9c\u00e9demment de type chirurgical II-R ou de protection sup\u00e9rieure, sont dor\u00e9navant de type \u00e0 usage non-sanitaire de cat\u00e9gorie I (filtration sup\u00e9rieure ou \u00e9gale \u00e0 90 % &#8211; \u00ab masques individuels \u00e0 usage des professionnels en contact avec le public \u00bb selon la note DGS\/DGE\/DGT du 29 mars 2020, de type FFP1, de type chirurgical ou de protection sup\u00e9rieure).<\/li><li>Pour les interventions chez les personnes malades, des masques de type chirurgical II-R ou de protection sup\u00e9rieure restent obligatoires.<\/li><\/ul>\n","protected":false},"excerpt":{"rendered":"<p>Le Minist\u00e8re du Travail a inform\u00e9 l\u2019OPPBTP de l\u2019avis de l\u2019Agence nationale de s\u00e9curit\u00e9 du m\u00e9dicament (ANSM) sur les conditions d&rsquo;utilisation des masques alternatifs. \u00ab Comme rappel\u00e9 dans l\u2019avis du 24 mars 2020, deux cat\u00e9gories de masques tissus ont \u00e9t\u00e9 cr\u00e9\u00e9es, dont la performance est mesur\u00e9e sur la capacit\u00e9 de filtration pour des particules de [&hellip;]<\/p>\n","protected":false},"author":17,"featured_media":104124,"comment_status":"closed","ping_status":"closed","sticky":false,"template":"","format":"standard","meta":{"_et_pb_use_builder":"","_et_pb_old_content":"","_et_gb_content_width":"","footnotes":""},"categories":[10530,6362],"tags":[],"class_list":["post-104123","post","type-post","status-publish","format-standard","has-post-thumbnail","hentry","category-actualites","category-services-equipements"],"yoast_head":"<!-- This site is optimized with the Yoast SEO plugin v27.4 - https:\/\/yoast.com\/product\/yoast-seo-wordpress\/ -->\n<title>Masques : mise \u00e0 jour des pr\u00e9conisations<\/title>\n<meta name=\"robots\" content=\"index, follow, max-snippet:-1, max-image-preview:large, max-video-preview:-1\" \/>\n<link rel=\"canonical\" href=\"https:\/\/batijournal.com\/index.php\/masques-mise-a-jour-des-preconisations\/104123\/\" \/>\n<meta property=\"og:locale\" content=\"fr_FR\" \/>\n<meta property=\"og:type\" content=\"article\" \/>\n<meta property=\"og:title\" content=\"Masques : mise \u00e0 jour des pr\u00e9conisations\" \/>\n<meta property=\"og:description\" content=\"Le Minist\u00e8re du Travail a inform\u00e9 l\u2019OPPBTP de l\u2019avis de l\u2019Agence nationale de s\u00e9curit\u00e9 du m\u00e9dicament (ANSM) sur les conditions d&rsquo;utilisation des masques alternatifs. \u00ab Comme rappel\u00e9 dans l\u2019avis du 24 mars 2020, deux cat\u00e9gories de masques tissus ont \u00e9t\u00e9 cr\u00e9\u00e9es, dont la performance est mesur\u00e9e sur la capacit\u00e9 de filtration pour des particules de [&hellip;]\" \/>\n<meta property=\"og:url\" content=\"https:\/\/batijournal.com\/index.php\/masques-mise-a-jour-des-preconisations\/104123\/\" \/>\n<meta property=\"og:site_name\" content=\"Batijournal\" \/>\n<meta property=\"article:published_time\" content=\"2020-04-14T05:59:12+00:00\" \/>\n<meta property=\"article:modified_time\" content=\"2020-04-14T05:59:15+00:00\" \/>\n<meta property=\"og:image\" content=\"https:\/\/batijournal.com\/wp-content\/uploads\/2020\/04\/masques-corona-virus.jpg\" \/>\n\t<meta property=\"og:image:width\" content=\"800\" \/>\n\t<meta property=\"og:image:height\" content=\"375\" \/>\n\t<meta property=\"og:image:type\" content=\"image\/jpeg\" \/>\n<meta name=\"author\" content=\"St\u00e9phane Miget\" \/>\n<meta name=\"twitter:card\" content=\"summary_large_image\" \/>\n<meta name=\"twitter:creator\" content=\"@bati_journal\" \/>\n<meta name=\"twitter:site\" content=\"@bati_journal\" \/>\n<meta name=\"twitter:label1\" content=\"\u00c9crit par\" \/>\n\t<meta name=\"twitter:data1\" content=\"St\u00e9phane Miget\" \/>\n\t<meta name=\"twitter:label2\" content=\"Dur\u00e9e de lecture estim\u00e9e\" \/>\n\t<meta name=\"twitter:data2\" content=\"2 minutes\" \/>\n<script type=\"application\/ld+json\" class=\"yoast-schema-graph\">{\"@context\":\"https:\\\/\\\/schema.org\",\"@graph\":[{\"@type\":\"Article\",\"@id\":\"https:\\\/\\\/batijournal.com\\\/index.php\\\/masques-mise-a-jour-des-preconisations\\\/104123\\\/#article\",\"isPartOf\":{\"@id\":\"https:\\\/\\\/batijournal.com\\\/index.php\\\/masques-mise-a-jour-des-preconisations\\\/104123\\\/\"},\"author\":{\"name\":\"St\u00e9phane Miget\",\"@id\":\"https:\\\/\\\/batijournal.com\\\/#\\\/schema\\\/person\\\/1dc96ec6957aa1ccb25ebe78bb19f100\"},\"headline\":\"Masques : mise \u00e0 jour des pr\u00e9conisations\",\"datePublished\":\"2020-04-14T05:59:12+00:00\",\"dateModified\":\"2020-04-14T05:59:15+00:00\",\"mainEntityOfPage\":{\"@id\":\"https:\\\/\\\/batijournal.com\\\/index.php\\\/masques-mise-a-jour-des-preconisations\\\/104123\\\/\"},\"wordCount\":397,\"image\":{\"@id\":\"https:\\\/\\\/batijournal.com\\\/index.php\\\/masques-mise-a-jour-des-preconisations\\\/104123\\\/#primaryimage\"},\"thumbnailUrl\":\"https:\\\/\\\/batijournal.com\\\/wp-content\\\/uploads\\\/2020\\\/04\\\/masques-corona-virus.jpg\",\"articleSection\":[\"Actualit\u00e9s\",\"Divers\"],\"inLanguage\":\"fr-FR\"},{\"@type\":\"WebPage\",\"@id\":\"https:\\\/\\\/batijournal.com\\\/index.php\\\/masques-mise-a-jour-des-preconisations\\\/104123\\\/\",\"url\":\"https:\\\/\\\/batijournal.com\\\/index.php\\\/masques-mise-a-jour-des-preconisations\\\/104123\\\/\",\"name\":\"Masques : mise \u00e0 jour des pr\u00e9conisations\",\"isPartOf\":{\"@id\":\"https:\\\/\\\/batijournal.com\\\/#website\"},\"primaryImageOfPage\":{\"@id\":\"https:\\\/\\\/batijournal.com\\\/index.php\\\/masques-mise-a-jour-des-preconisations\\\/104123\\\/#primaryimage\"},\"image\":{\"@id\":\"https:\\\/\\\/batijournal.com\\\/index.php\\\/masques-mise-a-jour-des-preconisations\\\/104123\\\/#primaryimage\"},\"thumbnailUrl\":\"https:\\\/\\\/batijournal.com\\\/wp-content\\\/uploads\\\/2020\\\/04\\\/masques-corona-virus.jpg\",\"datePublished\":\"2020-04-14T05:59:12+00:00\",\"dateModified\":\"2020-04-14T05:59:15+00:00\",\"author\":{\"@id\":\"https:\\\/\\\/batijournal.com\\\/#\\\/schema\\\/person\\\/1dc96ec6957aa1ccb25ebe78bb19f100\"},\"breadcrumb\":{\"@id\":\"https:\\\/\\\/batijournal.com\\\/index.php\\\/masques-mise-a-jour-des-preconisations\\\/104123\\\/#breadcrumb\"},\"inLanguage\":\"fr-FR\",\"potentialAction\":[{\"@type\":\"ReadAction\",\"target\":[\"https:\\\/\\\/batijournal.com\\\/index.php\\\/masques-mise-a-jour-des-preconisations\\\/104123\\\/\"]}]},{\"@type\":\"ImageObject\",\"inLanguage\":\"fr-FR\",\"@id\":\"https:\\\/\\\/batijournal.com\\\/index.php\\\/masques-mise-a-jour-des-preconisations\\\/104123\\\/#primaryimage\",\"url\":\"https:\\\/\\\/batijournal.com\\\/wp-content\\\/uploads\\\/2020\\\/04\\\/masques-corona-virus.jpg\",\"contentUrl\":\"https:\\\/\\\/batijournal.com\\\/wp-content\\\/uploads\\\/2020\\\/04\\\/masques-corona-virus.jpg\",\"width\":800,\"height\":375},{\"@type\":\"BreadcrumbList\",\"@id\":\"https:\\\/\\\/batijournal.com\\\/index.php\\\/masques-mise-a-jour-des-preconisations\\\/104123\\\/#breadcrumb\",\"itemListElement\":[{\"@type\":\"ListItem\",\"position\":1,\"name\":\"Accueil\",\"item\":\"https:\\\/\\\/batijournal.com\\\/\"},{\"@type\":\"ListItem\",\"position\":2,\"name\":\"Actualit\u00e9s\",\"item\":\"https:\\\/\\\/batijournal.com\\\/index.php\\\/category\\\/actualites\\\/\"},{\"@type\":\"ListItem\",\"position\":3,\"name\":\"Masques : mise \u00e0 jour des pr\u00e9conisations\"}]},{\"@type\":\"WebSite\",\"@id\":\"https:\\\/\\\/batijournal.com\\\/#website\",\"url\":\"https:\\\/\\\/batijournal.com\\\/\",\"name\":\"Batijournal\",\"description\":\"L&#039;actualit\u00e9 du b\u00e2timent\",\"potentialAction\":[{\"@type\":\"SearchAction\",\"target\":{\"@type\":\"EntryPoint\",\"urlTemplate\":\"https:\\\/\\\/batijournal.com\\\/?s={search_term_string}\"},\"query-input\":{\"@type\":\"PropertyValueSpecification\",\"valueRequired\":true,\"valueName\":\"search_term_string\"}}],\"inLanguage\":\"fr-FR\"},{\"@type\":\"Person\",\"@id\":\"https:\\\/\\\/batijournal.com\\\/#\\\/schema\\\/person\\\/1dc96ec6957aa1ccb25ebe78bb19f100\",\"name\":\"St\u00e9phane Miget\",\"image\":{\"@type\":\"ImageObject\",\"inLanguage\":\"fr-FR\",\"@id\":\"https:\\\/\\\/secure.gravatar.com\\\/avatar\\\/89915563d925342126b8ef0281b93d9d7fc337043e8df017f780908eb9644451?s=96&d=mm&r=g\",\"url\":\"https:\\\/\\\/secure.gravatar.com\\\/avatar\\\/89915563d925342126b8ef0281b93d9d7fc337043e8df017f780908eb9644451?s=96&d=mm&r=g\",\"contentUrl\":\"https:\\\/\\\/secure.gravatar.com\\\/avatar\\\/89915563d925342126b8ef0281b93d9d7fc337043e8df017f780908eb9644451?s=96&d=mm&r=g\",\"caption\":\"St\u00e9phane Miget\"},\"url\":\"https:\\\/\\\/batijournal.com\\\/index.php\\\/author\\\/stephane\\\/\"}]}<\/script>\n<!-- \/ Yoast SEO plugin. -->","yoast_head_json":{"title":"Masques : mise \u00e0 jour des pr\u00e9conisations","robots":{"index":"index","follow":"follow","max-snippet":"max-snippet:-1","max-image-preview":"max-image-preview:large","max-video-preview":"max-video-preview:-1"},"canonical":"https:\/\/batijournal.com\/index.php\/masques-mise-a-jour-des-preconisations\/104123\/","og_locale":"fr_FR","og_type":"article","og_title":"Masques : mise \u00e0 jour des pr\u00e9conisations","og_description":"Le Minist\u00e8re du Travail a inform\u00e9 l\u2019OPPBTP de l\u2019avis de l\u2019Agence nationale de s\u00e9curit\u00e9 du m\u00e9dicament (ANSM) sur les conditions d&rsquo;utilisation des masques alternatifs. \u00ab Comme rappel\u00e9 dans l\u2019avis du 24 mars 2020, deux cat\u00e9gories de masques tissus ont \u00e9t\u00e9 cr\u00e9\u00e9es, dont la performance est mesur\u00e9e sur la capacit\u00e9 de filtration pour des particules de [&hellip;]","og_url":"https:\/\/batijournal.com\/index.php\/masques-mise-a-jour-des-preconisations\/104123\/","og_site_name":"Batijournal","article_published_time":"2020-04-14T05:59:12+00:00","article_modified_time":"2020-04-14T05:59:15+00:00","og_image":[{"width":800,"height":375,"url":"https:\/\/batijournal.com\/wp-content\/uploads\/2020\/04\/masques-corona-virus.jpg","type":"image\/jpeg"}],"author":"St\u00e9phane Miget","twitter_card":"summary_large_image","twitter_creator":"@bati_journal","twitter_site":"@bati_journal","twitter_misc":{"\u00c9crit par":"St\u00e9phane Miget","Dur\u00e9e de lecture estim\u00e9e":"2 minutes"},"schema":{"@context":"https:\/\/schema.org","@graph":[{"@type":"Article","@id":"https:\/\/batijournal.com\/index.php\/masques-mise-a-jour-des-preconisations\/104123\/#article","isPartOf":{"@id":"https:\/\/batijournal.com\/index.php\/masques-mise-a-jour-des-preconisations\/104123\/"},"author":{"name":"St\u00e9phane Miget","@id":"https:\/\/batijournal.com\/#\/schema\/person\/1dc96ec6957aa1ccb25ebe78bb19f100"},"headline":"Masques : mise \u00e0 jour des pr\u00e9conisations","datePublished":"2020-04-14T05:59:12+00:00","dateModified":"2020-04-14T05:59:15+00:00","mainEntityOfPage":{"@id":"https:\/\/batijournal.com\/index.php\/masques-mise-a-jour-des-preconisations\/104123\/"},"wordCount":397,"image":{"@id":"https:\/\/batijournal.com\/index.php\/masques-mise-a-jour-des-preconisations\/104123\/#primaryimage"},"thumbnailUrl":"https:\/\/batijournal.com\/wp-content\/uploads\/2020\/04\/masques-corona-virus.jpg","articleSection":["Actualit\u00e9s","Divers"],"inLanguage":"fr-FR"},{"@type":"WebPage","@id":"https:\/\/batijournal.com\/index.php\/masques-mise-a-jour-des-preconisations\/104123\/","url":"https:\/\/batijournal.com\/index.php\/masques-mise-a-jour-des-preconisations\/104123\/","name":"Masques : mise \u00e0 jour des pr\u00e9conisations","isPartOf":{"@id":"https:\/\/batijournal.com\/#website"},"primaryImageOfPage":{"@id":"https:\/\/batijournal.com\/index.php\/masques-mise-a-jour-des-preconisations\/104123\/#primaryimage"},"image":{"@id":"https:\/\/batijournal.com\/index.php\/masques-mise-a-jour-des-preconisations\/104123\/#primaryimage"},"thumbnailUrl":"https:\/\/batijournal.com\/wp-content\/uploads\/2020\/04\/masques-corona-virus.jpg","datePublished":"2020-04-14T05:59:12+00:00","dateModified":"2020-04-14T05:59:15+00:00","author":{"@id":"https:\/\/batijournal.com\/#\/schema\/person\/1dc96ec6957aa1ccb25ebe78bb19f100"},"breadcrumb":{"@id":"https:\/\/batijournal.com\/index.php\/masques-mise-a-jour-des-preconisations\/104123\/#breadcrumb"},"inLanguage":"fr-FR","potentialAction":[{"@type":"ReadAction","target":["https:\/\/batijournal.com\/index.php\/masques-mise-a-jour-des-preconisations\/104123\/"]}]},{"@type":"ImageObject","inLanguage":"fr-FR","@id":"https:\/\/batijournal.com\/index.php\/masques-mise-a-jour-des-preconisations\/104123\/#primaryimage","url":"https:\/\/batijournal.com\/wp-content\/uploads\/2020\/04\/masques-corona-virus.jpg","contentUrl":"https:\/\/batijournal.com\/wp-content\/uploads\/2020\/04\/masques-corona-virus.jpg","width":800,"height":375},{"@type":"BreadcrumbList","@id":"https:\/\/batijournal.com\/index.php\/masques-mise-a-jour-des-preconisations\/104123\/#breadcrumb","itemListElement":[{"@type":"ListItem","position":1,"name":"Accueil","item":"https:\/\/batijournal.com\/"},{"@type":"ListItem","position":2,"name":"Actualit\u00e9s","item":"https:\/\/batijournal.com\/index.php\/category\/actualites\/"},{"@type":"ListItem","position":3,"name":"Masques : mise \u00e0 jour des pr\u00e9conisations"}]},{"@type":"WebSite","@id":"https:\/\/batijournal.com\/#website","url":"https:\/\/batijournal.com\/","name":"Batijournal","description":"L&#039;actualit\u00e9 du b\u00e2timent","potentialAction":[{"@type":"SearchAction","target":{"@type":"EntryPoint","urlTemplate":"https:\/\/batijournal.com\/?s={search_term_string}"},"query-input":{"@type":"PropertyValueSpecification","valueRequired":true,"valueName":"search_term_string"}}],"inLanguage":"fr-FR"},{"@type":"Person","@id":"https:\/\/batijournal.com\/#\/schema\/person\/1dc96ec6957aa1ccb25ebe78bb19f100","name":"St\u00e9phane Miget","image":{"@type":"ImageObject","inLanguage":"fr-FR","@id":"https:\/\/secure.gravatar.com\/avatar\/89915563d925342126b8ef0281b93d9d7fc337043e8df017f780908eb9644451?s=96&d=mm&r=g","url":"https:\/\/secure.gravatar.com\/avatar\/89915563d925342126b8ef0281b93d9d7fc337043e8df017f780908eb9644451?s=96&d=mm&r=g","contentUrl":"https:\/\/secure.gravatar.com\/avatar\/89915563d925342126b8ef0281b93d9d7fc337043e8df017f780908eb9644451?s=96&d=mm&r=g","caption":"St\u00e9phane Miget"},"url":"https:\/\/batijournal.com\/index.php\/author\/stephane\/"}]}},"_links":{"self":[{"href":"https:\/\/batijournal.com\/index.php\/wp-json\/wp\/v2\/posts\/104123","targetHints":{"allow":["GET"]}}],"collection":[{"href":"https:\/\/batijournal.com\/index.php\/wp-json\/wp\/v2\/posts"}],"about":[{"href":"https:\/\/batijournal.com\/index.php\/wp-json\/wp\/v2\/types\/post"}],"author":[{"embeddable":true,"href":"https:\/\/batijournal.com\/index.php\/wp-json\/wp\/v2\/users\/17"}],"replies":[{"embeddable":true,"href":"https:\/\/batijournal.com\/index.php\/wp-json\/wp\/v2\/comments?post=104123"}],"version-history":[{"count":0,"href":"https:\/\/batijournal.com\/index.php\/wp-json\/wp\/v2\/posts\/104123\/revisions"}],"wp:featuredmedia":[{"embeddable":true,"href":"https:\/\/batijournal.com\/index.php\/wp-json\/wp\/v2\/media\/104124"}],"wp:attachment":[{"href":"https:\/\/batijournal.com\/index.php\/wp-json\/wp\/v2\/media?parent=104123"}],"wp:term":[{"taxonomy":"category","embeddable":true,"href":"https:\/\/batijournal.com\/index.php\/wp-json\/wp\/v2\/categories?post=104123"},{"taxonomy":"post_tag","embeddable":true,"href":"https:\/\/batijournal.com\/index.php\/wp-json\/wp\/v2\/tags?post=104123"}],"curies":[{"name":"wp","href":"https:\/\/api.w.org\/{rel}","templated":true}]}}