{"id":104128,"date":"2020-04-15T08:49:53","date_gmt":"2020-04-15T06:49:53","guid":{"rendered":"https:\/\/batijournal.com\/?p=104128"},"modified":"2020-04-15T08:49:54","modified_gmt":"2020-04-15T06:49:54","slug":"les-drac-a-lecoute","status":"publish","type":"post","link":"https:\/\/batijournal.com\/index.php\/les-drac-a-lecoute\/104128\/","title":{"rendered":"Les Drac \u00e0 l&rsquo;\u00e9coute"},"content":{"rendered":"\n<p>Face \u00e0 l\u2019actualit\u00e9 sanitaire li\u00e9e \u00e0 l\u2019\u00e9pid\u00e9mie de coronavirus, plusieurs DRAC publient des m\u00e9mos regroupant toutes les informations n\u00e9cessaires au fonstionnement du secteur patrimonial et culturel. Elles incitent les ma\u00eetres d\u2019ouvrage ou ma\u00eetres d\u2019\u0153uvre de travaux en cours sur des monuments historiques \u00e0 mettre en place des mesures de sauvegarde des chantiers, pour que la stabilit\u00e9 des ouvrages soit assur\u00e9e (\u00e9taiements provisoires si n\u00e9cessaire), les installations de chantiers notamment de clos et de couvert puissent r\u00e9sister aux intemp\u00e9ries, la s\u00e9curit\u00e9 des installations soit garantie notamment contre les intrusions et toutes mesures qui paraitraient n\u00e9cessaires de mettre en \u0153uvre en tant que propri\u00e9taires ou ma\u00eetres d\u2019\u0153uvre soient entreprises. Pendant le confinement, les agents de la Conservation r\u00e9gionale des monuments historiques restent, disponibles, en particulier pour le paiement des aides li\u00e9es \u00e0 la restauration du patrimoine (subventions et d\u00e9penses directes) et l\u2019instruction des demandes de subventions.<\/p>\n","protected":false},"excerpt":{"rendered":"<p>Face \u00e0 l\u2019actualit\u00e9 sanitaire li\u00e9e \u00e0 l\u2019\u00e9pid\u00e9mie de coronavirus, plusieurs DRAC publient des m\u00e9mos regroupant toutes les informations n\u00e9cessaires au fonstionnement du secteur patrimonial et culturel. Elles incitent les ma\u00eetres d\u2019ouvrage ou ma\u00eetres d\u2019\u0153uvre de travaux en cours sur des monuments historiques \u00e0 mettre en place des mesures de sauvegarde des chantiers, pour que la [&hellip;]<\/p>\n","protected":false},"author":17,"featured_media":100158,"comment_status":"closed","ping_status":"closed","sticky":false,"template":"","format":"standard","meta":{"_et_pb_use_builder":"","_et_pb_old_content":"","_et_gb_content_width":"","footnotes":""},"categories":[10530,6345,10789,10785],"tags":[8325],"class_list":["post-104128","post","type-post","status-publish","format-standard","has-post-thumbnail","hentry","category-actualites","category-economie-marches","category-publications-atrium","category-atrium","tag-drac"],"yoast_head":"<!-- This site is optimized with the Yoast SEO plugin v27.4 - https:\/\/yoast.com\/product\/yoast-seo-wordpress\/ -->\n<title>Les Drac \u00e0 l&#039;\u00e9coute<\/title>\n<meta name=\"robots\" content=\"index, follow, max-snippet:-1, max-image-preview:large, max-video-preview:-1\" \/>\n<link rel=\"canonical\" href=\"https:\/\/batijournal.com\/index.php\/les-drac-a-lecoute\/104128\/\" \/>\n<meta property=\"og:locale\" content=\"fr_FR\" \/>\n<meta property=\"og:type\" content=\"article\" \/>\n<meta property=\"og:title\" content=\"Les Drac \u00e0 l&#039;\u00e9coute\" \/>\n<meta property=\"og:description\" content=\"Face \u00e0 l\u2019actualit\u00e9 sanitaire li\u00e9e \u00e0 l\u2019\u00e9pid\u00e9mie de coronavirus, plusieurs DRAC publient des m\u00e9mos regroupant toutes les informations n\u00e9cessaires au fonstionnement du secteur patrimonial et culturel. Elles incitent les ma\u00eetres d\u2019ouvrage ou ma\u00eetres d\u2019\u0153uvre de travaux en cours sur des monuments historiques \u00e0 mettre en place des mesures de sauvegarde des chantiers, pour que la [&hellip;]\" \/>\n<meta property=\"og:url\" content=\"https:\/\/batijournal.com\/index.php\/les-drac-a-lecoute\/104128\/\" \/>\n<meta property=\"og:site_name\" content=\"Batijournal\" \/>\n<meta property=\"article:published_time\" content=\"2020-04-15T06:49:53+00:00\" \/>\n<meta property=\"article:modified_time\" content=\"2020-04-15T06:49:54+00:00\" \/>\n<meta property=\"og:image\" content=\"https:\/\/batijournal.com\/wp-content\/uploads\/2018\/09\/monument-historique-journees-europeennes-du-patrimoine.jpg\" \/>\n\t<meta property=\"og:image:width\" content=\"1200\" \/>\n\t<meta property=\"og:image:height\" content=\"800\" \/>\n\t<meta property=\"og:image:type\" content=\"image\/jpeg\" \/>\n<meta name=\"author\" content=\"St\u00e9phane Miget\" \/>\n<meta name=\"twitter:card\" content=\"summary_large_image\" \/>\n<meta name=\"twitter:creator\" content=\"@bati_journal\" \/>\n<meta name=\"twitter:site\" content=\"@bati_journal\" \/>\n<meta name=\"twitter:label1\" content=\"\u00c9crit par\" \/>\n\t<meta name=\"twitter:data1\" content=\"St\u00e9phane Miget\" \/>\n\t<meta name=\"twitter:label2\" content=\"Dur\u00e9e de lecture estim\u00e9e\" \/>\n\t<meta name=\"twitter:data2\" content=\"1 minute\" \/>\n<script type=\"application\/ld+json\" class=\"yoast-schema-graph\">{\"@context\":\"https:\\\/\\\/schema.org\",\"@graph\":[{\"@type\":\"Article\",\"@id\":\"https:\\\/\\\/batijournal.com\\\/index.php\\\/les-drac-a-lecoute\\\/104128\\\/#article\",\"isPartOf\":{\"@id\":\"https:\\\/\\\/batijournal.com\\\/index.php\\\/les-drac-a-lecoute\\\/104128\\\/\"},\"author\":{\"name\":\"St\u00e9phane Miget\",\"@id\":\"https:\\\/\\\/batijournal.com\\\/#\\\/schema\\\/person\\\/1dc96ec6957aa1ccb25ebe78bb19f100\"},\"headline\":\"Les Drac \u00e0 l&rsquo;\u00e9coute\",\"datePublished\":\"2020-04-15T06:49:53+00:00\",\"dateModified\":\"2020-04-15T06:49:54+00:00\",\"mainEntityOfPage\":{\"@id\":\"https:\\\/\\\/batijournal.com\\\/index.php\\\/les-drac-a-lecoute\\\/104128\\\/\"},\"wordCount\":167,\"image\":{\"@id\":\"https:\\\/\\\/batijournal.com\\\/index.php\\\/les-drac-a-lecoute\\\/104128\\\/#primaryimage\"},\"thumbnailUrl\":\"https:\\\/\\\/batijournal.com\\\/wp-content\\\/uploads\\\/2018\\\/09\\\/monument-historique-journees-europeennes-du-patrimoine.jpg\",\"keywords\":[\"drac\"],\"articleSection\":[\"Actualit\u00e9s\",\"\u00c9conomie &amp; March\u00e9s\",\"zz_Actualit\u00e9s - Atrium\",\"zz_Atrium Patrimoine\"],\"inLanguage\":\"fr-FR\"},{\"@type\":\"WebPage\",\"@id\":\"https:\\\/\\\/batijournal.com\\\/index.php\\\/les-drac-a-lecoute\\\/104128\\\/\",\"url\":\"https:\\\/\\\/batijournal.com\\\/index.php\\\/les-drac-a-lecoute\\\/104128\\\/\",\"name\":\"Les Drac \u00e0 l'\u00e9coute\",\"isPartOf\":{\"@id\":\"https:\\\/\\\/batijournal.com\\\/#website\"},\"primaryImageOfPage\":{\"@id\":\"https:\\\/\\\/batijournal.com\\\/index.php\\\/les-drac-a-lecoute\\\/104128\\\/#primaryimage\"},\"image\":{\"@id\":\"https:\\\/\\\/batijournal.com\\\/index.php\\\/les-drac-a-lecoute\\\/104128\\\/#primaryimage\"},\"thumbnailUrl\":\"https:\\\/\\\/batijournal.com\\\/wp-content\\\/uploads\\\/2018\\\/09\\\/monument-historique-journees-europeennes-du-patrimoine.jpg\",\"datePublished\":\"2020-04-15T06:49:53+00:00\",\"dateModified\":\"2020-04-15T06:49:54+00:00\",\"author\":{\"@id\":\"https:\\\/\\\/batijournal.com\\\/#\\\/schema\\\/person\\\/1dc96ec6957aa1ccb25ebe78bb19f100\"},\"breadcrumb\":{\"@id\":\"https:\\\/\\\/batijournal.com\\\/index.php\\\/les-drac-a-lecoute\\\/104128\\\/#breadcrumb\"},\"inLanguage\":\"fr-FR\",\"potentialAction\":[{\"@type\":\"ReadAction\",\"target\":[\"https:\\\/\\\/batijournal.com\\\/index.php\\\/les-drac-a-lecoute\\\/104128\\\/\"]}]},{\"@type\":\"ImageObject\",\"inLanguage\":\"fr-FR\",\"@id\":\"https:\\\/\\\/batijournal.com\\\/index.php\\\/les-drac-a-lecoute\\\/104128\\\/#primaryimage\",\"url\":\"https:\\\/\\\/batijournal.com\\\/wp-content\\\/uploads\\\/2018\\\/09\\\/monument-historique-journees-europeennes-du-patrimoine.jpg\",\"contentUrl\":\"https:\\\/\\\/batijournal.com\\\/wp-content\\\/uploads\\\/2018\\\/09\\\/monument-historique-journees-europeennes-du-patrimoine.jpg\",\"width\":1200,\"height\":800},{\"@type\":\"BreadcrumbList\",\"@id\":\"https:\\\/\\\/batijournal.com\\\/index.php\\\/les-drac-a-lecoute\\\/104128\\\/#breadcrumb\",\"itemListElement\":[{\"@type\":\"ListItem\",\"position\":1,\"name\":\"Accueil\",\"item\":\"https:\\\/\\\/batijournal.com\\\/\"},{\"@type\":\"ListItem\",\"position\":2,\"name\":\"Actualit\u00e9s\",\"item\":\"https:\\\/\\\/batijournal.com\\\/index.php\\\/category\\\/actualites\\\/\"},{\"@type\":\"ListItem\",\"position\":3,\"name\":\"Les Drac \u00e0 l&rsquo;\u00e9coute\"}]},{\"@type\":\"WebSite\",\"@id\":\"https:\\\/\\\/batijournal.com\\\/#website\",\"url\":\"https:\\\/\\\/batijournal.com\\\/\",\"name\":\"Batijournal\",\"description\":\"L&#039;actualit\u00e9 du b\u00e2timent\",\"potentialAction\":[{\"@type\":\"SearchAction\",\"target\":{\"@type\":\"EntryPoint\",\"urlTemplate\":\"https:\\\/\\\/batijournal.com\\\/?s={search_term_string}\"},\"query-input\":{\"@type\":\"PropertyValueSpecification\",\"valueRequired\":true,\"valueName\":\"search_term_string\"}}],\"inLanguage\":\"fr-FR\"},{\"@type\":\"Person\",\"@id\":\"https:\\\/\\\/batijournal.com\\\/#\\\/schema\\\/person\\\/1dc96ec6957aa1ccb25ebe78bb19f100\",\"name\":\"St\u00e9phane Miget\",\"image\":{\"@type\":\"ImageObject\",\"inLanguage\":\"fr-FR\",\"@id\":\"https:\\\/\\\/secure.gravatar.com\\\/avatar\\\/89915563d925342126b8ef0281b93d9d7fc337043e8df017f780908eb9644451?s=96&d=mm&r=g\",\"url\":\"https:\\\/\\\/secure.gravatar.com\\\/avatar\\\/89915563d925342126b8ef0281b93d9d7fc337043e8df017f780908eb9644451?s=96&d=mm&r=g\",\"contentUrl\":\"https:\\\/\\\/secure.gravatar.com\\\/avatar\\\/89915563d925342126b8ef0281b93d9d7fc337043e8df017f780908eb9644451?s=96&d=mm&r=g\",\"caption\":\"St\u00e9phane Miget\"},\"url\":\"https:\\\/\\\/batijournal.com\\\/index.php\\\/author\\\/stephane\\\/\"}]}<\/script>\n<!-- \/ Yoast SEO plugin. -->","yoast_head_json":{"title":"Les Drac \u00e0 l'\u00e9coute","robots":{"index":"index","follow":"follow","max-snippet":"max-snippet:-1","max-image-preview":"max-image-preview:large","max-video-preview":"max-video-preview:-1"},"canonical":"https:\/\/batijournal.com\/index.php\/les-drac-a-lecoute\/104128\/","og_locale":"fr_FR","og_type":"article","og_title":"Les Drac \u00e0 l'\u00e9coute","og_description":"Face \u00e0 l\u2019actualit\u00e9 sanitaire li\u00e9e \u00e0 l\u2019\u00e9pid\u00e9mie de coronavirus, plusieurs DRAC publient des m\u00e9mos regroupant toutes les informations n\u00e9cessaires au fonstionnement du secteur patrimonial et culturel. Elles incitent les ma\u00eetres d\u2019ouvrage ou ma\u00eetres d\u2019\u0153uvre de travaux en cours sur des monuments historiques \u00e0 mettre en place des mesures de sauvegarde des chantiers, pour que la [&hellip;]","og_url":"https:\/\/batijournal.com\/index.php\/les-drac-a-lecoute\/104128\/","og_site_name":"Batijournal","article_published_time":"2020-04-15T06:49:53+00:00","article_modified_time":"2020-04-15T06:49:54+00:00","og_image":[{"width":1200,"height":800,"url":"https:\/\/batijournal.com\/wp-content\/uploads\/2018\/09\/monument-historique-journees-europeennes-du-patrimoine.jpg","type":"image\/jpeg"}],"author":"St\u00e9phane Miget","twitter_card":"summary_large_image","twitter_creator":"@bati_journal","twitter_site":"@bati_journal","twitter_misc":{"\u00c9crit par":"St\u00e9phane Miget","Dur\u00e9e de lecture estim\u00e9e":"1 minute"},"schema":{"@context":"https:\/\/schema.org","@graph":[{"@type":"Article","@id":"https:\/\/batijournal.com\/index.php\/les-drac-a-lecoute\/104128\/#article","isPartOf":{"@id":"https:\/\/batijournal.com\/index.php\/les-drac-a-lecoute\/104128\/"},"author":{"name":"St\u00e9phane Miget","@id":"https:\/\/batijournal.com\/#\/schema\/person\/1dc96ec6957aa1ccb25ebe78bb19f100"},"headline":"Les Drac \u00e0 l&rsquo;\u00e9coute","datePublished":"2020-04-15T06:49:53+00:00","dateModified":"2020-04-15T06:49:54+00:00","mainEntityOfPage":{"@id":"https:\/\/batijournal.com\/index.php\/les-drac-a-lecoute\/104128\/"},"wordCount":167,"image":{"@id":"https:\/\/batijournal.com\/index.php\/les-drac-a-lecoute\/104128\/#primaryimage"},"thumbnailUrl":"https:\/\/batijournal.com\/wp-content\/uploads\/2018\/09\/monument-historique-journees-europeennes-du-patrimoine.jpg","keywords":["drac"],"articleSection":["Actualit\u00e9s","\u00c9conomie &amp; March\u00e9s","zz_Actualit\u00e9s - Atrium","zz_Atrium Patrimoine"],"inLanguage":"fr-FR"},{"@type":"WebPage","@id":"https:\/\/batijournal.com\/index.php\/les-drac-a-lecoute\/104128\/","url":"https:\/\/batijournal.com\/index.php\/les-drac-a-lecoute\/104128\/","name":"Les Drac \u00e0 l'\u00e9coute","isPartOf":{"@id":"https:\/\/batijournal.com\/#website"},"primaryImageOfPage":{"@id":"https:\/\/batijournal.com\/index.php\/les-drac-a-lecoute\/104128\/#primaryimage"},"image":{"@id":"https:\/\/batijournal.com\/index.php\/les-drac-a-lecoute\/104128\/#primaryimage"},"thumbnailUrl":"https:\/\/batijournal.com\/wp-content\/uploads\/2018\/09\/monument-historique-journees-europeennes-du-patrimoine.jpg","datePublished":"2020-04-15T06:49:53+00:00","dateModified":"2020-04-15T06:49:54+00:00","author":{"@id":"https:\/\/batijournal.com\/#\/schema\/person\/1dc96ec6957aa1ccb25ebe78bb19f100"},"breadcrumb":{"@id":"https:\/\/batijournal.com\/index.php\/les-drac-a-lecoute\/104128\/#breadcrumb"},"inLanguage":"fr-FR","potentialAction":[{"@type":"ReadAction","target":["https:\/\/batijournal.com\/index.php\/les-drac-a-lecoute\/104128\/"]}]},{"@type":"ImageObject","inLanguage":"fr-FR","@id":"https:\/\/batijournal.com\/index.php\/les-drac-a-lecoute\/104128\/#primaryimage","url":"https:\/\/batijournal.com\/wp-content\/uploads\/2018\/09\/monument-historique-journees-europeennes-du-patrimoine.jpg","contentUrl":"https:\/\/batijournal.com\/wp-content\/uploads\/2018\/09\/monument-historique-journees-europeennes-du-patrimoine.jpg","width":1200,"height":800},{"@type":"BreadcrumbList","@id":"https:\/\/batijournal.com\/index.php\/les-drac-a-lecoute\/104128\/#breadcrumb","itemListElement":[{"@type":"ListItem","position":1,"name":"Accueil","item":"https:\/\/batijournal.com\/"},{"@type":"ListItem","position":2,"name":"Actualit\u00e9s","item":"https:\/\/batijournal.com\/index.php\/category\/actualites\/"},{"@type":"ListItem","position":3,"name":"Les Drac \u00e0 l&rsquo;\u00e9coute"}]},{"@type":"WebSite","@id":"https:\/\/batijournal.com\/#website","url":"https:\/\/batijournal.com\/","name":"Batijournal","description":"L&#039;actualit\u00e9 du b\u00e2timent","potentialAction":[{"@type":"SearchAction","target":{"@type":"EntryPoint","urlTemplate":"https:\/\/batijournal.com\/?s={search_term_string}"},"query-input":{"@type":"PropertyValueSpecification","valueRequired":true,"valueName":"search_term_string"}}],"inLanguage":"fr-FR"},{"@type":"Person","@id":"https:\/\/batijournal.com\/#\/schema\/person\/1dc96ec6957aa1ccb25ebe78bb19f100","name":"St\u00e9phane Miget","image":{"@type":"ImageObject","inLanguage":"fr-FR","@id":"https:\/\/secure.gravatar.com\/avatar\/89915563d925342126b8ef0281b93d9d7fc337043e8df017f780908eb9644451?s=96&d=mm&r=g","url":"https:\/\/secure.gravatar.com\/avatar\/89915563d925342126b8ef0281b93d9d7fc337043e8df017f780908eb9644451?s=96&d=mm&r=g","contentUrl":"https:\/\/secure.gravatar.com\/avatar\/89915563d925342126b8ef0281b93d9d7fc337043e8df017f780908eb9644451?s=96&d=mm&r=g","caption":"St\u00e9phane Miget"},"url":"https:\/\/batijournal.com\/index.php\/author\/stephane\/"}]}},"_links":{"self":[{"href":"https:\/\/batijournal.com\/index.php\/wp-json\/wp\/v2\/posts\/104128","targetHints":{"allow":["GET"]}}],"collection":[{"href":"https:\/\/batijournal.com\/index.php\/wp-json\/wp\/v2\/posts"}],"about":[{"href":"https:\/\/batijournal.com\/index.php\/wp-json\/wp\/v2\/types\/post"}],"author":[{"embeddable":true,"href":"https:\/\/batijournal.com\/index.php\/wp-json\/wp\/v2\/users\/17"}],"replies":[{"embeddable":true,"href":"https:\/\/batijournal.com\/index.php\/wp-json\/wp\/v2\/comments?post=104128"}],"version-history":[{"count":0,"href":"https:\/\/batijournal.com\/index.php\/wp-json\/wp\/v2\/posts\/104128\/revisions"}],"wp:featuredmedia":[{"embeddable":true,"href":"https:\/\/batijournal.com\/index.php\/wp-json\/wp\/v2\/media\/100158"}],"wp:attachment":[{"href":"https:\/\/batijournal.com\/index.php\/wp-json\/wp\/v2\/media?parent=104128"}],"wp:term":[{"taxonomy":"category","embeddable":true,"href":"https:\/\/batijournal.com\/index.php\/wp-json\/wp\/v2\/categories?post=104128"},{"taxonomy":"post_tag","embeddable":true,"href":"https:\/\/batijournal.com\/index.php\/wp-json\/wp\/v2\/tags?post=104128"}],"curies":[{"name":"wp","href":"https:\/\/api.w.org\/{rel}","templated":true}]}}