{"id":104129,"date":"2020-04-15T08:51:41","date_gmt":"2020-04-15T06:51:41","guid":{"rendered":"https:\/\/batijournal.com\/?p=104129"},"modified":"2020-04-15T08:51:43","modified_gmt":"2020-04-15T06:51:43","slug":"plus-de-220-millions-collectes-pour-notre-dame-de-paris","status":"publish","type":"post","link":"https:\/\/batijournal.com\/index.php\/plus-de-220-millions-collectes-pour-notre-dame-de-paris\/104129\/","title":{"rendered":"Plus de 220 millions collect\u00e9s pour Notre-Dame de Paris"},"content":{"rendered":"\n<p>Lanc\u00e9e dans la nuit du 15 au 16 avril 2019, la collecte de la Fondation du patrimoine pour la reconstruction de la cath\u00e9drale Notre-Dame de Paris atteint \u00e0 ce jour 227 817 272 \u20ac, provenant de 236 146 donateurs de 140 pays dont 3 694 entreprises fran\u00e7aises et \u00e9trang\u00e8res, 232 452 donateurs particuliers fran\u00e7ais et \u00e9trangers et 259 collectivit\u00e9s. La Fondation du patrimoine, qui a vers\u00e9 une premi\u00e8re avance de 44,9 millions d\u2019euros en juillet 2019 pour financer les travaux d\u2019urgence de s\u00e9curisation de l\u2019\u00e9difice, continuera d\u2019accompagner le programme de sauvegarde engag\u00e9 par les services du minist\u00e8re de la culture, l\u2019\u00e9tablissement public charg\u00e9 de la ma\u00eetrise d\u2019ouvrage, et les entreprises engag\u00e9es sur le chantier, afin de permettre la poursuite des travaux de reconstruction dans les meilleures conditions. L\u2019interruption temporaire des travaux de la cath\u00e9drale li\u00e9e \u00e0 la crise sanitaire ne doit pas masquer l\u2019exceptionnel travail accompli par tous depuis un an.<\/p>\n","protected":false},"excerpt":{"rendered":"<p>Lanc\u00e9e dans la nuit du 15 au 16 avril 2019, la collecte de la Fondation du patrimoine pour la reconstruction de la cath\u00e9drale Notre-Dame de Paris atteint \u00e0 ce jour 227 817 272 \u20ac, provenant de 236 146 donateurs de 140 pays dont 3 694 entreprises fran\u00e7aises et \u00e9trang\u00e8res, 232 452 donateurs particuliers fran\u00e7ais et [&hellip;]<\/p>\n","protected":false},"author":17,"featured_media":102133,"comment_status":"closed","ping_status":"closed","sticky":false,"template":"","format":"standard","meta":{"_et_pb_use_builder":"","_et_pb_old_content":"","_et_gb_content_width":"","footnotes":""},"categories":[10530,6340,10789,10785],"tags":[6842],"class_list":["post-104129","post","type-post","status-publish","format-standard","has-post-thumbnail","hentry","category-actualites","category-architecture-conception","category-publications-atrium","category-atrium","tag-notre-dame-de-paris"],"yoast_head":"<!-- This site is optimized with the Yoast SEO plugin v27.4 - https:\/\/yoast.com\/product\/yoast-seo-wordpress\/ -->\n<title>Plus de 220 millions collect\u00e9s pour Notre-Dame de Paris<\/title>\n<meta name=\"robots\" content=\"index, follow, max-snippet:-1, max-image-preview:large, max-video-preview:-1\" \/>\n<link rel=\"canonical\" href=\"https:\/\/batijournal.com\/index.php\/plus-de-220-millions-collectes-pour-notre-dame-de-paris\/104129\/\" \/>\n<meta property=\"og:locale\" content=\"fr_FR\" \/>\n<meta property=\"og:type\" content=\"article\" \/>\n<meta property=\"og:title\" content=\"Plus de 220 millions collect\u00e9s pour Notre-Dame de Paris\" \/>\n<meta property=\"og:description\" content=\"Lanc\u00e9e dans la nuit du 15 au 16 avril 2019, la collecte de la Fondation du patrimoine pour la reconstruction de la cath\u00e9drale Notre-Dame de Paris atteint \u00e0 ce jour 227 817 272 \u20ac, provenant de 236 146 donateurs de 140 pays dont 3 694 entreprises fran\u00e7aises et \u00e9trang\u00e8res, 232 452 donateurs particuliers fran\u00e7ais et [&hellip;]\" \/>\n<meta property=\"og:url\" content=\"https:\/\/batijournal.com\/index.php\/plus-de-220-millions-collectes-pour-notre-dame-de-paris\/104129\/\" \/>\n<meta property=\"og:site_name\" content=\"Batijournal\" \/>\n<meta property=\"article:published_time\" content=\"2020-04-15T06:51:41+00:00\" \/>\n<meta property=\"article:modified_time\" content=\"2020-04-15T06:51:43+00:00\" \/>\n<meta property=\"og:image\" content=\"https:\/\/batijournal.com\/wp-content\/uploads\/2019\/05\/notre-dame-de-paris2.jpg\" \/>\n\t<meta property=\"og:image:width\" content=\"1200\" \/>\n\t<meta property=\"og:image:height\" content=\"900\" \/>\n\t<meta property=\"og:image:type\" content=\"image\/jpeg\" \/>\n<meta name=\"author\" content=\"St\u00e9phane Miget\" \/>\n<meta name=\"twitter:card\" content=\"summary_large_image\" \/>\n<meta name=\"twitter:creator\" content=\"@bati_journal\" \/>\n<meta name=\"twitter:site\" content=\"@bati_journal\" \/>\n<meta name=\"twitter:label1\" content=\"\u00c9crit par\" \/>\n\t<meta name=\"twitter:data1\" content=\"St\u00e9phane Miget\" \/>\n\t<meta name=\"twitter:label2\" content=\"Dur\u00e9e de lecture estim\u00e9e\" \/>\n\t<meta name=\"twitter:data2\" content=\"1 minute\" \/>\n<script type=\"application\/ld+json\" class=\"yoast-schema-graph\">{\"@context\":\"https:\\\/\\\/schema.org\",\"@graph\":[{\"@type\":\"Article\",\"@id\":\"https:\\\/\\\/batijournal.com\\\/index.php\\\/plus-de-220-millions-collectes-pour-notre-dame-de-paris\\\/104129\\\/#article\",\"isPartOf\":{\"@id\":\"https:\\\/\\\/batijournal.com\\\/index.php\\\/plus-de-220-millions-collectes-pour-notre-dame-de-paris\\\/104129\\\/\"},\"author\":{\"name\":\"St\u00e9phane Miget\",\"@id\":\"https:\\\/\\\/batijournal.com\\\/#\\\/schema\\\/person\\\/1dc96ec6957aa1ccb25ebe78bb19f100\"},\"headline\":\"Plus de 220 millions collect\u00e9s pour Notre-Dame de Paris\",\"datePublished\":\"2020-04-15T06:51:41+00:00\",\"dateModified\":\"2020-04-15T06:51:43+00:00\",\"mainEntityOfPage\":{\"@id\":\"https:\\\/\\\/batijournal.com\\\/index.php\\\/plus-de-220-millions-collectes-pour-notre-dame-de-paris\\\/104129\\\/\"},\"wordCount\":162,\"image\":{\"@id\":\"https:\\\/\\\/batijournal.com\\\/index.php\\\/plus-de-220-millions-collectes-pour-notre-dame-de-paris\\\/104129\\\/#primaryimage\"},\"thumbnailUrl\":\"https:\\\/\\\/batijournal.com\\\/wp-content\\\/uploads\\\/2019\\\/05\\\/notre-dame-de-paris2.jpg\",\"keywords\":[\"notre dame de paris\"],\"articleSection\":[\"Actualit\u00e9s\",\"Architecture &amp; Conception\",\"zz_Actualit\u00e9s - Atrium\",\"zz_Atrium Patrimoine\"],\"inLanguage\":\"fr-FR\"},{\"@type\":\"WebPage\",\"@id\":\"https:\\\/\\\/batijournal.com\\\/index.php\\\/plus-de-220-millions-collectes-pour-notre-dame-de-paris\\\/104129\\\/\",\"url\":\"https:\\\/\\\/batijournal.com\\\/index.php\\\/plus-de-220-millions-collectes-pour-notre-dame-de-paris\\\/104129\\\/\",\"name\":\"Plus de 220 millions collect\u00e9s pour Notre-Dame de Paris\",\"isPartOf\":{\"@id\":\"https:\\\/\\\/batijournal.com\\\/#website\"},\"primaryImageOfPage\":{\"@id\":\"https:\\\/\\\/batijournal.com\\\/index.php\\\/plus-de-220-millions-collectes-pour-notre-dame-de-paris\\\/104129\\\/#primaryimage\"},\"image\":{\"@id\":\"https:\\\/\\\/batijournal.com\\\/index.php\\\/plus-de-220-millions-collectes-pour-notre-dame-de-paris\\\/104129\\\/#primaryimage\"},\"thumbnailUrl\":\"https:\\\/\\\/batijournal.com\\\/wp-content\\\/uploads\\\/2019\\\/05\\\/notre-dame-de-paris2.jpg\",\"datePublished\":\"2020-04-15T06:51:41+00:00\",\"dateModified\":\"2020-04-15T06:51:43+00:00\",\"author\":{\"@id\":\"https:\\\/\\\/batijournal.com\\\/#\\\/schema\\\/person\\\/1dc96ec6957aa1ccb25ebe78bb19f100\"},\"breadcrumb\":{\"@id\":\"https:\\\/\\\/batijournal.com\\\/index.php\\\/plus-de-220-millions-collectes-pour-notre-dame-de-paris\\\/104129\\\/#breadcrumb\"},\"inLanguage\":\"fr-FR\",\"potentialAction\":[{\"@type\":\"ReadAction\",\"target\":[\"https:\\\/\\\/batijournal.com\\\/index.php\\\/plus-de-220-millions-collectes-pour-notre-dame-de-paris\\\/104129\\\/\"]}]},{\"@type\":\"ImageObject\",\"inLanguage\":\"fr-FR\",\"@id\":\"https:\\\/\\\/batijournal.com\\\/index.php\\\/plus-de-220-millions-collectes-pour-notre-dame-de-paris\\\/104129\\\/#primaryimage\",\"url\":\"https:\\\/\\\/batijournal.com\\\/wp-content\\\/uploads\\\/2019\\\/05\\\/notre-dame-de-paris2.jpg\",\"contentUrl\":\"https:\\\/\\\/batijournal.com\\\/wp-content\\\/uploads\\\/2019\\\/05\\\/notre-dame-de-paris2.jpg\",\"width\":1200,\"height\":900},{\"@type\":\"BreadcrumbList\",\"@id\":\"https:\\\/\\\/batijournal.com\\\/index.php\\\/plus-de-220-millions-collectes-pour-notre-dame-de-paris\\\/104129\\\/#breadcrumb\",\"itemListElement\":[{\"@type\":\"ListItem\",\"position\":1,\"name\":\"Accueil\",\"item\":\"https:\\\/\\\/batijournal.com\\\/\"},{\"@type\":\"ListItem\",\"position\":2,\"name\":\"Actualit\u00e9s\",\"item\":\"https:\\\/\\\/batijournal.com\\\/index.php\\\/category\\\/actualites\\\/\"},{\"@type\":\"ListItem\",\"position\":3,\"name\":\"Plus de 220 millions collect\u00e9s pour Notre-Dame de Paris\"}]},{\"@type\":\"WebSite\",\"@id\":\"https:\\\/\\\/batijournal.com\\\/#website\",\"url\":\"https:\\\/\\\/batijournal.com\\\/\",\"name\":\"Batijournal\",\"description\":\"L&#039;actualit\u00e9 du b\u00e2timent\",\"potentialAction\":[{\"@type\":\"SearchAction\",\"target\":{\"@type\":\"EntryPoint\",\"urlTemplate\":\"https:\\\/\\\/batijournal.com\\\/?s={search_term_string}\"},\"query-input\":{\"@type\":\"PropertyValueSpecification\",\"valueRequired\":true,\"valueName\":\"search_term_string\"}}],\"inLanguage\":\"fr-FR\"},{\"@type\":\"Person\",\"@id\":\"https:\\\/\\\/batijournal.com\\\/#\\\/schema\\\/person\\\/1dc96ec6957aa1ccb25ebe78bb19f100\",\"name\":\"St\u00e9phane Miget\",\"image\":{\"@type\":\"ImageObject\",\"inLanguage\":\"fr-FR\",\"@id\":\"https:\\\/\\\/secure.gravatar.com\\\/avatar\\\/89915563d925342126b8ef0281b93d9d7fc337043e8df017f780908eb9644451?s=96&d=mm&r=g\",\"url\":\"https:\\\/\\\/secure.gravatar.com\\\/avatar\\\/89915563d925342126b8ef0281b93d9d7fc337043e8df017f780908eb9644451?s=96&d=mm&r=g\",\"contentUrl\":\"https:\\\/\\\/secure.gravatar.com\\\/avatar\\\/89915563d925342126b8ef0281b93d9d7fc337043e8df017f780908eb9644451?s=96&d=mm&r=g\",\"caption\":\"St\u00e9phane Miget\"},\"url\":\"https:\\\/\\\/batijournal.com\\\/index.php\\\/author\\\/stephane\\\/\"}]}<\/script>\n<!-- \/ Yoast SEO plugin. -->","yoast_head_json":{"title":"Plus de 220 millions collect\u00e9s pour Notre-Dame de Paris","robots":{"index":"index","follow":"follow","max-snippet":"max-snippet:-1","max-image-preview":"max-image-preview:large","max-video-preview":"max-video-preview:-1"},"canonical":"https:\/\/batijournal.com\/index.php\/plus-de-220-millions-collectes-pour-notre-dame-de-paris\/104129\/","og_locale":"fr_FR","og_type":"article","og_title":"Plus de 220 millions collect\u00e9s pour Notre-Dame de Paris","og_description":"Lanc\u00e9e dans la nuit du 15 au 16 avril 2019, la collecte de la Fondation du patrimoine pour la reconstruction de la cath\u00e9drale Notre-Dame de Paris atteint \u00e0 ce jour 227 817 272 \u20ac, provenant de 236 146 donateurs de 140 pays dont 3 694 entreprises fran\u00e7aises et \u00e9trang\u00e8res, 232 452 donateurs particuliers fran\u00e7ais et [&hellip;]","og_url":"https:\/\/batijournal.com\/index.php\/plus-de-220-millions-collectes-pour-notre-dame-de-paris\/104129\/","og_site_name":"Batijournal","article_published_time":"2020-04-15T06:51:41+00:00","article_modified_time":"2020-04-15T06:51:43+00:00","og_image":[{"width":1200,"height":900,"url":"https:\/\/batijournal.com\/wp-content\/uploads\/2019\/05\/notre-dame-de-paris2.jpg","type":"image\/jpeg"}],"author":"St\u00e9phane Miget","twitter_card":"summary_large_image","twitter_creator":"@bati_journal","twitter_site":"@bati_journal","twitter_misc":{"\u00c9crit par":"St\u00e9phane Miget","Dur\u00e9e de lecture estim\u00e9e":"1 minute"},"schema":{"@context":"https:\/\/schema.org","@graph":[{"@type":"Article","@id":"https:\/\/batijournal.com\/index.php\/plus-de-220-millions-collectes-pour-notre-dame-de-paris\/104129\/#article","isPartOf":{"@id":"https:\/\/batijournal.com\/index.php\/plus-de-220-millions-collectes-pour-notre-dame-de-paris\/104129\/"},"author":{"name":"St\u00e9phane Miget","@id":"https:\/\/batijournal.com\/#\/schema\/person\/1dc96ec6957aa1ccb25ebe78bb19f100"},"headline":"Plus de 220 millions collect\u00e9s pour Notre-Dame de Paris","datePublished":"2020-04-15T06:51:41+00:00","dateModified":"2020-04-15T06:51:43+00:00","mainEntityOfPage":{"@id":"https:\/\/batijournal.com\/index.php\/plus-de-220-millions-collectes-pour-notre-dame-de-paris\/104129\/"},"wordCount":162,"image":{"@id":"https:\/\/batijournal.com\/index.php\/plus-de-220-millions-collectes-pour-notre-dame-de-paris\/104129\/#primaryimage"},"thumbnailUrl":"https:\/\/batijournal.com\/wp-content\/uploads\/2019\/05\/notre-dame-de-paris2.jpg","keywords":["notre dame de paris"],"articleSection":["Actualit\u00e9s","Architecture &amp; Conception","zz_Actualit\u00e9s - Atrium","zz_Atrium Patrimoine"],"inLanguage":"fr-FR"},{"@type":"WebPage","@id":"https:\/\/batijournal.com\/index.php\/plus-de-220-millions-collectes-pour-notre-dame-de-paris\/104129\/","url":"https:\/\/batijournal.com\/index.php\/plus-de-220-millions-collectes-pour-notre-dame-de-paris\/104129\/","name":"Plus de 220 millions collect\u00e9s pour Notre-Dame de Paris","isPartOf":{"@id":"https:\/\/batijournal.com\/#website"},"primaryImageOfPage":{"@id":"https:\/\/batijournal.com\/index.php\/plus-de-220-millions-collectes-pour-notre-dame-de-paris\/104129\/#primaryimage"},"image":{"@id":"https:\/\/batijournal.com\/index.php\/plus-de-220-millions-collectes-pour-notre-dame-de-paris\/104129\/#primaryimage"},"thumbnailUrl":"https:\/\/batijournal.com\/wp-content\/uploads\/2019\/05\/notre-dame-de-paris2.jpg","datePublished":"2020-04-15T06:51:41+00:00","dateModified":"2020-04-15T06:51:43+00:00","author":{"@id":"https:\/\/batijournal.com\/#\/schema\/person\/1dc96ec6957aa1ccb25ebe78bb19f100"},"breadcrumb":{"@id":"https:\/\/batijournal.com\/index.php\/plus-de-220-millions-collectes-pour-notre-dame-de-paris\/104129\/#breadcrumb"},"inLanguage":"fr-FR","potentialAction":[{"@type":"ReadAction","target":["https:\/\/batijournal.com\/index.php\/plus-de-220-millions-collectes-pour-notre-dame-de-paris\/104129\/"]}]},{"@type":"ImageObject","inLanguage":"fr-FR","@id":"https:\/\/batijournal.com\/index.php\/plus-de-220-millions-collectes-pour-notre-dame-de-paris\/104129\/#primaryimage","url":"https:\/\/batijournal.com\/wp-content\/uploads\/2019\/05\/notre-dame-de-paris2.jpg","contentUrl":"https:\/\/batijournal.com\/wp-content\/uploads\/2019\/05\/notre-dame-de-paris2.jpg","width":1200,"height":900},{"@type":"BreadcrumbList","@id":"https:\/\/batijournal.com\/index.php\/plus-de-220-millions-collectes-pour-notre-dame-de-paris\/104129\/#breadcrumb","itemListElement":[{"@type":"ListItem","position":1,"name":"Accueil","item":"https:\/\/batijournal.com\/"},{"@type":"ListItem","position":2,"name":"Actualit\u00e9s","item":"https:\/\/batijournal.com\/index.php\/category\/actualites\/"},{"@type":"ListItem","position":3,"name":"Plus de 220 millions collect\u00e9s pour Notre-Dame de Paris"}]},{"@type":"WebSite","@id":"https:\/\/batijournal.com\/#website","url":"https:\/\/batijournal.com\/","name":"Batijournal","description":"L&#039;actualit\u00e9 du b\u00e2timent","potentialAction":[{"@type":"SearchAction","target":{"@type":"EntryPoint","urlTemplate":"https:\/\/batijournal.com\/?s={search_term_string}"},"query-input":{"@type":"PropertyValueSpecification","valueRequired":true,"valueName":"search_term_string"}}],"inLanguage":"fr-FR"},{"@type":"Person","@id":"https:\/\/batijournal.com\/#\/schema\/person\/1dc96ec6957aa1ccb25ebe78bb19f100","name":"St\u00e9phane Miget","image":{"@type":"ImageObject","inLanguage":"fr-FR","@id":"https:\/\/secure.gravatar.com\/avatar\/89915563d925342126b8ef0281b93d9d7fc337043e8df017f780908eb9644451?s=96&d=mm&r=g","url":"https:\/\/secure.gravatar.com\/avatar\/89915563d925342126b8ef0281b93d9d7fc337043e8df017f780908eb9644451?s=96&d=mm&r=g","contentUrl":"https:\/\/secure.gravatar.com\/avatar\/89915563d925342126b8ef0281b93d9d7fc337043e8df017f780908eb9644451?s=96&d=mm&r=g","caption":"St\u00e9phane Miget"},"url":"https:\/\/batijournal.com\/index.php\/author\/stephane\/"}]}},"_links":{"self":[{"href":"https:\/\/batijournal.com\/index.php\/wp-json\/wp\/v2\/posts\/104129","targetHints":{"allow":["GET"]}}],"collection":[{"href":"https:\/\/batijournal.com\/index.php\/wp-json\/wp\/v2\/posts"}],"about":[{"href":"https:\/\/batijournal.com\/index.php\/wp-json\/wp\/v2\/types\/post"}],"author":[{"embeddable":true,"href":"https:\/\/batijournal.com\/index.php\/wp-json\/wp\/v2\/users\/17"}],"replies":[{"embeddable":true,"href":"https:\/\/batijournal.com\/index.php\/wp-json\/wp\/v2\/comments?post=104129"}],"version-history":[{"count":0,"href":"https:\/\/batijournal.com\/index.php\/wp-json\/wp\/v2\/posts\/104129\/revisions"}],"wp:featuredmedia":[{"embeddable":true,"href":"https:\/\/batijournal.com\/index.php\/wp-json\/wp\/v2\/media\/102133"}],"wp:attachment":[{"href":"https:\/\/batijournal.com\/index.php\/wp-json\/wp\/v2\/media?parent=104129"}],"wp:term":[{"taxonomy":"category","embeddable":true,"href":"https:\/\/batijournal.com\/index.php\/wp-json\/wp\/v2\/categories?post=104129"},{"taxonomy":"post_tag","embeddable":true,"href":"https:\/\/batijournal.com\/index.php\/wp-json\/wp\/v2\/tags?post=104129"}],"curies":[{"name":"wp","href":"https:\/\/api.w.org\/{rel}","templated":true}]}}