{"id":104130,"date":"2020-04-15T08:53:13","date_gmt":"2020-04-15T06:53:13","guid":{"rendered":"https:\/\/batijournal.com\/?p=104130"},"modified":"2020-04-15T08:53:15","modified_gmt":"2020-04-15T06:53:15","slug":"1-an-apres-le-point-sur-les-travaux-de-notre-dame-de-paris","status":"publish","type":"post","link":"https:\/\/batijournal.com\/index.php\/1-an-apres-le-point-sur-les-travaux-de-notre-dame-de-paris\/104130\/","title":{"rendered":"1 an apr\u00e8s, le point sur les travaux de Notre-Dame de Paris"},"content":{"rendered":"\n<p>Les travaux de Notre-Dame de Paris sont temporairement interrompus en raison de l\u2019\u00e9pid\u00e9mie du covid19. Pourtant, depuis l\u2019incendie, un grand nombre d\u2019op\u00e9rations cruciales pour la protection de l\u2019\u00e9difice ont \u00e9t\u00e9 r\u00e9alis\u00e9es : \u00e9vacuation et pr\u00e9servation des \u0153uvres d\u2019art et des vitraux, mise hors d\u2019eau de la cath\u00e9drale, d\u00e9blaiement et tri des vestiges ou encore cintrages des arcs-boutants. L\u2019\u00e9chafaudage, structure de 40 000 pi\u00e8ces m\u00e9talliques, constitue l\u2019une des plus grandes menaces. S\u2019il s\u2019effondre, il emporte avec lui tout l\u2019\u00e9difice. Son d\u00e9montage est donc urgent mais constitue une op\u00e9ration extr\u00eamement longue et d\u00e9licate. D\u00e8s d\u00e9cembre 2019, la structure existante a \u00e9t\u00e9 renforc\u00e9e et ceintur\u00e9e \u00e0 plusieurs niveaux puis un nouvel \u00e9chafaudage a \u00e9t\u00e9 construit autour de l\u2019ancien pour permettre aux cordistes d\u2019aller scier, un \u00e0 un, les tubes en acier situ\u00e9s pour la plupart \u00e0 plus de 40 m\u00e8tres du sol. Cette op\u00e9ration \u00e9tait imminente au moment de la fermeture du chantier. L\u2019installation d\u2019un plancher au-dessus de la nef sera aussi d\u00e9terminante. Les capteurs et les lasers qui surveillent en continu le mouvement des vo\u00fbtes principales ont r\u00e9v\u00e9l\u00e9 que celles-ci n\u2019avaient quasiment pas boug\u00e9 depuis l\u2019incendie.<br \/>Source : Fondation du patrimoine<\/p>\n\n\n\n<p>Photo : Anna Ader<\/p>\n","protected":false},"excerpt":{"rendered":"<p>Les travaux de Notre-Dame de Paris sont temporairement interrompus en raison de l\u2019\u00e9pid\u00e9mie du covid19. Pourtant, depuis l\u2019incendie, un grand nombre d\u2019op\u00e9rations cruciales pour la protection de l\u2019\u00e9difice ont \u00e9t\u00e9 r\u00e9alis\u00e9es : \u00e9vacuation et pr\u00e9servation des \u0153uvres d\u2019art et des vitraux, mise hors d\u2019eau de la cath\u00e9drale, d\u00e9blaiement et tri des vestiges ou encore cintrages [&hellip;]<\/p>\n","protected":false},"author":17,"featured_media":101983,"comment_status":"closed","ping_status":"closed","sticky":false,"template":"","format":"standard","meta":{"_et_pb_use_builder":"","_et_pb_old_content":"","_et_gb_content_width":"","footnotes":""},"categories":[10530,6340,10789,10785],"tags":[6842],"class_list":["post-104130","post","type-post","status-publish","format-standard","has-post-thumbnail","hentry","category-actualites","category-architecture-conception","category-publications-atrium","category-atrium","tag-notre-dame-de-paris"],"yoast_head":"<!-- This site is optimized with the Yoast SEO plugin v27.4 - https:\/\/yoast.com\/product\/yoast-seo-wordpress\/ -->\n<title>1 an apr\u00e8s, le point sur les travaux de Notre-Dame de Paris<\/title>\n<meta name=\"robots\" content=\"index, follow, max-snippet:-1, max-image-preview:large, max-video-preview:-1\" \/>\n<link rel=\"canonical\" href=\"https:\/\/batijournal.com\/index.php\/1-an-apres-le-point-sur-les-travaux-de-notre-dame-de-paris\/104130\/\" \/>\n<meta property=\"og:locale\" content=\"fr_FR\" \/>\n<meta property=\"og:type\" content=\"article\" \/>\n<meta property=\"og:title\" content=\"1 an apr\u00e8s, le point sur les travaux de Notre-Dame de Paris\" \/>\n<meta property=\"og:description\" content=\"Les travaux de Notre-Dame de Paris sont temporairement interrompus en raison de l\u2019\u00e9pid\u00e9mie du covid19. Pourtant, depuis l\u2019incendie, un grand nombre d\u2019op\u00e9rations cruciales pour la protection de l\u2019\u00e9difice ont \u00e9t\u00e9 r\u00e9alis\u00e9es : \u00e9vacuation et pr\u00e9servation des \u0153uvres d\u2019art et des vitraux, mise hors d\u2019eau de la cath\u00e9drale, d\u00e9blaiement et tri des vestiges ou encore cintrages [&hellip;]\" \/>\n<meta property=\"og:url\" content=\"https:\/\/batijournal.com\/index.php\/1-an-apres-le-point-sur-les-travaux-de-notre-dame-de-paris\/104130\/\" \/>\n<meta property=\"og:site_name\" content=\"Batijournal\" \/>\n<meta property=\"article:published_time\" content=\"2020-04-15T06:53:13+00:00\" \/>\n<meta property=\"article:modified_time\" content=\"2020-04-15T06:53:15+00:00\" \/>\n<meta property=\"og:image\" content=\"https:\/\/batijournal.com\/wp-content\/uploads\/2019\/04\/notre-dame-de-paris-apres-l-incendie-2.jpg\" \/>\n\t<meta property=\"og:image:width\" content=\"640\" \/>\n\t<meta property=\"og:image:height\" content=\"480\" \/>\n\t<meta property=\"og:image:type\" content=\"image\/jpeg\" \/>\n<meta name=\"author\" content=\"St\u00e9phane Miget\" \/>\n<meta name=\"twitter:card\" content=\"summary_large_image\" \/>\n<meta name=\"twitter:creator\" content=\"@bati_journal\" \/>\n<meta name=\"twitter:site\" content=\"@bati_journal\" \/>\n<meta name=\"twitter:label1\" content=\"\u00c9crit par\" \/>\n\t<meta name=\"twitter:data1\" content=\"St\u00e9phane Miget\" \/>\n\t<meta name=\"twitter:label2\" content=\"Dur\u00e9e de lecture estim\u00e9e\" \/>\n\t<meta name=\"twitter:data2\" content=\"1 minute\" \/>\n<script type=\"application\/ld+json\" class=\"yoast-schema-graph\">{\"@context\":\"https:\\\/\\\/schema.org\",\"@graph\":[{\"@type\":\"Article\",\"@id\":\"https:\\\/\\\/batijournal.com\\\/index.php\\\/1-an-apres-le-point-sur-les-travaux-de-notre-dame-de-paris\\\/104130\\\/#article\",\"isPartOf\":{\"@id\":\"https:\\\/\\\/batijournal.com\\\/index.php\\\/1-an-apres-le-point-sur-les-travaux-de-notre-dame-de-paris\\\/104130\\\/\"},\"author\":{\"name\":\"St\u00e9phane Miget\",\"@id\":\"https:\\\/\\\/batijournal.com\\\/#\\\/schema\\\/person\\\/1dc96ec6957aa1ccb25ebe78bb19f100\"},\"headline\":\"1 an apr\u00e8s, le point sur les travaux de Notre-Dame de Paris\",\"datePublished\":\"2020-04-15T06:53:13+00:00\",\"dateModified\":\"2020-04-15T06:53:15+00:00\",\"mainEntityOfPage\":{\"@id\":\"https:\\\/\\\/batijournal.com\\\/index.php\\\/1-an-apres-le-point-sur-les-travaux-de-notre-dame-de-paris\\\/104130\\\/\"},\"wordCount\":236,\"image\":{\"@id\":\"https:\\\/\\\/batijournal.com\\\/index.php\\\/1-an-apres-le-point-sur-les-travaux-de-notre-dame-de-paris\\\/104130\\\/#primaryimage\"},\"thumbnailUrl\":\"https:\\\/\\\/batijournal.com\\\/wp-content\\\/uploads\\\/2019\\\/04\\\/notre-dame-de-paris-apres-l-incendie-2.jpg\",\"keywords\":[\"notre dame de paris\"],\"articleSection\":[\"Actualit\u00e9s\",\"Architecture &amp; Conception\",\"zz_Actualit\u00e9s - Atrium\",\"zz_Atrium Patrimoine\"],\"inLanguage\":\"fr-FR\"},{\"@type\":\"WebPage\",\"@id\":\"https:\\\/\\\/batijournal.com\\\/index.php\\\/1-an-apres-le-point-sur-les-travaux-de-notre-dame-de-paris\\\/104130\\\/\",\"url\":\"https:\\\/\\\/batijournal.com\\\/index.php\\\/1-an-apres-le-point-sur-les-travaux-de-notre-dame-de-paris\\\/104130\\\/\",\"name\":\"1 an apr\u00e8s, le point sur les travaux de Notre-Dame de Paris\",\"isPartOf\":{\"@id\":\"https:\\\/\\\/batijournal.com\\\/#website\"},\"primaryImageOfPage\":{\"@id\":\"https:\\\/\\\/batijournal.com\\\/index.php\\\/1-an-apres-le-point-sur-les-travaux-de-notre-dame-de-paris\\\/104130\\\/#primaryimage\"},\"image\":{\"@id\":\"https:\\\/\\\/batijournal.com\\\/index.php\\\/1-an-apres-le-point-sur-les-travaux-de-notre-dame-de-paris\\\/104130\\\/#primaryimage\"},\"thumbnailUrl\":\"https:\\\/\\\/batijournal.com\\\/wp-content\\\/uploads\\\/2019\\\/04\\\/notre-dame-de-paris-apres-l-incendie-2.jpg\",\"datePublished\":\"2020-04-15T06:53:13+00:00\",\"dateModified\":\"2020-04-15T06:53:15+00:00\",\"author\":{\"@id\":\"https:\\\/\\\/batijournal.com\\\/#\\\/schema\\\/person\\\/1dc96ec6957aa1ccb25ebe78bb19f100\"},\"breadcrumb\":{\"@id\":\"https:\\\/\\\/batijournal.com\\\/index.php\\\/1-an-apres-le-point-sur-les-travaux-de-notre-dame-de-paris\\\/104130\\\/#breadcrumb\"},\"inLanguage\":\"fr-FR\",\"potentialAction\":[{\"@type\":\"ReadAction\",\"target\":[\"https:\\\/\\\/batijournal.com\\\/index.php\\\/1-an-apres-le-point-sur-les-travaux-de-notre-dame-de-paris\\\/104130\\\/\"]}]},{\"@type\":\"ImageObject\",\"inLanguage\":\"fr-FR\",\"@id\":\"https:\\\/\\\/batijournal.com\\\/index.php\\\/1-an-apres-le-point-sur-les-travaux-de-notre-dame-de-paris\\\/104130\\\/#primaryimage\",\"url\":\"https:\\\/\\\/batijournal.com\\\/wp-content\\\/uploads\\\/2019\\\/04\\\/notre-dame-de-paris-apres-l-incendie-2.jpg\",\"contentUrl\":\"https:\\\/\\\/batijournal.com\\\/wp-content\\\/uploads\\\/2019\\\/04\\\/notre-dame-de-paris-apres-l-incendie-2.jpg\",\"width\":640,\"height\":480},{\"@type\":\"BreadcrumbList\",\"@id\":\"https:\\\/\\\/batijournal.com\\\/index.php\\\/1-an-apres-le-point-sur-les-travaux-de-notre-dame-de-paris\\\/104130\\\/#breadcrumb\",\"itemListElement\":[{\"@type\":\"ListItem\",\"position\":1,\"name\":\"Accueil\",\"item\":\"https:\\\/\\\/batijournal.com\\\/\"},{\"@type\":\"ListItem\",\"position\":2,\"name\":\"Actualit\u00e9s\",\"item\":\"https:\\\/\\\/batijournal.com\\\/index.php\\\/category\\\/actualites\\\/\"},{\"@type\":\"ListItem\",\"position\":3,\"name\":\"1 an apr\u00e8s, le point sur les travaux de Notre-Dame de Paris\"}]},{\"@type\":\"WebSite\",\"@id\":\"https:\\\/\\\/batijournal.com\\\/#website\",\"url\":\"https:\\\/\\\/batijournal.com\\\/\",\"name\":\"Batijournal\",\"description\":\"L&#039;actualit\u00e9 du b\u00e2timent\",\"potentialAction\":[{\"@type\":\"SearchAction\",\"target\":{\"@type\":\"EntryPoint\",\"urlTemplate\":\"https:\\\/\\\/batijournal.com\\\/?s={search_term_string}\"},\"query-input\":{\"@type\":\"PropertyValueSpecification\",\"valueRequired\":true,\"valueName\":\"search_term_string\"}}],\"inLanguage\":\"fr-FR\"},{\"@type\":\"Person\",\"@id\":\"https:\\\/\\\/batijournal.com\\\/#\\\/schema\\\/person\\\/1dc96ec6957aa1ccb25ebe78bb19f100\",\"name\":\"St\u00e9phane Miget\",\"image\":{\"@type\":\"ImageObject\",\"inLanguage\":\"fr-FR\",\"@id\":\"https:\\\/\\\/secure.gravatar.com\\\/avatar\\\/89915563d925342126b8ef0281b93d9d7fc337043e8df017f780908eb9644451?s=96&d=mm&r=g\",\"url\":\"https:\\\/\\\/secure.gravatar.com\\\/avatar\\\/89915563d925342126b8ef0281b93d9d7fc337043e8df017f780908eb9644451?s=96&d=mm&r=g\",\"contentUrl\":\"https:\\\/\\\/secure.gravatar.com\\\/avatar\\\/89915563d925342126b8ef0281b93d9d7fc337043e8df017f780908eb9644451?s=96&d=mm&r=g\",\"caption\":\"St\u00e9phane Miget\"},\"url\":\"https:\\\/\\\/batijournal.com\\\/index.php\\\/author\\\/stephane\\\/\"}]}<\/script>\n<!-- \/ Yoast SEO plugin. -->","yoast_head_json":{"title":"1 an apr\u00e8s, le point sur les travaux de Notre-Dame de Paris","robots":{"index":"index","follow":"follow","max-snippet":"max-snippet:-1","max-image-preview":"max-image-preview:large","max-video-preview":"max-video-preview:-1"},"canonical":"https:\/\/batijournal.com\/index.php\/1-an-apres-le-point-sur-les-travaux-de-notre-dame-de-paris\/104130\/","og_locale":"fr_FR","og_type":"article","og_title":"1 an apr\u00e8s, le point sur les travaux de Notre-Dame de Paris","og_description":"Les travaux de Notre-Dame de Paris sont temporairement interrompus en raison de l\u2019\u00e9pid\u00e9mie du covid19. Pourtant, depuis l\u2019incendie, un grand nombre d\u2019op\u00e9rations cruciales pour la protection de l\u2019\u00e9difice ont \u00e9t\u00e9 r\u00e9alis\u00e9es : \u00e9vacuation et pr\u00e9servation des \u0153uvres d\u2019art et des vitraux, mise hors d\u2019eau de la cath\u00e9drale, d\u00e9blaiement et tri des vestiges ou encore cintrages [&hellip;]","og_url":"https:\/\/batijournal.com\/index.php\/1-an-apres-le-point-sur-les-travaux-de-notre-dame-de-paris\/104130\/","og_site_name":"Batijournal","article_published_time":"2020-04-15T06:53:13+00:00","article_modified_time":"2020-04-15T06:53:15+00:00","og_image":[{"width":640,"height":480,"url":"https:\/\/batijournal.com\/wp-content\/uploads\/2019\/04\/notre-dame-de-paris-apres-l-incendie-2.jpg","type":"image\/jpeg"}],"author":"St\u00e9phane Miget","twitter_card":"summary_large_image","twitter_creator":"@bati_journal","twitter_site":"@bati_journal","twitter_misc":{"\u00c9crit par":"St\u00e9phane Miget","Dur\u00e9e de lecture estim\u00e9e":"1 minute"},"schema":{"@context":"https:\/\/schema.org","@graph":[{"@type":"Article","@id":"https:\/\/batijournal.com\/index.php\/1-an-apres-le-point-sur-les-travaux-de-notre-dame-de-paris\/104130\/#article","isPartOf":{"@id":"https:\/\/batijournal.com\/index.php\/1-an-apres-le-point-sur-les-travaux-de-notre-dame-de-paris\/104130\/"},"author":{"name":"St\u00e9phane Miget","@id":"https:\/\/batijournal.com\/#\/schema\/person\/1dc96ec6957aa1ccb25ebe78bb19f100"},"headline":"1 an apr\u00e8s, le point sur les travaux de Notre-Dame de Paris","datePublished":"2020-04-15T06:53:13+00:00","dateModified":"2020-04-15T06:53:15+00:00","mainEntityOfPage":{"@id":"https:\/\/batijournal.com\/index.php\/1-an-apres-le-point-sur-les-travaux-de-notre-dame-de-paris\/104130\/"},"wordCount":236,"image":{"@id":"https:\/\/batijournal.com\/index.php\/1-an-apres-le-point-sur-les-travaux-de-notre-dame-de-paris\/104130\/#primaryimage"},"thumbnailUrl":"https:\/\/batijournal.com\/wp-content\/uploads\/2019\/04\/notre-dame-de-paris-apres-l-incendie-2.jpg","keywords":["notre dame de paris"],"articleSection":["Actualit\u00e9s","Architecture &amp; Conception","zz_Actualit\u00e9s - Atrium","zz_Atrium Patrimoine"],"inLanguage":"fr-FR"},{"@type":"WebPage","@id":"https:\/\/batijournal.com\/index.php\/1-an-apres-le-point-sur-les-travaux-de-notre-dame-de-paris\/104130\/","url":"https:\/\/batijournal.com\/index.php\/1-an-apres-le-point-sur-les-travaux-de-notre-dame-de-paris\/104130\/","name":"1 an apr\u00e8s, le point sur les travaux de Notre-Dame de Paris","isPartOf":{"@id":"https:\/\/batijournal.com\/#website"},"primaryImageOfPage":{"@id":"https:\/\/batijournal.com\/index.php\/1-an-apres-le-point-sur-les-travaux-de-notre-dame-de-paris\/104130\/#primaryimage"},"image":{"@id":"https:\/\/batijournal.com\/index.php\/1-an-apres-le-point-sur-les-travaux-de-notre-dame-de-paris\/104130\/#primaryimage"},"thumbnailUrl":"https:\/\/batijournal.com\/wp-content\/uploads\/2019\/04\/notre-dame-de-paris-apres-l-incendie-2.jpg","datePublished":"2020-04-15T06:53:13+00:00","dateModified":"2020-04-15T06:53:15+00:00","author":{"@id":"https:\/\/batijournal.com\/#\/schema\/person\/1dc96ec6957aa1ccb25ebe78bb19f100"},"breadcrumb":{"@id":"https:\/\/batijournal.com\/index.php\/1-an-apres-le-point-sur-les-travaux-de-notre-dame-de-paris\/104130\/#breadcrumb"},"inLanguage":"fr-FR","potentialAction":[{"@type":"ReadAction","target":["https:\/\/batijournal.com\/index.php\/1-an-apres-le-point-sur-les-travaux-de-notre-dame-de-paris\/104130\/"]}]},{"@type":"ImageObject","inLanguage":"fr-FR","@id":"https:\/\/batijournal.com\/index.php\/1-an-apres-le-point-sur-les-travaux-de-notre-dame-de-paris\/104130\/#primaryimage","url":"https:\/\/batijournal.com\/wp-content\/uploads\/2019\/04\/notre-dame-de-paris-apres-l-incendie-2.jpg","contentUrl":"https:\/\/batijournal.com\/wp-content\/uploads\/2019\/04\/notre-dame-de-paris-apres-l-incendie-2.jpg","width":640,"height":480},{"@type":"BreadcrumbList","@id":"https:\/\/batijournal.com\/index.php\/1-an-apres-le-point-sur-les-travaux-de-notre-dame-de-paris\/104130\/#breadcrumb","itemListElement":[{"@type":"ListItem","position":1,"name":"Accueil","item":"https:\/\/batijournal.com\/"},{"@type":"ListItem","position":2,"name":"Actualit\u00e9s","item":"https:\/\/batijournal.com\/index.php\/category\/actualites\/"},{"@type":"ListItem","position":3,"name":"1 an apr\u00e8s, le point sur les travaux de Notre-Dame de Paris"}]},{"@type":"WebSite","@id":"https:\/\/batijournal.com\/#website","url":"https:\/\/batijournal.com\/","name":"Batijournal","description":"L&#039;actualit\u00e9 du b\u00e2timent","potentialAction":[{"@type":"SearchAction","target":{"@type":"EntryPoint","urlTemplate":"https:\/\/batijournal.com\/?s={search_term_string}"},"query-input":{"@type":"PropertyValueSpecification","valueRequired":true,"valueName":"search_term_string"}}],"inLanguage":"fr-FR"},{"@type":"Person","@id":"https:\/\/batijournal.com\/#\/schema\/person\/1dc96ec6957aa1ccb25ebe78bb19f100","name":"St\u00e9phane Miget","image":{"@type":"ImageObject","inLanguage":"fr-FR","@id":"https:\/\/secure.gravatar.com\/avatar\/89915563d925342126b8ef0281b93d9d7fc337043e8df017f780908eb9644451?s=96&d=mm&r=g","url":"https:\/\/secure.gravatar.com\/avatar\/89915563d925342126b8ef0281b93d9d7fc337043e8df017f780908eb9644451?s=96&d=mm&r=g","contentUrl":"https:\/\/secure.gravatar.com\/avatar\/89915563d925342126b8ef0281b93d9d7fc337043e8df017f780908eb9644451?s=96&d=mm&r=g","caption":"St\u00e9phane Miget"},"url":"https:\/\/batijournal.com\/index.php\/author\/stephane\/"}]}},"_links":{"self":[{"href":"https:\/\/batijournal.com\/index.php\/wp-json\/wp\/v2\/posts\/104130","targetHints":{"allow":["GET"]}}],"collection":[{"href":"https:\/\/batijournal.com\/index.php\/wp-json\/wp\/v2\/posts"}],"about":[{"href":"https:\/\/batijournal.com\/index.php\/wp-json\/wp\/v2\/types\/post"}],"author":[{"embeddable":true,"href":"https:\/\/batijournal.com\/index.php\/wp-json\/wp\/v2\/users\/17"}],"replies":[{"embeddable":true,"href":"https:\/\/batijournal.com\/index.php\/wp-json\/wp\/v2\/comments?post=104130"}],"version-history":[{"count":0,"href":"https:\/\/batijournal.com\/index.php\/wp-json\/wp\/v2\/posts\/104130\/revisions"}],"wp:featuredmedia":[{"embeddable":true,"href":"https:\/\/batijournal.com\/index.php\/wp-json\/wp\/v2\/media\/101983"}],"wp:attachment":[{"href":"https:\/\/batijournal.com\/index.php\/wp-json\/wp\/v2\/media?parent=104130"}],"wp:term":[{"taxonomy":"category","embeddable":true,"href":"https:\/\/batijournal.com\/index.php\/wp-json\/wp\/v2\/categories?post=104130"},{"taxonomy":"post_tag","embeddable":true,"href":"https:\/\/batijournal.com\/index.php\/wp-json\/wp\/v2\/tags?post=104130"}],"curies":[{"name":"wp","href":"https:\/\/api.w.org\/{rel}","templated":true}]}}