{"id":104137,"date":"2020-04-17T08:38:03","date_gmt":"2020-04-17T06:38:03","guid":{"rendered":"https:\/\/batijournal.com\/?p=104137"},"modified":"2020-04-17T08:38:05","modified_gmt":"2020-04-17T06:38:05","slug":"reprise-de-lactivite-du-groupe-ducerf","status":"publish","type":"post","link":"https:\/\/batijournal.com\/index.php\/reprise-de-lactivite-du-groupe-ducerf\/104137\/","title":{"rendered":"Reprise de l\u2019activit\u00e9 du groupe Ducerf"},"content":{"rendered":"\n<p>Les sites de production Ducerf Scierie, Bourgogne Bois Industrie et Les Bois profil\u00e9s ont repris leur activit\u00e9. La relance de la production a \u00e9t\u00e9 r\u00e9alis\u00e9e dans le respect des consignes sanitaires afin de prot\u00e9ger les collaborateurs, les partenaires et les clients de l&rsquo;entreprise. L\u2019objectif est de r\u00e9pondre aux commandes des clients qui poursuivent leur activit\u00e9 durant cette p\u00e9riode et de continuer \u00e0 soutenir l\u2019\u00e9conomie de la fili\u00e8re bois tant au niveau local, r\u00e9gional que national. Les \u00e9quipes administratives et commerciales du groupe restent mobilis\u00e9es en t\u00e9l\u00e9travail pour assurer la continuit\u00e9 du service.<\/p>\n","protected":false},"excerpt":{"rendered":"<p>Les sites de production Ducerf Scierie, Bourgogne Bois Industrie et Les Bois profil\u00e9s ont repris leur activit\u00e9. La relance de la production a \u00e9t\u00e9 r\u00e9alis\u00e9e dans le respect des consignes sanitaires afin de prot\u00e9ger les collaborateurs, les partenaires et les clients de l&rsquo;entreprise. L\u2019objectif est de r\u00e9pondre aux commandes des clients qui poursuivent leur activit\u00e9 [&hellip;]<\/p>\n","protected":false},"author":17,"featured_media":104138,"comment_status":"closed","ping_status":"closed","sticky":false,"template":"","format":"standard","meta":{"_et_pb_use_builder":"","_et_pb_old_content":"","_et_gb_content_width":"","footnotes":""},"categories":[10530,6345,10769,10764],"tags":[],"class_list":["post-104137","post","type-post","status-publish","format-standard","has-post-thumbnail","hentry","category-actualites","category-economie-marches","category-publications","category-woodsurfer"],"yoast_head":"<!-- This site is optimized with the Yoast SEO plugin v27.4 - https:\/\/yoast.com\/product\/yoast-seo-wordpress\/ -->\n<title>Reprise de l\u2019activit\u00e9 du groupe Ducerf<\/title>\n<meta name=\"robots\" content=\"index, follow, max-snippet:-1, max-image-preview:large, max-video-preview:-1\" \/>\n<link rel=\"canonical\" href=\"https:\/\/batijournal.com\/index.php\/reprise-de-lactivite-du-groupe-ducerf\/104137\/\" \/>\n<meta property=\"og:locale\" content=\"fr_FR\" \/>\n<meta property=\"og:type\" content=\"article\" \/>\n<meta property=\"og:title\" content=\"Reprise de l\u2019activit\u00e9 du groupe Ducerf\" \/>\n<meta property=\"og:description\" content=\"Les sites de production Ducerf Scierie, Bourgogne Bois Industrie et Les Bois profil\u00e9s ont repris leur activit\u00e9. La relance de la production a \u00e9t\u00e9 r\u00e9alis\u00e9e dans le respect des consignes sanitaires afin de prot\u00e9ger les collaborateurs, les partenaires et les clients de l&rsquo;entreprise. L\u2019objectif est de r\u00e9pondre aux commandes des clients qui poursuivent leur activit\u00e9 [&hellip;]\" \/>\n<meta property=\"og:url\" content=\"https:\/\/batijournal.com\/index.php\/reprise-de-lactivite-du-groupe-ducerf\/104137\/\" \/>\n<meta property=\"og:site_name\" content=\"Batijournal\" \/>\n<meta property=\"article:published_time\" content=\"2020-04-17T06:38:03+00:00\" \/>\n<meta property=\"article:modified_time\" content=\"2020-04-17T06:38:05+00:00\" \/>\n<meta property=\"og:image\" content=\"https:\/\/batijournal.com\/wp-content\/uploads\/2020\/04\/faire-faconner-vos-bois-par-des-experts-groupe-ducerf.jpg\" \/>\n\t<meta property=\"og:image:width\" content=\"700\" \/>\n\t<meta property=\"og:image:height\" content=\"480\" \/>\n\t<meta property=\"og:image:type\" content=\"image\/jpeg\" \/>\n<meta name=\"author\" content=\"St\u00e9phane Miget\" \/>\n<meta name=\"twitter:card\" content=\"summary_large_image\" \/>\n<meta name=\"twitter:creator\" content=\"@bati_journal\" \/>\n<meta name=\"twitter:site\" content=\"@bati_journal\" \/>\n<meta name=\"twitter:label1\" content=\"\u00c9crit par\" \/>\n\t<meta name=\"twitter:data1\" content=\"St\u00e9phane Miget\" \/>\n\t<meta name=\"twitter:label2\" content=\"Dur\u00e9e de lecture estim\u00e9e\" \/>\n\t<meta name=\"twitter:data2\" content=\"1 minute\" \/>\n<script type=\"application\/ld+json\" class=\"yoast-schema-graph\">{\"@context\":\"https:\\\/\\\/schema.org\",\"@graph\":[{\"@type\":\"Article\",\"@id\":\"https:\\\/\\\/batijournal.com\\\/index.php\\\/reprise-de-lactivite-du-groupe-ducerf\\\/104137\\\/#article\",\"isPartOf\":{\"@id\":\"https:\\\/\\\/batijournal.com\\\/index.php\\\/reprise-de-lactivite-du-groupe-ducerf\\\/104137\\\/\"},\"author\":{\"name\":\"St\u00e9phane Miget\",\"@id\":\"https:\\\/\\\/batijournal.com\\\/#\\\/schema\\\/person\\\/1dc96ec6957aa1ccb25ebe78bb19f100\"},\"headline\":\"Reprise de l\u2019activit\u00e9 du groupe Ducerf\",\"datePublished\":\"2020-04-17T06:38:03+00:00\",\"dateModified\":\"2020-04-17T06:38:05+00:00\",\"mainEntityOfPage\":{\"@id\":\"https:\\\/\\\/batijournal.com\\\/index.php\\\/reprise-de-lactivite-du-groupe-ducerf\\\/104137\\\/\"},\"wordCount\":112,\"image\":{\"@id\":\"https:\\\/\\\/batijournal.com\\\/index.php\\\/reprise-de-lactivite-du-groupe-ducerf\\\/104137\\\/#primaryimage\"},\"thumbnailUrl\":\"https:\\\/\\\/batijournal.com\\\/wp-content\\\/uploads\\\/2020\\\/04\\\/faire-faconner-vos-bois-par-des-experts-groupe-ducerf.jpg\",\"articleSection\":[\"Actualit\u00e9s\",\"\u00c9conomie &amp; March\u00e9s\",\"zz_Actualit\u00e9s - Woodsurfer\",\"zz_Woodsurfer\"],\"inLanguage\":\"fr-FR\"},{\"@type\":\"WebPage\",\"@id\":\"https:\\\/\\\/batijournal.com\\\/index.php\\\/reprise-de-lactivite-du-groupe-ducerf\\\/104137\\\/\",\"url\":\"https:\\\/\\\/batijournal.com\\\/index.php\\\/reprise-de-lactivite-du-groupe-ducerf\\\/104137\\\/\",\"name\":\"Reprise de l\u2019activit\u00e9 du groupe Ducerf\",\"isPartOf\":{\"@id\":\"https:\\\/\\\/batijournal.com\\\/#website\"},\"primaryImageOfPage\":{\"@id\":\"https:\\\/\\\/batijournal.com\\\/index.php\\\/reprise-de-lactivite-du-groupe-ducerf\\\/104137\\\/#primaryimage\"},\"image\":{\"@id\":\"https:\\\/\\\/batijournal.com\\\/index.php\\\/reprise-de-lactivite-du-groupe-ducerf\\\/104137\\\/#primaryimage\"},\"thumbnailUrl\":\"https:\\\/\\\/batijournal.com\\\/wp-content\\\/uploads\\\/2020\\\/04\\\/faire-faconner-vos-bois-par-des-experts-groupe-ducerf.jpg\",\"datePublished\":\"2020-04-17T06:38:03+00:00\",\"dateModified\":\"2020-04-17T06:38:05+00:00\",\"author\":{\"@id\":\"https:\\\/\\\/batijournal.com\\\/#\\\/schema\\\/person\\\/1dc96ec6957aa1ccb25ebe78bb19f100\"},\"breadcrumb\":{\"@id\":\"https:\\\/\\\/batijournal.com\\\/index.php\\\/reprise-de-lactivite-du-groupe-ducerf\\\/104137\\\/#breadcrumb\"},\"inLanguage\":\"fr-FR\",\"potentialAction\":[{\"@type\":\"ReadAction\",\"target\":[\"https:\\\/\\\/batijournal.com\\\/index.php\\\/reprise-de-lactivite-du-groupe-ducerf\\\/104137\\\/\"]}]},{\"@type\":\"ImageObject\",\"inLanguage\":\"fr-FR\",\"@id\":\"https:\\\/\\\/batijournal.com\\\/index.php\\\/reprise-de-lactivite-du-groupe-ducerf\\\/104137\\\/#primaryimage\",\"url\":\"https:\\\/\\\/batijournal.com\\\/wp-content\\\/uploads\\\/2020\\\/04\\\/faire-faconner-vos-bois-par-des-experts-groupe-ducerf.jpg\",\"contentUrl\":\"https:\\\/\\\/batijournal.com\\\/wp-content\\\/uploads\\\/2020\\\/04\\\/faire-faconner-vos-bois-par-des-experts-groupe-ducerf.jpg\",\"width\":700,\"height\":480},{\"@type\":\"BreadcrumbList\",\"@id\":\"https:\\\/\\\/batijournal.com\\\/index.php\\\/reprise-de-lactivite-du-groupe-ducerf\\\/104137\\\/#breadcrumb\",\"itemListElement\":[{\"@type\":\"ListItem\",\"position\":1,\"name\":\"Accueil\",\"item\":\"https:\\\/\\\/batijournal.com\\\/\"},{\"@type\":\"ListItem\",\"position\":2,\"name\":\"Actualit\u00e9s\",\"item\":\"https:\\\/\\\/batijournal.com\\\/index.php\\\/category\\\/actualites\\\/\"},{\"@type\":\"ListItem\",\"position\":3,\"name\":\"Reprise de l\u2019activit\u00e9 du groupe Ducerf\"}]},{\"@type\":\"WebSite\",\"@id\":\"https:\\\/\\\/batijournal.com\\\/#website\",\"url\":\"https:\\\/\\\/batijournal.com\\\/\",\"name\":\"Batijournal\",\"description\":\"L&#039;actualit\u00e9 du b\u00e2timent\",\"potentialAction\":[{\"@type\":\"SearchAction\",\"target\":{\"@type\":\"EntryPoint\",\"urlTemplate\":\"https:\\\/\\\/batijournal.com\\\/?s={search_term_string}\"},\"query-input\":{\"@type\":\"PropertyValueSpecification\",\"valueRequired\":true,\"valueName\":\"search_term_string\"}}],\"inLanguage\":\"fr-FR\"},{\"@type\":\"Person\",\"@id\":\"https:\\\/\\\/batijournal.com\\\/#\\\/schema\\\/person\\\/1dc96ec6957aa1ccb25ebe78bb19f100\",\"name\":\"St\u00e9phane Miget\",\"image\":{\"@type\":\"ImageObject\",\"inLanguage\":\"fr-FR\",\"@id\":\"https:\\\/\\\/secure.gravatar.com\\\/avatar\\\/89915563d925342126b8ef0281b93d9d7fc337043e8df017f780908eb9644451?s=96&d=mm&r=g\",\"url\":\"https:\\\/\\\/secure.gravatar.com\\\/avatar\\\/89915563d925342126b8ef0281b93d9d7fc337043e8df017f780908eb9644451?s=96&d=mm&r=g\",\"contentUrl\":\"https:\\\/\\\/secure.gravatar.com\\\/avatar\\\/89915563d925342126b8ef0281b93d9d7fc337043e8df017f780908eb9644451?s=96&d=mm&r=g\",\"caption\":\"St\u00e9phane Miget\"},\"url\":\"https:\\\/\\\/batijournal.com\\\/index.php\\\/author\\\/stephane\\\/\"}]}<\/script>\n<!-- \/ Yoast SEO plugin. -->","yoast_head_json":{"title":"Reprise de l\u2019activit\u00e9 du groupe Ducerf","robots":{"index":"index","follow":"follow","max-snippet":"max-snippet:-1","max-image-preview":"max-image-preview:large","max-video-preview":"max-video-preview:-1"},"canonical":"https:\/\/batijournal.com\/index.php\/reprise-de-lactivite-du-groupe-ducerf\/104137\/","og_locale":"fr_FR","og_type":"article","og_title":"Reprise de l\u2019activit\u00e9 du groupe Ducerf","og_description":"Les sites de production Ducerf Scierie, Bourgogne Bois Industrie et Les Bois profil\u00e9s ont repris leur activit\u00e9. La relance de la production a \u00e9t\u00e9 r\u00e9alis\u00e9e dans le respect des consignes sanitaires afin de prot\u00e9ger les collaborateurs, les partenaires et les clients de l&rsquo;entreprise. L\u2019objectif est de r\u00e9pondre aux commandes des clients qui poursuivent leur activit\u00e9 [&hellip;]","og_url":"https:\/\/batijournal.com\/index.php\/reprise-de-lactivite-du-groupe-ducerf\/104137\/","og_site_name":"Batijournal","article_published_time":"2020-04-17T06:38:03+00:00","article_modified_time":"2020-04-17T06:38:05+00:00","og_image":[{"width":700,"height":480,"url":"https:\/\/batijournal.com\/wp-content\/uploads\/2020\/04\/faire-faconner-vos-bois-par-des-experts-groupe-ducerf.jpg","type":"image\/jpeg"}],"author":"St\u00e9phane Miget","twitter_card":"summary_large_image","twitter_creator":"@bati_journal","twitter_site":"@bati_journal","twitter_misc":{"\u00c9crit par":"St\u00e9phane Miget","Dur\u00e9e de lecture estim\u00e9e":"1 minute"},"schema":{"@context":"https:\/\/schema.org","@graph":[{"@type":"Article","@id":"https:\/\/batijournal.com\/index.php\/reprise-de-lactivite-du-groupe-ducerf\/104137\/#article","isPartOf":{"@id":"https:\/\/batijournal.com\/index.php\/reprise-de-lactivite-du-groupe-ducerf\/104137\/"},"author":{"name":"St\u00e9phane Miget","@id":"https:\/\/batijournal.com\/#\/schema\/person\/1dc96ec6957aa1ccb25ebe78bb19f100"},"headline":"Reprise de l\u2019activit\u00e9 du groupe Ducerf","datePublished":"2020-04-17T06:38:03+00:00","dateModified":"2020-04-17T06:38:05+00:00","mainEntityOfPage":{"@id":"https:\/\/batijournal.com\/index.php\/reprise-de-lactivite-du-groupe-ducerf\/104137\/"},"wordCount":112,"image":{"@id":"https:\/\/batijournal.com\/index.php\/reprise-de-lactivite-du-groupe-ducerf\/104137\/#primaryimage"},"thumbnailUrl":"https:\/\/batijournal.com\/wp-content\/uploads\/2020\/04\/faire-faconner-vos-bois-par-des-experts-groupe-ducerf.jpg","articleSection":["Actualit\u00e9s","\u00c9conomie &amp; March\u00e9s","zz_Actualit\u00e9s - Woodsurfer","zz_Woodsurfer"],"inLanguage":"fr-FR"},{"@type":"WebPage","@id":"https:\/\/batijournal.com\/index.php\/reprise-de-lactivite-du-groupe-ducerf\/104137\/","url":"https:\/\/batijournal.com\/index.php\/reprise-de-lactivite-du-groupe-ducerf\/104137\/","name":"Reprise de l\u2019activit\u00e9 du groupe Ducerf","isPartOf":{"@id":"https:\/\/batijournal.com\/#website"},"primaryImageOfPage":{"@id":"https:\/\/batijournal.com\/index.php\/reprise-de-lactivite-du-groupe-ducerf\/104137\/#primaryimage"},"image":{"@id":"https:\/\/batijournal.com\/index.php\/reprise-de-lactivite-du-groupe-ducerf\/104137\/#primaryimage"},"thumbnailUrl":"https:\/\/batijournal.com\/wp-content\/uploads\/2020\/04\/faire-faconner-vos-bois-par-des-experts-groupe-ducerf.jpg","datePublished":"2020-04-17T06:38:03+00:00","dateModified":"2020-04-17T06:38:05+00:00","author":{"@id":"https:\/\/batijournal.com\/#\/schema\/person\/1dc96ec6957aa1ccb25ebe78bb19f100"},"breadcrumb":{"@id":"https:\/\/batijournal.com\/index.php\/reprise-de-lactivite-du-groupe-ducerf\/104137\/#breadcrumb"},"inLanguage":"fr-FR","potentialAction":[{"@type":"ReadAction","target":["https:\/\/batijournal.com\/index.php\/reprise-de-lactivite-du-groupe-ducerf\/104137\/"]}]},{"@type":"ImageObject","inLanguage":"fr-FR","@id":"https:\/\/batijournal.com\/index.php\/reprise-de-lactivite-du-groupe-ducerf\/104137\/#primaryimage","url":"https:\/\/batijournal.com\/wp-content\/uploads\/2020\/04\/faire-faconner-vos-bois-par-des-experts-groupe-ducerf.jpg","contentUrl":"https:\/\/batijournal.com\/wp-content\/uploads\/2020\/04\/faire-faconner-vos-bois-par-des-experts-groupe-ducerf.jpg","width":700,"height":480},{"@type":"BreadcrumbList","@id":"https:\/\/batijournal.com\/index.php\/reprise-de-lactivite-du-groupe-ducerf\/104137\/#breadcrumb","itemListElement":[{"@type":"ListItem","position":1,"name":"Accueil","item":"https:\/\/batijournal.com\/"},{"@type":"ListItem","position":2,"name":"Actualit\u00e9s","item":"https:\/\/batijournal.com\/index.php\/category\/actualites\/"},{"@type":"ListItem","position":3,"name":"Reprise de l\u2019activit\u00e9 du groupe Ducerf"}]},{"@type":"WebSite","@id":"https:\/\/batijournal.com\/#website","url":"https:\/\/batijournal.com\/","name":"Batijournal","description":"L&#039;actualit\u00e9 du b\u00e2timent","potentialAction":[{"@type":"SearchAction","target":{"@type":"EntryPoint","urlTemplate":"https:\/\/batijournal.com\/?s={search_term_string}"},"query-input":{"@type":"PropertyValueSpecification","valueRequired":true,"valueName":"search_term_string"}}],"inLanguage":"fr-FR"},{"@type":"Person","@id":"https:\/\/batijournal.com\/#\/schema\/person\/1dc96ec6957aa1ccb25ebe78bb19f100","name":"St\u00e9phane Miget","image":{"@type":"ImageObject","inLanguage":"fr-FR","@id":"https:\/\/secure.gravatar.com\/avatar\/89915563d925342126b8ef0281b93d9d7fc337043e8df017f780908eb9644451?s=96&d=mm&r=g","url":"https:\/\/secure.gravatar.com\/avatar\/89915563d925342126b8ef0281b93d9d7fc337043e8df017f780908eb9644451?s=96&d=mm&r=g","contentUrl":"https:\/\/secure.gravatar.com\/avatar\/89915563d925342126b8ef0281b93d9d7fc337043e8df017f780908eb9644451?s=96&d=mm&r=g","caption":"St\u00e9phane Miget"},"url":"https:\/\/batijournal.com\/index.php\/author\/stephane\/"}]}},"_links":{"self":[{"href":"https:\/\/batijournal.com\/index.php\/wp-json\/wp\/v2\/posts\/104137","targetHints":{"allow":["GET"]}}],"collection":[{"href":"https:\/\/batijournal.com\/index.php\/wp-json\/wp\/v2\/posts"}],"about":[{"href":"https:\/\/batijournal.com\/index.php\/wp-json\/wp\/v2\/types\/post"}],"author":[{"embeddable":true,"href":"https:\/\/batijournal.com\/index.php\/wp-json\/wp\/v2\/users\/17"}],"replies":[{"embeddable":true,"href":"https:\/\/batijournal.com\/index.php\/wp-json\/wp\/v2\/comments?post=104137"}],"version-history":[{"count":0,"href":"https:\/\/batijournal.com\/index.php\/wp-json\/wp\/v2\/posts\/104137\/revisions"}],"wp:featuredmedia":[{"embeddable":true,"href":"https:\/\/batijournal.com\/index.php\/wp-json\/wp\/v2\/media\/104138"}],"wp:attachment":[{"href":"https:\/\/batijournal.com\/index.php\/wp-json\/wp\/v2\/media?parent=104137"}],"wp:term":[{"taxonomy":"category","embeddable":true,"href":"https:\/\/batijournal.com\/index.php\/wp-json\/wp\/v2\/categories?post=104137"},{"taxonomy":"post_tag","embeddable":true,"href":"https:\/\/batijournal.com\/index.php\/wp-json\/wp\/v2\/tags?post=104137"}],"curies":[{"name":"wp","href":"https:\/\/api.w.org\/{rel}","templated":true}]}}