{"id":104147,"date":"2020-04-20T10:57:15","date_gmt":"2020-04-20T08:57:15","guid":{"rendered":"https:\/\/batijournal.com\/?p=104147"},"modified":"2020-04-20T10:57:16","modified_gmt":"2020-04-20T08:57:16","slug":"covid-19-les-francais-aspirent-a-des-logements-plus-proches-de-la-nature","status":"publish","type":"post","link":"https:\/\/batijournal.com\/index.php\/covid-19-les-francais-aspirent-a-des-logements-plus-proches-de-la-nature\/104147\/","title":{"rendered":"Covid-19 : les Fran\u00e7ais aspirent \u00e0 des logements plus proches de la nature"},"content":{"rendered":"\n<p><strong>La crise sanitaire et le confinement am\u00e8nent les Fran\u00e7ais \u00e0 r\u00e9fl\u00e9chir sur leur mode de vie et leur vision de l&rsquo;avenir. Au regard de ce contexte in\u00e9dit, le Groupe Capelli, promoteur immobilier, en partenariat avec l&rsquo;institut Poll&amp;Roll, a souhait\u00e9 apr\u00e8s un mois de confinement prendre le pouls des Fran\u00e7ais sur l&rsquo;impact de cette crise sur leur projet immobilier. 63 % des Fran\u00e7ais qui avaient un projet immobilier avant la crise le maintiennent, en revanche, 57 % des Fran\u00e7ais ont fait \u00e9voluler leur projet immobilier suite au covid-19.<\/strong><\/p>\n\n\n\n<p><strong>Un fran\u00e7ais sur cinq souhaite changer de logement suite au confinement<\/strong><br \/>Le confinement a une influence sur le bien-\u00eatre des Fran\u00e7ais qui r\u00e9side essentiellement sur la mani\u00e8re dont ils partagent un m\u00eame espace familial et sur le manque de vie en ext\u00e9rieur. Si pour 50 % d&rsquo;entre eux, il n&rsquo;est pas pr\u00e9vu pour l&rsquo;heure de changer de logement, d&rsquo;ores et d\u00e9j\u00e0 20 % l&rsquo;envisagent fortement. Ce changement est essentiellement motiv\u00e9 par la qu\u00eate d&rsquo;espace avec 1 Fran\u00e7ais sur 3 qui exprime le d\u00e9sir d&rsquo;avoir un logement plus grand et 1 personne sur 4 qui souhaite \u00e0 pr\u00e9sent disposer d&rsquo;un espace ext\u00e9rieur (balcon, terrasse ou jardin).<\/p>\n\n\n\n<p><strong>Plus d&rsquo;un fran\u00e7ais sur deux a fait \u00e9voluer son projet immobilier depuis la crise<\/strong><br \/>La crise sanitaire a \u00e9galement un impact sur les projets immobiliers des Fran\u00e7ais. En effet, si 45% gardent tels quels leurs projets immobiliers, les motivations et crit\u00e8res des 55% restant ont r\u00e9ellement \u00e9volu\u00e9s avec la pand\u00e9mie Covid-19. Cette \u00e9tude fait \u00e9galement appara\u00eetre que cette crise sanitaire et \u00e9conomique cr\u00e9e une v\u00e9ritable inqui\u00e9tude, c&rsquo;est pourquoi 1 Fran\u00e7ais sur 3 d\u00e9clare avoir moins confiance en l&rsquo;avenir.<br \/>Le manque de visibilit\u00e9 \u00e0 court terme pousse \u00e9galement les Fran\u00e7ais \u00e0 \u00eatre plus attentistes. Ainsi, 1\/3 d&rsquo;entre eux attendent de voir si les prix vont baisser avant de se positionner sur un achat immobilier.<\/p>\n\n\n\n<p><strong>Des crit\u00e8res d&rsquo;achat qui ont evolu\u00e9 depuis le confinement<\/strong><br \/>L&rsquo;impossibilit\u00e9 de sortir de chez soi fait na\u00eetre chez les Fran\u00e7ais le d\u00e9sir d&rsquo;avoir un ext\u00e9rieur afin de ne pas se sentir confin\u00e9s et \u00e0 l&rsquo;\u00e9troit. Ainsi, pour 36 % d&rsquo;entre eux, la possibilit\u00e9 de disposer d&rsquo;espace ext\u00e9rieur est devenu l&rsquo;un des crit\u00e8res les plus importants dans leur projet d&rsquo;achat. Dor\u00e9navant, 1 Fran\u00e7ais sur 3 souhaite que son bien immobilier soit situ\u00e9 au calme et proche de la nature et logiquement, 17 % des Fran\u00e7ais estiment d\u00e9sormais que la proximit\u00e9 du logement avec le lieu de travail est moins importante pour l&rsquo;acquisition d&rsquo;un bien.<\/p>\n\n\n\n<p>Source : Groupe Capelli &#8211; institut Poll&amp;Roll<\/p>\n","protected":false},"excerpt":{"rendered":"<p>La crise sanitaire et le confinement am\u00e8nent les Fran\u00e7ais \u00e0 r\u00e9fl\u00e9chir sur leur mode de vie et leur vision de l&rsquo;avenir. Au regard de ce contexte in\u00e9dit, le Groupe Capelli, promoteur immobilier, en partenariat avec l&rsquo;institut Poll&amp;Roll, a souhait\u00e9 apr\u00e8s un mois de confinement prendre le pouls des Fran\u00e7ais sur l&rsquo;impact de cette crise sur [&hellip;]<\/p>\n","protected":false},"author":17,"featured_media":91489,"comment_status":"closed","ping_status":"closed","sticky":false,"template":"","format":"standard","meta":{"_et_pb_use_builder":"","_et_pb_old_content":"","_et_gb_content_width":"","footnotes":""},"categories":[10530,6345],"tags":[1364],"class_list":["post-104147","post","type-post","status-publish","format-standard","has-post-thumbnail","hentry","category-actualites","category-economie-marches","tag-immobilier"],"yoast_head":"<!-- This site is optimized with the Yoast SEO plugin v27.4 - https:\/\/yoast.com\/product\/yoast-seo-wordpress\/ -->\n<title>Covid-19 : les Fran\u00e7ais aspirent \u00e0 des logements plus proches de la nature<\/title>\n<meta name=\"robots\" content=\"index, follow, max-snippet:-1, max-image-preview:large, max-video-preview:-1\" \/>\n<link rel=\"canonical\" href=\"https:\/\/batijournal.com\/index.php\/covid-19-les-francais-aspirent-a-des-logements-plus-proches-de-la-nature\/104147\/\" \/>\n<meta property=\"og:locale\" content=\"fr_FR\" \/>\n<meta property=\"og:type\" content=\"article\" \/>\n<meta property=\"og:title\" content=\"Covid-19 : les Fran\u00e7ais aspirent \u00e0 des logements plus proches de la nature\" \/>\n<meta property=\"og:description\" content=\"La crise sanitaire et le confinement am\u00e8nent les Fran\u00e7ais \u00e0 r\u00e9fl\u00e9chir sur leur mode de vie et leur vision de l&rsquo;avenir. Au regard de ce contexte in\u00e9dit, le Groupe Capelli, promoteur immobilier, en partenariat avec l&rsquo;institut Poll&amp;Roll, a souhait\u00e9 apr\u00e8s un mois de confinement prendre le pouls des Fran\u00e7ais sur l&rsquo;impact de cette crise sur [&hellip;]\" \/>\n<meta property=\"og:url\" content=\"https:\/\/batijournal.com\/index.php\/covid-19-les-francais-aspirent-a-des-logements-plus-proches-de-la-nature\/104147\/\" \/>\n<meta property=\"og:site_name\" content=\"Batijournal\" \/>\n<meta property=\"article:published_time\" content=\"2020-04-20T08:57:15+00:00\" \/>\n<meta property=\"article:modified_time\" content=\"2020-04-20T08:57:16+00:00\" \/>\n<meta property=\"og:image\" content=\"https:\/\/batijournal.com\/wp-content\/uploads\/2016\/02\/maison-individuelle.jpg\" \/>\n\t<meta property=\"og:image:width\" content=\"1200\" \/>\n\t<meta property=\"og:image:height\" content=\"800\" \/>\n\t<meta property=\"og:image:type\" content=\"image\/jpeg\" \/>\n<meta name=\"author\" content=\"St\u00e9phane Miget\" \/>\n<meta name=\"twitter:card\" content=\"summary_large_image\" \/>\n<meta name=\"twitter:creator\" content=\"@bati_journal\" \/>\n<meta name=\"twitter:site\" content=\"@bati_journal\" \/>\n<meta name=\"twitter:label1\" content=\"\u00c9crit par\" \/>\n\t<meta name=\"twitter:data1\" content=\"St\u00e9phane Miget\" \/>\n\t<meta name=\"twitter:label2\" content=\"Dur\u00e9e de lecture estim\u00e9e\" \/>\n\t<meta name=\"twitter:data2\" content=\"2 minutes\" \/>\n<script type=\"application\/ld+json\" class=\"yoast-schema-graph\">{\"@context\":\"https:\\\/\\\/schema.org\",\"@graph\":[{\"@type\":\"Article\",\"@id\":\"https:\\\/\\\/batijournal.com\\\/index.php\\\/covid-19-les-francais-aspirent-a-des-logements-plus-proches-de-la-nature\\\/104147\\\/#article\",\"isPartOf\":{\"@id\":\"https:\\\/\\\/batijournal.com\\\/index.php\\\/covid-19-les-francais-aspirent-a-des-logements-plus-proches-de-la-nature\\\/104147\\\/\"},\"author\":{\"name\":\"St\u00e9phane Miget\",\"@id\":\"https:\\\/\\\/batijournal.com\\\/#\\\/schema\\\/person\\\/1dc96ec6957aa1ccb25ebe78bb19f100\"},\"headline\":\"Covid-19 : les Fran\u00e7ais aspirent \u00e0 des logements plus proches de la nature\",\"datePublished\":\"2020-04-20T08:57:15+00:00\",\"dateModified\":\"2020-04-20T08:57:16+00:00\",\"mainEntityOfPage\":{\"@id\":\"https:\\\/\\\/batijournal.com\\\/index.php\\\/covid-19-les-francais-aspirent-a-des-logements-plus-proches-de-la-nature\\\/104147\\\/\"},\"wordCount\":475,\"image\":{\"@id\":\"https:\\\/\\\/batijournal.com\\\/index.php\\\/covid-19-les-francais-aspirent-a-des-logements-plus-proches-de-la-nature\\\/104147\\\/#primaryimage\"},\"thumbnailUrl\":\"https:\\\/\\\/batijournal.com\\\/wp-content\\\/uploads\\\/2016\\\/02\\\/maison-individuelle.jpg\",\"keywords\":[\"immobilier\"],\"articleSection\":[\"Actualit\u00e9s\",\"\u00c9conomie &amp; March\u00e9s\"],\"inLanguage\":\"fr-FR\"},{\"@type\":\"WebPage\",\"@id\":\"https:\\\/\\\/batijournal.com\\\/index.php\\\/covid-19-les-francais-aspirent-a-des-logements-plus-proches-de-la-nature\\\/104147\\\/\",\"url\":\"https:\\\/\\\/batijournal.com\\\/index.php\\\/covid-19-les-francais-aspirent-a-des-logements-plus-proches-de-la-nature\\\/104147\\\/\",\"name\":\"Covid-19 : les Fran\u00e7ais aspirent \u00e0 des logements plus proches de la nature\",\"isPartOf\":{\"@id\":\"https:\\\/\\\/batijournal.com\\\/#website\"},\"primaryImageOfPage\":{\"@id\":\"https:\\\/\\\/batijournal.com\\\/index.php\\\/covid-19-les-francais-aspirent-a-des-logements-plus-proches-de-la-nature\\\/104147\\\/#primaryimage\"},\"image\":{\"@id\":\"https:\\\/\\\/batijournal.com\\\/index.php\\\/covid-19-les-francais-aspirent-a-des-logements-plus-proches-de-la-nature\\\/104147\\\/#primaryimage\"},\"thumbnailUrl\":\"https:\\\/\\\/batijournal.com\\\/wp-content\\\/uploads\\\/2016\\\/02\\\/maison-individuelle.jpg\",\"datePublished\":\"2020-04-20T08:57:15+00:00\",\"dateModified\":\"2020-04-20T08:57:16+00:00\",\"author\":{\"@id\":\"https:\\\/\\\/batijournal.com\\\/#\\\/schema\\\/person\\\/1dc96ec6957aa1ccb25ebe78bb19f100\"},\"breadcrumb\":{\"@id\":\"https:\\\/\\\/batijournal.com\\\/index.php\\\/covid-19-les-francais-aspirent-a-des-logements-plus-proches-de-la-nature\\\/104147\\\/#breadcrumb\"},\"inLanguage\":\"fr-FR\",\"potentialAction\":[{\"@type\":\"ReadAction\",\"target\":[\"https:\\\/\\\/batijournal.com\\\/index.php\\\/covid-19-les-francais-aspirent-a-des-logements-plus-proches-de-la-nature\\\/104147\\\/\"]}]},{\"@type\":\"ImageObject\",\"inLanguage\":\"fr-FR\",\"@id\":\"https:\\\/\\\/batijournal.com\\\/index.php\\\/covid-19-les-francais-aspirent-a-des-logements-plus-proches-de-la-nature\\\/104147\\\/#primaryimage\",\"url\":\"https:\\\/\\\/batijournal.com\\\/wp-content\\\/uploads\\\/2016\\\/02\\\/maison-individuelle.jpg\",\"contentUrl\":\"https:\\\/\\\/batijournal.com\\\/wp-content\\\/uploads\\\/2016\\\/02\\\/maison-individuelle.jpg\",\"width\":1200,\"height\":800},{\"@type\":\"BreadcrumbList\",\"@id\":\"https:\\\/\\\/batijournal.com\\\/index.php\\\/covid-19-les-francais-aspirent-a-des-logements-plus-proches-de-la-nature\\\/104147\\\/#breadcrumb\",\"itemListElement\":[{\"@type\":\"ListItem\",\"position\":1,\"name\":\"Accueil\",\"item\":\"https:\\\/\\\/batijournal.com\\\/\"},{\"@type\":\"ListItem\",\"position\":2,\"name\":\"Actualit\u00e9s\",\"item\":\"https:\\\/\\\/batijournal.com\\\/index.php\\\/category\\\/actualites\\\/\"},{\"@type\":\"ListItem\",\"position\":3,\"name\":\"Covid-19 : les Fran\u00e7ais aspirent \u00e0 des logements plus proches de la nature\"}]},{\"@type\":\"WebSite\",\"@id\":\"https:\\\/\\\/batijournal.com\\\/#website\",\"url\":\"https:\\\/\\\/batijournal.com\\\/\",\"name\":\"Batijournal\",\"description\":\"L&#039;actualit\u00e9 du b\u00e2timent\",\"potentialAction\":[{\"@type\":\"SearchAction\",\"target\":{\"@type\":\"EntryPoint\",\"urlTemplate\":\"https:\\\/\\\/batijournal.com\\\/?s={search_term_string}\"},\"query-input\":{\"@type\":\"PropertyValueSpecification\",\"valueRequired\":true,\"valueName\":\"search_term_string\"}}],\"inLanguage\":\"fr-FR\"},{\"@type\":\"Person\",\"@id\":\"https:\\\/\\\/batijournal.com\\\/#\\\/schema\\\/person\\\/1dc96ec6957aa1ccb25ebe78bb19f100\",\"name\":\"St\u00e9phane Miget\",\"image\":{\"@type\":\"ImageObject\",\"inLanguage\":\"fr-FR\",\"@id\":\"https:\\\/\\\/secure.gravatar.com\\\/avatar\\\/89915563d925342126b8ef0281b93d9d7fc337043e8df017f780908eb9644451?s=96&d=mm&r=g\",\"url\":\"https:\\\/\\\/secure.gravatar.com\\\/avatar\\\/89915563d925342126b8ef0281b93d9d7fc337043e8df017f780908eb9644451?s=96&d=mm&r=g\",\"contentUrl\":\"https:\\\/\\\/secure.gravatar.com\\\/avatar\\\/89915563d925342126b8ef0281b93d9d7fc337043e8df017f780908eb9644451?s=96&d=mm&r=g\",\"caption\":\"St\u00e9phane Miget\"},\"url\":\"https:\\\/\\\/batijournal.com\\\/index.php\\\/author\\\/stephane\\\/\"}]}<\/script>\n<!-- \/ Yoast SEO plugin. -->","yoast_head_json":{"title":"Covid-19 : les Fran\u00e7ais aspirent \u00e0 des logements plus proches de la nature","robots":{"index":"index","follow":"follow","max-snippet":"max-snippet:-1","max-image-preview":"max-image-preview:large","max-video-preview":"max-video-preview:-1"},"canonical":"https:\/\/batijournal.com\/index.php\/covid-19-les-francais-aspirent-a-des-logements-plus-proches-de-la-nature\/104147\/","og_locale":"fr_FR","og_type":"article","og_title":"Covid-19 : les Fran\u00e7ais aspirent \u00e0 des logements plus proches de la nature","og_description":"La crise sanitaire et le confinement am\u00e8nent les Fran\u00e7ais \u00e0 r\u00e9fl\u00e9chir sur leur mode de vie et leur vision de l&rsquo;avenir. Au regard de ce contexte in\u00e9dit, le Groupe Capelli, promoteur immobilier, en partenariat avec l&rsquo;institut Poll&amp;Roll, a souhait\u00e9 apr\u00e8s un mois de confinement prendre le pouls des Fran\u00e7ais sur l&rsquo;impact de cette crise sur [&hellip;]","og_url":"https:\/\/batijournal.com\/index.php\/covid-19-les-francais-aspirent-a-des-logements-plus-proches-de-la-nature\/104147\/","og_site_name":"Batijournal","article_published_time":"2020-04-20T08:57:15+00:00","article_modified_time":"2020-04-20T08:57:16+00:00","og_image":[{"width":1200,"height":800,"url":"https:\/\/batijournal.com\/wp-content\/uploads\/2016\/02\/maison-individuelle.jpg","type":"image\/jpeg"}],"author":"St\u00e9phane Miget","twitter_card":"summary_large_image","twitter_creator":"@bati_journal","twitter_site":"@bati_journal","twitter_misc":{"\u00c9crit par":"St\u00e9phane Miget","Dur\u00e9e de lecture estim\u00e9e":"2 minutes"},"schema":{"@context":"https:\/\/schema.org","@graph":[{"@type":"Article","@id":"https:\/\/batijournal.com\/index.php\/covid-19-les-francais-aspirent-a-des-logements-plus-proches-de-la-nature\/104147\/#article","isPartOf":{"@id":"https:\/\/batijournal.com\/index.php\/covid-19-les-francais-aspirent-a-des-logements-plus-proches-de-la-nature\/104147\/"},"author":{"name":"St\u00e9phane Miget","@id":"https:\/\/batijournal.com\/#\/schema\/person\/1dc96ec6957aa1ccb25ebe78bb19f100"},"headline":"Covid-19 : les Fran\u00e7ais aspirent \u00e0 des logements plus proches de la nature","datePublished":"2020-04-20T08:57:15+00:00","dateModified":"2020-04-20T08:57:16+00:00","mainEntityOfPage":{"@id":"https:\/\/batijournal.com\/index.php\/covid-19-les-francais-aspirent-a-des-logements-plus-proches-de-la-nature\/104147\/"},"wordCount":475,"image":{"@id":"https:\/\/batijournal.com\/index.php\/covid-19-les-francais-aspirent-a-des-logements-plus-proches-de-la-nature\/104147\/#primaryimage"},"thumbnailUrl":"https:\/\/batijournal.com\/wp-content\/uploads\/2016\/02\/maison-individuelle.jpg","keywords":["immobilier"],"articleSection":["Actualit\u00e9s","\u00c9conomie &amp; March\u00e9s"],"inLanguage":"fr-FR"},{"@type":"WebPage","@id":"https:\/\/batijournal.com\/index.php\/covid-19-les-francais-aspirent-a-des-logements-plus-proches-de-la-nature\/104147\/","url":"https:\/\/batijournal.com\/index.php\/covid-19-les-francais-aspirent-a-des-logements-plus-proches-de-la-nature\/104147\/","name":"Covid-19 : les Fran\u00e7ais aspirent \u00e0 des logements plus proches de la nature","isPartOf":{"@id":"https:\/\/batijournal.com\/#website"},"primaryImageOfPage":{"@id":"https:\/\/batijournal.com\/index.php\/covid-19-les-francais-aspirent-a-des-logements-plus-proches-de-la-nature\/104147\/#primaryimage"},"image":{"@id":"https:\/\/batijournal.com\/index.php\/covid-19-les-francais-aspirent-a-des-logements-plus-proches-de-la-nature\/104147\/#primaryimage"},"thumbnailUrl":"https:\/\/batijournal.com\/wp-content\/uploads\/2016\/02\/maison-individuelle.jpg","datePublished":"2020-04-20T08:57:15+00:00","dateModified":"2020-04-20T08:57:16+00:00","author":{"@id":"https:\/\/batijournal.com\/#\/schema\/person\/1dc96ec6957aa1ccb25ebe78bb19f100"},"breadcrumb":{"@id":"https:\/\/batijournal.com\/index.php\/covid-19-les-francais-aspirent-a-des-logements-plus-proches-de-la-nature\/104147\/#breadcrumb"},"inLanguage":"fr-FR","potentialAction":[{"@type":"ReadAction","target":["https:\/\/batijournal.com\/index.php\/covid-19-les-francais-aspirent-a-des-logements-plus-proches-de-la-nature\/104147\/"]}]},{"@type":"ImageObject","inLanguage":"fr-FR","@id":"https:\/\/batijournal.com\/index.php\/covid-19-les-francais-aspirent-a-des-logements-plus-proches-de-la-nature\/104147\/#primaryimage","url":"https:\/\/batijournal.com\/wp-content\/uploads\/2016\/02\/maison-individuelle.jpg","contentUrl":"https:\/\/batijournal.com\/wp-content\/uploads\/2016\/02\/maison-individuelle.jpg","width":1200,"height":800},{"@type":"BreadcrumbList","@id":"https:\/\/batijournal.com\/index.php\/covid-19-les-francais-aspirent-a-des-logements-plus-proches-de-la-nature\/104147\/#breadcrumb","itemListElement":[{"@type":"ListItem","position":1,"name":"Accueil","item":"https:\/\/batijournal.com\/"},{"@type":"ListItem","position":2,"name":"Actualit\u00e9s","item":"https:\/\/batijournal.com\/index.php\/category\/actualites\/"},{"@type":"ListItem","position":3,"name":"Covid-19 : les Fran\u00e7ais aspirent \u00e0 des logements plus proches de la nature"}]},{"@type":"WebSite","@id":"https:\/\/batijournal.com\/#website","url":"https:\/\/batijournal.com\/","name":"Batijournal","description":"L&#039;actualit\u00e9 du b\u00e2timent","potentialAction":[{"@type":"SearchAction","target":{"@type":"EntryPoint","urlTemplate":"https:\/\/batijournal.com\/?s={search_term_string}"},"query-input":{"@type":"PropertyValueSpecification","valueRequired":true,"valueName":"search_term_string"}}],"inLanguage":"fr-FR"},{"@type":"Person","@id":"https:\/\/batijournal.com\/#\/schema\/person\/1dc96ec6957aa1ccb25ebe78bb19f100","name":"St\u00e9phane Miget","image":{"@type":"ImageObject","inLanguage":"fr-FR","@id":"https:\/\/secure.gravatar.com\/avatar\/89915563d925342126b8ef0281b93d9d7fc337043e8df017f780908eb9644451?s=96&d=mm&r=g","url":"https:\/\/secure.gravatar.com\/avatar\/89915563d925342126b8ef0281b93d9d7fc337043e8df017f780908eb9644451?s=96&d=mm&r=g","contentUrl":"https:\/\/secure.gravatar.com\/avatar\/89915563d925342126b8ef0281b93d9d7fc337043e8df017f780908eb9644451?s=96&d=mm&r=g","caption":"St\u00e9phane Miget"},"url":"https:\/\/batijournal.com\/index.php\/author\/stephane\/"}]}},"_links":{"self":[{"href":"https:\/\/batijournal.com\/index.php\/wp-json\/wp\/v2\/posts\/104147","targetHints":{"allow":["GET"]}}],"collection":[{"href":"https:\/\/batijournal.com\/index.php\/wp-json\/wp\/v2\/posts"}],"about":[{"href":"https:\/\/batijournal.com\/index.php\/wp-json\/wp\/v2\/types\/post"}],"author":[{"embeddable":true,"href":"https:\/\/batijournal.com\/index.php\/wp-json\/wp\/v2\/users\/17"}],"replies":[{"embeddable":true,"href":"https:\/\/batijournal.com\/index.php\/wp-json\/wp\/v2\/comments?post=104147"}],"version-history":[{"count":0,"href":"https:\/\/batijournal.com\/index.php\/wp-json\/wp\/v2\/posts\/104147\/revisions"}],"wp:featuredmedia":[{"embeddable":true,"href":"https:\/\/batijournal.com\/index.php\/wp-json\/wp\/v2\/media\/91489"}],"wp:attachment":[{"href":"https:\/\/batijournal.com\/index.php\/wp-json\/wp\/v2\/media?parent=104147"}],"wp:term":[{"taxonomy":"category","embeddable":true,"href":"https:\/\/batijournal.com\/index.php\/wp-json\/wp\/v2\/categories?post=104147"},{"taxonomy":"post_tag","embeddable":true,"href":"https:\/\/batijournal.com\/index.php\/wp-json\/wp\/v2\/tags?post=104147"}],"curies":[{"name":"wp","href":"https:\/\/api.w.org\/{rel}","templated":true}]}}