{"id":104152,"date":"2020-04-21T09:34:57","date_gmt":"2020-04-21T07:34:57","guid":{"rendered":"https:\/\/batijournal.com\/?p=104152"},"modified":"2020-04-21T09:34:59","modified_gmt":"2020-04-21T07:34:59","slug":"politique-energetique-3-propositions-des-organisations-de-la-filiere-electrique","status":"publish","type":"post","link":"https:\/\/batijournal.com\/index.php\/politique-energetique-3-propositions-des-organisations-de-la-filiere-electrique\/104152\/","title":{"rendered":"Politique \u00e9nerg\u00e9tique : 3 propositions des organisations de la fili\u00e8re \u00e9lectrique"},"content":{"rendered":"\n<p><strong>A la suite des consultations publiques sur la Strat\u00e9gie Nationale Bas Carbone et la Programmation Pluriannuelle de l\u2019\u00c9nergie, le SERCE estime que les grandes orientations en mati\u00e8re de politique \u00e9nerg\u00e9tique et climatique pourraient \u00eatre enrichies de recommandations issues de l\u2019\u00e9tude \u201cL\u2019\u00e9lectricit\u00e9 au coeur du b\u00e2timent performant, au service de l\u2019usage : une r\u00e9ponse aux enjeux \u00e9nerg\u00e9tique, climatique et num\u00e9rique\u201d r\u00e9alis\u00e9e par les organisations de la fili\u00e8re \u00e9lectrique.<\/strong><\/p>\n\n\n\n<p>Parmi les recommandations et mesures concr\u00e8tes d\u00e9clin\u00e9es dans cette \u00e9tude, le SERCE consid\u00e8re que trois leviers sont particuli\u00e8rement pertinents pour atteindre les objectifs de transition \u00e9nerg\u00e9tique et climatique port\u00e9s par la PPE et la SNBC, notamment en lien avec l\u2019am\u00e9lioration de la performance \u00e9nerg\u00e9tique des b\u00e2timents tertiaires.<\/p>\n\n\n\n<ul class=\"wp-block-list\"><li>Mesurer pour comprendre et ma\u00eetriser sa consommation \u00e9nerg\u00e9tique<br \/>Le SERCE estime que le sous-comptage des consommations \u00e9nerg\u00e9tiques offre la possibilit\u00e9 d\u2019auditer en continu les diff\u00e9rents postes de consommation afin d\u2019adopter une d\u00e9marche d\u2019efficacit\u00e9 \u00e9nerg\u00e9tique personnalis\u00e9e, agile et tangible. En associant un service d\u2019Energy Management au mat\u00e9riel d\u00e9ploy\u00e9, de nouveaux projets \u00e9nerg\u00e9tiques verront le jour en lien avec le niveau de maturit\u00e9 du ma\u00eetre d\u2019ouvrage sur le sujet : cartographie \u00e9nerg\u00e9tique, qualification des actions de performance \u00e9nerg\u00e9tique, plan d\u2019actions\u2026<\/li><li>Proposer des d\u00e9marches de r\u00e9novation \u00e9nerg\u00e9tique assorties de garanties de performance<br \/>En s\u2019appuyant sur les solutions de comptage, les op\u00e9rations d\u2019am\u00e9lioration de la performance \u00e9nerg\u00e9tique des b\u00e2timents peuvent int\u00e9grer un engagement r\u00e9el et mesurable dans la dur\u00e9e, sous la forme d\u2019un CPE qui peut favoriser la limitation de l\u2019investissement initial.<\/li><li>Acc\u00e9l\u00e9rer la d\u00e9centralisation du syst\u00e8me \u00e9lectrique afin de pouvoir int\u00e9grer massivement les \u00e9nergies renouvelables et gagner en efficacit\u00e9.<br \/>Le SERCE demande l\u2019augmentation du seuil de participation au guichet ouvert pour les installations photovolta\u00efques en autoconsommation en le passant de 100 \u00e0 500 kW, ce qui leur permettrait notamment de b\u00e9n\u00e9ficier d\u2019un tarif d\u2019achat p\u00e9renne sans passer par la proc\u00e9dure complexe des appels d\u2019offres.<\/li><\/ul>\n","protected":false},"excerpt":{"rendered":"<p>A la suite des consultations publiques sur la Strat\u00e9gie Nationale Bas Carbone et la Programmation Pluriannuelle de l\u2019\u00c9nergie, le SERCE estime que les grandes orientations en mati\u00e8re de politique \u00e9nerg\u00e9tique et climatique pourraient \u00eatre enrichies de recommandations issues de l\u2019\u00e9tude \u201cL\u2019\u00e9lectricit\u00e9 au coeur du b\u00e2timent performant, au service de l\u2019usage : une r\u00e9ponse aux enjeux [&hellip;]<\/p>\n","protected":false},"author":17,"featured_media":87010,"comment_status":"closed","ping_status":"closed","sticky":false,"template":"","format":"standard","meta":{"_et_pb_use_builder":"","_et_pb_old_content":"","_et_gb_content_width":"","footnotes":""},"categories":[10530,6351,10781,10778],"tags":[382],"class_list":["post-104152","post","type-post","status-publish","format-standard","has-post-thumbnail","hentry","category-actualites","category-energie-environnement","category-publications-planete","category-planete","tag-electricite"],"yoast_head":"<!-- This site is optimized with the Yoast SEO plugin v27.4 - https:\/\/yoast.com\/product\/yoast-seo-wordpress\/ -->\n<title>Politique \u00e9nerg\u00e9tique : 3 propositions des organisations de la fili\u00e8re \u00e9lectrique<\/title>\n<meta name=\"robots\" content=\"index, follow, max-snippet:-1, max-image-preview:large, max-video-preview:-1\" \/>\n<link rel=\"canonical\" href=\"https:\/\/batijournal.com\/index.php\/politique-energetique-3-propositions-des-organisations-de-la-filiere-electrique\/104152\/\" \/>\n<meta property=\"og:locale\" content=\"fr_FR\" \/>\n<meta property=\"og:type\" content=\"article\" \/>\n<meta property=\"og:title\" content=\"Politique \u00e9nerg\u00e9tique : 3 propositions des organisations de la fili\u00e8re \u00e9lectrique\" \/>\n<meta property=\"og:description\" content=\"A la suite des consultations publiques sur la Strat\u00e9gie Nationale Bas Carbone et la Programmation Pluriannuelle de l\u2019\u00c9nergie, le SERCE estime que les grandes orientations en mati\u00e8re de politique \u00e9nerg\u00e9tique et climatique pourraient \u00eatre enrichies de recommandations issues de l\u2019\u00e9tude \u201cL\u2019\u00e9lectricit\u00e9 au coeur du b\u00e2timent performant, au service de l\u2019usage : une r\u00e9ponse aux enjeux [&hellip;]\" \/>\n<meta property=\"og:url\" content=\"https:\/\/batijournal.com\/index.php\/politique-energetique-3-propositions-des-organisations-de-la-filiere-electrique\/104152\/\" \/>\n<meta property=\"og:site_name\" content=\"Batijournal\" \/>\n<meta property=\"article:published_time\" content=\"2020-04-21T07:34:57+00:00\" \/>\n<meta property=\"article:modified_time\" content=\"2020-04-21T07:34:59+00:00\" \/>\n<meta property=\"og:image\" content=\"https:\/\/batijournal.com\/wp-content\/uploads\/2015\/05\/98635406.jpg\" \/>\n\t<meta property=\"og:image:width\" content=\"600\" \/>\n\t<meta property=\"og:image:height\" content=\"316\" \/>\n\t<meta property=\"og:image:type\" content=\"image\/jpeg\" \/>\n<meta name=\"author\" content=\"St\u00e9phane Miget\" \/>\n<meta name=\"twitter:card\" content=\"summary_large_image\" \/>\n<meta name=\"twitter:creator\" content=\"@bati_journal\" \/>\n<meta name=\"twitter:site\" content=\"@bati_journal\" \/>\n<meta name=\"twitter:label1\" content=\"\u00c9crit par\" \/>\n\t<meta name=\"twitter:data1\" content=\"St\u00e9phane Miget\" \/>\n\t<meta name=\"twitter:label2\" content=\"Dur\u00e9e de lecture estim\u00e9e\" \/>\n\t<meta name=\"twitter:data2\" content=\"2 minutes\" \/>\n<script type=\"application\/ld+json\" class=\"yoast-schema-graph\">{\"@context\":\"https:\\\/\\\/schema.org\",\"@graph\":[{\"@type\":\"Article\",\"@id\":\"https:\\\/\\\/batijournal.com\\\/index.php\\\/politique-energetique-3-propositions-des-organisations-de-la-filiere-electrique\\\/104152\\\/#article\",\"isPartOf\":{\"@id\":\"https:\\\/\\\/batijournal.com\\\/index.php\\\/politique-energetique-3-propositions-des-organisations-de-la-filiere-electrique\\\/104152\\\/\"},\"author\":{\"name\":\"St\u00e9phane Miget\",\"@id\":\"https:\\\/\\\/batijournal.com\\\/#\\\/schema\\\/person\\\/1dc96ec6957aa1ccb25ebe78bb19f100\"},\"headline\":\"Politique \u00e9nerg\u00e9tique : 3 propositions des organisations de la fili\u00e8re \u00e9lectrique\",\"datePublished\":\"2020-04-21T07:34:57+00:00\",\"dateModified\":\"2020-04-21T07:34:59+00:00\",\"mainEntityOfPage\":{\"@id\":\"https:\\\/\\\/batijournal.com\\\/index.php\\\/politique-energetique-3-propositions-des-organisations-de-la-filiere-electrique\\\/104152\\\/\"},\"wordCount\":381,\"image\":{\"@id\":\"https:\\\/\\\/batijournal.com\\\/index.php\\\/politique-energetique-3-propositions-des-organisations-de-la-filiere-electrique\\\/104152\\\/#primaryimage\"},\"thumbnailUrl\":\"https:\\\/\\\/batijournal.com\\\/wp-content\\\/uploads\\\/2015\\\/05\\\/98635406.jpg\",\"keywords\":[\"\u00e9lectricit\u00e9\"],\"articleSection\":[\"Actualit\u00e9s\",\"\u00c9nergie &amp; Environnement\",\"zz_Actualit\u00e9s - Plan\u00e8te\",\"zz_Plan\u00e8te B\u00e2timent\"],\"inLanguage\":\"fr-FR\"},{\"@type\":\"WebPage\",\"@id\":\"https:\\\/\\\/batijournal.com\\\/index.php\\\/politique-energetique-3-propositions-des-organisations-de-la-filiere-electrique\\\/104152\\\/\",\"url\":\"https:\\\/\\\/batijournal.com\\\/index.php\\\/politique-energetique-3-propositions-des-organisations-de-la-filiere-electrique\\\/104152\\\/\",\"name\":\"Politique \u00e9nerg\u00e9tique : 3 propositions des organisations de la fili\u00e8re \u00e9lectrique\",\"isPartOf\":{\"@id\":\"https:\\\/\\\/batijournal.com\\\/#website\"},\"primaryImageOfPage\":{\"@id\":\"https:\\\/\\\/batijournal.com\\\/index.php\\\/politique-energetique-3-propositions-des-organisations-de-la-filiere-electrique\\\/104152\\\/#primaryimage\"},\"image\":{\"@id\":\"https:\\\/\\\/batijournal.com\\\/index.php\\\/politique-energetique-3-propositions-des-organisations-de-la-filiere-electrique\\\/104152\\\/#primaryimage\"},\"thumbnailUrl\":\"https:\\\/\\\/batijournal.com\\\/wp-content\\\/uploads\\\/2015\\\/05\\\/98635406.jpg\",\"datePublished\":\"2020-04-21T07:34:57+00:00\",\"dateModified\":\"2020-04-21T07:34:59+00:00\",\"author\":{\"@id\":\"https:\\\/\\\/batijournal.com\\\/#\\\/schema\\\/person\\\/1dc96ec6957aa1ccb25ebe78bb19f100\"},\"breadcrumb\":{\"@id\":\"https:\\\/\\\/batijournal.com\\\/index.php\\\/politique-energetique-3-propositions-des-organisations-de-la-filiere-electrique\\\/104152\\\/#breadcrumb\"},\"inLanguage\":\"fr-FR\",\"potentialAction\":[{\"@type\":\"ReadAction\",\"target\":[\"https:\\\/\\\/batijournal.com\\\/index.php\\\/politique-energetique-3-propositions-des-organisations-de-la-filiere-electrique\\\/104152\\\/\"]}]},{\"@type\":\"ImageObject\",\"inLanguage\":\"fr-FR\",\"@id\":\"https:\\\/\\\/batijournal.com\\\/index.php\\\/politique-energetique-3-propositions-des-organisations-de-la-filiere-electrique\\\/104152\\\/#primaryimage\",\"url\":\"https:\\\/\\\/batijournal.com\\\/wp-content\\\/uploads\\\/2015\\\/05\\\/98635406.jpg\",\"contentUrl\":\"https:\\\/\\\/batijournal.com\\\/wp-content\\\/uploads\\\/2015\\\/05\\\/98635406.jpg\",\"width\":600,\"height\":316,\"caption\":\"photovolta\u00efque\"},{\"@type\":\"BreadcrumbList\",\"@id\":\"https:\\\/\\\/batijournal.com\\\/index.php\\\/politique-energetique-3-propositions-des-organisations-de-la-filiere-electrique\\\/104152\\\/#breadcrumb\",\"itemListElement\":[{\"@type\":\"ListItem\",\"position\":1,\"name\":\"Accueil\",\"item\":\"https:\\\/\\\/batijournal.com\\\/\"},{\"@type\":\"ListItem\",\"position\":2,\"name\":\"Actualit\u00e9s\",\"item\":\"https:\\\/\\\/batijournal.com\\\/index.php\\\/category\\\/actualites\\\/\"},{\"@type\":\"ListItem\",\"position\":3,\"name\":\"Politique \u00e9nerg\u00e9tique : 3 propositions des organisations de la fili\u00e8re \u00e9lectrique\"}]},{\"@type\":\"WebSite\",\"@id\":\"https:\\\/\\\/batijournal.com\\\/#website\",\"url\":\"https:\\\/\\\/batijournal.com\\\/\",\"name\":\"Batijournal\",\"description\":\"L&#039;actualit\u00e9 du b\u00e2timent\",\"potentialAction\":[{\"@type\":\"SearchAction\",\"target\":{\"@type\":\"EntryPoint\",\"urlTemplate\":\"https:\\\/\\\/batijournal.com\\\/?s={search_term_string}\"},\"query-input\":{\"@type\":\"PropertyValueSpecification\",\"valueRequired\":true,\"valueName\":\"search_term_string\"}}],\"inLanguage\":\"fr-FR\"},{\"@type\":\"Person\",\"@id\":\"https:\\\/\\\/batijournal.com\\\/#\\\/schema\\\/person\\\/1dc96ec6957aa1ccb25ebe78bb19f100\",\"name\":\"St\u00e9phane Miget\",\"image\":{\"@type\":\"ImageObject\",\"inLanguage\":\"fr-FR\",\"@id\":\"https:\\\/\\\/secure.gravatar.com\\\/avatar\\\/89915563d925342126b8ef0281b93d9d7fc337043e8df017f780908eb9644451?s=96&d=mm&r=g\",\"url\":\"https:\\\/\\\/secure.gravatar.com\\\/avatar\\\/89915563d925342126b8ef0281b93d9d7fc337043e8df017f780908eb9644451?s=96&d=mm&r=g\",\"contentUrl\":\"https:\\\/\\\/secure.gravatar.com\\\/avatar\\\/89915563d925342126b8ef0281b93d9d7fc337043e8df017f780908eb9644451?s=96&d=mm&r=g\",\"caption\":\"St\u00e9phane Miget\"},\"url\":\"https:\\\/\\\/batijournal.com\\\/index.php\\\/author\\\/stephane\\\/\"}]}<\/script>\n<!-- \/ Yoast SEO plugin. -->","yoast_head_json":{"title":"Politique \u00e9nerg\u00e9tique : 3 propositions des organisations de la fili\u00e8re \u00e9lectrique","robots":{"index":"index","follow":"follow","max-snippet":"max-snippet:-1","max-image-preview":"max-image-preview:large","max-video-preview":"max-video-preview:-1"},"canonical":"https:\/\/batijournal.com\/index.php\/politique-energetique-3-propositions-des-organisations-de-la-filiere-electrique\/104152\/","og_locale":"fr_FR","og_type":"article","og_title":"Politique \u00e9nerg\u00e9tique : 3 propositions des organisations de la fili\u00e8re \u00e9lectrique","og_description":"A la suite des consultations publiques sur la Strat\u00e9gie Nationale Bas Carbone et la Programmation Pluriannuelle de l\u2019\u00c9nergie, le SERCE estime que les grandes orientations en mati\u00e8re de politique \u00e9nerg\u00e9tique et climatique pourraient \u00eatre enrichies de recommandations issues de l\u2019\u00e9tude \u201cL\u2019\u00e9lectricit\u00e9 au coeur du b\u00e2timent performant, au service de l\u2019usage : une r\u00e9ponse aux enjeux [&hellip;]","og_url":"https:\/\/batijournal.com\/index.php\/politique-energetique-3-propositions-des-organisations-de-la-filiere-electrique\/104152\/","og_site_name":"Batijournal","article_published_time":"2020-04-21T07:34:57+00:00","article_modified_time":"2020-04-21T07:34:59+00:00","og_image":[{"width":600,"height":316,"url":"https:\/\/batijournal.com\/wp-content\/uploads\/2015\/05\/98635406.jpg","type":"image\/jpeg"}],"author":"St\u00e9phane Miget","twitter_card":"summary_large_image","twitter_creator":"@bati_journal","twitter_site":"@bati_journal","twitter_misc":{"\u00c9crit par":"St\u00e9phane Miget","Dur\u00e9e de lecture estim\u00e9e":"2 minutes"},"schema":{"@context":"https:\/\/schema.org","@graph":[{"@type":"Article","@id":"https:\/\/batijournal.com\/index.php\/politique-energetique-3-propositions-des-organisations-de-la-filiere-electrique\/104152\/#article","isPartOf":{"@id":"https:\/\/batijournal.com\/index.php\/politique-energetique-3-propositions-des-organisations-de-la-filiere-electrique\/104152\/"},"author":{"name":"St\u00e9phane Miget","@id":"https:\/\/batijournal.com\/#\/schema\/person\/1dc96ec6957aa1ccb25ebe78bb19f100"},"headline":"Politique \u00e9nerg\u00e9tique : 3 propositions des organisations de la fili\u00e8re \u00e9lectrique","datePublished":"2020-04-21T07:34:57+00:00","dateModified":"2020-04-21T07:34:59+00:00","mainEntityOfPage":{"@id":"https:\/\/batijournal.com\/index.php\/politique-energetique-3-propositions-des-organisations-de-la-filiere-electrique\/104152\/"},"wordCount":381,"image":{"@id":"https:\/\/batijournal.com\/index.php\/politique-energetique-3-propositions-des-organisations-de-la-filiere-electrique\/104152\/#primaryimage"},"thumbnailUrl":"https:\/\/batijournal.com\/wp-content\/uploads\/2015\/05\/98635406.jpg","keywords":["\u00e9lectricit\u00e9"],"articleSection":["Actualit\u00e9s","\u00c9nergie &amp; Environnement","zz_Actualit\u00e9s - Plan\u00e8te","zz_Plan\u00e8te B\u00e2timent"],"inLanguage":"fr-FR"},{"@type":"WebPage","@id":"https:\/\/batijournal.com\/index.php\/politique-energetique-3-propositions-des-organisations-de-la-filiere-electrique\/104152\/","url":"https:\/\/batijournal.com\/index.php\/politique-energetique-3-propositions-des-organisations-de-la-filiere-electrique\/104152\/","name":"Politique \u00e9nerg\u00e9tique : 3 propositions des organisations de la fili\u00e8re \u00e9lectrique","isPartOf":{"@id":"https:\/\/batijournal.com\/#website"},"primaryImageOfPage":{"@id":"https:\/\/batijournal.com\/index.php\/politique-energetique-3-propositions-des-organisations-de-la-filiere-electrique\/104152\/#primaryimage"},"image":{"@id":"https:\/\/batijournal.com\/index.php\/politique-energetique-3-propositions-des-organisations-de-la-filiere-electrique\/104152\/#primaryimage"},"thumbnailUrl":"https:\/\/batijournal.com\/wp-content\/uploads\/2015\/05\/98635406.jpg","datePublished":"2020-04-21T07:34:57+00:00","dateModified":"2020-04-21T07:34:59+00:00","author":{"@id":"https:\/\/batijournal.com\/#\/schema\/person\/1dc96ec6957aa1ccb25ebe78bb19f100"},"breadcrumb":{"@id":"https:\/\/batijournal.com\/index.php\/politique-energetique-3-propositions-des-organisations-de-la-filiere-electrique\/104152\/#breadcrumb"},"inLanguage":"fr-FR","potentialAction":[{"@type":"ReadAction","target":["https:\/\/batijournal.com\/index.php\/politique-energetique-3-propositions-des-organisations-de-la-filiere-electrique\/104152\/"]}]},{"@type":"ImageObject","inLanguage":"fr-FR","@id":"https:\/\/batijournal.com\/index.php\/politique-energetique-3-propositions-des-organisations-de-la-filiere-electrique\/104152\/#primaryimage","url":"https:\/\/batijournal.com\/wp-content\/uploads\/2015\/05\/98635406.jpg","contentUrl":"https:\/\/batijournal.com\/wp-content\/uploads\/2015\/05\/98635406.jpg","width":600,"height":316,"caption":"photovolta\u00efque"},{"@type":"BreadcrumbList","@id":"https:\/\/batijournal.com\/index.php\/politique-energetique-3-propositions-des-organisations-de-la-filiere-electrique\/104152\/#breadcrumb","itemListElement":[{"@type":"ListItem","position":1,"name":"Accueil","item":"https:\/\/batijournal.com\/"},{"@type":"ListItem","position":2,"name":"Actualit\u00e9s","item":"https:\/\/batijournal.com\/index.php\/category\/actualites\/"},{"@type":"ListItem","position":3,"name":"Politique \u00e9nerg\u00e9tique : 3 propositions des organisations de la fili\u00e8re \u00e9lectrique"}]},{"@type":"WebSite","@id":"https:\/\/batijournal.com\/#website","url":"https:\/\/batijournal.com\/","name":"Batijournal","description":"L&#039;actualit\u00e9 du b\u00e2timent","potentialAction":[{"@type":"SearchAction","target":{"@type":"EntryPoint","urlTemplate":"https:\/\/batijournal.com\/?s={search_term_string}"},"query-input":{"@type":"PropertyValueSpecification","valueRequired":true,"valueName":"search_term_string"}}],"inLanguage":"fr-FR"},{"@type":"Person","@id":"https:\/\/batijournal.com\/#\/schema\/person\/1dc96ec6957aa1ccb25ebe78bb19f100","name":"St\u00e9phane Miget","image":{"@type":"ImageObject","inLanguage":"fr-FR","@id":"https:\/\/secure.gravatar.com\/avatar\/89915563d925342126b8ef0281b93d9d7fc337043e8df017f780908eb9644451?s=96&d=mm&r=g","url":"https:\/\/secure.gravatar.com\/avatar\/89915563d925342126b8ef0281b93d9d7fc337043e8df017f780908eb9644451?s=96&d=mm&r=g","contentUrl":"https:\/\/secure.gravatar.com\/avatar\/89915563d925342126b8ef0281b93d9d7fc337043e8df017f780908eb9644451?s=96&d=mm&r=g","caption":"St\u00e9phane Miget"},"url":"https:\/\/batijournal.com\/index.php\/author\/stephane\/"}]}},"_links":{"self":[{"href":"https:\/\/batijournal.com\/index.php\/wp-json\/wp\/v2\/posts\/104152","targetHints":{"allow":["GET"]}}],"collection":[{"href":"https:\/\/batijournal.com\/index.php\/wp-json\/wp\/v2\/posts"}],"about":[{"href":"https:\/\/batijournal.com\/index.php\/wp-json\/wp\/v2\/types\/post"}],"author":[{"embeddable":true,"href":"https:\/\/batijournal.com\/index.php\/wp-json\/wp\/v2\/users\/17"}],"replies":[{"embeddable":true,"href":"https:\/\/batijournal.com\/index.php\/wp-json\/wp\/v2\/comments?post=104152"}],"version-history":[{"count":0,"href":"https:\/\/batijournal.com\/index.php\/wp-json\/wp\/v2\/posts\/104152\/revisions"}],"wp:featuredmedia":[{"embeddable":true,"href":"https:\/\/batijournal.com\/index.php\/wp-json\/wp\/v2\/media\/87010"}],"wp:attachment":[{"href":"https:\/\/batijournal.com\/index.php\/wp-json\/wp\/v2\/media?parent=104152"}],"wp:term":[{"taxonomy":"category","embeddable":true,"href":"https:\/\/batijournal.com\/index.php\/wp-json\/wp\/v2\/categories?post=104152"},{"taxonomy":"post_tag","embeddable":true,"href":"https:\/\/batijournal.com\/index.php\/wp-json\/wp\/v2\/tags?post=104152"}],"curies":[{"name":"wp","href":"https:\/\/api.w.org\/{rel}","templated":true}]}}