{"id":104153,"date":"2020-04-22T10:54:52","date_gmt":"2020-04-22T08:54:52","guid":{"rendered":"https:\/\/batijournal.com\/?p=104153"},"modified":"2020-04-22T10:54:57","modified_gmt":"2020-04-22T08:54:57","slug":"le-conseil-scientifique-charge-de-la-restauration-de-notre-dame-de-paris-est-en-place","status":"publish","type":"post","link":"https:\/\/batijournal.com\/index.php\/le-conseil-scientifique-charge-de-la-restauration-de-notre-dame-de-paris-est-en-place\/104153\/","title":{"rendered":"Le conseil scientifique charg\u00e9 de la restauration de Notre-Dame de Paris est en place"},"content":{"rendered":"\n<p>La loi du 29 juillet 2019 pour la conservation et la restauration de la cath\u00e9drale Notre-Dame de Paris a institu\u00e9, au sein de l\u2019\u00e9tablissement public d\u00e9di\u00e9, un conseil scientifique, consult\u00e9 sur les \u00e9tudes et op\u00e9rations de conservation et de restauration de la cath\u00e9drale Notre-Dame de Paris. De cette instance doit na\u00eetre une dynamique de r\u00e9flexion sur et pour le monument. Sur proposition du g\u00e9n\u00e9ral Jean-Louis Georgelin, pr\u00e9sident de l\u2019\u00e9tablissement public, les membres du conseil scientifique ont \u00e9t\u00e9 nomm\u00e9s le 27 mars par Franck Riester, ministre de la Culture, en raison de leur expertise dans les domaines des monuments historiques, de l&rsquo;arch\u00e9ologie, de l&rsquo;histoire, de l&rsquo;histoire de l&rsquo;art, de l&rsquo;ing\u00e9nierie, des sciences et techniques et des mat\u00e9riaux.<\/p>\n\n\n\n<p>Plac\u00e9 sous la pr\u00e9sidence du g\u00e9n\u00e9ral Jean-Louis Georgelin, le conseil scientifique est nomm\u00e9 pour une dur\u00e9e de cinq ans renouvelable :<\/p>\n\n\n\n<p>M. d&rsquo;Alessandro (Christophe), organiste et directeur de recherche au Centre national de la recherche scientifique ;<br \/>M. Bern\u00e9 (Damien), conservateur en chef du patrimoine, en charge de la sculpture au mus\u00e9e de Cluny ;<br \/>Mme Caponi (Gisella), directrice honoraire de l&rsquo;institut sup\u00e9rieur pour la conservation et la restauration de Rome ;<br \/>M. Dillmann (Philippe), directeur de recherche au Centre national de la recherche scientifique, coordinateur des travaux de recherche men\u00e9s par le Centre national de la recherche scientifique au profit de la cath\u00e9drale Notre-Dame de Paris ;<br \/>Mme Dion (Anne), conservatrice g\u00e9n\u00e9rale du patrimoine, adjointe au directeur du d\u00e9partement des objets d&rsquo;art au mus\u00e9e du Louvre ;<br \/>M. Drouin (Gilles), eccl\u00e9siastique, directeur de l&rsquo;institut de th\u00e9ologie \u00e0 l&rsquo;institut catholique de Paris, charg\u00e9 par l&rsquo;archev\u00eaque de Paris d&rsquo;animer la r\u00e9flexion relative au r\u00e9am\u00e9nagement liturgique de la cath\u00e9drale Notre-Dame de Paris ;<br \/>Mme Gouzi (Christine), professeure d&rsquo;histoire de l&rsquo;art \u00e0 Sorbonne Universit\u00e9, sp\u00e9cialiste de la peinture religieuse ;<br \/>M. L\u00e9niaud (Jean-Michel), directeur d&rsquo;\u00e9tudes \u00e0 l&rsquo;\u00e9cole pratique des hautes \u00e9tudes, directeur honoraire de l&rsquo;\u00e9cole des chartes, pr\u00e9sident de la soci\u00e9t\u00e9 des amis de Notre-Dame de Paris ;<br \/>M. Loyer (Fran\u00e7ois), directeur de recherche honoraire au Centre national de la recherche scientifique, directeur honoraire de la commission du Vieux Paris, sp\u00e9cialiste de l&rsquo;architecture et de l&rsquo;urbanisme du XIXe si\u00e8cle ;<br \/>M. Lucan (Jacques), architecte, historien, professeur d&rsquo;architecture \u00e0 l&rsquo;\u00e9cole d&rsquo;architecture de Marne-la-Vall\u00e9e et \u00e0 l&rsquo;\u00e9cole polytechnique f\u00e9d\u00e9rale de Lausanne ;<br \/>M. Mouton (Benjamin), ancien architecte en chef des monuments historiques, ancien vice-pr\u00e9sident du Conseil international des monuments et des sites (ICOMOS) ;<br \/>Mme de Ponthaud (Marie-Suzanne), architecte en chef des monuments historiques, en charge des cath\u00e9drales de Chartres et de Reims ;<br \/>M. Sandron (Dany), professeur d&rsquo;histoire de l&rsquo;art \u00e0 Sorbonne Universit\u00e9, directeur au centre Andr\u00e9 Chastel ;<br \/>Mme Sire (Marie-Anne), inspectrice g\u00e9n\u00e9rale des monuments historiques.<\/p>\n\n\n\n<p>Photo : Anna Ader<\/p>\n","protected":false},"excerpt":{"rendered":"<p>La loi du 29 juillet 2019 pour la conservation et la restauration de la cath\u00e9drale Notre-Dame de Paris a institu\u00e9, au sein de l\u2019\u00e9tablissement public d\u00e9di\u00e9, un conseil scientifique, consult\u00e9 sur les \u00e9tudes et op\u00e9rations de conservation et de restauration de la cath\u00e9drale Notre-Dame de Paris. De cette instance doit na\u00eetre une dynamique de r\u00e9flexion [&hellip;]<\/p>\n","protected":false},"author":17,"featured_media":101981,"comment_status":"closed","ping_status":"closed","sticky":false,"template":"","format":"standard","meta":{"_et_pb_use_builder":"","_et_pb_old_content":"","_et_gb_content_width":"","footnotes":""},"categories":[10530,6340,10789,10785],"tags":[6842],"class_list":["post-104153","post","type-post","status-publish","format-standard","has-post-thumbnail","hentry","category-actualites","category-architecture-conception","category-publications-atrium","category-atrium","tag-notre-dame-de-paris"],"yoast_head":"<!-- This site is optimized with the Yoast SEO plugin v27.4 - https:\/\/yoast.com\/product\/yoast-seo-wordpress\/ -->\n<title>Le conseil scientifique charg\u00e9 de la restauration de Notre-Dame de Paris est en place<\/title>\n<meta name=\"robots\" content=\"index, follow, max-snippet:-1, max-image-preview:large, max-video-preview:-1\" \/>\n<link rel=\"canonical\" href=\"https:\/\/batijournal.com\/index.php\/le-conseil-scientifique-charge-de-la-restauration-de-notre-dame-de-paris-est-en-place\/104153\/\" \/>\n<meta property=\"og:locale\" content=\"fr_FR\" \/>\n<meta property=\"og:type\" content=\"article\" \/>\n<meta property=\"og:title\" content=\"Le conseil scientifique charg\u00e9 de la restauration de Notre-Dame de Paris est en place\" \/>\n<meta property=\"og:description\" content=\"La loi du 29 juillet 2019 pour la conservation et la restauration de la cath\u00e9drale Notre-Dame de Paris a institu\u00e9, au sein de l\u2019\u00e9tablissement public d\u00e9di\u00e9, un conseil scientifique, consult\u00e9 sur les \u00e9tudes et op\u00e9rations de conservation et de restauration de la cath\u00e9drale Notre-Dame de Paris. De cette instance doit na\u00eetre une dynamique de r\u00e9flexion [&hellip;]\" \/>\n<meta property=\"og:url\" content=\"https:\/\/batijournal.com\/index.php\/le-conseil-scientifique-charge-de-la-restauration-de-notre-dame-de-paris-est-en-place\/104153\/\" \/>\n<meta property=\"og:site_name\" content=\"Batijournal\" \/>\n<meta property=\"article:published_time\" content=\"2020-04-22T08:54:52+00:00\" \/>\n<meta property=\"article:modified_time\" content=\"2020-04-22T08:54:57+00:00\" \/>\n<meta property=\"og:image\" content=\"https:\/\/batijournal.com\/wp-content\/uploads\/2019\/04\/notre-dame-de-paris-apres-l-incendie.jpg\" \/>\n\t<meta property=\"og:image:width\" content=\"640\" \/>\n\t<meta property=\"og:image:height\" content=\"480\" \/>\n\t<meta property=\"og:image:type\" content=\"image\/jpeg\" \/>\n<meta name=\"author\" content=\"St\u00e9phane Miget\" \/>\n<meta name=\"twitter:card\" content=\"summary_large_image\" \/>\n<meta name=\"twitter:creator\" content=\"@bati_journal\" \/>\n<meta name=\"twitter:site\" content=\"@bati_journal\" \/>\n<meta name=\"twitter:label1\" content=\"\u00c9crit par\" \/>\n\t<meta name=\"twitter:data1\" content=\"St\u00e9phane Miget\" \/>\n\t<meta name=\"twitter:label2\" content=\"Dur\u00e9e de lecture estim\u00e9e\" \/>\n\t<meta name=\"twitter:data2\" content=\"2 minutes\" \/>\n<script type=\"application\/ld+json\" class=\"yoast-schema-graph\">{\"@context\":\"https:\\\/\\\/schema.org\",\"@graph\":[{\"@type\":\"Article\",\"@id\":\"https:\\\/\\\/batijournal.com\\\/index.php\\\/le-conseil-scientifique-charge-de-la-restauration-de-notre-dame-de-paris-est-en-place\\\/104153\\\/#article\",\"isPartOf\":{\"@id\":\"https:\\\/\\\/batijournal.com\\\/index.php\\\/le-conseil-scientifique-charge-de-la-restauration-de-notre-dame-de-paris-est-en-place\\\/104153\\\/\"},\"author\":{\"name\":\"St\u00e9phane Miget\",\"@id\":\"https:\\\/\\\/batijournal.com\\\/#\\\/schema\\\/person\\\/1dc96ec6957aa1ccb25ebe78bb19f100\"},\"headline\":\"Le conseil scientifique charg\u00e9 de la restauration de Notre-Dame de Paris est en place\",\"datePublished\":\"2020-04-22T08:54:52+00:00\",\"dateModified\":\"2020-04-22T08:54:57+00:00\",\"mainEntityOfPage\":{\"@id\":\"https:\\\/\\\/batijournal.com\\\/index.php\\\/le-conseil-scientifique-charge-de-la-restauration-de-notre-dame-de-paris-est-en-place\\\/104153\\\/\"},\"wordCount\":506,\"image\":{\"@id\":\"https:\\\/\\\/batijournal.com\\\/index.php\\\/le-conseil-scientifique-charge-de-la-restauration-de-notre-dame-de-paris-est-en-place\\\/104153\\\/#primaryimage\"},\"thumbnailUrl\":\"https:\\\/\\\/batijournal.com\\\/wp-content\\\/uploads\\\/2019\\\/04\\\/notre-dame-de-paris-apres-l-incendie.jpg\",\"keywords\":[\"notre dame de paris\"],\"articleSection\":[\"Actualit\u00e9s\",\"Architecture &amp; Conception\",\"zz_Actualit\u00e9s - Atrium\",\"zz_Atrium Patrimoine\"],\"inLanguage\":\"fr-FR\"},{\"@type\":\"WebPage\",\"@id\":\"https:\\\/\\\/batijournal.com\\\/index.php\\\/le-conseil-scientifique-charge-de-la-restauration-de-notre-dame-de-paris-est-en-place\\\/104153\\\/\",\"url\":\"https:\\\/\\\/batijournal.com\\\/index.php\\\/le-conseil-scientifique-charge-de-la-restauration-de-notre-dame-de-paris-est-en-place\\\/104153\\\/\",\"name\":\"Le conseil scientifique charg\u00e9 de la restauration de Notre-Dame de Paris est en place\",\"isPartOf\":{\"@id\":\"https:\\\/\\\/batijournal.com\\\/#website\"},\"primaryImageOfPage\":{\"@id\":\"https:\\\/\\\/batijournal.com\\\/index.php\\\/le-conseil-scientifique-charge-de-la-restauration-de-notre-dame-de-paris-est-en-place\\\/104153\\\/#primaryimage\"},\"image\":{\"@id\":\"https:\\\/\\\/batijournal.com\\\/index.php\\\/le-conseil-scientifique-charge-de-la-restauration-de-notre-dame-de-paris-est-en-place\\\/104153\\\/#primaryimage\"},\"thumbnailUrl\":\"https:\\\/\\\/batijournal.com\\\/wp-content\\\/uploads\\\/2019\\\/04\\\/notre-dame-de-paris-apres-l-incendie.jpg\",\"datePublished\":\"2020-04-22T08:54:52+00:00\",\"dateModified\":\"2020-04-22T08:54:57+00:00\",\"author\":{\"@id\":\"https:\\\/\\\/batijournal.com\\\/#\\\/schema\\\/person\\\/1dc96ec6957aa1ccb25ebe78bb19f100\"},\"breadcrumb\":{\"@id\":\"https:\\\/\\\/batijournal.com\\\/index.php\\\/le-conseil-scientifique-charge-de-la-restauration-de-notre-dame-de-paris-est-en-place\\\/104153\\\/#breadcrumb\"},\"inLanguage\":\"fr-FR\",\"potentialAction\":[{\"@type\":\"ReadAction\",\"target\":[\"https:\\\/\\\/batijournal.com\\\/index.php\\\/le-conseil-scientifique-charge-de-la-restauration-de-notre-dame-de-paris-est-en-place\\\/104153\\\/\"]}]},{\"@type\":\"ImageObject\",\"inLanguage\":\"fr-FR\",\"@id\":\"https:\\\/\\\/batijournal.com\\\/index.php\\\/le-conseil-scientifique-charge-de-la-restauration-de-notre-dame-de-paris-est-en-place\\\/104153\\\/#primaryimage\",\"url\":\"https:\\\/\\\/batijournal.com\\\/wp-content\\\/uploads\\\/2019\\\/04\\\/notre-dame-de-paris-apres-l-incendie.jpg\",\"contentUrl\":\"https:\\\/\\\/batijournal.com\\\/wp-content\\\/uploads\\\/2019\\\/04\\\/notre-dame-de-paris-apres-l-incendie.jpg\",\"width\":640,\"height\":480},{\"@type\":\"BreadcrumbList\",\"@id\":\"https:\\\/\\\/batijournal.com\\\/index.php\\\/le-conseil-scientifique-charge-de-la-restauration-de-notre-dame-de-paris-est-en-place\\\/104153\\\/#breadcrumb\",\"itemListElement\":[{\"@type\":\"ListItem\",\"position\":1,\"name\":\"Accueil\",\"item\":\"https:\\\/\\\/batijournal.com\\\/\"},{\"@type\":\"ListItem\",\"position\":2,\"name\":\"Actualit\u00e9s\",\"item\":\"https:\\\/\\\/batijournal.com\\\/index.php\\\/category\\\/actualites\\\/\"},{\"@type\":\"ListItem\",\"position\":3,\"name\":\"Le conseil scientifique charg\u00e9 de la restauration de Notre-Dame de Paris est en place\"}]},{\"@type\":\"WebSite\",\"@id\":\"https:\\\/\\\/batijournal.com\\\/#website\",\"url\":\"https:\\\/\\\/batijournal.com\\\/\",\"name\":\"Batijournal\",\"description\":\"L&#039;actualit\u00e9 du b\u00e2timent\",\"potentialAction\":[{\"@type\":\"SearchAction\",\"target\":{\"@type\":\"EntryPoint\",\"urlTemplate\":\"https:\\\/\\\/batijournal.com\\\/?s={search_term_string}\"},\"query-input\":{\"@type\":\"PropertyValueSpecification\",\"valueRequired\":true,\"valueName\":\"search_term_string\"}}],\"inLanguage\":\"fr-FR\"},{\"@type\":\"Person\",\"@id\":\"https:\\\/\\\/batijournal.com\\\/#\\\/schema\\\/person\\\/1dc96ec6957aa1ccb25ebe78bb19f100\",\"name\":\"St\u00e9phane Miget\",\"image\":{\"@type\":\"ImageObject\",\"inLanguage\":\"fr-FR\",\"@id\":\"https:\\\/\\\/secure.gravatar.com\\\/avatar\\\/89915563d925342126b8ef0281b93d9d7fc337043e8df017f780908eb9644451?s=96&d=mm&r=g\",\"url\":\"https:\\\/\\\/secure.gravatar.com\\\/avatar\\\/89915563d925342126b8ef0281b93d9d7fc337043e8df017f780908eb9644451?s=96&d=mm&r=g\",\"contentUrl\":\"https:\\\/\\\/secure.gravatar.com\\\/avatar\\\/89915563d925342126b8ef0281b93d9d7fc337043e8df017f780908eb9644451?s=96&d=mm&r=g\",\"caption\":\"St\u00e9phane Miget\"},\"url\":\"https:\\\/\\\/batijournal.com\\\/index.php\\\/author\\\/stephane\\\/\"}]}<\/script>\n<!-- \/ Yoast SEO plugin. -->","yoast_head_json":{"title":"Le conseil scientifique charg\u00e9 de la restauration de Notre-Dame de Paris est en place","robots":{"index":"index","follow":"follow","max-snippet":"max-snippet:-1","max-image-preview":"max-image-preview:large","max-video-preview":"max-video-preview:-1"},"canonical":"https:\/\/batijournal.com\/index.php\/le-conseil-scientifique-charge-de-la-restauration-de-notre-dame-de-paris-est-en-place\/104153\/","og_locale":"fr_FR","og_type":"article","og_title":"Le conseil scientifique charg\u00e9 de la restauration de Notre-Dame de Paris est en place","og_description":"La loi du 29 juillet 2019 pour la conservation et la restauration de la cath\u00e9drale Notre-Dame de Paris a institu\u00e9, au sein de l\u2019\u00e9tablissement public d\u00e9di\u00e9, un conseil scientifique, consult\u00e9 sur les \u00e9tudes et op\u00e9rations de conservation et de restauration de la cath\u00e9drale Notre-Dame de Paris. De cette instance doit na\u00eetre une dynamique de r\u00e9flexion [&hellip;]","og_url":"https:\/\/batijournal.com\/index.php\/le-conseil-scientifique-charge-de-la-restauration-de-notre-dame-de-paris-est-en-place\/104153\/","og_site_name":"Batijournal","article_published_time":"2020-04-22T08:54:52+00:00","article_modified_time":"2020-04-22T08:54:57+00:00","og_image":[{"width":640,"height":480,"url":"https:\/\/batijournal.com\/wp-content\/uploads\/2019\/04\/notre-dame-de-paris-apres-l-incendie.jpg","type":"image\/jpeg"}],"author":"St\u00e9phane Miget","twitter_card":"summary_large_image","twitter_creator":"@bati_journal","twitter_site":"@bati_journal","twitter_misc":{"\u00c9crit par":"St\u00e9phane Miget","Dur\u00e9e de lecture estim\u00e9e":"2 minutes"},"schema":{"@context":"https:\/\/schema.org","@graph":[{"@type":"Article","@id":"https:\/\/batijournal.com\/index.php\/le-conseil-scientifique-charge-de-la-restauration-de-notre-dame-de-paris-est-en-place\/104153\/#article","isPartOf":{"@id":"https:\/\/batijournal.com\/index.php\/le-conseil-scientifique-charge-de-la-restauration-de-notre-dame-de-paris-est-en-place\/104153\/"},"author":{"name":"St\u00e9phane Miget","@id":"https:\/\/batijournal.com\/#\/schema\/person\/1dc96ec6957aa1ccb25ebe78bb19f100"},"headline":"Le conseil scientifique charg\u00e9 de la restauration de Notre-Dame de Paris est en place","datePublished":"2020-04-22T08:54:52+00:00","dateModified":"2020-04-22T08:54:57+00:00","mainEntityOfPage":{"@id":"https:\/\/batijournal.com\/index.php\/le-conseil-scientifique-charge-de-la-restauration-de-notre-dame-de-paris-est-en-place\/104153\/"},"wordCount":506,"image":{"@id":"https:\/\/batijournal.com\/index.php\/le-conseil-scientifique-charge-de-la-restauration-de-notre-dame-de-paris-est-en-place\/104153\/#primaryimage"},"thumbnailUrl":"https:\/\/batijournal.com\/wp-content\/uploads\/2019\/04\/notre-dame-de-paris-apres-l-incendie.jpg","keywords":["notre dame de paris"],"articleSection":["Actualit\u00e9s","Architecture &amp; Conception","zz_Actualit\u00e9s - Atrium","zz_Atrium Patrimoine"],"inLanguage":"fr-FR"},{"@type":"WebPage","@id":"https:\/\/batijournal.com\/index.php\/le-conseil-scientifique-charge-de-la-restauration-de-notre-dame-de-paris-est-en-place\/104153\/","url":"https:\/\/batijournal.com\/index.php\/le-conseil-scientifique-charge-de-la-restauration-de-notre-dame-de-paris-est-en-place\/104153\/","name":"Le conseil scientifique charg\u00e9 de la restauration de Notre-Dame de Paris est en place","isPartOf":{"@id":"https:\/\/batijournal.com\/#website"},"primaryImageOfPage":{"@id":"https:\/\/batijournal.com\/index.php\/le-conseil-scientifique-charge-de-la-restauration-de-notre-dame-de-paris-est-en-place\/104153\/#primaryimage"},"image":{"@id":"https:\/\/batijournal.com\/index.php\/le-conseil-scientifique-charge-de-la-restauration-de-notre-dame-de-paris-est-en-place\/104153\/#primaryimage"},"thumbnailUrl":"https:\/\/batijournal.com\/wp-content\/uploads\/2019\/04\/notre-dame-de-paris-apres-l-incendie.jpg","datePublished":"2020-04-22T08:54:52+00:00","dateModified":"2020-04-22T08:54:57+00:00","author":{"@id":"https:\/\/batijournal.com\/#\/schema\/person\/1dc96ec6957aa1ccb25ebe78bb19f100"},"breadcrumb":{"@id":"https:\/\/batijournal.com\/index.php\/le-conseil-scientifique-charge-de-la-restauration-de-notre-dame-de-paris-est-en-place\/104153\/#breadcrumb"},"inLanguage":"fr-FR","potentialAction":[{"@type":"ReadAction","target":["https:\/\/batijournal.com\/index.php\/le-conseil-scientifique-charge-de-la-restauration-de-notre-dame-de-paris-est-en-place\/104153\/"]}]},{"@type":"ImageObject","inLanguage":"fr-FR","@id":"https:\/\/batijournal.com\/index.php\/le-conseil-scientifique-charge-de-la-restauration-de-notre-dame-de-paris-est-en-place\/104153\/#primaryimage","url":"https:\/\/batijournal.com\/wp-content\/uploads\/2019\/04\/notre-dame-de-paris-apres-l-incendie.jpg","contentUrl":"https:\/\/batijournal.com\/wp-content\/uploads\/2019\/04\/notre-dame-de-paris-apres-l-incendie.jpg","width":640,"height":480},{"@type":"BreadcrumbList","@id":"https:\/\/batijournal.com\/index.php\/le-conseil-scientifique-charge-de-la-restauration-de-notre-dame-de-paris-est-en-place\/104153\/#breadcrumb","itemListElement":[{"@type":"ListItem","position":1,"name":"Accueil","item":"https:\/\/batijournal.com\/"},{"@type":"ListItem","position":2,"name":"Actualit\u00e9s","item":"https:\/\/batijournal.com\/index.php\/category\/actualites\/"},{"@type":"ListItem","position":3,"name":"Le conseil scientifique charg\u00e9 de la restauration de Notre-Dame de Paris est en place"}]},{"@type":"WebSite","@id":"https:\/\/batijournal.com\/#website","url":"https:\/\/batijournal.com\/","name":"Batijournal","description":"L&#039;actualit\u00e9 du b\u00e2timent","potentialAction":[{"@type":"SearchAction","target":{"@type":"EntryPoint","urlTemplate":"https:\/\/batijournal.com\/?s={search_term_string}"},"query-input":{"@type":"PropertyValueSpecification","valueRequired":true,"valueName":"search_term_string"}}],"inLanguage":"fr-FR"},{"@type":"Person","@id":"https:\/\/batijournal.com\/#\/schema\/person\/1dc96ec6957aa1ccb25ebe78bb19f100","name":"St\u00e9phane Miget","image":{"@type":"ImageObject","inLanguage":"fr-FR","@id":"https:\/\/secure.gravatar.com\/avatar\/89915563d925342126b8ef0281b93d9d7fc337043e8df017f780908eb9644451?s=96&d=mm&r=g","url":"https:\/\/secure.gravatar.com\/avatar\/89915563d925342126b8ef0281b93d9d7fc337043e8df017f780908eb9644451?s=96&d=mm&r=g","contentUrl":"https:\/\/secure.gravatar.com\/avatar\/89915563d925342126b8ef0281b93d9d7fc337043e8df017f780908eb9644451?s=96&d=mm&r=g","caption":"St\u00e9phane Miget"},"url":"https:\/\/batijournal.com\/index.php\/author\/stephane\/"}]}},"_links":{"self":[{"href":"https:\/\/batijournal.com\/index.php\/wp-json\/wp\/v2\/posts\/104153","targetHints":{"allow":["GET"]}}],"collection":[{"href":"https:\/\/batijournal.com\/index.php\/wp-json\/wp\/v2\/posts"}],"about":[{"href":"https:\/\/batijournal.com\/index.php\/wp-json\/wp\/v2\/types\/post"}],"author":[{"embeddable":true,"href":"https:\/\/batijournal.com\/index.php\/wp-json\/wp\/v2\/users\/17"}],"replies":[{"embeddable":true,"href":"https:\/\/batijournal.com\/index.php\/wp-json\/wp\/v2\/comments?post=104153"}],"version-history":[{"count":0,"href":"https:\/\/batijournal.com\/index.php\/wp-json\/wp\/v2\/posts\/104153\/revisions"}],"wp:featuredmedia":[{"embeddable":true,"href":"https:\/\/batijournal.com\/index.php\/wp-json\/wp\/v2\/media\/101981"}],"wp:attachment":[{"href":"https:\/\/batijournal.com\/index.php\/wp-json\/wp\/v2\/media?parent=104153"}],"wp:term":[{"taxonomy":"category","embeddable":true,"href":"https:\/\/batijournal.com\/index.php\/wp-json\/wp\/v2\/categories?post=104153"},{"taxonomy":"post_tag","embeddable":true,"href":"https:\/\/batijournal.com\/index.php\/wp-json\/wp\/v2\/tags?post=104153"}],"curies":[{"name":"wp","href":"https:\/\/api.w.org\/{rel}","templated":true}]}}