{"id":104165,"date":"2020-04-24T09:30:08","date_gmt":"2020-04-24T07:30:08","guid":{"rendered":"https:\/\/batijournal.com\/?p=104165"},"modified":"2020-04-24T09:30:10","modified_gmt":"2020-04-24T07:30:10","slug":"la-filiere-bois-pense-a-la-relance","status":"publish","type":"post","link":"https:\/\/batijournal.com\/index.php\/la-filiere-bois-pense-a-la-relance\/104165\/","title":{"rendered":"La fili\u00e8re bois pense \u00e0 la relance"},"content":{"rendered":"\n<p>Pendant cette \u00e9pid\u00e9mie, les entreprises de la fili\u00e8re bois se sont mobilis\u00e9es pour assurer des productions essentielles : emballages en bois et carton pour l\u2019agro-alimentaire, produits papetiers d\u2019hygi\u00e8ne, celluloses de sp\u00e9cialit\u00e9 pour le secteur m\u00e9dicament, cercueils, combustibles bois pour la production d\u2019\u00e9nergie\u2026 Pour relancer l&rsquo;activit\u00e9 \u00e9conomique, la fili\u00e8re bois veut proposer des solutions durables : un renforcement des capacit\u00e9s productives partant des ressources nationales d\u00e9carbon\u00e9es, dont le bois est le premier mat\u00e9riau. Remettre en route la cha\u00eene productive du b\u00e2timent et du logement est une urgence nationale absolue. Pour la seule fili\u00e8re bois, 50% de la valeur ajout\u00e9e et des emplois d\u00e9pendent du march\u00e9 final de la construction. L\u2019Etat doit renforcer la mise en responsabilit\u00e9 directe des ma\u00eetres d\u2019ouvrages publics et priv\u00e9s, et des grands donneurs d\u2019ordre, dans la production rapide des ordres de service de r\u00e9ouverture des chantiers du b\u00e2timent ; pr\u00e9ciser les obligations de moyens leur incombant. L\u2019organisation g\u00e9n\u00e9rale de la continuit\u00e9 d\u2019activit\u00e9 \u00e9conomique sur les mois d\u2019\u00e9t\u00e9 pour l\u2019industrie, le b\u00e2timent et les services associ\u00e9s, doit \u00eatre r\u00e9alis\u00e9e. A ce sujet, l\u2019Etat doit lever toutes les interdictions visant les arr\u00eats de chantier durant la p\u00e9riode estivale, notamment dans les zones touristiques. La fili\u00e8re propose, en outre, diverses actions sectorielles.<\/p>\n\n\n\n<p>Source : note du CSF Bois<\/p>\n","protected":false},"excerpt":{"rendered":"<p>Pendant cette \u00e9pid\u00e9mie, les entreprises de la fili\u00e8re bois se sont mobilis\u00e9es pour assurer des productions essentielles : emballages en bois et carton pour l\u2019agro-alimentaire, produits papetiers d\u2019hygi\u00e8ne, celluloses de sp\u00e9cialit\u00e9 pour le secteur m\u00e9dicament, cercueils, combustibles bois pour la production d\u2019\u00e9nergie\u2026 Pour relancer l&rsquo;activit\u00e9 \u00e9conomique, la fili\u00e8re bois veut proposer des solutions durables : [&hellip;]<\/p>\n","protected":false},"author":17,"featured_media":86816,"comment_status":"closed","ping_status":"closed","sticky":false,"template":"","format":"standard","meta":{"_et_pb_use_builder":"","_et_pb_old_content":"","_et_gb_content_width":"","footnotes":""},"categories":[10530,6345,10769,10764],"tags":[1017],"class_list":["post-104165","post","type-post","status-publish","format-standard","has-post-thumbnail","hentry","category-actualites","category-economie-marches","category-publications","category-woodsurfer","tag-filiere-bois"],"yoast_head":"<!-- This site is optimized with the Yoast SEO plugin v27.4 - https:\/\/yoast.com\/product\/yoast-seo-wordpress\/ -->\n<title>La fili\u00e8re bois pense \u00e0 la relance<\/title>\n<meta name=\"robots\" content=\"index, follow, max-snippet:-1, max-image-preview:large, max-video-preview:-1\" \/>\n<link rel=\"canonical\" href=\"https:\/\/batijournal.com\/index.php\/la-filiere-bois-pense-a-la-relance\/104165\/\" \/>\n<meta property=\"og:locale\" content=\"fr_FR\" \/>\n<meta property=\"og:type\" content=\"article\" \/>\n<meta property=\"og:title\" content=\"La fili\u00e8re bois pense \u00e0 la relance\" \/>\n<meta property=\"og:description\" content=\"Pendant cette \u00e9pid\u00e9mie, les entreprises de la fili\u00e8re bois se sont mobilis\u00e9es pour assurer des productions essentielles : emballages en bois et carton pour l\u2019agro-alimentaire, produits papetiers d\u2019hygi\u00e8ne, celluloses de sp\u00e9cialit\u00e9 pour le secteur m\u00e9dicament, cercueils, combustibles bois pour la production d\u2019\u00e9nergie\u2026 Pour relancer l&rsquo;activit\u00e9 \u00e9conomique, la fili\u00e8re bois veut proposer des solutions durables : [&hellip;]\" \/>\n<meta property=\"og:url\" content=\"https:\/\/batijournal.com\/index.php\/la-filiere-bois-pense-a-la-relance\/104165\/\" \/>\n<meta property=\"og:site_name\" content=\"Batijournal\" \/>\n<meta property=\"article:published_time\" content=\"2020-04-24T07:30:08+00:00\" \/>\n<meta property=\"article:modified_time\" content=\"2020-04-24T07:30:10+00:00\" \/>\n<meta property=\"og:image\" content=\"https:\/\/batijournal.com\/wp-content\/uploads\/2015\/04\/98079458.jpg\" \/>\n\t<meta property=\"og:image:width\" content=\"450\" \/>\n\t<meta property=\"og:image:height\" content=\"600\" \/>\n\t<meta property=\"og:image:type\" content=\"image\/jpeg\" \/>\n<meta name=\"author\" content=\"St\u00e9phane Miget\" \/>\n<meta name=\"twitter:card\" content=\"summary_large_image\" \/>\n<meta name=\"twitter:creator\" content=\"@bati_journal\" \/>\n<meta name=\"twitter:site\" content=\"@bati_journal\" \/>\n<meta name=\"twitter:label1\" content=\"\u00c9crit par\" \/>\n\t<meta name=\"twitter:data1\" content=\"St\u00e9phane Miget\" \/>\n\t<meta name=\"twitter:label2\" content=\"Dur\u00e9e de lecture estim\u00e9e\" \/>\n\t<meta name=\"twitter:data2\" content=\"1 minute\" \/>\n<script type=\"application\/ld+json\" class=\"yoast-schema-graph\">{\"@context\":\"https:\\\/\\\/schema.org\",\"@graph\":[{\"@type\":\"Article\",\"@id\":\"https:\\\/\\\/batijournal.com\\\/index.php\\\/la-filiere-bois-pense-a-la-relance\\\/104165\\\/#article\",\"isPartOf\":{\"@id\":\"https:\\\/\\\/batijournal.com\\\/index.php\\\/la-filiere-bois-pense-a-la-relance\\\/104165\\\/\"},\"author\":{\"name\":\"St\u00e9phane Miget\",\"@id\":\"https:\\\/\\\/batijournal.com\\\/#\\\/schema\\\/person\\\/1dc96ec6957aa1ccb25ebe78bb19f100\"},\"headline\":\"La fili\u00e8re bois pense \u00e0 la relance\",\"datePublished\":\"2020-04-24T07:30:08+00:00\",\"dateModified\":\"2020-04-24T07:30:10+00:00\",\"mainEntityOfPage\":{\"@id\":\"https:\\\/\\\/batijournal.com\\\/index.php\\\/la-filiere-bois-pense-a-la-relance\\\/104165\\\/\"},\"wordCount\":252,\"image\":{\"@id\":\"https:\\\/\\\/batijournal.com\\\/index.php\\\/la-filiere-bois-pense-a-la-relance\\\/104165\\\/#primaryimage\"},\"thumbnailUrl\":\"https:\\\/\\\/batijournal.com\\\/wp-content\\\/uploads\\\/2015\\\/04\\\/98079458.jpg\",\"keywords\":[\"fili\u00e8re bois\"],\"articleSection\":[\"Actualit\u00e9s\",\"\u00c9conomie &amp; March\u00e9s\",\"zz_Actualit\u00e9s - Woodsurfer\",\"zz_Woodsurfer\"],\"inLanguage\":\"fr-FR\"},{\"@type\":\"WebPage\",\"@id\":\"https:\\\/\\\/batijournal.com\\\/index.php\\\/la-filiere-bois-pense-a-la-relance\\\/104165\\\/\",\"url\":\"https:\\\/\\\/batijournal.com\\\/index.php\\\/la-filiere-bois-pense-a-la-relance\\\/104165\\\/\",\"name\":\"La fili\u00e8re bois pense \u00e0 la relance\",\"isPartOf\":{\"@id\":\"https:\\\/\\\/batijournal.com\\\/#website\"},\"primaryImageOfPage\":{\"@id\":\"https:\\\/\\\/batijournal.com\\\/index.php\\\/la-filiere-bois-pense-a-la-relance\\\/104165\\\/#primaryimage\"},\"image\":{\"@id\":\"https:\\\/\\\/batijournal.com\\\/index.php\\\/la-filiere-bois-pense-a-la-relance\\\/104165\\\/#primaryimage\"},\"thumbnailUrl\":\"https:\\\/\\\/batijournal.com\\\/wp-content\\\/uploads\\\/2015\\\/04\\\/98079458.jpg\",\"datePublished\":\"2020-04-24T07:30:08+00:00\",\"dateModified\":\"2020-04-24T07:30:10+00:00\",\"author\":{\"@id\":\"https:\\\/\\\/batijournal.com\\\/#\\\/schema\\\/person\\\/1dc96ec6957aa1ccb25ebe78bb19f100\"},\"breadcrumb\":{\"@id\":\"https:\\\/\\\/batijournal.com\\\/index.php\\\/la-filiere-bois-pense-a-la-relance\\\/104165\\\/#breadcrumb\"},\"inLanguage\":\"fr-FR\",\"potentialAction\":[{\"@type\":\"ReadAction\",\"target\":[\"https:\\\/\\\/batijournal.com\\\/index.php\\\/la-filiere-bois-pense-a-la-relance\\\/104165\\\/\"]}]},{\"@type\":\"ImageObject\",\"inLanguage\":\"fr-FR\",\"@id\":\"https:\\\/\\\/batijournal.com\\\/index.php\\\/la-filiere-bois-pense-a-la-relance\\\/104165\\\/#primaryimage\",\"url\":\"https:\\\/\\\/batijournal.com\\\/wp-content\\\/uploads\\\/2015\\\/04\\\/98079458.jpg\",\"contentUrl\":\"https:\\\/\\\/batijournal.com\\\/wp-content\\\/uploads\\\/2015\\\/04\\\/98079458.jpg\",\"width\":450,\"height\":600,\"caption\":\"Scierie\"},{\"@type\":\"BreadcrumbList\",\"@id\":\"https:\\\/\\\/batijournal.com\\\/index.php\\\/la-filiere-bois-pense-a-la-relance\\\/104165\\\/#breadcrumb\",\"itemListElement\":[{\"@type\":\"ListItem\",\"position\":1,\"name\":\"Accueil\",\"item\":\"https:\\\/\\\/batijournal.com\\\/\"},{\"@type\":\"ListItem\",\"position\":2,\"name\":\"Actualit\u00e9s\",\"item\":\"https:\\\/\\\/batijournal.com\\\/index.php\\\/category\\\/actualites\\\/\"},{\"@type\":\"ListItem\",\"position\":3,\"name\":\"La fili\u00e8re bois pense \u00e0 la relance\"}]},{\"@type\":\"WebSite\",\"@id\":\"https:\\\/\\\/batijournal.com\\\/#website\",\"url\":\"https:\\\/\\\/batijournal.com\\\/\",\"name\":\"Batijournal\",\"description\":\"L&#039;actualit\u00e9 du b\u00e2timent\",\"potentialAction\":[{\"@type\":\"SearchAction\",\"target\":{\"@type\":\"EntryPoint\",\"urlTemplate\":\"https:\\\/\\\/batijournal.com\\\/?s={search_term_string}\"},\"query-input\":{\"@type\":\"PropertyValueSpecification\",\"valueRequired\":true,\"valueName\":\"search_term_string\"}}],\"inLanguage\":\"fr-FR\"},{\"@type\":\"Person\",\"@id\":\"https:\\\/\\\/batijournal.com\\\/#\\\/schema\\\/person\\\/1dc96ec6957aa1ccb25ebe78bb19f100\",\"name\":\"St\u00e9phane Miget\",\"image\":{\"@type\":\"ImageObject\",\"inLanguage\":\"fr-FR\",\"@id\":\"https:\\\/\\\/secure.gravatar.com\\\/avatar\\\/89915563d925342126b8ef0281b93d9d7fc337043e8df017f780908eb9644451?s=96&d=mm&r=g\",\"url\":\"https:\\\/\\\/secure.gravatar.com\\\/avatar\\\/89915563d925342126b8ef0281b93d9d7fc337043e8df017f780908eb9644451?s=96&d=mm&r=g\",\"contentUrl\":\"https:\\\/\\\/secure.gravatar.com\\\/avatar\\\/89915563d925342126b8ef0281b93d9d7fc337043e8df017f780908eb9644451?s=96&d=mm&r=g\",\"caption\":\"St\u00e9phane Miget\"},\"url\":\"https:\\\/\\\/batijournal.com\\\/index.php\\\/author\\\/stephane\\\/\"}]}<\/script>\n<!-- \/ Yoast SEO plugin. -->","yoast_head_json":{"title":"La fili\u00e8re bois pense \u00e0 la relance","robots":{"index":"index","follow":"follow","max-snippet":"max-snippet:-1","max-image-preview":"max-image-preview:large","max-video-preview":"max-video-preview:-1"},"canonical":"https:\/\/batijournal.com\/index.php\/la-filiere-bois-pense-a-la-relance\/104165\/","og_locale":"fr_FR","og_type":"article","og_title":"La fili\u00e8re bois pense \u00e0 la relance","og_description":"Pendant cette \u00e9pid\u00e9mie, les entreprises de la fili\u00e8re bois se sont mobilis\u00e9es pour assurer des productions essentielles : emballages en bois et carton pour l\u2019agro-alimentaire, produits papetiers d\u2019hygi\u00e8ne, celluloses de sp\u00e9cialit\u00e9 pour le secteur m\u00e9dicament, cercueils, combustibles bois pour la production d\u2019\u00e9nergie\u2026 Pour relancer l&rsquo;activit\u00e9 \u00e9conomique, la fili\u00e8re bois veut proposer des solutions durables : [&hellip;]","og_url":"https:\/\/batijournal.com\/index.php\/la-filiere-bois-pense-a-la-relance\/104165\/","og_site_name":"Batijournal","article_published_time":"2020-04-24T07:30:08+00:00","article_modified_time":"2020-04-24T07:30:10+00:00","og_image":[{"width":450,"height":600,"url":"https:\/\/batijournal.com\/wp-content\/uploads\/2015\/04\/98079458.jpg","type":"image\/jpeg"}],"author":"St\u00e9phane Miget","twitter_card":"summary_large_image","twitter_creator":"@bati_journal","twitter_site":"@bati_journal","twitter_misc":{"\u00c9crit par":"St\u00e9phane Miget","Dur\u00e9e de lecture estim\u00e9e":"1 minute"},"schema":{"@context":"https:\/\/schema.org","@graph":[{"@type":"Article","@id":"https:\/\/batijournal.com\/index.php\/la-filiere-bois-pense-a-la-relance\/104165\/#article","isPartOf":{"@id":"https:\/\/batijournal.com\/index.php\/la-filiere-bois-pense-a-la-relance\/104165\/"},"author":{"name":"St\u00e9phane Miget","@id":"https:\/\/batijournal.com\/#\/schema\/person\/1dc96ec6957aa1ccb25ebe78bb19f100"},"headline":"La fili\u00e8re bois pense \u00e0 la relance","datePublished":"2020-04-24T07:30:08+00:00","dateModified":"2020-04-24T07:30:10+00:00","mainEntityOfPage":{"@id":"https:\/\/batijournal.com\/index.php\/la-filiere-bois-pense-a-la-relance\/104165\/"},"wordCount":252,"image":{"@id":"https:\/\/batijournal.com\/index.php\/la-filiere-bois-pense-a-la-relance\/104165\/#primaryimage"},"thumbnailUrl":"https:\/\/batijournal.com\/wp-content\/uploads\/2015\/04\/98079458.jpg","keywords":["fili\u00e8re bois"],"articleSection":["Actualit\u00e9s","\u00c9conomie &amp; March\u00e9s","zz_Actualit\u00e9s - Woodsurfer","zz_Woodsurfer"],"inLanguage":"fr-FR"},{"@type":"WebPage","@id":"https:\/\/batijournal.com\/index.php\/la-filiere-bois-pense-a-la-relance\/104165\/","url":"https:\/\/batijournal.com\/index.php\/la-filiere-bois-pense-a-la-relance\/104165\/","name":"La fili\u00e8re bois pense \u00e0 la relance","isPartOf":{"@id":"https:\/\/batijournal.com\/#website"},"primaryImageOfPage":{"@id":"https:\/\/batijournal.com\/index.php\/la-filiere-bois-pense-a-la-relance\/104165\/#primaryimage"},"image":{"@id":"https:\/\/batijournal.com\/index.php\/la-filiere-bois-pense-a-la-relance\/104165\/#primaryimage"},"thumbnailUrl":"https:\/\/batijournal.com\/wp-content\/uploads\/2015\/04\/98079458.jpg","datePublished":"2020-04-24T07:30:08+00:00","dateModified":"2020-04-24T07:30:10+00:00","author":{"@id":"https:\/\/batijournal.com\/#\/schema\/person\/1dc96ec6957aa1ccb25ebe78bb19f100"},"breadcrumb":{"@id":"https:\/\/batijournal.com\/index.php\/la-filiere-bois-pense-a-la-relance\/104165\/#breadcrumb"},"inLanguage":"fr-FR","potentialAction":[{"@type":"ReadAction","target":["https:\/\/batijournal.com\/index.php\/la-filiere-bois-pense-a-la-relance\/104165\/"]}]},{"@type":"ImageObject","inLanguage":"fr-FR","@id":"https:\/\/batijournal.com\/index.php\/la-filiere-bois-pense-a-la-relance\/104165\/#primaryimage","url":"https:\/\/batijournal.com\/wp-content\/uploads\/2015\/04\/98079458.jpg","contentUrl":"https:\/\/batijournal.com\/wp-content\/uploads\/2015\/04\/98079458.jpg","width":450,"height":600,"caption":"Scierie"},{"@type":"BreadcrumbList","@id":"https:\/\/batijournal.com\/index.php\/la-filiere-bois-pense-a-la-relance\/104165\/#breadcrumb","itemListElement":[{"@type":"ListItem","position":1,"name":"Accueil","item":"https:\/\/batijournal.com\/"},{"@type":"ListItem","position":2,"name":"Actualit\u00e9s","item":"https:\/\/batijournal.com\/index.php\/category\/actualites\/"},{"@type":"ListItem","position":3,"name":"La fili\u00e8re bois pense \u00e0 la relance"}]},{"@type":"WebSite","@id":"https:\/\/batijournal.com\/#website","url":"https:\/\/batijournal.com\/","name":"Batijournal","description":"L&#039;actualit\u00e9 du b\u00e2timent","potentialAction":[{"@type":"SearchAction","target":{"@type":"EntryPoint","urlTemplate":"https:\/\/batijournal.com\/?s={search_term_string}"},"query-input":{"@type":"PropertyValueSpecification","valueRequired":true,"valueName":"search_term_string"}}],"inLanguage":"fr-FR"},{"@type":"Person","@id":"https:\/\/batijournal.com\/#\/schema\/person\/1dc96ec6957aa1ccb25ebe78bb19f100","name":"St\u00e9phane Miget","image":{"@type":"ImageObject","inLanguage":"fr-FR","@id":"https:\/\/secure.gravatar.com\/avatar\/89915563d925342126b8ef0281b93d9d7fc337043e8df017f780908eb9644451?s=96&d=mm&r=g","url":"https:\/\/secure.gravatar.com\/avatar\/89915563d925342126b8ef0281b93d9d7fc337043e8df017f780908eb9644451?s=96&d=mm&r=g","contentUrl":"https:\/\/secure.gravatar.com\/avatar\/89915563d925342126b8ef0281b93d9d7fc337043e8df017f780908eb9644451?s=96&d=mm&r=g","caption":"St\u00e9phane Miget"},"url":"https:\/\/batijournal.com\/index.php\/author\/stephane\/"}]}},"_links":{"self":[{"href":"https:\/\/batijournal.com\/index.php\/wp-json\/wp\/v2\/posts\/104165","targetHints":{"allow":["GET"]}}],"collection":[{"href":"https:\/\/batijournal.com\/index.php\/wp-json\/wp\/v2\/posts"}],"about":[{"href":"https:\/\/batijournal.com\/index.php\/wp-json\/wp\/v2\/types\/post"}],"author":[{"embeddable":true,"href":"https:\/\/batijournal.com\/index.php\/wp-json\/wp\/v2\/users\/17"}],"replies":[{"embeddable":true,"href":"https:\/\/batijournal.com\/index.php\/wp-json\/wp\/v2\/comments?post=104165"}],"version-history":[{"count":0,"href":"https:\/\/batijournal.com\/index.php\/wp-json\/wp\/v2\/posts\/104165\/revisions"}],"wp:featuredmedia":[{"embeddable":true,"href":"https:\/\/batijournal.com\/index.php\/wp-json\/wp\/v2\/media\/86816"}],"wp:attachment":[{"href":"https:\/\/batijournal.com\/index.php\/wp-json\/wp\/v2\/media?parent=104165"}],"wp:term":[{"taxonomy":"category","embeddable":true,"href":"https:\/\/batijournal.com\/index.php\/wp-json\/wp\/v2\/categories?post=104165"},{"taxonomy":"post_tag","embeddable":true,"href":"https:\/\/batijournal.com\/index.php\/wp-json\/wp\/v2\/tags?post=104165"}],"curies":[{"name":"wp","href":"https:\/\/api.w.org\/{rel}","templated":true}]}}