{"id":104175,"date":"2020-04-27T09:46:58","date_gmt":"2020-04-27T07:46:58","guid":{"rendered":"https:\/\/batijournal.com\/?p=104175"},"modified":"2020-04-27T09:47:01","modified_gmt":"2020-04-27T07:47:01","slug":"nexity-fait-evoluer-sa-gouvernance-apres-la-disparition-de-son-directeur-general","status":"publish","type":"post","link":"https:\/\/batijournal.com\/index.php\/nexity-fait-evoluer-sa-gouvernance-apres-la-disparition-de-son-directeur-general\/104175\/","title":{"rendered":"Nexity fait \u00e9voluer sa gouvernance apr\u00e8s la disparition de son Directeur g\u00e9n\u00e9ral"},"content":{"rendered":"\n<p>Pour faire face \u00e0 la disparition soudaine de Jean-Philippe Ruggieri due au Covid-19, Directeur g\u00e9n\u00e9ral de Nexity, survenue le 24 avril 2020, le Conseil d&rsquo;Administration qui s&rsquo;est r\u00e9uni le samedi 25 avril 2020 a d\u00e9cid\u00e9 de r\u00e9unir les fonctions de Pr\u00e9sident et de Directeur G\u00e9n\u00e9ral et de nommer Monsieur Alain Dinin en qualit\u00e9 de Pr\u00e9sident-Directeur G\u00e9n\u00e9ral de la Soci\u00e9t\u00e9 avec effet imm\u00e9diat. Alain Dinin m\u00e8nera l\u2019\u00e9quipe dirigeante compos\u00e9e par ailleurs de Julien Carmona, Directeur g\u00e9n\u00e9ral d\u00e9l\u00e9gu\u00e9 et mandataire social, confirm\u00e9 dans ses fonctions, et de V\u00e9ronique B\u00e9dague-Hamilius et Fr\u00e9d\u00e9ric Verdavaine, Directeurs g\u00e9n\u00e9raux d\u00e9l\u00e9gu\u00e9s.<\/p>\n\n\n\n<p>Jean-Philippe Ruggieri avait commenc\u00e9 sa carri\u00e8re dans le groupe immobilier familial \u00e0 Toulouse. Ayant rejoint Nexity en 2001, il a tr\u00e8s activement particip\u00e9 \u00e0 la croissance du Groupe et notamment initi\u00e9 le d\u00e9veloppement de nouveaux m\u00e9tiers de services, et vu ses responsabilit\u00e9s s\u2019\u00e9largir pour devenir Directeur G\u00e9n\u00e9ral en 2019.<\/p>\n","protected":false},"excerpt":{"rendered":"<p>Pour faire face \u00e0 la disparition soudaine de Jean-Philippe Ruggieri due au Covid-19, Directeur g\u00e9n\u00e9ral de Nexity, survenue le 24 avril 2020, le Conseil d&rsquo;Administration qui s&rsquo;est r\u00e9uni le samedi 25 avril 2020 a d\u00e9cid\u00e9 de r\u00e9unir les fonctions de Pr\u00e9sident et de Directeur G\u00e9n\u00e9ral et de nommer Monsieur Alain Dinin en qualit\u00e9 de Pr\u00e9sident-Directeur [&hellip;]<\/p>\n","protected":false},"author":17,"featured_media":104176,"comment_status":"closed","ping_status":"closed","sticky":false,"template":"","format":"standard","meta":{"_et_pb_use_builder":"","_et_pb_old_content":"","_et_gb_content_width":"","footnotes":""},"categories":[10530,6345],"tags":[],"class_list":["post-104175","post","type-post","status-publish","format-standard","has-post-thumbnail","hentry","category-actualites","category-economie-marches"],"yoast_head":"<!-- This site is optimized with the Yoast SEO plugin v27.4 - https:\/\/yoast.com\/product\/yoast-seo-wordpress\/ -->\n<title>Nexity fait \u00e9voluer sa gouvernance apr\u00e8s la disparition de son Directeur g\u00e9n\u00e9ral<\/title>\n<meta name=\"robots\" content=\"index, follow, max-snippet:-1, max-image-preview:large, max-video-preview:-1\" \/>\n<link rel=\"canonical\" href=\"https:\/\/batijournal.com\/index.php\/nexity-fait-evoluer-sa-gouvernance-apres-la-disparition-de-son-directeur-general\/104175\/\" \/>\n<meta property=\"og:locale\" content=\"fr_FR\" \/>\n<meta property=\"og:type\" content=\"article\" \/>\n<meta property=\"og:title\" content=\"Nexity fait \u00e9voluer sa gouvernance apr\u00e8s la disparition de son Directeur g\u00e9n\u00e9ral\" \/>\n<meta property=\"og:description\" content=\"Pour faire face \u00e0 la disparition soudaine de Jean-Philippe Ruggieri due au Covid-19, Directeur g\u00e9n\u00e9ral de Nexity, survenue le 24 avril 2020, le Conseil d&rsquo;Administration qui s&rsquo;est r\u00e9uni le samedi 25 avril 2020 a d\u00e9cid\u00e9 de r\u00e9unir les fonctions de Pr\u00e9sident et de Directeur G\u00e9n\u00e9ral et de nommer Monsieur Alain Dinin en qualit\u00e9 de Pr\u00e9sident-Directeur [&hellip;]\" \/>\n<meta property=\"og:url\" content=\"https:\/\/batijournal.com\/index.php\/nexity-fait-evoluer-sa-gouvernance-apres-la-disparition-de-son-directeur-general\/104175\/\" \/>\n<meta property=\"og:site_name\" content=\"Batijournal\" \/>\n<meta property=\"article:published_time\" content=\"2020-04-27T07:46:58+00:00\" \/>\n<meta property=\"article:modified_time\" content=\"2020-04-27T07:47:01+00:00\" \/>\n<meta property=\"og:image\" content=\"https:\/\/batijournal.com\/wp-content\/uploads\/2020\/04\/nexity.jpg\" \/>\n\t<meta property=\"og:image:width\" content=\"900\" \/>\n\t<meta property=\"og:image:height\" content=\"506\" \/>\n\t<meta property=\"og:image:type\" content=\"image\/jpeg\" \/>\n<meta name=\"author\" content=\"St\u00e9phane Miget\" \/>\n<meta name=\"twitter:card\" content=\"summary_large_image\" \/>\n<meta name=\"twitter:creator\" content=\"@bati_journal\" \/>\n<meta name=\"twitter:site\" content=\"@bati_journal\" \/>\n<meta name=\"twitter:label1\" content=\"\u00c9crit par\" \/>\n\t<meta name=\"twitter:data1\" content=\"St\u00e9phane Miget\" \/>\n\t<meta name=\"twitter:label2\" content=\"Dur\u00e9e de lecture estim\u00e9e\" \/>\n\t<meta name=\"twitter:data2\" content=\"1 minute\" \/>\n<script type=\"application\/ld+json\" class=\"yoast-schema-graph\">{\"@context\":\"https:\\\/\\\/schema.org\",\"@graph\":[{\"@type\":\"Article\",\"@id\":\"https:\\\/\\\/batijournal.com\\\/index.php\\\/nexity-fait-evoluer-sa-gouvernance-apres-la-disparition-de-son-directeur-general\\\/104175\\\/#article\",\"isPartOf\":{\"@id\":\"https:\\\/\\\/batijournal.com\\\/index.php\\\/nexity-fait-evoluer-sa-gouvernance-apres-la-disparition-de-son-directeur-general\\\/104175\\\/\"},\"author\":{\"name\":\"St\u00e9phane Miget\",\"@id\":\"https:\\\/\\\/batijournal.com\\\/#\\\/schema\\\/person\\\/1dc96ec6957aa1ccb25ebe78bb19f100\"},\"headline\":\"Nexity fait \u00e9voluer sa gouvernance apr\u00e8s la disparition de son Directeur g\u00e9n\u00e9ral\",\"datePublished\":\"2020-04-27T07:46:58+00:00\",\"dateModified\":\"2020-04-27T07:47:01+00:00\",\"mainEntityOfPage\":{\"@id\":\"https:\\\/\\\/batijournal.com\\\/index.php\\\/nexity-fait-evoluer-sa-gouvernance-apres-la-disparition-de-son-directeur-general\\\/104175\\\/\"},\"wordCount\":187,\"image\":{\"@id\":\"https:\\\/\\\/batijournal.com\\\/index.php\\\/nexity-fait-evoluer-sa-gouvernance-apres-la-disparition-de-son-directeur-general\\\/104175\\\/#primaryimage\"},\"thumbnailUrl\":\"https:\\\/\\\/batijournal.com\\\/wp-content\\\/uploads\\\/2020\\\/04\\\/nexity.jpg\",\"articleSection\":[\"Actualit\u00e9s\",\"\u00c9conomie &amp; March\u00e9s\"],\"inLanguage\":\"fr-FR\"},{\"@type\":\"WebPage\",\"@id\":\"https:\\\/\\\/batijournal.com\\\/index.php\\\/nexity-fait-evoluer-sa-gouvernance-apres-la-disparition-de-son-directeur-general\\\/104175\\\/\",\"url\":\"https:\\\/\\\/batijournal.com\\\/index.php\\\/nexity-fait-evoluer-sa-gouvernance-apres-la-disparition-de-son-directeur-general\\\/104175\\\/\",\"name\":\"Nexity fait \u00e9voluer sa gouvernance apr\u00e8s la disparition de son Directeur g\u00e9n\u00e9ral\",\"isPartOf\":{\"@id\":\"https:\\\/\\\/batijournal.com\\\/#website\"},\"primaryImageOfPage\":{\"@id\":\"https:\\\/\\\/batijournal.com\\\/index.php\\\/nexity-fait-evoluer-sa-gouvernance-apres-la-disparition-de-son-directeur-general\\\/104175\\\/#primaryimage\"},\"image\":{\"@id\":\"https:\\\/\\\/batijournal.com\\\/index.php\\\/nexity-fait-evoluer-sa-gouvernance-apres-la-disparition-de-son-directeur-general\\\/104175\\\/#primaryimage\"},\"thumbnailUrl\":\"https:\\\/\\\/batijournal.com\\\/wp-content\\\/uploads\\\/2020\\\/04\\\/nexity.jpg\",\"datePublished\":\"2020-04-27T07:46:58+00:00\",\"dateModified\":\"2020-04-27T07:47:01+00:00\",\"author\":{\"@id\":\"https:\\\/\\\/batijournal.com\\\/#\\\/schema\\\/person\\\/1dc96ec6957aa1ccb25ebe78bb19f100\"},\"breadcrumb\":{\"@id\":\"https:\\\/\\\/batijournal.com\\\/index.php\\\/nexity-fait-evoluer-sa-gouvernance-apres-la-disparition-de-son-directeur-general\\\/104175\\\/#breadcrumb\"},\"inLanguage\":\"fr-FR\",\"potentialAction\":[{\"@type\":\"ReadAction\",\"target\":[\"https:\\\/\\\/batijournal.com\\\/index.php\\\/nexity-fait-evoluer-sa-gouvernance-apres-la-disparition-de-son-directeur-general\\\/104175\\\/\"]}]},{\"@type\":\"ImageObject\",\"inLanguage\":\"fr-FR\",\"@id\":\"https:\\\/\\\/batijournal.com\\\/index.php\\\/nexity-fait-evoluer-sa-gouvernance-apres-la-disparition-de-son-directeur-general\\\/104175\\\/#primaryimage\",\"url\":\"https:\\\/\\\/batijournal.com\\\/wp-content\\\/uploads\\\/2020\\\/04\\\/nexity.jpg\",\"contentUrl\":\"https:\\\/\\\/batijournal.com\\\/wp-content\\\/uploads\\\/2020\\\/04\\\/nexity.jpg\",\"width\":900,\"height\":506},{\"@type\":\"BreadcrumbList\",\"@id\":\"https:\\\/\\\/batijournal.com\\\/index.php\\\/nexity-fait-evoluer-sa-gouvernance-apres-la-disparition-de-son-directeur-general\\\/104175\\\/#breadcrumb\",\"itemListElement\":[{\"@type\":\"ListItem\",\"position\":1,\"name\":\"Accueil\",\"item\":\"https:\\\/\\\/batijournal.com\\\/\"},{\"@type\":\"ListItem\",\"position\":2,\"name\":\"Actualit\u00e9s\",\"item\":\"https:\\\/\\\/batijournal.com\\\/index.php\\\/category\\\/actualites\\\/\"},{\"@type\":\"ListItem\",\"position\":3,\"name\":\"Nexity fait \u00e9voluer sa gouvernance apr\u00e8s la disparition de son Directeur g\u00e9n\u00e9ral\"}]},{\"@type\":\"WebSite\",\"@id\":\"https:\\\/\\\/batijournal.com\\\/#website\",\"url\":\"https:\\\/\\\/batijournal.com\\\/\",\"name\":\"Batijournal\",\"description\":\"L&#039;actualit\u00e9 du b\u00e2timent\",\"potentialAction\":[{\"@type\":\"SearchAction\",\"target\":{\"@type\":\"EntryPoint\",\"urlTemplate\":\"https:\\\/\\\/batijournal.com\\\/?s={search_term_string}\"},\"query-input\":{\"@type\":\"PropertyValueSpecification\",\"valueRequired\":true,\"valueName\":\"search_term_string\"}}],\"inLanguage\":\"fr-FR\"},{\"@type\":\"Person\",\"@id\":\"https:\\\/\\\/batijournal.com\\\/#\\\/schema\\\/person\\\/1dc96ec6957aa1ccb25ebe78bb19f100\",\"name\":\"St\u00e9phane Miget\",\"image\":{\"@type\":\"ImageObject\",\"inLanguage\":\"fr-FR\",\"@id\":\"https:\\\/\\\/secure.gravatar.com\\\/avatar\\\/89915563d925342126b8ef0281b93d9d7fc337043e8df017f780908eb9644451?s=96&d=mm&r=g\",\"url\":\"https:\\\/\\\/secure.gravatar.com\\\/avatar\\\/89915563d925342126b8ef0281b93d9d7fc337043e8df017f780908eb9644451?s=96&d=mm&r=g\",\"contentUrl\":\"https:\\\/\\\/secure.gravatar.com\\\/avatar\\\/89915563d925342126b8ef0281b93d9d7fc337043e8df017f780908eb9644451?s=96&d=mm&r=g\",\"caption\":\"St\u00e9phane Miget\"},\"url\":\"https:\\\/\\\/batijournal.com\\\/index.php\\\/author\\\/stephane\\\/\"}]}<\/script>\n<!-- \/ Yoast SEO plugin. -->","yoast_head_json":{"title":"Nexity fait \u00e9voluer sa gouvernance apr\u00e8s la disparition de son Directeur g\u00e9n\u00e9ral","robots":{"index":"index","follow":"follow","max-snippet":"max-snippet:-1","max-image-preview":"max-image-preview:large","max-video-preview":"max-video-preview:-1"},"canonical":"https:\/\/batijournal.com\/index.php\/nexity-fait-evoluer-sa-gouvernance-apres-la-disparition-de-son-directeur-general\/104175\/","og_locale":"fr_FR","og_type":"article","og_title":"Nexity fait \u00e9voluer sa gouvernance apr\u00e8s la disparition de son Directeur g\u00e9n\u00e9ral","og_description":"Pour faire face \u00e0 la disparition soudaine de Jean-Philippe Ruggieri due au Covid-19, Directeur g\u00e9n\u00e9ral de Nexity, survenue le 24 avril 2020, le Conseil d&rsquo;Administration qui s&rsquo;est r\u00e9uni le samedi 25 avril 2020 a d\u00e9cid\u00e9 de r\u00e9unir les fonctions de Pr\u00e9sident et de Directeur G\u00e9n\u00e9ral et de nommer Monsieur Alain Dinin en qualit\u00e9 de Pr\u00e9sident-Directeur [&hellip;]","og_url":"https:\/\/batijournal.com\/index.php\/nexity-fait-evoluer-sa-gouvernance-apres-la-disparition-de-son-directeur-general\/104175\/","og_site_name":"Batijournal","article_published_time":"2020-04-27T07:46:58+00:00","article_modified_time":"2020-04-27T07:47:01+00:00","og_image":[{"width":900,"height":506,"url":"https:\/\/batijournal.com\/wp-content\/uploads\/2020\/04\/nexity.jpg","type":"image\/jpeg"}],"author":"St\u00e9phane Miget","twitter_card":"summary_large_image","twitter_creator":"@bati_journal","twitter_site":"@bati_journal","twitter_misc":{"\u00c9crit par":"St\u00e9phane Miget","Dur\u00e9e de lecture estim\u00e9e":"1 minute"},"schema":{"@context":"https:\/\/schema.org","@graph":[{"@type":"Article","@id":"https:\/\/batijournal.com\/index.php\/nexity-fait-evoluer-sa-gouvernance-apres-la-disparition-de-son-directeur-general\/104175\/#article","isPartOf":{"@id":"https:\/\/batijournal.com\/index.php\/nexity-fait-evoluer-sa-gouvernance-apres-la-disparition-de-son-directeur-general\/104175\/"},"author":{"name":"St\u00e9phane Miget","@id":"https:\/\/batijournal.com\/#\/schema\/person\/1dc96ec6957aa1ccb25ebe78bb19f100"},"headline":"Nexity fait \u00e9voluer sa gouvernance apr\u00e8s la disparition de son Directeur g\u00e9n\u00e9ral","datePublished":"2020-04-27T07:46:58+00:00","dateModified":"2020-04-27T07:47:01+00:00","mainEntityOfPage":{"@id":"https:\/\/batijournal.com\/index.php\/nexity-fait-evoluer-sa-gouvernance-apres-la-disparition-de-son-directeur-general\/104175\/"},"wordCount":187,"image":{"@id":"https:\/\/batijournal.com\/index.php\/nexity-fait-evoluer-sa-gouvernance-apres-la-disparition-de-son-directeur-general\/104175\/#primaryimage"},"thumbnailUrl":"https:\/\/batijournal.com\/wp-content\/uploads\/2020\/04\/nexity.jpg","articleSection":["Actualit\u00e9s","\u00c9conomie &amp; March\u00e9s"],"inLanguage":"fr-FR"},{"@type":"WebPage","@id":"https:\/\/batijournal.com\/index.php\/nexity-fait-evoluer-sa-gouvernance-apres-la-disparition-de-son-directeur-general\/104175\/","url":"https:\/\/batijournal.com\/index.php\/nexity-fait-evoluer-sa-gouvernance-apres-la-disparition-de-son-directeur-general\/104175\/","name":"Nexity fait \u00e9voluer sa gouvernance apr\u00e8s la disparition de son Directeur g\u00e9n\u00e9ral","isPartOf":{"@id":"https:\/\/batijournal.com\/#website"},"primaryImageOfPage":{"@id":"https:\/\/batijournal.com\/index.php\/nexity-fait-evoluer-sa-gouvernance-apres-la-disparition-de-son-directeur-general\/104175\/#primaryimage"},"image":{"@id":"https:\/\/batijournal.com\/index.php\/nexity-fait-evoluer-sa-gouvernance-apres-la-disparition-de-son-directeur-general\/104175\/#primaryimage"},"thumbnailUrl":"https:\/\/batijournal.com\/wp-content\/uploads\/2020\/04\/nexity.jpg","datePublished":"2020-04-27T07:46:58+00:00","dateModified":"2020-04-27T07:47:01+00:00","author":{"@id":"https:\/\/batijournal.com\/#\/schema\/person\/1dc96ec6957aa1ccb25ebe78bb19f100"},"breadcrumb":{"@id":"https:\/\/batijournal.com\/index.php\/nexity-fait-evoluer-sa-gouvernance-apres-la-disparition-de-son-directeur-general\/104175\/#breadcrumb"},"inLanguage":"fr-FR","potentialAction":[{"@type":"ReadAction","target":["https:\/\/batijournal.com\/index.php\/nexity-fait-evoluer-sa-gouvernance-apres-la-disparition-de-son-directeur-general\/104175\/"]}]},{"@type":"ImageObject","inLanguage":"fr-FR","@id":"https:\/\/batijournal.com\/index.php\/nexity-fait-evoluer-sa-gouvernance-apres-la-disparition-de-son-directeur-general\/104175\/#primaryimage","url":"https:\/\/batijournal.com\/wp-content\/uploads\/2020\/04\/nexity.jpg","contentUrl":"https:\/\/batijournal.com\/wp-content\/uploads\/2020\/04\/nexity.jpg","width":900,"height":506},{"@type":"BreadcrumbList","@id":"https:\/\/batijournal.com\/index.php\/nexity-fait-evoluer-sa-gouvernance-apres-la-disparition-de-son-directeur-general\/104175\/#breadcrumb","itemListElement":[{"@type":"ListItem","position":1,"name":"Accueil","item":"https:\/\/batijournal.com\/"},{"@type":"ListItem","position":2,"name":"Actualit\u00e9s","item":"https:\/\/batijournal.com\/index.php\/category\/actualites\/"},{"@type":"ListItem","position":3,"name":"Nexity fait \u00e9voluer sa gouvernance apr\u00e8s la disparition de son Directeur g\u00e9n\u00e9ral"}]},{"@type":"WebSite","@id":"https:\/\/batijournal.com\/#website","url":"https:\/\/batijournal.com\/","name":"Batijournal","description":"L&#039;actualit\u00e9 du b\u00e2timent","potentialAction":[{"@type":"SearchAction","target":{"@type":"EntryPoint","urlTemplate":"https:\/\/batijournal.com\/?s={search_term_string}"},"query-input":{"@type":"PropertyValueSpecification","valueRequired":true,"valueName":"search_term_string"}}],"inLanguage":"fr-FR"},{"@type":"Person","@id":"https:\/\/batijournal.com\/#\/schema\/person\/1dc96ec6957aa1ccb25ebe78bb19f100","name":"St\u00e9phane Miget","image":{"@type":"ImageObject","inLanguage":"fr-FR","@id":"https:\/\/secure.gravatar.com\/avatar\/89915563d925342126b8ef0281b93d9d7fc337043e8df017f780908eb9644451?s=96&d=mm&r=g","url":"https:\/\/secure.gravatar.com\/avatar\/89915563d925342126b8ef0281b93d9d7fc337043e8df017f780908eb9644451?s=96&d=mm&r=g","contentUrl":"https:\/\/secure.gravatar.com\/avatar\/89915563d925342126b8ef0281b93d9d7fc337043e8df017f780908eb9644451?s=96&d=mm&r=g","caption":"St\u00e9phane Miget"},"url":"https:\/\/batijournal.com\/index.php\/author\/stephane\/"}]}},"_links":{"self":[{"href":"https:\/\/batijournal.com\/index.php\/wp-json\/wp\/v2\/posts\/104175","targetHints":{"allow":["GET"]}}],"collection":[{"href":"https:\/\/batijournal.com\/index.php\/wp-json\/wp\/v2\/posts"}],"about":[{"href":"https:\/\/batijournal.com\/index.php\/wp-json\/wp\/v2\/types\/post"}],"author":[{"embeddable":true,"href":"https:\/\/batijournal.com\/index.php\/wp-json\/wp\/v2\/users\/17"}],"replies":[{"embeddable":true,"href":"https:\/\/batijournal.com\/index.php\/wp-json\/wp\/v2\/comments?post=104175"}],"version-history":[{"count":0,"href":"https:\/\/batijournal.com\/index.php\/wp-json\/wp\/v2\/posts\/104175\/revisions"}],"wp:featuredmedia":[{"embeddable":true,"href":"https:\/\/batijournal.com\/index.php\/wp-json\/wp\/v2\/media\/104176"}],"wp:attachment":[{"href":"https:\/\/batijournal.com\/index.php\/wp-json\/wp\/v2\/media?parent=104175"}],"wp:term":[{"taxonomy":"category","embeddable":true,"href":"https:\/\/batijournal.com\/index.php\/wp-json\/wp\/v2\/categories?post=104175"},{"taxonomy":"post_tag","embeddable":true,"href":"https:\/\/batijournal.com\/index.php\/wp-json\/wp\/v2\/tags?post=104175"}],"curies":[{"name":"wp","href":"https:\/\/api.w.org\/{rel}","templated":true}]}}