{"id":104182,"date":"2020-04-28T15:26:40","date_gmt":"2020-04-28T13:26:40","guid":{"rendered":"https:\/\/batijournal.com\/?p=104182"},"modified":"2020-04-28T15:26:41","modified_gmt":"2020-04-28T13:26:41","slug":"programmation-pluriannuelle-de-lenergie-respecter-le-calendrier-malgre-la-crise","status":"publish","type":"post","link":"https:\/\/batijournal.com\/index.php\/programmation-pluriannuelle-de-lenergie-respecter-le-calendrier-malgre-la-crise\/104182\/","title":{"rendered":"Programmation Pluriannuelle de l\u2019Energie : respecter le calendrier malgr\u00e9 la crise"},"content":{"rendered":"\n<p>Suite \u00e0 la publication, tant attendue, de la Programmation Pluriannuelle de l\u2019Energie (PPE) par le gouvernement, le SER alerte sur l\u2019importance du respect indispensable du calendrier malgr\u00e9 la p\u00e9riode que nous traversons. Tout retard fragiliserait encore davantage les entreprises du secteur, d\u00e9veloppeurs et industriels, en particulier les ETI et les PME, et nous \u00e9loignerait des objectifs que la France s\u2019est fix\u00e9 de parvenir \u00e0 33% d\u2019\u00e9nergies renouvelables dans son mix \u00e9nerg\u00e9tique en 2030 et d\u2019atteindre la neutralit\u00e9 carbone \u00e0 l\u2019horizon 2050. Pour tenir ce calendrier, au moment du red\u00e9marrage, il sera n\u00e9cessaire d\u2019acc\u00e9l\u00e9rer les proc\u00e9dures administratives permettant de mettre en service les projets d\u00e9j\u00e0 en d\u00e9veloppement et la planification des appels d\u2019offres afin de compenser les retards dus \u00e0 la crise. Le SER appelle \u00e0 ce qu\u2019une r\u00e9flexion s\u2019ouvre sur les mesures d\u2019accompagnement qui seront n\u00e9cessaires afin d\u2019atteindre les objectifs d\u00e9finis.<\/p>\n\n\n\n<p><\/p>\n\n\n\n<p>Photo : Edilians<\/p>\n","protected":false},"excerpt":{"rendered":"<p>Suite \u00e0 la publication, tant attendue, de la Programmation Pluriannuelle de l\u2019Energie (PPE) par le gouvernement, le SER alerte sur l\u2019importance du respect indispensable du calendrier malgr\u00e9 la p\u00e9riode que nous traversons. Tout retard fragiliserait encore davantage les entreprises du secteur, d\u00e9veloppeurs et industriels, en particulier les ETI et les PME, et nous \u00e9loignerait des [&hellip;]<\/p>\n","protected":false},"author":17,"featured_media":101350,"comment_status":"closed","ping_status":"closed","sticky":false,"template":"","format":"standard","meta":{"_et_pb_use_builder":"","_et_pb_old_content":"","_et_gb_content_width":"","footnotes":""},"categories":[10736,10530,6351,10781,10778],"tags":[8775],"class_list":["post-104182","post","type-post","status-publish","format-standard","has-post-thumbnail","hentry","category-a-la-une","category-actualites","category-energie-environnement","category-publications-planete","category-planete","tag-energie-renouvelables"],"yoast_head":"<!-- This site is optimized with the Yoast SEO plugin v27.4 - https:\/\/yoast.com\/product\/yoast-seo-wordpress\/ -->\n<title>Programmation Pluriannuelle de l\u2019Energie : respecter le calendrier malgr\u00e9 la crise<\/title>\n<meta name=\"robots\" content=\"index, follow, max-snippet:-1, max-image-preview:large, max-video-preview:-1\" \/>\n<link rel=\"canonical\" href=\"https:\/\/batijournal.com\/index.php\/programmation-pluriannuelle-de-lenergie-respecter-le-calendrier-malgre-la-crise\/104182\/\" \/>\n<meta property=\"og:locale\" content=\"fr_FR\" \/>\n<meta property=\"og:type\" content=\"article\" \/>\n<meta property=\"og:title\" content=\"Programmation Pluriannuelle de l\u2019Energie : respecter le calendrier malgr\u00e9 la crise\" \/>\n<meta property=\"og:description\" content=\"Suite \u00e0 la publication, tant attendue, de la Programmation Pluriannuelle de l\u2019Energie (PPE) par le gouvernement, le SER alerte sur l\u2019importance du respect indispensable du calendrier malgr\u00e9 la p\u00e9riode que nous traversons. Tout retard fragiliserait encore davantage les entreprises du secteur, d\u00e9veloppeurs et industriels, en particulier les ETI et les PME, et nous \u00e9loignerait des [&hellip;]\" \/>\n<meta property=\"og:url\" content=\"https:\/\/batijournal.com\/index.php\/programmation-pluriannuelle-de-lenergie-respecter-le-calendrier-malgre-la-crise\/104182\/\" \/>\n<meta property=\"og:site_name\" content=\"Batijournal\" \/>\n<meta property=\"article:published_time\" content=\"2020-04-28T13:26:40+00:00\" \/>\n<meta property=\"article:modified_time\" content=\"2020-04-28T13:26:41+00:00\" \/>\n<meta property=\"og:image\" content=\"https:\/\/batijournal.com\/wp-content\/uploads\/2019\/02\/Edilians-ALPHA-10-STE-FOY-Ardoise-ALPHA-SOLAIRE.jpg\" \/>\n\t<meta property=\"og:image:width\" content=\"572\" \/>\n\t<meta property=\"og:image:height\" content=\"321\" \/>\n\t<meta property=\"og:image:type\" content=\"image\/jpeg\" \/>\n<meta name=\"author\" content=\"St\u00e9phane Miget\" \/>\n<meta name=\"twitter:card\" content=\"summary_large_image\" \/>\n<meta name=\"twitter:creator\" content=\"@bati_journal\" \/>\n<meta name=\"twitter:site\" content=\"@bati_journal\" \/>\n<meta name=\"twitter:label1\" content=\"\u00c9crit par\" \/>\n\t<meta name=\"twitter:data1\" content=\"St\u00e9phane Miget\" \/>\n\t<meta name=\"twitter:label2\" content=\"Dur\u00e9e de lecture estim\u00e9e\" \/>\n\t<meta name=\"twitter:data2\" content=\"1 minute\" \/>\n<script type=\"application\/ld+json\" class=\"yoast-schema-graph\">{\"@context\":\"https:\\\/\\\/schema.org\",\"@graph\":[{\"@type\":\"Article\",\"@id\":\"https:\\\/\\\/batijournal.com\\\/index.php\\\/programmation-pluriannuelle-de-lenergie-respecter-le-calendrier-malgre-la-crise\\\/104182\\\/#article\",\"isPartOf\":{\"@id\":\"https:\\\/\\\/batijournal.com\\\/index.php\\\/programmation-pluriannuelle-de-lenergie-respecter-le-calendrier-malgre-la-crise\\\/104182\\\/\"},\"author\":{\"name\":\"St\u00e9phane Miget\",\"@id\":\"https:\\\/\\\/batijournal.com\\\/#\\\/schema\\\/person\\\/1dc96ec6957aa1ccb25ebe78bb19f100\"},\"headline\":\"Programmation Pluriannuelle de l\u2019Energie : respecter le calendrier malgr\u00e9 la crise\",\"datePublished\":\"2020-04-28T13:26:40+00:00\",\"dateModified\":\"2020-04-28T13:26:41+00:00\",\"mainEntityOfPage\":{\"@id\":\"https:\\\/\\\/batijournal.com\\\/index.php\\\/programmation-pluriannuelle-de-lenergie-respecter-le-calendrier-malgre-la-crise\\\/104182\\\/\"},\"wordCount\":171,\"image\":{\"@id\":\"https:\\\/\\\/batijournal.com\\\/index.php\\\/programmation-pluriannuelle-de-lenergie-respecter-le-calendrier-malgre-la-crise\\\/104182\\\/#primaryimage\"},\"thumbnailUrl\":\"https:\\\/\\\/batijournal.com\\\/wp-content\\\/uploads\\\/2019\\\/02\\\/Edilians-ALPHA-10-STE-FOY-Ardoise-ALPHA-SOLAIRE.jpg\",\"keywords\":[\"energie renouvelables\"],\"articleSection\":[\"A la Une\",\"Actualit\u00e9s\",\"\u00c9nergie &amp; Environnement\",\"zz_Actualit\u00e9s - Plan\u00e8te\",\"zz_Plan\u00e8te B\u00e2timent\"],\"inLanguage\":\"fr-FR\"},{\"@type\":\"WebPage\",\"@id\":\"https:\\\/\\\/batijournal.com\\\/index.php\\\/programmation-pluriannuelle-de-lenergie-respecter-le-calendrier-malgre-la-crise\\\/104182\\\/\",\"url\":\"https:\\\/\\\/batijournal.com\\\/index.php\\\/programmation-pluriannuelle-de-lenergie-respecter-le-calendrier-malgre-la-crise\\\/104182\\\/\",\"name\":\"Programmation Pluriannuelle de l\u2019Energie : respecter le calendrier malgr\u00e9 la crise\",\"isPartOf\":{\"@id\":\"https:\\\/\\\/batijournal.com\\\/#website\"},\"primaryImageOfPage\":{\"@id\":\"https:\\\/\\\/batijournal.com\\\/index.php\\\/programmation-pluriannuelle-de-lenergie-respecter-le-calendrier-malgre-la-crise\\\/104182\\\/#primaryimage\"},\"image\":{\"@id\":\"https:\\\/\\\/batijournal.com\\\/index.php\\\/programmation-pluriannuelle-de-lenergie-respecter-le-calendrier-malgre-la-crise\\\/104182\\\/#primaryimage\"},\"thumbnailUrl\":\"https:\\\/\\\/batijournal.com\\\/wp-content\\\/uploads\\\/2019\\\/02\\\/Edilians-ALPHA-10-STE-FOY-Ardoise-ALPHA-SOLAIRE.jpg\",\"datePublished\":\"2020-04-28T13:26:40+00:00\",\"dateModified\":\"2020-04-28T13:26:41+00:00\",\"author\":{\"@id\":\"https:\\\/\\\/batijournal.com\\\/#\\\/schema\\\/person\\\/1dc96ec6957aa1ccb25ebe78bb19f100\"},\"breadcrumb\":{\"@id\":\"https:\\\/\\\/batijournal.com\\\/index.php\\\/programmation-pluriannuelle-de-lenergie-respecter-le-calendrier-malgre-la-crise\\\/104182\\\/#breadcrumb\"},\"inLanguage\":\"fr-FR\",\"potentialAction\":[{\"@type\":\"ReadAction\",\"target\":[\"https:\\\/\\\/batijournal.com\\\/index.php\\\/programmation-pluriannuelle-de-lenergie-respecter-le-calendrier-malgre-la-crise\\\/104182\\\/\"]}]},{\"@type\":\"ImageObject\",\"inLanguage\":\"fr-FR\",\"@id\":\"https:\\\/\\\/batijournal.com\\\/index.php\\\/programmation-pluriannuelle-de-lenergie-respecter-le-calendrier-malgre-la-crise\\\/104182\\\/#primaryimage\",\"url\":\"https:\\\/\\\/batijournal.com\\\/wp-content\\\/uploads\\\/2019\\\/02\\\/Edilians-ALPHA-10-STE-FOY-Ardoise-ALPHA-SOLAIRE.jpg\",\"contentUrl\":\"https:\\\/\\\/batijournal.com\\\/wp-content\\\/uploads\\\/2019\\\/02\\\/Edilians-ALPHA-10-STE-FOY-Ardoise-ALPHA-SOLAIRE.jpg\",\"width\":572,\"height\":321},{\"@type\":\"BreadcrumbList\",\"@id\":\"https:\\\/\\\/batijournal.com\\\/index.php\\\/programmation-pluriannuelle-de-lenergie-respecter-le-calendrier-malgre-la-crise\\\/104182\\\/#breadcrumb\",\"itemListElement\":[{\"@type\":\"ListItem\",\"position\":1,\"name\":\"Accueil\",\"item\":\"https:\\\/\\\/batijournal.com\\\/\"},{\"@type\":\"ListItem\",\"position\":2,\"name\":\"A la Une\",\"item\":\"https:\\\/\\\/batijournal.com\\\/index.php\\\/category\\\/a-la-une\\\/\"},{\"@type\":\"ListItem\",\"position\":3,\"name\":\"Programmation Pluriannuelle de l\u2019Energie : respecter le calendrier malgr\u00e9 la crise\"}]},{\"@type\":\"WebSite\",\"@id\":\"https:\\\/\\\/batijournal.com\\\/#website\",\"url\":\"https:\\\/\\\/batijournal.com\\\/\",\"name\":\"Batijournal\",\"description\":\"L&#039;actualit\u00e9 du b\u00e2timent\",\"potentialAction\":[{\"@type\":\"SearchAction\",\"target\":{\"@type\":\"EntryPoint\",\"urlTemplate\":\"https:\\\/\\\/batijournal.com\\\/?s={search_term_string}\"},\"query-input\":{\"@type\":\"PropertyValueSpecification\",\"valueRequired\":true,\"valueName\":\"search_term_string\"}}],\"inLanguage\":\"fr-FR\"},{\"@type\":\"Person\",\"@id\":\"https:\\\/\\\/batijournal.com\\\/#\\\/schema\\\/person\\\/1dc96ec6957aa1ccb25ebe78bb19f100\",\"name\":\"St\u00e9phane Miget\",\"image\":{\"@type\":\"ImageObject\",\"inLanguage\":\"fr-FR\",\"@id\":\"https:\\\/\\\/secure.gravatar.com\\\/avatar\\\/89915563d925342126b8ef0281b93d9d7fc337043e8df017f780908eb9644451?s=96&d=mm&r=g\",\"url\":\"https:\\\/\\\/secure.gravatar.com\\\/avatar\\\/89915563d925342126b8ef0281b93d9d7fc337043e8df017f780908eb9644451?s=96&d=mm&r=g\",\"contentUrl\":\"https:\\\/\\\/secure.gravatar.com\\\/avatar\\\/89915563d925342126b8ef0281b93d9d7fc337043e8df017f780908eb9644451?s=96&d=mm&r=g\",\"caption\":\"St\u00e9phane Miget\"},\"url\":\"https:\\\/\\\/batijournal.com\\\/index.php\\\/author\\\/stephane\\\/\"}]}<\/script>\n<!-- \/ Yoast SEO plugin. -->","yoast_head_json":{"title":"Programmation Pluriannuelle de l\u2019Energie : respecter le calendrier malgr\u00e9 la crise","robots":{"index":"index","follow":"follow","max-snippet":"max-snippet:-1","max-image-preview":"max-image-preview:large","max-video-preview":"max-video-preview:-1"},"canonical":"https:\/\/batijournal.com\/index.php\/programmation-pluriannuelle-de-lenergie-respecter-le-calendrier-malgre-la-crise\/104182\/","og_locale":"fr_FR","og_type":"article","og_title":"Programmation Pluriannuelle de l\u2019Energie : respecter le calendrier malgr\u00e9 la crise","og_description":"Suite \u00e0 la publication, tant attendue, de la Programmation Pluriannuelle de l\u2019Energie (PPE) par le gouvernement, le SER alerte sur l\u2019importance du respect indispensable du calendrier malgr\u00e9 la p\u00e9riode que nous traversons. Tout retard fragiliserait encore davantage les entreprises du secteur, d\u00e9veloppeurs et industriels, en particulier les ETI et les PME, et nous \u00e9loignerait des [&hellip;]","og_url":"https:\/\/batijournal.com\/index.php\/programmation-pluriannuelle-de-lenergie-respecter-le-calendrier-malgre-la-crise\/104182\/","og_site_name":"Batijournal","article_published_time":"2020-04-28T13:26:40+00:00","article_modified_time":"2020-04-28T13:26:41+00:00","og_image":[{"width":572,"height":321,"url":"https:\/\/batijournal.com\/wp-content\/uploads\/2019\/02\/Edilians-ALPHA-10-STE-FOY-Ardoise-ALPHA-SOLAIRE.jpg","type":"image\/jpeg"}],"author":"St\u00e9phane Miget","twitter_card":"summary_large_image","twitter_creator":"@bati_journal","twitter_site":"@bati_journal","twitter_misc":{"\u00c9crit par":"St\u00e9phane Miget","Dur\u00e9e de lecture estim\u00e9e":"1 minute"},"schema":{"@context":"https:\/\/schema.org","@graph":[{"@type":"Article","@id":"https:\/\/batijournal.com\/index.php\/programmation-pluriannuelle-de-lenergie-respecter-le-calendrier-malgre-la-crise\/104182\/#article","isPartOf":{"@id":"https:\/\/batijournal.com\/index.php\/programmation-pluriannuelle-de-lenergie-respecter-le-calendrier-malgre-la-crise\/104182\/"},"author":{"name":"St\u00e9phane Miget","@id":"https:\/\/batijournal.com\/#\/schema\/person\/1dc96ec6957aa1ccb25ebe78bb19f100"},"headline":"Programmation Pluriannuelle de l\u2019Energie : respecter le calendrier malgr\u00e9 la crise","datePublished":"2020-04-28T13:26:40+00:00","dateModified":"2020-04-28T13:26:41+00:00","mainEntityOfPage":{"@id":"https:\/\/batijournal.com\/index.php\/programmation-pluriannuelle-de-lenergie-respecter-le-calendrier-malgre-la-crise\/104182\/"},"wordCount":171,"image":{"@id":"https:\/\/batijournal.com\/index.php\/programmation-pluriannuelle-de-lenergie-respecter-le-calendrier-malgre-la-crise\/104182\/#primaryimage"},"thumbnailUrl":"https:\/\/batijournal.com\/wp-content\/uploads\/2019\/02\/Edilians-ALPHA-10-STE-FOY-Ardoise-ALPHA-SOLAIRE.jpg","keywords":["energie renouvelables"],"articleSection":["A la Une","Actualit\u00e9s","\u00c9nergie &amp; Environnement","zz_Actualit\u00e9s - Plan\u00e8te","zz_Plan\u00e8te B\u00e2timent"],"inLanguage":"fr-FR"},{"@type":"WebPage","@id":"https:\/\/batijournal.com\/index.php\/programmation-pluriannuelle-de-lenergie-respecter-le-calendrier-malgre-la-crise\/104182\/","url":"https:\/\/batijournal.com\/index.php\/programmation-pluriannuelle-de-lenergie-respecter-le-calendrier-malgre-la-crise\/104182\/","name":"Programmation Pluriannuelle de l\u2019Energie : respecter le calendrier malgr\u00e9 la crise","isPartOf":{"@id":"https:\/\/batijournal.com\/#website"},"primaryImageOfPage":{"@id":"https:\/\/batijournal.com\/index.php\/programmation-pluriannuelle-de-lenergie-respecter-le-calendrier-malgre-la-crise\/104182\/#primaryimage"},"image":{"@id":"https:\/\/batijournal.com\/index.php\/programmation-pluriannuelle-de-lenergie-respecter-le-calendrier-malgre-la-crise\/104182\/#primaryimage"},"thumbnailUrl":"https:\/\/batijournal.com\/wp-content\/uploads\/2019\/02\/Edilians-ALPHA-10-STE-FOY-Ardoise-ALPHA-SOLAIRE.jpg","datePublished":"2020-04-28T13:26:40+00:00","dateModified":"2020-04-28T13:26:41+00:00","author":{"@id":"https:\/\/batijournal.com\/#\/schema\/person\/1dc96ec6957aa1ccb25ebe78bb19f100"},"breadcrumb":{"@id":"https:\/\/batijournal.com\/index.php\/programmation-pluriannuelle-de-lenergie-respecter-le-calendrier-malgre-la-crise\/104182\/#breadcrumb"},"inLanguage":"fr-FR","potentialAction":[{"@type":"ReadAction","target":["https:\/\/batijournal.com\/index.php\/programmation-pluriannuelle-de-lenergie-respecter-le-calendrier-malgre-la-crise\/104182\/"]}]},{"@type":"ImageObject","inLanguage":"fr-FR","@id":"https:\/\/batijournal.com\/index.php\/programmation-pluriannuelle-de-lenergie-respecter-le-calendrier-malgre-la-crise\/104182\/#primaryimage","url":"https:\/\/batijournal.com\/wp-content\/uploads\/2019\/02\/Edilians-ALPHA-10-STE-FOY-Ardoise-ALPHA-SOLAIRE.jpg","contentUrl":"https:\/\/batijournal.com\/wp-content\/uploads\/2019\/02\/Edilians-ALPHA-10-STE-FOY-Ardoise-ALPHA-SOLAIRE.jpg","width":572,"height":321},{"@type":"BreadcrumbList","@id":"https:\/\/batijournal.com\/index.php\/programmation-pluriannuelle-de-lenergie-respecter-le-calendrier-malgre-la-crise\/104182\/#breadcrumb","itemListElement":[{"@type":"ListItem","position":1,"name":"Accueil","item":"https:\/\/batijournal.com\/"},{"@type":"ListItem","position":2,"name":"A la Une","item":"https:\/\/batijournal.com\/index.php\/category\/a-la-une\/"},{"@type":"ListItem","position":3,"name":"Programmation Pluriannuelle de l\u2019Energie : respecter le calendrier malgr\u00e9 la crise"}]},{"@type":"WebSite","@id":"https:\/\/batijournal.com\/#website","url":"https:\/\/batijournal.com\/","name":"Batijournal","description":"L&#039;actualit\u00e9 du b\u00e2timent","potentialAction":[{"@type":"SearchAction","target":{"@type":"EntryPoint","urlTemplate":"https:\/\/batijournal.com\/?s={search_term_string}"},"query-input":{"@type":"PropertyValueSpecification","valueRequired":true,"valueName":"search_term_string"}}],"inLanguage":"fr-FR"},{"@type":"Person","@id":"https:\/\/batijournal.com\/#\/schema\/person\/1dc96ec6957aa1ccb25ebe78bb19f100","name":"St\u00e9phane Miget","image":{"@type":"ImageObject","inLanguage":"fr-FR","@id":"https:\/\/secure.gravatar.com\/avatar\/89915563d925342126b8ef0281b93d9d7fc337043e8df017f780908eb9644451?s=96&d=mm&r=g","url":"https:\/\/secure.gravatar.com\/avatar\/89915563d925342126b8ef0281b93d9d7fc337043e8df017f780908eb9644451?s=96&d=mm&r=g","contentUrl":"https:\/\/secure.gravatar.com\/avatar\/89915563d925342126b8ef0281b93d9d7fc337043e8df017f780908eb9644451?s=96&d=mm&r=g","caption":"St\u00e9phane Miget"},"url":"https:\/\/batijournal.com\/index.php\/author\/stephane\/"}]}},"_links":{"self":[{"href":"https:\/\/batijournal.com\/index.php\/wp-json\/wp\/v2\/posts\/104182","targetHints":{"allow":["GET"]}}],"collection":[{"href":"https:\/\/batijournal.com\/index.php\/wp-json\/wp\/v2\/posts"}],"about":[{"href":"https:\/\/batijournal.com\/index.php\/wp-json\/wp\/v2\/types\/post"}],"author":[{"embeddable":true,"href":"https:\/\/batijournal.com\/index.php\/wp-json\/wp\/v2\/users\/17"}],"replies":[{"embeddable":true,"href":"https:\/\/batijournal.com\/index.php\/wp-json\/wp\/v2\/comments?post=104182"}],"version-history":[{"count":0,"href":"https:\/\/batijournal.com\/index.php\/wp-json\/wp\/v2\/posts\/104182\/revisions"}],"wp:featuredmedia":[{"embeddable":true,"href":"https:\/\/batijournal.com\/index.php\/wp-json\/wp\/v2\/media\/101350"}],"wp:attachment":[{"href":"https:\/\/batijournal.com\/index.php\/wp-json\/wp\/v2\/media?parent=104182"}],"wp:term":[{"taxonomy":"category","embeddable":true,"href":"https:\/\/batijournal.com\/index.php\/wp-json\/wp\/v2\/categories?post=104182"},{"taxonomy":"post_tag","embeddable":true,"href":"https:\/\/batijournal.com\/index.php\/wp-json\/wp\/v2\/tags?post=104182"}],"curies":[{"name":"wp","href":"https:\/\/api.w.org\/{rel}","templated":true}]}}