{"id":104183,"date":"2020-04-29T11:05:00","date_gmt":"2020-04-29T09:05:00","guid":{"rendered":"https:\/\/batijournal.com\/?p=104183"},"modified":"2020-04-29T11:06:38","modified_gmt":"2020-04-29T09:06:38","slug":"le-11-mai-le-secteur-culturel-va-deconfiner-un-tout-petit-peu","status":"publish","type":"post","link":"https:\/\/batijournal.com\/index.php\/le-11-mai-le-secteur-culturel-va-deconfiner-un-tout-petit-peu\/104183\/","title":{"rendered":"Le 11 mai, le secteur culturel va d\u00e9confiner&#8230; un tout petit peu"},"content":{"rendered":"\n<p>Le premier ministre, Edouard Philippe, a pr\u00e9sent\u00e9, mardi 28 avril 2020, le plan du gouvernement pour un d\u00e9confinement progressif \u00e0 partir du 11 mai. L&rsquo;activit\u00e9 culturelle ne reprendra que tr\u00e8s partiellement \u00e0 partir de cette date. Les d\u00e9placements seront limit\u00e9s \u00e0 un rayon de 100 km du domicile, sauf pour \u00ab un motif imp\u00e9rieux, familial ou professionnel \u00bb et les d\u00e9partements seront class\u00e9s selon deux couleurs. J\u00e9r\u00f4me Salomon, directeur g\u00e9n\u00e9ral de la sant\u00e9, pr\u00e9sentera le 30 avril la premi\u00e8re carte des d\u00e9partements en cat\u00e9gorie \u00ab rouge \u00bb, \u00ab o\u00f9 le d\u00e9confinement doit prendre une forme plus stricte \u00bb, et de ceux class\u00e9s en \u00ab vert \u00bb, o\u00f9 la circulation du virus est consid\u00e9r\u00e9e comme \u00ab limit\u00e9e \u00bb. Les biblioth\u00e8ques et petits mus\u00e9es pourront rouvrir d\u00e8s le 11 mai, sans pr\u00e9cision des taille critique. Les grands mus\u00e9es, les cin\u00e9mas et th\u00e9\u00e2tres, les salles de concert, les salles polyvalentes restent ferm\u00e9s, tout \u00e9v\u00e9nement de plus de 5 000 personnes \u00e9tant interdit jusqu\u2019\u00e0 septembre. Dans les lieux de culte, les c\u00e9r\u00e9monies sont interdites jusqu&rsquo;au 2 juin. L&rsquo;ouverture des parcs et jardins publics va d\u00e9pendre du lieu de r\u00e9sidence, ils \u00ab ne pourront ouvrir que dans les d\u00e9partements o\u00f9 le virus ne circule pas de fa\u00e7on active \u00bb, c&rsquo;est \u00e0 dire class\u00e9 en vert.<\/p>\n","protected":false},"excerpt":{"rendered":"<p>Le premier ministre, Edouard Philippe, a pr\u00e9sent\u00e9, mardi 28 avril 2020, le plan du gouvernement pour un d\u00e9confinement progressif \u00e0 partir du 11 mai. L&rsquo;activit\u00e9 culturelle ne reprendra que tr\u00e8s partiellement \u00e0 partir de cette date. Les d\u00e9placements seront limit\u00e9s \u00e0 un rayon de 100 km du domicile, sauf pour \u00ab un motif imp\u00e9rieux, familial [&hellip;]<\/p>\n","protected":false},"author":17,"featured_media":99766,"comment_status":"closed","ping_status":"closed","sticky":false,"template":"","format":"standard","meta":{"_et_pb_use_builder":"","_et_pb_old_content":"","_et_gb_content_width":"","footnotes":""},"categories":[10736,10530,6362,10789,10785],"tags":[],"class_list":["post-104183","post","type-post","status-publish","format-standard","has-post-thumbnail","hentry","category-a-la-une","category-actualites","category-services-equipements","category-publications-atrium","category-atrium"],"yoast_head":"<!-- This site is optimized with the Yoast SEO plugin v27.4 - https:\/\/yoast.com\/product\/yoast-seo-wordpress\/ -->\n<title>Le 11 mai, le secteur culturel va d\u00e9confiner... un tout petit peu<\/title>\n<meta name=\"robots\" content=\"index, follow, max-snippet:-1, max-image-preview:large, max-video-preview:-1\" \/>\n<link rel=\"canonical\" href=\"https:\/\/batijournal.com\/index.php\/le-11-mai-le-secteur-culturel-va-deconfiner-un-tout-petit-peu\/104183\/\" \/>\n<meta property=\"og:locale\" content=\"fr_FR\" \/>\n<meta property=\"og:type\" content=\"article\" \/>\n<meta property=\"og:title\" content=\"Le 11 mai, le secteur culturel va d\u00e9confiner... un tout petit peu\" \/>\n<meta property=\"og:description\" content=\"Le premier ministre, Edouard Philippe, a pr\u00e9sent\u00e9, mardi 28 avril 2020, le plan du gouvernement pour un d\u00e9confinement progressif \u00e0 partir du 11 mai. L&rsquo;activit\u00e9 culturelle ne reprendra que tr\u00e8s partiellement \u00e0 partir de cette date. Les d\u00e9placements seront limit\u00e9s \u00e0 un rayon de 100 km du domicile, sauf pour \u00ab un motif imp\u00e9rieux, familial [&hellip;]\" \/>\n<meta property=\"og:url\" content=\"https:\/\/batijournal.com\/index.php\/le-11-mai-le-secteur-culturel-va-deconfiner-un-tout-petit-peu\/104183\/\" \/>\n<meta property=\"og:site_name\" content=\"Batijournal\" \/>\n<meta property=\"article:published_time\" content=\"2020-04-29T09:05:00+00:00\" \/>\n<meta property=\"article:modified_time\" content=\"2020-04-29T09:06:38+00:00\" \/>\n<meta property=\"og:image\" content=\"https:\/\/batijournal.com\/wp-content\/uploads\/2018\/07\/avignon.jpg\" \/>\n\t<meta property=\"og:image:width\" content=\"1200\" \/>\n\t<meta property=\"og:image:height\" content=\"900\" \/>\n\t<meta property=\"og:image:type\" content=\"image\/jpeg\" \/>\n<meta name=\"author\" content=\"St\u00e9phane Miget\" \/>\n<meta name=\"twitter:card\" content=\"summary_large_image\" \/>\n<meta name=\"twitter:creator\" content=\"@bati_journal\" \/>\n<meta name=\"twitter:site\" content=\"@bati_journal\" \/>\n<meta name=\"twitter:label1\" content=\"\u00c9crit par\" \/>\n\t<meta name=\"twitter:data1\" content=\"St\u00e9phane Miget\" \/>\n\t<meta name=\"twitter:label2\" content=\"Dur\u00e9e de lecture estim\u00e9e\" \/>\n\t<meta name=\"twitter:data2\" content=\"1 minute\" \/>\n<script type=\"application\/ld+json\" class=\"yoast-schema-graph\">{\"@context\":\"https:\\\/\\\/schema.org\",\"@graph\":[{\"@type\":\"Article\",\"@id\":\"https:\\\/\\\/batijournal.com\\\/index.php\\\/le-11-mai-le-secteur-culturel-va-deconfiner-un-tout-petit-peu\\\/104183\\\/#article\",\"isPartOf\":{\"@id\":\"https:\\\/\\\/batijournal.com\\\/index.php\\\/le-11-mai-le-secteur-culturel-va-deconfiner-un-tout-petit-peu\\\/104183\\\/\"},\"author\":{\"name\":\"St\u00e9phane Miget\",\"@id\":\"https:\\\/\\\/batijournal.com\\\/#\\\/schema\\\/person\\\/1dc96ec6957aa1ccb25ebe78bb19f100\"},\"headline\":\"Le 11 mai, le secteur culturel va d\u00e9confiner&#8230; un tout petit peu\",\"datePublished\":\"2020-04-29T09:05:00+00:00\",\"dateModified\":\"2020-04-29T09:06:38+00:00\",\"mainEntityOfPage\":{\"@id\":\"https:\\\/\\\/batijournal.com\\\/index.php\\\/le-11-mai-le-secteur-culturel-va-deconfiner-un-tout-petit-peu\\\/104183\\\/\"},\"wordCount\":237,\"image\":{\"@id\":\"https:\\\/\\\/batijournal.com\\\/index.php\\\/le-11-mai-le-secteur-culturel-va-deconfiner-un-tout-petit-peu\\\/104183\\\/#primaryimage\"},\"thumbnailUrl\":\"https:\\\/\\\/batijournal.com\\\/wp-content\\\/uploads\\\/2018\\\/07\\\/avignon.jpg\",\"articleSection\":[\"A la Une\",\"Actualit\u00e9s\",\"Divers\",\"zz_Actualit\u00e9s - Atrium\",\"zz_Atrium Patrimoine\"],\"inLanguage\":\"fr-FR\"},{\"@type\":\"WebPage\",\"@id\":\"https:\\\/\\\/batijournal.com\\\/index.php\\\/le-11-mai-le-secteur-culturel-va-deconfiner-un-tout-petit-peu\\\/104183\\\/\",\"url\":\"https:\\\/\\\/batijournal.com\\\/index.php\\\/le-11-mai-le-secteur-culturel-va-deconfiner-un-tout-petit-peu\\\/104183\\\/\",\"name\":\"Le 11 mai, le secteur culturel va d\u00e9confiner... un tout petit peu\",\"isPartOf\":{\"@id\":\"https:\\\/\\\/batijournal.com\\\/#website\"},\"primaryImageOfPage\":{\"@id\":\"https:\\\/\\\/batijournal.com\\\/index.php\\\/le-11-mai-le-secteur-culturel-va-deconfiner-un-tout-petit-peu\\\/104183\\\/#primaryimage\"},\"image\":{\"@id\":\"https:\\\/\\\/batijournal.com\\\/index.php\\\/le-11-mai-le-secteur-culturel-va-deconfiner-un-tout-petit-peu\\\/104183\\\/#primaryimage\"},\"thumbnailUrl\":\"https:\\\/\\\/batijournal.com\\\/wp-content\\\/uploads\\\/2018\\\/07\\\/avignon.jpg\",\"datePublished\":\"2020-04-29T09:05:00+00:00\",\"dateModified\":\"2020-04-29T09:06:38+00:00\",\"author\":{\"@id\":\"https:\\\/\\\/batijournal.com\\\/#\\\/schema\\\/person\\\/1dc96ec6957aa1ccb25ebe78bb19f100\"},\"breadcrumb\":{\"@id\":\"https:\\\/\\\/batijournal.com\\\/index.php\\\/le-11-mai-le-secteur-culturel-va-deconfiner-un-tout-petit-peu\\\/104183\\\/#breadcrumb\"},\"inLanguage\":\"fr-FR\",\"potentialAction\":[{\"@type\":\"ReadAction\",\"target\":[\"https:\\\/\\\/batijournal.com\\\/index.php\\\/le-11-mai-le-secteur-culturel-va-deconfiner-un-tout-petit-peu\\\/104183\\\/\"]}]},{\"@type\":\"ImageObject\",\"inLanguage\":\"fr-FR\",\"@id\":\"https:\\\/\\\/batijournal.com\\\/index.php\\\/le-11-mai-le-secteur-culturel-va-deconfiner-un-tout-petit-peu\\\/104183\\\/#primaryimage\",\"url\":\"https:\\\/\\\/batijournal.com\\\/wp-content\\\/uploads\\\/2018\\\/07\\\/avignon.jpg\",\"contentUrl\":\"https:\\\/\\\/batijournal.com\\\/wp-content\\\/uploads\\\/2018\\\/07\\\/avignon.jpg\",\"width\":1200,\"height\":900,\"caption\":\"La capitale fran\u00e7aise de la Culture\"},{\"@type\":\"BreadcrumbList\",\"@id\":\"https:\\\/\\\/batijournal.com\\\/index.php\\\/le-11-mai-le-secteur-culturel-va-deconfiner-un-tout-petit-peu\\\/104183\\\/#breadcrumb\",\"itemListElement\":[{\"@type\":\"ListItem\",\"position\":1,\"name\":\"Accueil\",\"item\":\"https:\\\/\\\/batijournal.com\\\/\"},{\"@type\":\"ListItem\",\"position\":2,\"name\":\"Actualit\u00e9s\",\"item\":\"https:\\\/\\\/batijournal.com\\\/index.php\\\/category\\\/actualites\\\/\"},{\"@type\":\"ListItem\",\"position\":3,\"name\":\"Le 11 mai, le secteur culturel va d\u00e9confiner&#8230; un tout petit peu\"}]},{\"@type\":\"WebSite\",\"@id\":\"https:\\\/\\\/batijournal.com\\\/#website\",\"url\":\"https:\\\/\\\/batijournal.com\\\/\",\"name\":\"Batijournal\",\"description\":\"L&#039;actualit\u00e9 du b\u00e2timent\",\"potentialAction\":[{\"@type\":\"SearchAction\",\"target\":{\"@type\":\"EntryPoint\",\"urlTemplate\":\"https:\\\/\\\/batijournal.com\\\/?s={search_term_string}\"},\"query-input\":{\"@type\":\"PropertyValueSpecification\",\"valueRequired\":true,\"valueName\":\"search_term_string\"}}],\"inLanguage\":\"fr-FR\"},{\"@type\":\"Person\",\"@id\":\"https:\\\/\\\/batijournal.com\\\/#\\\/schema\\\/person\\\/1dc96ec6957aa1ccb25ebe78bb19f100\",\"name\":\"St\u00e9phane Miget\",\"image\":{\"@type\":\"ImageObject\",\"inLanguage\":\"fr-FR\",\"@id\":\"https:\\\/\\\/secure.gravatar.com\\\/avatar\\\/89915563d925342126b8ef0281b93d9d7fc337043e8df017f780908eb9644451?s=96&d=mm&r=g\",\"url\":\"https:\\\/\\\/secure.gravatar.com\\\/avatar\\\/89915563d925342126b8ef0281b93d9d7fc337043e8df017f780908eb9644451?s=96&d=mm&r=g\",\"contentUrl\":\"https:\\\/\\\/secure.gravatar.com\\\/avatar\\\/89915563d925342126b8ef0281b93d9d7fc337043e8df017f780908eb9644451?s=96&d=mm&r=g\",\"caption\":\"St\u00e9phane Miget\"},\"url\":\"https:\\\/\\\/batijournal.com\\\/index.php\\\/author\\\/stephane\\\/\"}]}<\/script>\n<!-- \/ Yoast SEO plugin. -->","yoast_head_json":{"title":"Le 11 mai, le secteur culturel va d\u00e9confiner... un tout petit peu","robots":{"index":"index","follow":"follow","max-snippet":"max-snippet:-1","max-image-preview":"max-image-preview:large","max-video-preview":"max-video-preview:-1"},"canonical":"https:\/\/batijournal.com\/index.php\/le-11-mai-le-secteur-culturel-va-deconfiner-un-tout-petit-peu\/104183\/","og_locale":"fr_FR","og_type":"article","og_title":"Le 11 mai, le secteur culturel va d\u00e9confiner... un tout petit peu","og_description":"Le premier ministre, Edouard Philippe, a pr\u00e9sent\u00e9, mardi 28 avril 2020, le plan du gouvernement pour un d\u00e9confinement progressif \u00e0 partir du 11 mai. L&rsquo;activit\u00e9 culturelle ne reprendra que tr\u00e8s partiellement \u00e0 partir de cette date. Les d\u00e9placements seront limit\u00e9s \u00e0 un rayon de 100 km du domicile, sauf pour \u00ab un motif imp\u00e9rieux, familial [&hellip;]","og_url":"https:\/\/batijournal.com\/index.php\/le-11-mai-le-secteur-culturel-va-deconfiner-un-tout-petit-peu\/104183\/","og_site_name":"Batijournal","article_published_time":"2020-04-29T09:05:00+00:00","article_modified_time":"2020-04-29T09:06:38+00:00","og_image":[{"width":1200,"height":900,"url":"https:\/\/batijournal.com\/wp-content\/uploads\/2018\/07\/avignon.jpg","type":"image\/jpeg"}],"author":"St\u00e9phane Miget","twitter_card":"summary_large_image","twitter_creator":"@bati_journal","twitter_site":"@bati_journal","twitter_misc":{"\u00c9crit par":"St\u00e9phane Miget","Dur\u00e9e de lecture estim\u00e9e":"1 minute"},"schema":{"@context":"https:\/\/schema.org","@graph":[{"@type":"Article","@id":"https:\/\/batijournal.com\/index.php\/le-11-mai-le-secteur-culturel-va-deconfiner-un-tout-petit-peu\/104183\/#article","isPartOf":{"@id":"https:\/\/batijournal.com\/index.php\/le-11-mai-le-secteur-culturel-va-deconfiner-un-tout-petit-peu\/104183\/"},"author":{"name":"St\u00e9phane Miget","@id":"https:\/\/batijournal.com\/#\/schema\/person\/1dc96ec6957aa1ccb25ebe78bb19f100"},"headline":"Le 11 mai, le secteur culturel va d\u00e9confiner&#8230; un tout petit peu","datePublished":"2020-04-29T09:05:00+00:00","dateModified":"2020-04-29T09:06:38+00:00","mainEntityOfPage":{"@id":"https:\/\/batijournal.com\/index.php\/le-11-mai-le-secteur-culturel-va-deconfiner-un-tout-petit-peu\/104183\/"},"wordCount":237,"image":{"@id":"https:\/\/batijournal.com\/index.php\/le-11-mai-le-secteur-culturel-va-deconfiner-un-tout-petit-peu\/104183\/#primaryimage"},"thumbnailUrl":"https:\/\/batijournal.com\/wp-content\/uploads\/2018\/07\/avignon.jpg","articleSection":["A la Une","Actualit\u00e9s","Divers","zz_Actualit\u00e9s - Atrium","zz_Atrium Patrimoine"],"inLanguage":"fr-FR"},{"@type":"WebPage","@id":"https:\/\/batijournal.com\/index.php\/le-11-mai-le-secteur-culturel-va-deconfiner-un-tout-petit-peu\/104183\/","url":"https:\/\/batijournal.com\/index.php\/le-11-mai-le-secteur-culturel-va-deconfiner-un-tout-petit-peu\/104183\/","name":"Le 11 mai, le secteur culturel va d\u00e9confiner... un tout petit peu","isPartOf":{"@id":"https:\/\/batijournal.com\/#website"},"primaryImageOfPage":{"@id":"https:\/\/batijournal.com\/index.php\/le-11-mai-le-secteur-culturel-va-deconfiner-un-tout-petit-peu\/104183\/#primaryimage"},"image":{"@id":"https:\/\/batijournal.com\/index.php\/le-11-mai-le-secteur-culturel-va-deconfiner-un-tout-petit-peu\/104183\/#primaryimage"},"thumbnailUrl":"https:\/\/batijournal.com\/wp-content\/uploads\/2018\/07\/avignon.jpg","datePublished":"2020-04-29T09:05:00+00:00","dateModified":"2020-04-29T09:06:38+00:00","author":{"@id":"https:\/\/batijournal.com\/#\/schema\/person\/1dc96ec6957aa1ccb25ebe78bb19f100"},"breadcrumb":{"@id":"https:\/\/batijournal.com\/index.php\/le-11-mai-le-secteur-culturel-va-deconfiner-un-tout-petit-peu\/104183\/#breadcrumb"},"inLanguage":"fr-FR","potentialAction":[{"@type":"ReadAction","target":["https:\/\/batijournal.com\/index.php\/le-11-mai-le-secteur-culturel-va-deconfiner-un-tout-petit-peu\/104183\/"]}]},{"@type":"ImageObject","inLanguage":"fr-FR","@id":"https:\/\/batijournal.com\/index.php\/le-11-mai-le-secteur-culturel-va-deconfiner-un-tout-petit-peu\/104183\/#primaryimage","url":"https:\/\/batijournal.com\/wp-content\/uploads\/2018\/07\/avignon.jpg","contentUrl":"https:\/\/batijournal.com\/wp-content\/uploads\/2018\/07\/avignon.jpg","width":1200,"height":900,"caption":"La capitale fran\u00e7aise de la Culture"},{"@type":"BreadcrumbList","@id":"https:\/\/batijournal.com\/index.php\/le-11-mai-le-secteur-culturel-va-deconfiner-un-tout-petit-peu\/104183\/#breadcrumb","itemListElement":[{"@type":"ListItem","position":1,"name":"Accueil","item":"https:\/\/batijournal.com\/"},{"@type":"ListItem","position":2,"name":"Actualit\u00e9s","item":"https:\/\/batijournal.com\/index.php\/category\/actualites\/"},{"@type":"ListItem","position":3,"name":"Le 11 mai, le secteur culturel va d\u00e9confiner&#8230; un tout petit peu"}]},{"@type":"WebSite","@id":"https:\/\/batijournal.com\/#website","url":"https:\/\/batijournal.com\/","name":"Batijournal","description":"L&#039;actualit\u00e9 du b\u00e2timent","potentialAction":[{"@type":"SearchAction","target":{"@type":"EntryPoint","urlTemplate":"https:\/\/batijournal.com\/?s={search_term_string}"},"query-input":{"@type":"PropertyValueSpecification","valueRequired":true,"valueName":"search_term_string"}}],"inLanguage":"fr-FR"},{"@type":"Person","@id":"https:\/\/batijournal.com\/#\/schema\/person\/1dc96ec6957aa1ccb25ebe78bb19f100","name":"St\u00e9phane Miget","image":{"@type":"ImageObject","inLanguage":"fr-FR","@id":"https:\/\/secure.gravatar.com\/avatar\/89915563d925342126b8ef0281b93d9d7fc337043e8df017f780908eb9644451?s=96&d=mm&r=g","url":"https:\/\/secure.gravatar.com\/avatar\/89915563d925342126b8ef0281b93d9d7fc337043e8df017f780908eb9644451?s=96&d=mm&r=g","contentUrl":"https:\/\/secure.gravatar.com\/avatar\/89915563d925342126b8ef0281b93d9d7fc337043e8df017f780908eb9644451?s=96&d=mm&r=g","caption":"St\u00e9phane Miget"},"url":"https:\/\/batijournal.com\/index.php\/author\/stephane\/"}]}},"_links":{"self":[{"href":"https:\/\/batijournal.com\/index.php\/wp-json\/wp\/v2\/posts\/104183","targetHints":{"allow":["GET"]}}],"collection":[{"href":"https:\/\/batijournal.com\/index.php\/wp-json\/wp\/v2\/posts"}],"about":[{"href":"https:\/\/batijournal.com\/index.php\/wp-json\/wp\/v2\/types\/post"}],"author":[{"embeddable":true,"href":"https:\/\/batijournal.com\/index.php\/wp-json\/wp\/v2\/users\/17"}],"replies":[{"embeddable":true,"href":"https:\/\/batijournal.com\/index.php\/wp-json\/wp\/v2\/comments?post=104183"}],"version-history":[{"count":0,"href":"https:\/\/batijournal.com\/index.php\/wp-json\/wp\/v2\/posts\/104183\/revisions"}],"wp:featuredmedia":[{"embeddable":true,"href":"https:\/\/batijournal.com\/index.php\/wp-json\/wp\/v2\/media\/99766"}],"wp:attachment":[{"href":"https:\/\/batijournal.com\/index.php\/wp-json\/wp\/v2\/media?parent=104183"}],"wp:term":[{"taxonomy":"category","embeddable":true,"href":"https:\/\/batijournal.com\/index.php\/wp-json\/wp\/v2\/categories?post=104183"},{"taxonomy":"post_tag","embeddable":true,"href":"https:\/\/batijournal.com\/index.php\/wp-json\/wp\/v2\/tags?post=104183"}],"curies":[{"name":"wp","href":"https:\/\/api.w.org\/{rel}","templated":true}]}}