{"id":104193,"date":"2020-05-04T11:28:40","date_gmt":"2020-05-04T09:28:40","guid":{"rendered":"https:\/\/batijournal.com\/?p=104193"},"modified":"2020-05-04T11:28:42","modified_gmt":"2020-05-04T09:28:42","slug":"les-offices-publics-de-lhabitat-preparent-la-relance","status":"publish","type":"post","link":"https:\/\/batijournal.com\/index.php\/les-offices-publics-de-lhabitat-preparent-la-relance\/104193\/","title":{"rendered":"Les Offices Publics de l\u2019Habitat pr\u00e9parent la relance"},"content":{"rendered":"\n<p>Pour la F\u00e9d\u00e9ration nationale des Offices Publics de l\u2019Habitat , la crise sanitaire actuelle est in\u00e9dite et met davantage en avant les in\u00e9galit\u00e9s sociales. Elle rend visible et palpable, dans l\u2019espace public et dans l\u2019opinion, les difficult\u00e9s quotidiennes que rencontrent plusieurs millions de concitoyens, la fragilit\u00e9 des services publics mais aussi la mobilisation massive de ceux qui les animent, ainsi que les faiblesses d\u2019un mod\u00e8le socio-\u00e9conomique. La crise sanitaire a le m\u00e9rite de mettre en lumi\u00e8re les progr\u00e8s qu\u2019il reste \u00e0 accomplir (personnes sans logement, logements insalubres ou surpeupl\u00e9s\u2026) pour que le droit au logement digne soit effectif pour tous. Deux axes principaux sont \u00e0 explorer : aboutir \u00e0 une relance socialement juste, et faire que cette relance irrigue tous les territoires en favorisant la transition \u00e9cologique et la qualit\u00e9 des logements. Cette dynamique positive devra \u00eatre accompagn\u00e9e par l\u2019\u00c9tat, garant de la solidarit\u00e9 nationale en lien avec les collectivit\u00e9s, garantes de la mise en \u0153uvre concr\u00e8te des politiques de l\u2019habitat.<\/p>\n\n\n\n<p><strong>Une relance socialement juste<\/strong><br \/>Pour r\u00e9pondre \u00e0 cet axe, la FOPH propose diff\u00e9rentes actions :<\/p>\n\n\n\n<ul class=\"wp-block-list\"><li>la revalorisation de l\u2019APL au-del\u00e0 de l\u2019inflation ;<\/li><li>l\u2019abondement par le budget de l\u2019\u00c9tat des FSL d\u00e9partementaux ou m\u00e9tropolitains les plus sollicit\u00e9s ;<\/li><li>la suspension des expulsions pour dette de loyers jusqu\u2019au printemps 2021 ;<\/li><li>l\u2019accompagnement individualis\u00e9 de chaque locataire en difficult\u00e9 \u00e9conomique et sociale ;<\/li><li>la reconnaissance du logement social comme un bien de premi\u00e8re n\u00e9cessit\u00e9 en lui appliquant la TVA \u00e0 5,5% sur tous les investissements, soit un gain de 4.000 \u00e0 7.000 euros par logement construit. Ce sont ces fonds propres suppl\u00e9mentaires qui dans un premier temps couvriront les surco\u00fbts li\u00e9s \u00e0 la crise sanitaire et qui favoriseront une reprise rapide des chantiers, pour ensuite permettre d\u2019accro\u00eetre les investissements. Le co\u00fbt estim\u00e9 pour les finances publiques s\u2019\u00e9l\u00e8ve \u00e0 250 millions par an pour les PLUS, 150 millions pour les PLS.<\/li><\/ul>\n\n\n\n<p><strong>Une relance qui passe par la reprise des chantiers<\/strong><br \/>Depuis quelques jours, les chantiers ont repris progressivement. Pour r\u00e9ussir la relance, il est n\u00e9cessaire de pr\u00e9server les agents \u00e9conomiques priv\u00e9s et publics. Construire et r\u00e9habiliter permettra de contribuer \u00e0 pr\u00e9server les PME du b\u00e2timent, pr\u00e9sentent sur de nombreux territoires : 94% des communes comptent au moins une de ces entreprises ou artisans. Il sera \u00e9galement n\u00e9cessaire de le faire plus massivement pour r\u00e9pondre aux besoins quantitatifs de logements et en proposant des logements aux normes environnementales \u00e9lev\u00e9es. De nombreux offices devront aussi r\u00e9nover des logements pour en accro\u00eetre les qualit\u00e9s de confort et de performances \u00e9nerg\u00e9tiques.<\/p>\n\n\n\n<p>Pour la FOPH, la suppression de la baisse des APL pay\u00e9e par les loyers des locataires serait une mesure simple pour permettre aux HLM de r\u00e9cup\u00e9rer imm\u00e9diatement 6% d\u2019autofinancement, soit pour les offices environ 600 millions d\u2019euros, et pour conforter l\u2019\u00c9tat dans son r\u00f4le de garant de la solidarit\u00e9 nationale.<br \/>Cependant, d\u2019autres mesures sont propos\u00e9es qui \u00e9vitent le recours \u00e0 l\u2019endettement, un endettement qui a beaucoup cr\u00fb avec les mesures \u00ab dites \u00bb d\u2019accompagnement de la RLS. Parmi les nouvelles mesures, sont attendues:<\/p>\n\n\n\n<ul class=\"wp-block-list\"><li>un soutien financier renforc\u00e9 sous forme de subvention aux projets port\u00e9s dans le cadre de l\u2019ANRU pour accro\u00eetre le nombre de reconstructions, de r\u00e9habilitations lourdes et les restructurations du patrimoine,<\/li><li>une augmentation du nombre de logements r\u00e9habilit\u00e9s pour acc\u00e9l\u00e9rer leur am\u00e9lioration thermique et leur qualit\u00e9 d\u2019usage. Pour les offices, une premi\u00e8re \u00e9tude issue des m\u00e9mentos pr\u00e9visionnels (outils de recensement des PSP des offices) montre que les offices pourraient accro\u00eetre de 50% le nombre de logements r\u00e9habilit\u00e9s chaque ann\u00e9e (50 000 en moyenne par an pour un montant moyen au logement de 23 000 euros entre 2014 et 2018) et donc atteindre 75 000 logements par an \u00e0 partir de 2021\/2022, si entre 150 millions et 200 millions de subventions suppl\u00e9mentaires peuvent \u00eatre inject\u00e9es chaque ann\u00e9e,<\/li><li>plus sp\u00e9cifiquement pour les offices, autoriser les collectivit\u00e9s locales \u00e0 souscrire des titres participatifs de leur office pour accro\u00eetre leurs investissements au b\u00e9n\u00e9fice des habitants de ces m\u00eames collectivit\u00e9s.<\/li><\/ul>\n\n\n\n<p><strong>Une relance qui passe par des investissements<\/strong><br \/>Chaque ann\u00e9e, les Offices Publics de l\u2019Habitat lancent en moyenne 50 000 ordres de service pour des interventions de plus de 5 000 euros par logement. Le co\u00fbt moyen de ces interventions est de 22,6K\u20ac par logement, soit un engagement d\u2019investissement moyen de 1,1 milliard par an. Plus de 220 000 ordres de services sont \u00e9galement lanc\u00e9s pour des interventions plus l\u00e9g\u00e8res (moins de 1 200 euros par logement en moyenne), pour un engagement d\u2019investissement moyen de 260millions d\u2019euros. L\u2019investissement total engag\u00e9 atteint ainsi en moyenne 1,4 milliard par an.<\/p>\n","protected":false},"excerpt":{"rendered":"<p>Pour la F\u00e9d\u00e9ration nationale des Offices Publics de l\u2019Habitat , la crise sanitaire actuelle est in\u00e9dite et met davantage en avant les in\u00e9galit\u00e9s sociales. Elle rend visible et palpable, dans l\u2019espace public et dans l\u2019opinion, les difficult\u00e9s quotidiennes que rencontrent plusieurs millions de concitoyens, la fragilit\u00e9 des services publics mais aussi la mobilisation massive de [&hellip;]<\/p>\n","protected":false},"author":17,"featured_media":87954,"comment_status":"closed","ping_status":"closed","sticky":false,"template":"","format":"standard","meta":{"_et_pb_use_builder":"","_et_pb_old_content":"","_et_gb_content_width":"","footnotes":""},"categories":[10530,6345],"tags":[1290],"class_list":["post-104193","post","type-post","status-publish","format-standard","has-post-thumbnail","hentry","category-actualites","category-economie-marches","tag-hlm"],"yoast_head":"<!-- This site is optimized with the Yoast SEO plugin v27.4 - https:\/\/yoast.com\/product\/yoast-seo-wordpress\/ -->\n<title>Les Offices Publics de l\u2019Habitat pr\u00e9parent la relance<\/title>\n<meta name=\"robots\" content=\"index, follow, max-snippet:-1, max-image-preview:large, max-video-preview:-1\" \/>\n<link rel=\"canonical\" href=\"https:\/\/batijournal.com\/index.php\/les-offices-publics-de-lhabitat-preparent-la-relance\/104193\/\" \/>\n<meta property=\"og:locale\" content=\"fr_FR\" \/>\n<meta property=\"og:type\" content=\"article\" \/>\n<meta property=\"og:title\" content=\"Les Offices Publics de l\u2019Habitat pr\u00e9parent la relance\" \/>\n<meta property=\"og:description\" content=\"Pour la F\u00e9d\u00e9ration nationale des Offices Publics de l\u2019Habitat , la crise sanitaire actuelle est in\u00e9dite et met davantage en avant les in\u00e9galit\u00e9s sociales. Elle rend visible et palpable, dans l\u2019espace public et dans l\u2019opinion, les difficult\u00e9s quotidiennes que rencontrent plusieurs millions de concitoyens, la fragilit\u00e9 des services publics mais aussi la mobilisation massive de [&hellip;]\" \/>\n<meta property=\"og:url\" content=\"https:\/\/batijournal.com\/index.php\/les-offices-publics-de-lhabitat-preparent-la-relance\/104193\/\" \/>\n<meta property=\"og:site_name\" content=\"Batijournal\" \/>\n<meta property=\"article:published_time\" content=\"2020-05-04T09:28:40+00:00\" \/>\n<meta property=\"article:modified_time\" content=\"2020-05-04T09:28:42+00:00\" \/>\n<meta property=\"og:image\" content=\"https:\/\/batijournal.com\/wp-content\/uploads\/2015\/06\/mouvement-hlm.jpg\" \/>\n\t<meta property=\"og:image:width\" content=\"1000\" \/>\n\t<meta property=\"og:image:height\" content=\"593\" \/>\n\t<meta property=\"og:image:type\" content=\"image\/jpeg\" \/>\n<meta name=\"author\" content=\"St\u00e9phane Miget\" \/>\n<meta name=\"twitter:card\" content=\"summary_large_image\" \/>\n<meta name=\"twitter:creator\" content=\"@bati_journal\" \/>\n<meta name=\"twitter:site\" content=\"@bati_journal\" \/>\n<meta name=\"twitter:label1\" content=\"\u00c9crit par\" \/>\n\t<meta name=\"twitter:data1\" content=\"St\u00e9phane Miget\" \/>\n\t<meta name=\"twitter:label2\" content=\"Dur\u00e9e de lecture estim\u00e9e\" \/>\n\t<meta name=\"twitter:data2\" content=\"4 minutes\" \/>\n<script type=\"application\/ld+json\" class=\"yoast-schema-graph\">{\"@context\":\"https:\\\/\\\/schema.org\",\"@graph\":[{\"@type\":\"Article\",\"@id\":\"https:\\\/\\\/batijournal.com\\\/index.php\\\/les-offices-publics-de-lhabitat-preparent-la-relance\\\/104193\\\/#article\",\"isPartOf\":{\"@id\":\"https:\\\/\\\/batijournal.com\\\/index.php\\\/les-offices-publics-de-lhabitat-preparent-la-relance\\\/104193\\\/\"},\"author\":{\"name\":\"St\u00e9phane Miget\",\"@id\":\"https:\\\/\\\/batijournal.com\\\/#\\\/schema\\\/person\\\/1dc96ec6957aa1ccb25ebe78bb19f100\"},\"headline\":\"Les Offices Publics de l\u2019Habitat pr\u00e9parent la relance\",\"datePublished\":\"2020-05-04T09:28:40+00:00\",\"dateModified\":\"2020-05-04T09:28:42+00:00\",\"mainEntityOfPage\":{\"@id\":\"https:\\\/\\\/batijournal.com\\\/index.php\\\/les-offices-publics-de-lhabitat-preparent-la-relance\\\/104193\\\/\"},\"wordCount\":813,\"image\":{\"@id\":\"https:\\\/\\\/batijournal.com\\\/index.php\\\/les-offices-publics-de-lhabitat-preparent-la-relance\\\/104193\\\/#primaryimage\"},\"thumbnailUrl\":\"https:\\\/\\\/batijournal.com\\\/wp-content\\\/uploads\\\/2015\\\/06\\\/mouvement-hlm.jpg\",\"keywords\":[\"HLM\"],\"articleSection\":[\"Actualit\u00e9s\",\"\u00c9conomie &amp; March\u00e9s\"],\"inLanguage\":\"fr-FR\"},{\"@type\":\"WebPage\",\"@id\":\"https:\\\/\\\/batijournal.com\\\/index.php\\\/les-offices-publics-de-lhabitat-preparent-la-relance\\\/104193\\\/\",\"url\":\"https:\\\/\\\/batijournal.com\\\/index.php\\\/les-offices-publics-de-lhabitat-preparent-la-relance\\\/104193\\\/\",\"name\":\"Les Offices Publics de l\u2019Habitat pr\u00e9parent la relance\",\"isPartOf\":{\"@id\":\"https:\\\/\\\/batijournal.com\\\/#website\"},\"primaryImageOfPage\":{\"@id\":\"https:\\\/\\\/batijournal.com\\\/index.php\\\/les-offices-publics-de-lhabitat-preparent-la-relance\\\/104193\\\/#primaryimage\"},\"image\":{\"@id\":\"https:\\\/\\\/batijournal.com\\\/index.php\\\/les-offices-publics-de-lhabitat-preparent-la-relance\\\/104193\\\/#primaryimage\"},\"thumbnailUrl\":\"https:\\\/\\\/batijournal.com\\\/wp-content\\\/uploads\\\/2015\\\/06\\\/mouvement-hlm.jpg\",\"datePublished\":\"2020-05-04T09:28:40+00:00\",\"dateModified\":\"2020-05-04T09:28:42+00:00\",\"author\":{\"@id\":\"https:\\\/\\\/batijournal.com\\\/#\\\/schema\\\/person\\\/1dc96ec6957aa1ccb25ebe78bb19f100\"},\"breadcrumb\":{\"@id\":\"https:\\\/\\\/batijournal.com\\\/index.php\\\/les-offices-publics-de-lhabitat-preparent-la-relance\\\/104193\\\/#breadcrumb\"},\"inLanguage\":\"fr-FR\",\"potentialAction\":[{\"@type\":\"ReadAction\",\"target\":[\"https:\\\/\\\/batijournal.com\\\/index.php\\\/les-offices-publics-de-lhabitat-preparent-la-relance\\\/104193\\\/\"]}]},{\"@type\":\"ImageObject\",\"inLanguage\":\"fr-FR\",\"@id\":\"https:\\\/\\\/batijournal.com\\\/index.php\\\/les-offices-publics-de-lhabitat-preparent-la-relance\\\/104193\\\/#primaryimage\",\"url\":\"https:\\\/\\\/batijournal.com\\\/wp-content\\\/uploads\\\/2015\\\/06\\\/mouvement-hlm.jpg\",\"contentUrl\":\"https:\\\/\\\/batijournal.com\\\/wp-content\\\/uploads\\\/2015\\\/06\\\/mouvement-hlm.jpg\",\"width\":1000,\"height\":593,\"caption\":\"Offices Publics de l Habitat\"},{\"@type\":\"BreadcrumbList\",\"@id\":\"https:\\\/\\\/batijournal.com\\\/index.php\\\/les-offices-publics-de-lhabitat-preparent-la-relance\\\/104193\\\/#breadcrumb\",\"itemListElement\":[{\"@type\":\"ListItem\",\"position\":1,\"name\":\"Accueil\",\"item\":\"https:\\\/\\\/batijournal.com\\\/\"},{\"@type\":\"ListItem\",\"position\":2,\"name\":\"Actualit\u00e9s\",\"item\":\"https:\\\/\\\/batijournal.com\\\/index.php\\\/category\\\/actualites\\\/\"},{\"@type\":\"ListItem\",\"position\":3,\"name\":\"Les Offices Publics de l\u2019Habitat pr\u00e9parent la relance\"}]},{\"@type\":\"WebSite\",\"@id\":\"https:\\\/\\\/batijournal.com\\\/#website\",\"url\":\"https:\\\/\\\/batijournal.com\\\/\",\"name\":\"Batijournal\",\"description\":\"L&#039;actualit\u00e9 du b\u00e2timent\",\"potentialAction\":[{\"@type\":\"SearchAction\",\"target\":{\"@type\":\"EntryPoint\",\"urlTemplate\":\"https:\\\/\\\/batijournal.com\\\/?s={search_term_string}\"},\"query-input\":{\"@type\":\"PropertyValueSpecification\",\"valueRequired\":true,\"valueName\":\"search_term_string\"}}],\"inLanguage\":\"fr-FR\"},{\"@type\":\"Person\",\"@id\":\"https:\\\/\\\/batijournal.com\\\/#\\\/schema\\\/person\\\/1dc96ec6957aa1ccb25ebe78bb19f100\",\"name\":\"St\u00e9phane Miget\",\"image\":{\"@type\":\"ImageObject\",\"inLanguage\":\"fr-FR\",\"@id\":\"https:\\\/\\\/secure.gravatar.com\\\/avatar\\\/89915563d925342126b8ef0281b93d9d7fc337043e8df017f780908eb9644451?s=96&d=mm&r=g\",\"url\":\"https:\\\/\\\/secure.gravatar.com\\\/avatar\\\/89915563d925342126b8ef0281b93d9d7fc337043e8df017f780908eb9644451?s=96&d=mm&r=g\",\"contentUrl\":\"https:\\\/\\\/secure.gravatar.com\\\/avatar\\\/89915563d925342126b8ef0281b93d9d7fc337043e8df017f780908eb9644451?s=96&d=mm&r=g\",\"caption\":\"St\u00e9phane Miget\"},\"url\":\"https:\\\/\\\/batijournal.com\\\/index.php\\\/author\\\/stephane\\\/\"}]}<\/script>\n<!-- \/ Yoast SEO plugin. -->","yoast_head_json":{"title":"Les Offices Publics de l\u2019Habitat pr\u00e9parent la relance","robots":{"index":"index","follow":"follow","max-snippet":"max-snippet:-1","max-image-preview":"max-image-preview:large","max-video-preview":"max-video-preview:-1"},"canonical":"https:\/\/batijournal.com\/index.php\/les-offices-publics-de-lhabitat-preparent-la-relance\/104193\/","og_locale":"fr_FR","og_type":"article","og_title":"Les Offices Publics de l\u2019Habitat pr\u00e9parent la relance","og_description":"Pour la F\u00e9d\u00e9ration nationale des Offices Publics de l\u2019Habitat , la crise sanitaire actuelle est in\u00e9dite et met davantage en avant les in\u00e9galit\u00e9s sociales. Elle rend visible et palpable, dans l\u2019espace public et dans l\u2019opinion, les difficult\u00e9s quotidiennes que rencontrent plusieurs millions de concitoyens, la fragilit\u00e9 des services publics mais aussi la mobilisation massive de [&hellip;]","og_url":"https:\/\/batijournal.com\/index.php\/les-offices-publics-de-lhabitat-preparent-la-relance\/104193\/","og_site_name":"Batijournal","article_published_time":"2020-05-04T09:28:40+00:00","article_modified_time":"2020-05-04T09:28:42+00:00","og_image":[{"width":1000,"height":593,"url":"https:\/\/batijournal.com\/wp-content\/uploads\/2015\/06\/mouvement-hlm.jpg","type":"image\/jpeg"}],"author":"St\u00e9phane Miget","twitter_card":"summary_large_image","twitter_creator":"@bati_journal","twitter_site":"@bati_journal","twitter_misc":{"\u00c9crit par":"St\u00e9phane Miget","Dur\u00e9e de lecture estim\u00e9e":"4 minutes"},"schema":{"@context":"https:\/\/schema.org","@graph":[{"@type":"Article","@id":"https:\/\/batijournal.com\/index.php\/les-offices-publics-de-lhabitat-preparent-la-relance\/104193\/#article","isPartOf":{"@id":"https:\/\/batijournal.com\/index.php\/les-offices-publics-de-lhabitat-preparent-la-relance\/104193\/"},"author":{"name":"St\u00e9phane Miget","@id":"https:\/\/batijournal.com\/#\/schema\/person\/1dc96ec6957aa1ccb25ebe78bb19f100"},"headline":"Les Offices Publics de l\u2019Habitat pr\u00e9parent la relance","datePublished":"2020-05-04T09:28:40+00:00","dateModified":"2020-05-04T09:28:42+00:00","mainEntityOfPage":{"@id":"https:\/\/batijournal.com\/index.php\/les-offices-publics-de-lhabitat-preparent-la-relance\/104193\/"},"wordCount":813,"image":{"@id":"https:\/\/batijournal.com\/index.php\/les-offices-publics-de-lhabitat-preparent-la-relance\/104193\/#primaryimage"},"thumbnailUrl":"https:\/\/batijournal.com\/wp-content\/uploads\/2015\/06\/mouvement-hlm.jpg","keywords":["HLM"],"articleSection":["Actualit\u00e9s","\u00c9conomie &amp; March\u00e9s"],"inLanguage":"fr-FR"},{"@type":"WebPage","@id":"https:\/\/batijournal.com\/index.php\/les-offices-publics-de-lhabitat-preparent-la-relance\/104193\/","url":"https:\/\/batijournal.com\/index.php\/les-offices-publics-de-lhabitat-preparent-la-relance\/104193\/","name":"Les Offices Publics de l\u2019Habitat pr\u00e9parent la relance","isPartOf":{"@id":"https:\/\/batijournal.com\/#website"},"primaryImageOfPage":{"@id":"https:\/\/batijournal.com\/index.php\/les-offices-publics-de-lhabitat-preparent-la-relance\/104193\/#primaryimage"},"image":{"@id":"https:\/\/batijournal.com\/index.php\/les-offices-publics-de-lhabitat-preparent-la-relance\/104193\/#primaryimage"},"thumbnailUrl":"https:\/\/batijournal.com\/wp-content\/uploads\/2015\/06\/mouvement-hlm.jpg","datePublished":"2020-05-04T09:28:40+00:00","dateModified":"2020-05-04T09:28:42+00:00","author":{"@id":"https:\/\/batijournal.com\/#\/schema\/person\/1dc96ec6957aa1ccb25ebe78bb19f100"},"breadcrumb":{"@id":"https:\/\/batijournal.com\/index.php\/les-offices-publics-de-lhabitat-preparent-la-relance\/104193\/#breadcrumb"},"inLanguage":"fr-FR","potentialAction":[{"@type":"ReadAction","target":["https:\/\/batijournal.com\/index.php\/les-offices-publics-de-lhabitat-preparent-la-relance\/104193\/"]}]},{"@type":"ImageObject","inLanguage":"fr-FR","@id":"https:\/\/batijournal.com\/index.php\/les-offices-publics-de-lhabitat-preparent-la-relance\/104193\/#primaryimage","url":"https:\/\/batijournal.com\/wp-content\/uploads\/2015\/06\/mouvement-hlm.jpg","contentUrl":"https:\/\/batijournal.com\/wp-content\/uploads\/2015\/06\/mouvement-hlm.jpg","width":1000,"height":593,"caption":"Offices Publics de l Habitat"},{"@type":"BreadcrumbList","@id":"https:\/\/batijournal.com\/index.php\/les-offices-publics-de-lhabitat-preparent-la-relance\/104193\/#breadcrumb","itemListElement":[{"@type":"ListItem","position":1,"name":"Accueil","item":"https:\/\/batijournal.com\/"},{"@type":"ListItem","position":2,"name":"Actualit\u00e9s","item":"https:\/\/batijournal.com\/index.php\/category\/actualites\/"},{"@type":"ListItem","position":3,"name":"Les Offices Publics de l\u2019Habitat pr\u00e9parent la relance"}]},{"@type":"WebSite","@id":"https:\/\/batijournal.com\/#website","url":"https:\/\/batijournal.com\/","name":"Batijournal","description":"L&#039;actualit\u00e9 du b\u00e2timent","potentialAction":[{"@type":"SearchAction","target":{"@type":"EntryPoint","urlTemplate":"https:\/\/batijournal.com\/?s={search_term_string}"},"query-input":{"@type":"PropertyValueSpecification","valueRequired":true,"valueName":"search_term_string"}}],"inLanguage":"fr-FR"},{"@type":"Person","@id":"https:\/\/batijournal.com\/#\/schema\/person\/1dc96ec6957aa1ccb25ebe78bb19f100","name":"St\u00e9phane Miget","image":{"@type":"ImageObject","inLanguage":"fr-FR","@id":"https:\/\/secure.gravatar.com\/avatar\/89915563d925342126b8ef0281b93d9d7fc337043e8df017f780908eb9644451?s=96&d=mm&r=g","url":"https:\/\/secure.gravatar.com\/avatar\/89915563d925342126b8ef0281b93d9d7fc337043e8df017f780908eb9644451?s=96&d=mm&r=g","contentUrl":"https:\/\/secure.gravatar.com\/avatar\/89915563d925342126b8ef0281b93d9d7fc337043e8df017f780908eb9644451?s=96&d=mm&r=g","caption":"St\u00e9phane Miget"},"url":"https:\/\/batijournal.com\/index.php\/author\/stephane\/"}]}},"_links":{"self":[{"href":"https:\/\/batijournal.com\/index.php\/wp-json\/wp\/v2\/posts\/104193","targetHints":{"allow":["GET"]}}],"collection":[{"href":"https:\/\/batijournal.com\/index.php\/wp-json\/wp\/v2\/posts"}],"about":[{"href":"https:\/\/batijournal.com\/index.php\/wp-json\/wp\/v2\/types\/post"}],"author":[{"embeddable":true,"href":"https:\/\/batijournal.com\/index.php\/wp-json\/wp\/v2\/users\/17"}],"replies":[{"embeddable":true,"href":"https:\/\/batijournal.com\/index.php\/wp-json\/wp\/v2\/comments?post=104193"}],"version-history":[{"count":0,"href":"https:\/\/batijournal.com\/index.php\/wp-json\/wp\/v2\/posts\/104193\/revisions"}],"wp:featuredmedia":[{"embeddable":true,"href":"https:\/\/batijournal.com\/index.php\/wp-json\/wp\/v2\/media\/87954"}],"wp:attachment":[{"href":"https:\/\/batijournal.com\/index.php\/wp-json\/wp\/v2\/media?parent=104193"}],"wp:term":[{"taxonomy":"category","embeddable":true,"href":"https:\/\/batijournal.com\/index.php\/wp-json\/wp\/v2\/categories?post=104193"},{"taxonomy":"post_tag","embeddable":true,"href":"https:\/\/batijournal.com\/index.php\/wp-json\/wp\/v2\/tags?post=104193"}],"curies":[{"name":"wp","href":"https:\/\/api.w.org\/{rel}","templated":true}]}}