{"id":104194,"date":"2020-05-04T11:39:28","date_gmt":"2020-05-04T09:39:28","guid":{"rendered":"https:\/\/batijournal.com\/?p=104194"},"modified":"2020-05-04T11:39:29","modified_gmt":"2020-05-04T09:39:29","slug":"le-plan-de-relance-tourne-vers-linvestissement-durable-de-laimcc","status":"publish","type":"post","link":"https:\/\/batijournal.com\/index.php\/le-plan-de-relance-tourne-vers-linvestissement-durable-de-laimcc\/104194\/","title":{"rendered":"Le plan de relance tourn\u00e9 vers l\u2019investissement durable de l&rsquo;AIMCC"},"content":{"rendered":"\n<p>Le plan de reprise et de relance \u00e9labor\u00e9 par l\u2019AIMCC, en tant qu\u2019animatrice du Comit\u00e9 strat\u00e9gique de fili\u00e8re \u00ab Industries pour la construction \u00bb, se base sur une conviction forte : l\u2019\u00e9cologie et l\u2019\u00e9conomie doivent converger, pour sortir au plus vite de la crise.<br \/>Des th\u00e8mes essentiels ont rapidement \u00e9merg\u00e9 de ces convictions :<\/p>\n\n\n\n<div class=\"wp-block-group\"><div class=\"wp-block-group__inner-container is-layout-flow wp-block-group-is-layout-flow\">\n<ul class=\"wp-block-list\"><li>Une relance de la construction durable et r\u00e9siliente par la mobilisation de l\u2019\u00e9pargne priv\u00e9e<\/li><li>La massification de la r\u00e9novation \u00e9nerg\u00e9tique performante des maisons individuelles et quartiers pavillonnaires<\/li><li>La promotion du \u00ab Made in France \u00bb<\/li><li>La prise en compte prioritaire des m\u00e9nages d\u00e9munis pour une r\u00e9novation BBC aid\u00e9e et financ\u00e9e \u00e0 100%<\/li><li>Ch\u00e8que \u00ab r\u00e9novation travaux \u00bb \u00e0 destination de tous les m\u00e9nages<\/li><li>L\u2019industrialisation des solutions de r\u00e9novation performante pour les Universit\u00e9s et les pools de b\u00e2timents publics<\/li><li>Le respect dans les relations commerciales, un gage de confiance r\u00e9ciproque essentiel pour une reprise acc\u00e9l\u00e9r\u00e9e<\/li><\/ul>\n\n\n\n<p>Pour Herv\u00e9 de Maistre, Pr\u00e9sident du Comit\u00e9 Strat\u00e9gique de Fili\u00e8re des Industries Pour la Construction : <em>\u00ab Nos propositions conjuguent trois priorit\u00e9s : soutenir les plus fragiles, redonner rapidement de l\u2019activit\u00e9 aux entreprises fran\u00e7aises, acc\u00e9l\u00e9rer la transformation environnementale. Pour r\u00e9ussir le Plan de Relance, il nous faut des d\u00e9cisions audacieuses, un \u00e9tat d\u2019esprit collectif, une gouvernance efficace. Les industriels sont conscients de la gravit\u00e9 de la situation, pr\u00eats \u00e0 assumer leurs responsabilit\u00e9s aux c\u00f4t\u00e9s des pouvoirs publics et de tous les acteurs de la construction \u00bb.<\/em><\/p>\n<\/div><\/div>\n\n\n\n<p><\/p>\n","protected":false},"excerpt":{"rendered":"<p>Le plan de reprise et de relance \u00e9labor\u00e9 par l\u2019AIMCC, en tant qu\u2019animatrice du Comit\u00e9 strat\u00e9gique de fili\u00e8re \u00ab Industries pour la construction \u00bb, se base sur une conviction forte : l\u2019\u00e9cologie et l\u2019\u00e9conomie doivent converger, pour sortir au plus vite de la crise.Des th\u00e8mes essentiels ont rapidement \u00e9merg\u00e9 de ces convictions : Une relance [&hellip;]<\/p>\n","protected":false},"author":17,"featured_media":95957,"comment_status":"closed","ping_status":"closed","sticky":false,"template":"","format":"standard","meta":{"_et_pb_use_builder":"","_et_pb_old_content":"","_et_gb_content_width":"","footnotes":""},"categories":[10530,6345,10781,10778],"tags":[],"class_list":["post-104194","post","type-post","status-publish","format-standard","has-post-thumbnail","hentry","category-actualites","category-economie-marches","category-publications-planete","category-planete"],"yoast_head":"<!-- This site is optimized with the Yoast SEO plugin v27.4 - https:\/\/yoast.com\/product\/yoast-seo-wordpress\/ -->\n<title>Le plan de relance tourn\u00e9 vers l\u2019investissement durable de l&#039;AIMCC<\/title>\n<meta name=\"robots\" content=\"index, follow, max-snippet:-1, max-image-preview:large, max-video-preview:-1\" \/>\n<link rel=\"canonical\" href=\"https:\/\/batijournal.com\/index.php\/le-plan-de-relance-tourne-vers-linvestissement-durable-de-laimcc\/104194\/\" \/>\n<meta property=\"og:locale\" content=\"fr_FR\" \/>\n<meta property=\"og:type\" content=\"article\" \/>\n<meta property=\"og:title\" content=\"Le plan de relance tourn\u00e9 vers l\u2019investissement durable de l&#039;AIMCC\" \/>\n<meta property=\"og:description\" content=\"Le plan de reprise et de relance \u00e9labor\u00e9 par l\u2019AIMCC, en tant qu\u2019animatrice du Comit\u00e9 strat\u00e9gique de fili\u00e8re \u00ab Industries pour la construction \u00bb, se base sur une conviction forte : l\u2019\u00e9cologie et l\u2019\u00e9conomie doivent converger, pour sortir au plus vite de la crise.Des th\u00e8mes essentiels ont rapidement \u00e9merg\u00e9 de ces convictions : Une relance [&hellip;]\" \/>\n<meta property=\"og:url\" content=\"https:\/\/batijournal.com\/index.php\/le-plan-de-relance-tourne-vers-linvestissement-durable-de-laimcc\/104194\/\" \/>\n<meta property=\"og:site_name\" content=\"Batijournal\" \/>\n<meta property=\"article:published_time\" content=\"2020-05-04T09:39:28+00:00\" \/>\n<meta property=\"article:modified_time\" content=\"2020-05-04T09:39:29+00:00\" \/>\n<meta property=\"og:image\" content=\"https:\/\/batijournal.com\/wp-content\/uploads\/2017\/05\/chantier-batiment.jpg\" \/>\n\t<meta property=\"og:image:width\" content=\"1200\" \/>\n\t<meta property=\"og:image:height\" content=\"676\" \/>\n\t<meta property=\"og:image:type\" content=\"image\/jpeg\" \/>\n<meta name=\"author\" content=\"St\u00e9phane Miget\" \/>\n<meta name=\"twitter:card\" content=\"summary_large_image\" \/>\n<meta name=\"twitter:creator\" content=\"@bati_journal\" \/>\n<meta name=\"twitter:site\" content=\"@bati_journal\" \/>\n<meta name=\"twitter:label1\" content=\"\u00c9crit par\" \/>\n\t<meta name=\"twitter:data1\" content=\"St\u00e9phane Miget\" \/>\n\t<meta name=\"twitter:label2\" content=\"Dur\u00e9e de lecture estim\u00e9e\" \/>\n\t<meta name=\"twitter:data2\" content=\"1 minute\" \/>\n<script type=\"application\/ld+json\" class=\"yoast-schema-graph\">{\"@context\":\"https:\\\/\\\/schema.org\",\"@graph\":[{\"@type\":\"Article\",\"@id\":\"https:\\\/\\\/batijournal.com\\\/index.php\\\/le-plan-de-relance-tourne-vers-linvestissement-durable-de-laimcc\\\/104194\\\/#article\",\"isPartOf\":{\"@id\":\"https:\\\/\\\/batijournal.com\\\/index.php\\\/le-plan-de-relance-tourne-vers-linvestissement-durable-de-laimcc\\\/104194\\\/\"},\"author\":{\"name\":\"St\u00e9phane Miget\",\"@id\":\"https:\\\/\\\/batijournal.com\\\/#\\\/schema\\\/person\\\/1dc96ec6957aa1ccb25ebe78bb19f100\"},\"headline\":\"Le plan de relance tourn\u00e9 vers l\u2019investissement durable de l&rsquo;AIMCC\",\"datePublished\":\"2020-05-04T09:39:28+00:00\",\"dateModified\":\"2020-05-04T09:39:29+00:00\",\"mainEntityOfPage\":{\"@id\":\"https:\\\/\\\/batijournal.com\\\/index.php\\\/le-plan-de-relance-tourne-vers-linvestissement-durable-de-laimcc\\\/104194\\\/\"},\"wordCount\":273,\"image\":{\"@id\":\"https:\\\/\\\/batijournal.com\\\/index.php\\\/le-plan-de-relance-tourne-vers-linvestissement-durable-de-laimcc\\\/104194\\\/#primaryimage\"},\"thumbnailUrl\":\"https:\\\/\\\/batijournal.com\\\/wp-content\\\/uploads\\\/2017\\\/05\\\/chantier-batiment.jpg\",\"articleSection\":[\"Actualit\u00e9s\",\"\u00c9conomie &amp; March\u00e9s\",\"zz_Actualit\u00e9s - Plan\u00e8te\",\"zz_Plan\u00e8te B\u00e2timent\"],\"inLanguage\":\"fr-FR\"},{\"@type\":\"WebPage\",\"@id\":\"https:\\\/\\\/batijournal.com\\\/index.php\\\/le-plan-de-relance-tourne-vers-linvestissement-durable-de-laimcc\\\/104194\\\/\",\"url\":\"https:\\\/\\\/batijournal.com\\\/index.php\\\/le-plan-de-relance-tourne-vers-linvestissement-durable-de-laimcc\\\/104194\\\/\",\"name\":\"Le plan de relance tourn\u00e9 vers l\u2019investissement durable de l'AIMCC\",\"isPartOf\":{\"@id\":\"https:\\\/\\\/batijournal.com\\\/#website\"},\"primaryImageOfPage\":{\"@id\":\"https:\\\/\\\/batijournal.com\\\/index.php\\\/le-plan-de-relance-tourne-vers-linvestissement-durable-de-laimcc\\\/104194\\\/#primaryimage\"},\"image\":{\"@id\":\"https:\\\/\\\/batijournal.com\\\/index.php\\\/le-plan-de-relance-tourne-vers-linvestissement-durable-de-laimcc\\\/104194\\\/#primaryimage\"},\"thumbnailUrl\":\"https:\\\/\\\/batijournal.com\\\/wp-content\\\/uploads\\\/2017\\\/05\\\/chantier-batiment.jpg\",\"datePublished\":\"2020-05-04T09:39:28+00:00\",\"dateModified\":\"2020-05-04T09:39:29+00:00\",\"author\":{\"@id\":\"https:\\\/\\\/batijournal.com\\\/#\\\/schema\\\/person\\\/1dc96ec6957aa1ccb25ebe78bb19f100\"},\"breadcrumb\":{\"@id\":\"https:\\\/\\\/batijournal.com\\\/index.php\\\/le-plan-de-relance-tourne-vers-linvestissement-durable-de-laimcc\\\/104194\\\/#breadcrumb\"},\"inLanguage\":\"fr-FR\",\"potentialAction\":[{\"@type\":\"ReadAction\",\"target\":[\"https:\\\/\\\/batijournal.com\\\/index.php\\\/le-plan-de-relance-tourne-vers-linvestissement-durable-de-laimcc\\\/104194\\\/\"]}]},{\"@type\":\"ImageObject\",\"inLanguage\":\"fr-FR\",\"@id\":\"https:\\\/\\\/batijournal.com\\\/index.php\\\/le-plan-de-relance-tourne-vers-linvestissement-durable-de-laimcc\\\/104194\\\/#primaryimage\",\"url\":\"https:\\\/\\\/batijournal.com\\\/wp-content\\\/uploads\\\/2017\\\/05\\\/chantier-batiment.jpg\",\"contentUrl\":\"https:\\\/\\\/batijournal.com\\\/wp-content\\\/uploads\\\/2017\\\/05\\\/chantier-batiment.jpg\",\"width\":1200,\"height\":676},{\"@type\":\"BreadcrumbList\",\"@id\":\"https:\\\/\\\/batijournal.com\\\/index.php\\\/le-plan-de-relance-tourne-vers-linvestissement-durable-de-laimcc\\\/104194\\\/#breadcrumb\",\"itemListElement\":[{\"@type\":\"ListItem\",\"position\":1,\"name\":\"Accueil\",\"item\":\"https:\\\/\\\/batijournal.com\\\/\"},{\"@type\":\"ListItem\",\"position\":2,\"name\":\"Actualit\u00e9s\",\"item\":\"https:\\\/\\\/batijournal.com\\\/index.php\\\/category\\\/actualites\\\/\"},{\"@type\":\"ListItem\",\"position\":3,\"name\":\"Le plan de relance tourn\u00e9 vers l\u2019investissement durable de l&rsquo;AIMCC\"}]},{\"@type\":\"WebSite\",\"@id\":\"https:\\\/\\\/batijournal.com\\\/#website\",\"url\":\"https:\\\/\\\/batijournal.com\\\/\",\"name\":\"Batijournal\",\"description\":\"L&#039;actualit\u00e9 du b\u00e2timent\",\"potentialAction\":[{\"@type\":\"SearchAction\",\"target\":{\"@type\":\"EntryPoint\",\"urlTemplate\":\"https:\\\/\\\/batijournal.com\\\/?s={search_term_string}\"},\"query-input\":{\"@type\":\"PropertyValueSpecification\",\"valueRequired\":true,\"valueName\":\"search_term_string\"}}],\"inLanguage\":\"fr-FR\"},{\"@type\":\"Person\",\"@id\":\"https:\\\/\\\/batijournal.com\\\/#\\\/schema\\\/person\\\/1dc96ec6957aa1ccb25ebe78bb19f100\",\"name\":\"St\u00e9phane Miget\",\"image\":{\"@type\":\"ImageObject\",\"inLanguage\":\"fr-FR\",\"@id\":\"https:\\\/\\\/secure.gravatar.com\\\/avatar\\\/89915563d925342126b8ef0281b93d9d7fc337043e8df017f780908eb9644451?s=96&d=mm&r=g\",\"url\":\"https:\\\/\\\/secure.gravatar.com\\\/avatar\\\/89915563d925342126b8ef0281b93d9d7fc337043e8df017f780908eb9644451?s=96&d=mm&r=g\",\"contentUrl\":\"https:\\\/\\\/secure.gravatar.com\\\/avatar\\\/89915563d925342126b8ef0281b93d9d7fc337043e8df017f780908eb9644451?s=96&d=mm&r=g\",\"caption\":\"St\u00e9phane Miget\"},\"url\":\"https:\\\/\\\/batijournal.com\\\/index.php\\\/author\\\/stephane\\\/\"}]}<\/script>\n<!-- \/ Yoast SEO plugin. -->","yoast_head_json":{"title":"Le plan de relance tourn\u00e9 vers l\u2019investissement durable de l'AIMCC","robots":{"index":"index","follow":"follow","max-snippet":"max-snippet:-1","max-image-preview":"max-image-preview:large","max-video-preview":"max-video-preview:-1"},"canonical":"https:\/\/batijournal.com\/index.php\/le-plan-de-relance-tourne-vers-linvestissement-durable-de-laimcc\/104194\/","og_locale":"fr_FR","og_type":"article","og_title":"Le plan de relance tourn\u00e9 vers l\u2019investissement durable de l'AIMCC","og_description":"Le plan de reprise et de relance \u00e9labor\u00e9 par l\u2019AIMCC, en tant qu\u2019animatrice du Comit\u00e9 strat\u00e9gique de fili\u00e8re \u00ab Industries pour la construction \u00bb, se base sur une conviction forte : l\u2019\u00e9cologie et l\u2019\u00e9conomie doivent converger, pour sortir au plus vite de la crise.Des th\u00e8mes essentiels ont rapidement \u00e9merg\u00e9 de ces convictions : Une relance [&hellip;]","og_url":"https:\/\/batijournal.com\/index.php\/le-plan-de-relance-tourne-vers-linvestissement-durable-de-laimcc\/104194\/","og_site_name":"Batijournal","article_published_time":"2020-05-04T09:39:28+00:00","article_modified_time":"2020-05-04T09:39:29+00:00","og_image":[{"width":1200,"height":676,"url":"https:\/\/batijournal.com\/wp-content\/uploads\/2017\/05\/chantier-batiment.jpg","type":"image\/jpeg"}],"author":"St\u00e9phane Miget","twitter_card":"summary_large_image","twitter_creator":"@bati_journal","twitter_site":"@bati_journal","twitter_misc":{"\u00c9crit par":"St\u00e9phane Miget","Dur\u00e9e de lecture estim\u00e9e":"1 minute"},"schema":{"@context":"https:\/\/schema.org","@graph":[{"@type":"Article","@id":"https:\/\/batijournal.com\/index.php\/le-plan-de-relance-tourne-vers-linvestissement-durable-de-laimcc\/104194\/#article","isPartOf":{"@id":"https:\/\/batijournal.com\/index.php\/le-plan-de-relance-tourne-vers-linvestissement-durable-de-laimcc\/104194\/"},"author":{"name":"St\u00e9phane Miget","@id":"https:\/\/batijournal.com\/#\/schema\/person\/1dc96ec6957aa1ccb25ebe78bb19f100"},"headline":"Le plan de relance tourn\u00e9 vers l\u2019investissement durable de l&rsquo;AIMCC","datePublished":"2020-05-04T09:39:28+00:00","dateModified":"2020-05-04T09:39:29+00:00","mainEntityOfPage":{"@id":"https:\/\/batijournal.com\/index.php\/le-plan-de-relance-tourne-vers-linvestissement-durable-de-laimcc\/104194\/"},"wordCount":273,"image":{"@id":"https:\/\/batijournal.com\/index.php\/le-plan-de-relance-tourne-vers-linvestissement-durable-de-laimcc\/104194\/#primaryimage"},"thumbnailUrl":"https:\/\/batijournal.com\/wp-content\/uploads\/2017\/05\/chantier-batiment.jpg","articleSection":["Actualit\u00e9s","\u00c9conomie &amp; March\u00e9s","zz_Actualit\u00e9s - Plan\u00e8te","zz_Plan\u00e8te B\u00e2timent"],"inLanguage":"fr-FR"},{"@type":"WebPage","@id":"https:\/\/batijournal.com\/index.php\/le-plan-de-relance-tourne-vers-linvestissement-durable-de-laimcc\/104194\/","url":"https:\/\/batijournal.com\/index.php\/le-plan-de-relance-tourne-vers-linvestissement-durable-de-laimcc\/104194\/","name":"Le plan de relance tourn\u00e9 vers l\u2019investissement durable de l'AIMCC","isPartOf":{"@id":"https:\/\/batijournal.com\/#website"},"primaryImageOfPage":{"@id":"https:\/\/batijournal.com\/index.php\/le-plan-de-relance-tourne-vers-linvestissement-durable-de-laimcc\/104194\/#primaryimage"},"image":{"@id":"https:\/\/batijournal.com\/index.php\/le-plan-de-relance-tourne-vers-linvestissement-durable-de-laimcc\/104194\/#primaryimage"},"thumbnailUrl":"https:\/\/batijournal.com\/wp-content\/uploads\/2017\/05\/chantier-batiment.jpg","datePublished":"2020-05-04T09:39:28+00:00","dateModified":"2020-05-04T09:39:29+00:00","author":{"@id":"https:\/\/batijournal.com\/#\/schema\/person\/1dc96ec6957aa1ccb25ebe78bb19f100"},"breadcrumb":{"@id":"https:\/\/batijournal.com\/index.php\/le-plan-de-relance-tourne-vers-linvestissement-durable-de-laimcc\/104194\/#breadcrumb"},"inLanguage":"fr-FR","potentialAction":[{"@type":"ReadAction","target":["https:\/\/batijournal.com\/index.php\/le-plan-de-relance-tourne-vers-linvestissement-durable-de-laimcc\/104194\/"]}]},{"@type":"ImageObject","inLanguage":"fr-FR","@id":"https:\/\/batijournal.com\/index.php\/le-plan-de-relance-tourne-vers-linvestissement-durable-de-laimcc\/104194\/#primaryimage","url":"https:\/\/batijournal.com\/wp-content\/uploads\/2017\/05\/chantier-batiment.jpg","contentUrl":"https:\/\/batijournal.com\/wp-content\/uploads\/2017\/05\/chantier-batiment.jpg","width":1200,"height":676},{"@type":"BreadcrumbList","@id":"https:\/\/batijournal.com\/index.php\/le-plan-de-relance-tourne-vers-linvestissement-durable-de-laimcc\/104194\/#breadcrumb","itemListElement":[{"@type":"ListItem","position":1,"name":"Accueil","item":"https:\/\/batijournal.com\/"},{"@type":"ListItem","position":2,"name":"Actualit\u00e9s","item":"https:\/\/batijournal.com\/index.php\/category\/actualites\/"},{"@type":"ListItem","position":3,"name":"Le plan de relance tourn\u00e9 vers l\u2019investissement durable de l&rsquo;AIMCC"}]},{"@type":"WebSite","@id":"https:\/\/batijournal.com\/#website","url":"https:\/\/batijournal.com\/","name":"Batijournal","description":"L&#039;actualit\u00e9 du b\u00e2timent","potentialAction":[{"@type":"SearchAction","target":{"@type":"EntryPoint","urlTemplate":"https:\/\/batijournal.com\/?s={search_term_string}"},"query-input":{"@type":"PropertyValueSpecification","valueRequired":true,"valueName":"search_term_string"}}],"inLanguage":"fr-FR"},{"@type":"Person","@id":"https:\/\/batijournal.com\/#\/schema\/person\/1dc96ec6957aa1ccb25ebe78bb19f100","name":"St\u00e9phane Miget","image":{"@type":"ImageObject","inLanguage":"fr-FR","@id":"https:\/\/secure.gravatar.com\/avatar\/89915563d925342126b8ef0281b93d9d7fc337043e8df017f780908eb9644451?s=96&d=mm&r=g","url":"https:\/\/secure.gravatar.com\/avatar\/89915563d925342126b8ef0281b93d9d7fc337043e8df017f780908eb9644451?s=96&d=mm&r=g","contentUrl":"https:\/\/secure.gravatar.com\/avatar\/89915563d925342126b8ef0281b93d9d7fc337043e8df017f780908eb9644451?s=96&d=mm&r=g","caption":"St\u00e9phane Miget"},"url":"https:\/\/batijournal.com\/index.php\/author\/stephane\/"}]}},"_links":{"self":[{"href":"https:\/\/batijournal.com\/index.php\/wp-json\/wp\/v2\/posts\/104194","targetHints":{"allow":["GET"]}}],"collection":[{"href":"https:\/\/batijournal.com\/index.php\/wp-json\/wp\/v2\/posts"}],"about":[{"href":"https:\/\/batijournal.com\/index.php\/wp-json\/wp\/v2\/types\/post"}],"author":[{"embeddable":true,"href":"https:\/\/batijournal.com\/index.php\/wp-json\/wp\/v2\/users\/17"}],"replies":[{"embeddable":true,"href":"https:\/\/batijournal.com\/index.php\/wp-json\/wp\/v2\/comments?post=104194"}],"version-history":[{"count":0,"href":"https:\/\/batijournal.com\/index.php\/wp-json\/wp\/v2\/posts\/104194\/revisions"}],"wp:featuredmedia":[{"embeddable":true,"href":"https:\/\/batijournal.com\/index.php\/wp-json\/wp\/v2\/media\/95957"}],"wp:attachment":[{"href":"https:\/\/batijournal.com\/index.php\/wp-json\/wp\/v2\/media?parent=104194"}],"wp:term":[{"taxonomy":"category","embeddable":true,"href":"https:\/\/batijournal.com\/index.php\/wp-json\/wp\/v2\/categories?post=104194"},{"taxonomy":"post_tag","embeddable":true,"href":"https:\/\/batijournal.com\/index.php\/wp-json\/wp\/v2\/tags?post=104194"}],"curies":[{"name":"wp","href":"https:\/\/api.w.org\/{rel}","templated":true}]}}