{"id":104195,"date":"2020-05-04T11:45:58","date_gmt":"2020-05-04T09:45:58","guid":{"rendered":"https:\/\/batijournal.com\/?p=104195"},"modified":"2020-05-04T11:46:00","modified_gmt":"2020-05-04T09:46:00","slug":"reussir-la-reprise-en-auvergne-rhone-alpes","status":"publish","type":"post","link":"https:\/\/batijournal.com\/index.php\/reussir-la-reprise-en-auvergne-rhone-alpes\/104195\/","title":{"rendered":"R\u00e9ussir la reprise en Auvergne-Rh\u00f4ne-Alpes"},"content":{"rendered":"\n<p>En Auvergne-Rh\u00f4ne-Alpes, les chantiers reprennent progressivement. Avec l&rsquo;ensemble de la fili\u00e8re, il est d\u00e9sormais essentiel de lever les derniers freins logistiques et de rechercher ensemble les solutions \u00e9conomiques favorables \u00e0 une reprise plus durable.<\/p>\n\n\n\n<p><strong>Lever les derniers freins logistiques sur l&rsquo;amont et l&rsquo;aval de la fili\u00e8re<br \/><\/strong>D&rsquo;un point de vue logistique, l&rsquo;approvisionnement en masques demeure encore probl\u00e9matique m\u00eame si la situation s&rsquo;am\u00e9liore gr\u00e2ce \u00e0 la mobilisation de l&rsquo;outil de production local et \u00e0 des initiatives comme celle du Conseil R\u00e9gional avec une dotation de 100 000 masques destin\u00e9e aux entreprises du BTP de moins de 20 salari\u00e9s. Les lieux de distribution seront les F\u00e9d\u00e9rations D\u00e9partementales du BTP, les CAPEB d\u00e9partementales et la F\u00e9d\u00e9ration R\u00e9gionale des Travaux Publics. L&rsquo;approvisionnement, les raccordements provisoires de chantiers, l&rsquo;ouverture des d\u00e9chetteries restent \u00e9galement des points sur lesquels la fili\u00e8re se mobilise.<\/p>\n\n\n\n<p><strong>Renforcer la concertation et la solidarit\u00e9 \u00e9conomique<br \/><\/strong>Les Organisations Professionnelles du B\u00e2timent et des Travaux Publics appellent \u00e9galement \u00e0 la solidarit\u00e9 de la maitrise d&rsquo;ouvrage pour faire face aux surco\u00fbts de chantiers li\u00e9s aux nouvelles contraintes impos\u00e9es par la crise sanitaire. Devant \u00eatre chiffr\u00e9es au cas par cas, ces augmentations correspondant au respect des nouvelles pr\u00e9conisations sanitaires et \u00e0 la r\u00e9organisation des chantiers (distanciation sociale, nettoyage des bases vie, achat de masques, de gants, rotations des camionnettes et VUL, mobilisation suppl\u00e9mentaire de personnels, prolongation des frais financiers, baisse de la productivit\u00e9, etc.). Les entreprises ne pourront pas les absorber seules. Il est indispensable de renforcer cette solidarit\u00e9, dont font preuve nombre de maitres d&rsquo;ouvrage depuis la p\u00e9riode de confinement, \u00e0 l&rsquo;image notamment de la R\u00e9gion Auvergne-Rh\u00f4ne-Alpes qui a annonc\u00e9 une enveloppe de 15 millions d&rsquo;euros d\u00e9di\u00e9e aux surco\u00fbts sanitaires de ses chantiers en cours.<\/p>\n\n\n\n<p><strong>Soutenir la commande publique locale<br \/><\/strong>Enfin, concernant les freins administratifs, deux modifications de l&rsquo;ordonnance qui pr\u00e9voyait un gel des autorisations d&rsquo;urbanisme \u00e0 l&rsquo;issue de la p\u00e9riode de confinement ont \u00e9t\u00e9 obtenues ; mais cette \u00e9volution demeurerait insuffisante si aucune consigne n&rsquo;\u00e9tait donn\u00e9e aux services instructeurs en vue d&rsquo;acc\u00e9l\u00e9rer les d\u00e9lais d&rsquo;instruction. La situation appelle \u00e9galement \u00e0 la lev\u00e9e des arr\u00eat\u00e9s municipaux interdisant les travaux pendant la p\u00e9riode de confinement, comme il en est apparu dans notre r\u00e9gion. Les Organisations Professionnelles appellent au soutien des EPCI et des collectivit\u00e9s et \u00e0 la bienveillance des citoyens afin d&rsquo;\u00e9viter un retard qui p\u00e9naliserait la reprise d&rsquo;activit\u00e9 et l&#8217;emploi local.<br \/>La crainte d&rsquo;un essoufflement de la commande publique locale est en effet bien r\u00e9elle et pourrait se produire au plus mauvais moment. Il est n\u00e9cessaire de lancer de nouveaux projets pour \u00e9viter un \u00ab trou d&rsquo;air \u00bb, d\u00e8s la fin de l&rsquo;\u00e9t\u00e9, qui pourrait avoir de lourdes cons\u00e9quences sur la sant\u00e9 \u00e9conomique de la fili\u00e8re.<br \/>De ce fait, les Organisations Professionnelles souhaitent que dans les communes qui ont pu \u00e9lire l&rsquo;ensemble de leurs conseillers municipaux, l&rsquo;installation et le fonctionnement des nouveaux Conseils (\u00e9lection du Maire, d\u00e9signation des commissions d&rsquo;appels d&rsquo;offre et travaux notamment, \u00e9lection des d\u00e9l\u00e9gu\u00e9s communautaires) puissent tr\u00e8s rapidement \u00eatre engag\u00e9s afin de permettre les d\u00e9cisions de travaux n\u00e9cessaires aux \u00e9quipements publics. Dans le m\u00eame objectif, une r\u00e9flexion doit rapidement s&rsquo;ouvrir sur le soutien de l&rsquo;Etat \u00e0 l&rsquo;investissement des collectivit\u00e9s locales.<\/p>\n\n\n\n<p><strong>R\u00e9activer la commande priv\u00e9e<br \/><\/strong>Les Organisations Professionnelles demandent aux particuliers qui ne sont pas \u00e0 risques et aux entreprises d&rsquo;ouvrir leur porte aux artisans et entreprises du BTP afin qu&rsquo;ils terminent les travaux initi\u00e9s ou qu&rsquo;ils en engagent d&rsquo;autres\u2026 Il en va de la sant\u00e9 \u00e9conomique du BTP et de ses emplois.<\/p>\n","protected":false},"excerpt":{"rendered":"<p>En Auvergne-Rh\u00f4ne-Alpes, les chantiers reprennent progressivement. Avec l&rsquo;ensemble de la fili\u00e8re, il est d\u00e9sormais essentiel de lever les derniers freins logistiques et de rechercher ensemble les solutions \u00e9conomiques favorables \u00e0 une reprise plus durable. Lever les derniers freins logistiques sur l&rsquo;amont et l&rsquo;aval de la fili\u00e8reD&rsquo;un point de vue logistique, l&rsquo;approvisionnement en masques demeure encore [&hellip;]<\/p>\n","protected":false},"author":17,"featured_media":93713,"comment_status":"closed","ping_status":"closed","sticky":false,"template":"","format":"standard","meta":{"_et_pb_use_builder":"","_et_pb_old_content":"","_et_gb_content_width":"","footnotes":""},"categories":[10530,6345],"tags":[],"class_list":["post-104195","post","type-post","status-publish","format-standard","has-post-thumbnail","hentry","category-actualites","category-economie-marches"],"yoast_head":"<!-- This site is optimized with the Yoast SEO plugin v27.4 - https:\/\/yoast.com\/product\/yoast-seo-wordpress\/ -->\n<title>R\u00e9ussir la reprise en Auvergne-Rh\u00f4ne-Alpes<\/title>\n<meta name=\"robots\" content=\"index, follow, max-snippet:-1, max-image-preview:large, max-video-preview:-1\" \/>\n<link rel=\"canonical\" href=\"https:\/\/batijournal.com\/index.php\/reussir-la-reprise-en-auvergne-rhone-alpes\/104195\/\" \/>\n<meta property=\"og:locale\" content=\"fr_FR\" \/>\n<meta property=\"og:type\" content=\"article\" \/>\n<meta property=\"og:title\" content=\"R\u00e9ussir la reprise en Auvergne-Rh\u00f4ne-Alpes\" \/>\n<meta property=\"og:description\" content=\"En Auvergne-Rh\u00f4ne-Alpes, les chantiers reprennent progressivement. Avec l&rsquo;ensemble de la fili\u00e8re, il est d\u00e9sormais essentiel de lever les derniers freins logistiques et de rechercher ensemble les solutions \u00e9conomiques favorables \u00e0 une reprise plus durable. Lever les derniers freins logistiques sur l&rsquo;amont et l&rsquo;aval de la fili\u00e8reD&rsquo;un point de vue logistique, l&rsquo;approvisionnement en masques demeure encore [&hellip;]\" \/>\n<meta property=\"og:url\" content=\"https:\/\/batijournal.com\/index.php\/reussir-la-reprise-en-auvergne-rhone-alpes\/104195\/\" \/>\n<meta property=\"og:site_name\" content=\"Batijournal\" \/>\n<meta property=\"article:published_time\" content=\"2020-05-04T09:45:58+00:00\" \/>\n<meta property=\"article:modified_time\" content=\"2020-05-04T09:46:00+00:00\" \/>\n<meta property=\"og:image\" content=\"https:\/\/batijournal.com\/wp-content\/uploads\/2016\/09\/construction-reprise.jpg\" \/>\n\t<meta property=\"og:image:width\" content=\"1000\" \/>\n\t<meta property=\"og:image:height\" content=\"598\" \/>\n\t<meta property=\"og:image:type\" content=\"image\/jpeg\" \/>\n<meta name=\"author\" content=\"St\u00e9phane Miget\" \/>\n<meta name=\"twitter:card\" content=\"summary_large_image\" \/>\n<meta name=\"twitter:creator\" content=\"@bati_journal\" \/>\n<meta name=\"twitter:site\" content=\"@bati_journal\" \/>\n<meta name=\"twitter:label1\" content=\"\u00c9crit par\" \/>\n\t<meta name=\"twitter:data1\" content=\"St\u00e9phane Miget\" \/>\n\t<meta name=\"twitter:label2\" content=\"Dur\u00e9e de lecture estim\u00e9e\" \/>\n\t<meta name=\"twitter:data2\" content=\"3 minutes\" \/>\n<script type=\"application\/ld+json\" class=\"yoast-schema-graph\">{\"@context\":\"https:\\\/\\\/schema.org\",\"@graph\":[{\"@type\":\"Article\",\"@id\":\"https:\\\/\\\/batijournal.com\\\/index.php\\\/reussir-la-reprise-en-auvergne-rhone-alpes\\\/104195\\\/#article\",\"isPartOf\":{\"@id\":\"https:\\\/\\\/batijournal.com\\\/index.php\\\/reussir-la-reprise-en-auvergne-rhone-alpes\\\/104195\\\/\"},\"author\":{\"name\":\"St\u00e9phane Miget\",\"@id\":\"https:\\\/\\\/batijournal.com\\\/#\\\/schema\\\/person\\\/1dc96ec6957aa1ccb25ebe78bb19f100\"},\"headline\":\"R\u00e9ussir la reprise en Auvergne-Rh\u00f4ne-Alpes\",\"datePublished\":\"2020-05-04T09:45:58+00:00\",\"dateModified\":\"2020-05-04T09:46:00+00:00\",\"mainEntityOfPage\":{\"@id\":\"https:\\\/\\\/batijournal.com\\\/index.php\\\/reussir-la-reprise-en-auvergne-rhone-alpes\\\/104195\\\/\"},\"wordCount\":661,\"image\":{\"@id\":\"https:\\\/\\\/batijournal.com\\\/index.php\\\/reussir-la-reprise-en-auvergne-rhone-alpes\\\/104195\\\/#primaryimage\"},\"thumbnailUrl\":\"https:\\\/\\\/batijournal.com\\\/wp-content\\\/uploads\\\/2016\\\/09\\\/construction-reprise.jpg\",\"articleSection\":[\"Actualit\u00e9s\",\"\u00c9conomie &amp; March\u00e9s\"],\"inLanguage\":\"fr-FR\"},{\"@type\":\"WebPage\",\"@id\":\"https:\\\/\\\/batijournal.com\\\/index.php\\\/reussir-la-reprise-en-auvergne-rhone-alpes\\\/104195\\\/\",\"url\":\"https:\\\/\\\/batijournal.com\\\/index.php\\\/reussir-la-reprise-en-auvergne-rhone-alpes\\\/104195\\\/\",\"name\":\"R\u00e9ussir la reprise en Auvergne-Rh\u00f4ne-Alpes\",\"isPartOf\":{\"@id\":\"https:\\\/\\\/batijournal.com\\\/#website\"},\"primaryImageOfPage\":{\"@id\":\"https:\\\/\\\/batijournal.com\\\/index.php\\\/reussir-la-reprise-en-auvergne-rhone-alpes\\\/104195\\\/#primaryimage\"},\"image\":{\"@id\":\"https:\\\/\\\/batijournal.com\\\/index.php\\\/reussir-la-reprise-en-auvergne-rhone-alpes\\\/104195\\\/#primaryimage\"},\"thumbnailUrl\":\"https:\\\/\\\/batijournal.com\\\/wp-content\\\/uploads\\\/2016\\\/09\\\/construction-reprise.jpg\",\"datePublished\":\"2020-05-04T09:45:58+00:00\",\"dateModified\":\"2020-05-04T09:46:00+00:00\",\"author\":{\"@id\":\"https:\\\/\\\/batijournal.com\\\/#\\\/schema\\\/person\\\/1dc96ec6957aa1ccb25ebe78bb19f100\"},\"breadcrumb\":{\"@id\":\"https:\\\/\\\/batijournal.com\\\/index.php\\\/reussir-la-reprise-en-auvergne-rhone-alpes\\\/104195\\\/#breadcrumb\"},\"inLanguage\":\"fr-FR\",\"potentialAction\":[{\"@type\":\"ReadAction\",\"target\":[\"https:\\\/\\\/batijournal.com\\\/index.php\\\/reussir-la-reprise-en-auvergne-rhone-alpes\\\/104195\\\/\"]}]},{\"@type\":\"ImageObject\",\"inLanguage\":\"fr-FR\",\"@id\":\"https:\\\/\\\/batijournal.com\\\/index.php\\\/reussir-la-reprise-en-auvergne-rhone-alpes\\\/104195\\\/#primaryimage\",\"url\":\"https:\\\/\\\/batijournal.com\\\/wp-content\\\/uploads\\\/2016\\\/09\\\/construction-reprise.jpg\",\"contentUrl\":\"https:\\\/\\\/batijournal.com\\\/wp-content\\\/uploads\\\/2016\\\/09\\\/construction-reprise.jpg\",\"width\":1000,\"height\":598},{\"@type\":\"BreadcrumbList\",\"@id\":\"https:\\\/\\\/batijournal.com\\\/index.php\\\/reussir-la-reprise-en-auvergne-rhone-alpes\\\/104195\\\/#breadcrumb\",\"itemListElement\":[{\"@type\":\"ListItem\",\"position\":1,\"name\":\"Accueil\",\"item\":\"https:\\\/\\\/batijournal.com\\\/\"},{\"@type\":\"ListItem\",\"position\":2,\"name\":\"Actualit\u00e9s\",\"item\":\"https:\\\/\\\/batijournal.com\\\/index.php\\\/category\\\/actualites\\\/\"},{\"@type\":\"ListItem\",\"position\":3,\"name\":\"R\u00e9ussir la reprise en Auvergne-Rh\u00f4ne-Alpes\"}]},{\"@type\":\"WebSite\",\"@id\":\"https:\\\/\\\/batijournal.com\\\/#website\",\"url\":\"https:\\\/\\\/batijournal.com\\\/\",\"name\":\"Batijournal\",\"description\":\"L&#039;actualit\u00e9 du b\u00e2timent\",\"potentialAction\":[{\"@type\":\"SearchAction\",\"target\":{\"@type\":\"EntryPoint\",\"urlTemplate\":\"https:\\\/\\\/batijournal.com\\\/?s={search_term_string}\"},\"query-input\":{\"@type\":\"PropertyValueSpecification\",\"valueRequired\":true,\"valueName\":\"search_term_string\"}}],\"inLanguage\":\"fr-FR\"},{\"@type\":\"Person\",\"@id\":\"https:\\\/\\\/batijournal.com\\\/#\\\/schema\\\/person\\\/1dc96ec6957aa1ccb25ebe78bb19f100\",\"name\":\"St\u00e9phane Miget\",\"image\":{\"@type\":\"ImageObject\",\"inLanguage\":\"fr-FR\",\"@id\":\"https:\\\/\\\/secure.gravatar.com\\\/avatar\\\/89915563d925342126b8ef0281b93d9d7fc337043e8df017f780908eb9644451?s=96&d=mm&r=g\",\"url\":\"https:\\\/\\\/secure.gravatar.com\\\/avatar\\\/89915563d925342126b8ef0281b93d9d7fc337043e8df017f780908eb9644451?s=96&d=mm&r=g\",\"contentUrl\":\"https:\\\/\\\/secure.gravatar.com\\\/avatar\\\/89915563d925342126b8ef0281b93d9d7fc337043e8df017f780908eb9644451?s=96&d=mm&r=g\",\"caption\":\"St\u00e9phane Miget\"},\"url\":\"https:\\\/\\\/batijournal.com\\\/index.php\\\/author\\\/stephane\\\/\"}]}<\/script>\n<!-- \/ Yoast SEO plugin. -->","yoast_head_json":{"title":"R\u00e9ussir la reprise en Auvergne-Rh\u00f4ne-Alpes","robots":{"index":"index","follow":"follow","max-snippet":"max-snippet:-1","max-image-preview":"max-image-preview:large","max-video-preview":"max-video-preview:-1"},"canonical":"https:\/\/batijournal.com\/index.php\/reussir-la-reprise-en-auvergne-rhone-alpes\/104195\/","og_locale":"fr_FR","og_type":"article","og_title":"R\u00e9ussir la reprise en Auvergne-Rh\u00f4ne-Alpes","og_description":"En Auvergne-Rh\u00f4ne-Alpes, les chantiers reprennent progressivement. Avec l&rsquo;ensemble de la fili\u00e8re, il est d\u00e9sormais essentiel de lever les derniers freins logistiques et de rechercher ensemble les solutions \u00e9conomiques favorables \u00e0 une reprise plus durable. Lever les derniers freins logistiques sur l&rsquo;amont et l&rsquo;aval de la fili\u00e8reD&rsquo;un point de vue logistique, l&rsquo;approvisionnement en masques demeure encore [&hellip;]","og_url":"https:\/\/batijournal.com\/index.php\/reussir-la-reprise-en-auvergne-rhone-alpes\/104195\/","og_site_name":"Batijournal","article_published_time":"2020-05-04T09:45:58+00:00","article_modified_time":"2020-05-04T09:46:00+00:00","og_image":[{"width":1000,"height":598,"url":"https:\/\/batijournal.com\/wp-content\/uploads\/2016\/09\/construction-reprise.jpg","type":"image\/jpeg"}],"author":"St\u00e9phane Miget","twitter_card":"summary_large_image","twitter_creator":"@bati_journal","twitter_site":"@bati_journal","twitter_misc":{"\u00c9crit par":"St\u00e9phane Miget","Dur\u00e9e de lecture estim\u00e9e":"3 minutes"},"schema":{"@context":"https:\/\/schema.org","@graph":[{"@type":"Article","@id":"https:\/\/batijournal.com\/index.php\/reussir-la-reprise-en-auvergne-rhone-alpes\/104195\/#article","isPartOf":{"@id":"https:\/\/batijournal.com\/index.php\/reussir-la-reprise-en-auvergne-rhone-alpes\/104195\/"},"author":{"name":"St\u00e9phane Miget","@id":"https:\/\/batijournal.com\/#\/schema\/person\/1dc96ec6957aa1ccb25ebe78bb19f100"},"headline":"R\u00e9ussir la reprise en Auvergne-Rh\u00f4ne-Alpes","datePublished":"2020-05-04T09:45:58+00:00","dateModified":"2020-05-04T09:46:00+00:00","mainEntityOfPage":{"@id":"https:\/\/batijournal.com\/index.php\/reussir-la-reprise-en-auvergne-rhone-alpes\/104195\/"},"wordCount":661,"image":{"@id":"https:\/\/batijournal.com\/index.php\/reussir-la-reprise-en-auvergne-rhone-alpes\/104195\/#primaryimage"},"thumbnailUrl":"https:\/\/batijournal.com\/wp-content\/uploads\/2016\/09\/construction-reprise.jpg","articleSection":["Actualit\u00e9s","\u00c9conomie &amp; March\u00e9s"],"inLanguage":"fr-FR"},{"@type":"WebPage","@id":"https:\/\/batijournal.com\/index.php\/reussir-la-reprise-en-auvergne-rhone-alpes\/104195\/","url":"https:\/\/batijournal.com\/index.php\/reussir-la-reprise-en-auvergne-rhone-alpes\/104195\/","name":"R\u00e9ussir la reprise en Auvergne-Rh\u00f4ne-Alpes","isPartOf":{"@id":"https:\/\/batijournal.com\/#website"},"primaryImageOfPage":{"@id":"https:\/\/batijournal.com\/index.php\/reussir-la-reprise-en-auvergne-rhone-alpes\/104195\/#primaryimage"},"image":{"@id":"https:\/\/batijournal.com\/index.php\/reussir-la-reprise-en-auvergne-rhone-alpes\/104195\/#primaryimage"},"thumbnailUrl":"https:\/\/batijournal.com\/wp-content\/uploads\/2016\/09\/construction-reprise.jpg","datePublished":"2020-05-04T09:45:58+00:00","dateModified":"2020-05-04T09:46:00+00:00","author":{"@id":"https:\/\/batijournal.com\/#\/schema\/person\/1dc96ec6957aa1ccb25ebe78bb19f100"},"breadcrumb":{"@id":"https:\/\/batijournal.com\/index.php\/reussir-la-reprise-en-auvergne-rhone-alpes\/104195\/#breadcrumb"},"inLanguage":"fr-FR","potentialAction":[{"@type":"ReadAction","target":["https:\/\/batijournal.com\/index.php\/reussir-la-reprise-en-auvergne-rhone-alpes\/104195\/"]}]},{"@type":"ImageObject","inLanguage":"fr-FR","@id":"https:\/\/batijournal.com\/index.php\/reussir-la-reprise-en-auvergne-rhone-alpes\/104195\/#primaryimage","url":"https:\/\/batijournal.com\/wp-content\/uploads\/2016\/09\/construction-reprise.jpg","contentUrl":"https:\/\/batijournal.com\/wp-content\/uploads\/2016\/09\/construction-reprise.jpg","width":1000,"height":598},{"@type":"BreadcrumbList","@id":"https:\/\/batijournal.com\/index.php\/reussir-la-reprise-en-auvergne-rhone-alpes\/104195\/#breadcrumb","itemListElement":[{"@type":"ListItem","position":1,"name":"Accueil","item":"https:\/\/batijournal.com\/"},{"@type":"ListItem","position":2,"name":"Actualit\u00e9s","item":"https:\/\/batijournal.com\/index.php\/category\/actualites\/"},{"@type":"ListItem","position":3,"name":"R\u00e9ussir la reprise en Auvergne-Rh\u00f4ne-Alpes"}]},{"@type":"WebSite","@id":"https:\/\/batijournal.com\/#website","url":"https:\/\/batijournal.com\/","name":"Batijournal","description":"L&#039;actualit\u00e9 du b\u00e2timent","potentialAction":[{"@type":"SearchAction","target":{"@type":"EntryPoint","urlTemplate":"https:\/\/batijournal.com\/?s={search_term_string}"},"query-input":{"@type":"PropertyValueSpecification","valueRequired":true,"valueName":"search_term_string"}}],"inLanguage":"fr-FR"},{"@type":"Person","@id":"https:\/\/batijournal.com\/#\/schema\/person\/1dc96ec6957aa1ccb25ebe78bb19f100","name":"St\u00e9phane Miget","image":{"@type":"ImageObject","inLanguage":"fr-FR","@id":"https:\/\/secure.gravatar.com\/avatar\/89915563d925342126b8ef0281b93d9d7fc337043e8df017f780908eb9644451?s=96&d=mm&r=g","url":"https:\/\/secure.gravatar.com\/avatar\/89915563d925342126b8ef0281b93d9d7fc337043e8df017f780908eb9644451?s=96&d=mm&r=g","contentUrl":"https:\/\/secure.gravatar.com\/avatar\/89915563d925342126b8ef0281b93d9d7fc337043e8df017f780908eb9644451?s=96&d=mm&r=g","caption":"St\u00e9phane Miget"},"url":"https:\/\/batijournal.com\/index.php\/author\/stephane\/"}]}},"_links":{"self":[{"href":"https:\/\/batijournal.com\/index.php\/wp-json\/wp\/v2\/posts\/104195","targetHints":{"allow":["GET"]}}],"collection":[{"href":"https:\/\/batijournal.com\/index.php\/wp-json\/wp\/v2\/posts"}],"about":[{"href":"https:\/\/batijournal.com\/index.php\/wp-json\/wp\/v2\/types\/post"}],"author":[{"embeddable":true,"href":"https:\/\/batijournal.com\/index.php\/wp-json\/wp\/v2\/users\/17"}],"replies":[{"embeddable":true,"href":"https:\/\/batijournal.com\/index.php\/wp-json\/wp\/v2\/comments?post=104195"}],"version-history":[{"count":0,"href":"https:\/\/batijournal.com\/index.php\/wp-json\/wp\/v2\/posts\/104195\/revisions"}],"wp:featuredmedia":[{"embeddable":true,"href":"https:\/\/batijournal.com\/index.php\/wp-json\/wp\/v2\/media\/93713"}],"wp:attachment":[{"href":"https:\/\/batijournal.com\/index.php\/wp-json\/wp\/v2\/media?parent=104195"}],"wp:term":[{"taxonomy":"category","embeddable":true,"href":"https:\/\/batijournal.com\/index.php\/wp-json\/wp\/v2\/categories?post=104195"},{"taxonomy":"post_tag","embeddable":true,"href":"https:\/\/batijournal.com\/index.php\/wp-json\/wp\/v2\/tags?post=104195"}],"curies":[{"name":"wp","href":"https:\/\/api.w.org\/{rel}","templated":true}]}}