{"id":104196,"date":"2020-05-04T11:54:20","date_gmt":"2020-05-04T09:54:20","guid":{"rendered":"https:\/\/batijournal.com\/?p=104196"},"modified":"2020-05-04T11:54:22","modified_gmt":"2020-05-04T09:54:22","slug":"les-centres-de-formation-continue-vont-de-nouveau-accueillir-des-stagiaires","status":"publish","type":"post","link":"https:\/\/batijournal.com\/index.php\/les-centres-de-formation-continue-vont-de-nouveau-accueillir-des-stagiaires\/104196\/","title":{"rendered":"Les centres de formation continue vont de nouveau accueillir des stagiaires"},"content":{"rendered":"\n<p>\u00c0 compter du 11 mai 2020, les centres de formation sont susceptibles d\u2019accueillir \u00e0 nouveau dans leurs centres des stagiaires en formation continue (salari\u00e9s, ind\u00e9pendants, demandeurs d\u2019emploi). Ils devront n\u00e9cessairement respecter le protocole national de d\u00e9confinement. Un guide ad hoc \u00e0 destination des organismes de formation, travaill\u00e9 avec la profession et valid\u00e9 par le minist\u00e8re du travail, compl\u00e9tera le protocole national et sera publi\u00e9 demain mardi 5 mai. Pour Muriel P\u00e9nicaud \u00ab le d\u00e9veloppement des comp\u00e9tences est plus que jamais un \u00e9l\u00e9ment d\u00e9terminant pour le d\u00e9veloppement \u00e9conomique des entreprises et l\u2019emploi des salari\u00e9s. Il est essentiel que les organismes de formation reprennent leur activit\u00e9, en respectant les mesures sanitaires, \u00e0 partir du 11 mai 2020 \u00bb. La ministre du Travail salue, par ailleurs, la r\u00e9activit\u00e9 des organismes de formation qui ont su d\u00e9velopper des formations \u00e0 distance pendant toute la p\u00e9riode de confinement. Il est essentiel qu\u2019elles continuent \u00e0 le faire.<\/p>\n","protected":false},"excerpt":{"rendered":"<p>\u00c0 compter du 11 mai 2020, les centres de formation sont susceptibles d\u2019accueillir \u00e0 nouveau dans leurs centres des stagiaires en formation continue (salari\u00e9s, ind\u00e9pendants, demandeurs d\u2019emploi). Ils devront n\u00e9cessairement respecter le protocole national de d\u00e9confinement. Un guide ad hoc \u00e0 destination des organismes de formation, travaill\u00e9 avec la profession et valid\u00e9 par le minist\u00e8re [&hellip;]<\/p>\n","protected":false},"author":17,"featured_media":87184,"comment_status":"closed","ping_status":"closed","sticky":false,"template":"","format":"standard","meta":{"_et_pb_use_builder":"","_et_pb_old_content":"","_et_gb_content_width":"","footnotes":""},"categories":[10530,6345],"tags":[517],"class_list":["post-104196","post","type-post","status-publish","format-standard","has-post-thumbnail","hentry","category-actualites","category-economie-marches","tag-formation"],"yoast_head":"<!-- This site is optimized with the Yoast SEO plugin v27.4 - https:\/\/yoast.com\/product\/yoast-seo-wordpress\/ -->\n<title>Les centres de formation continue vont de nouveau accueillir des stagiaires<\/title>\n<meta name=\"robots\" content=\"index, follow, max-snippet:-1, max-image-preview:large, max-video-preview:-1\" \/>\n<link rel=\"canonical\" href=\"https:\/\/batijournal.com\/index.php\/les-centres-de-formation-continue-vont-de-nouveau-accueillir-des-stagiaires\/104196\/\" \/>\n<meta property=\"og:locale\" content=\"fr_FR\" \/>\n<meta property=\"og:type\" content=\"article\" \/>\n<meta property=\"og:title\" content=\"Les centres de formation continue vont de nouveau accueillir des stagiaires\" \/>\n<meta property=\"og:description\" content=\"\u00c0 compter du 11 mai 2020, les centres de formation sont susceptibles d\u2019accueillir \u00e0 nouveau dans leurs centres des stagiaires en formation continue (salari\u00e9s, ind\u00e9pendants, demandeurs d\u2019emploi). Ils devront n\u00e9cessairement respecter le protocole national de d\u00e9confinement. Un guide ad hoc \u00e0 destination des organismes de formation, travaill\u00e9 avec la profession et valid\u00e9 par le minist\u00e8re [&hellip;]\" \/>\n<meta property=\"og:url\" content=\"https:\/\/batijournal.com\/index.php\/les-centres-de-formation-continue-vont-de-nouveau-accueillir-des-stagiaires\/104196\/\" \/>\n<meta property=\"og:site_name\" content=\"Batijournal\" \/>\n<meta property=\"article:published_time\" content=\"2020-05-04T09:54:20+00:00\" \/>\n<meta property=\"article:modified_time\" content=\"2020-05-04T09:54:22+00:00\" \/>\n<meta property=\"og:image\" content=\"https:\/\/batijournal.com\/wp-content\/uploads\/2015\/05\/99696222.jpg\" \/>\n\t<meta property=\"og:image:width\" content=\"600\" \/>\n\t<meta property=\"og:image:height\" content=\"400\" \/>\n\t<meta property=\"og:image:type\" content=\"image\/jpeg\" \/>\n<meta name=\"author\" content=\"St\u00e9phane Miget\" \/>\n<meta name=\"twitter:card\" content=\"summary_large_image\" \/>\n<meta name=\"twitter:creator\" content=\"@bati_journal\" \/>\n<meta name=\"twitter:site\" content=\"@bati_journal\" \/>\n<meta name=\"twitter:label1\" content=\"\u00c9crit par\" \/>\n\t<meta name=\"twitter:data1\" content=\"St\u00e9phane Miget\" \/>\n\t<meta name=\"twitter:label2\" content=\"Dur\u00e9e de lecture estim\u00e9e\" \/>\n\t<meta name=\"twitter:data2\" content=\"1 minute\" \/>\n<script type=\"application\/ld+json\" class=\"yoast-schema-graph\">{\"@context\":\"https:\\\/\\\/schema.org\",\"@graph\":[{\"@type\":\"Article\",\"@id\":\"https:\\\/\\\/batijournal.com\\\/index.php\\\/les-centres-de-formation-continue-vont-de-nouveau-accueillir-des-stagiaires\\\/104196\\\/#article\",\"isPartOf\":{\"@id\":\"https:\\\/\\\/batijournal.com\\\/index.php\\\/les-centres-de-formation-continue-vont-de-nouveau-accueillir-des-stagiaires\\\/104196\\\/\"},\"author\":{\"name\":\"St\u00e9phane Miget\",\"@id\":\"https:\\\/\\\/batijournal.com\\\/#\\\/schema\\\/person\\\/1dc96ec6957aa1ccb25ebe78bb19f100\"},\"headline\":\"Les centres de formation continue vont de nouveau accueillir des stagiaires\",\"datePublished\":\"2020-05-04T09:54:20+00:00\",\"dateModified\":\"2020-05-04T09:54:22+00:00\",\"mainEntityOfPage\":{\"@id\":\"https:\\\/\\\/batijournal.com\\\/index.php\\\/les-centres-de-formation-continue-vont-de-nouveau-accueillir-des-stagiaires\\\/104196\\\/\"},\"wordCount\":169,\"image\":{\"@id\":\"https:\\\/\\\/batijournal.com\\\/index.php\\\/les-centres-de-formation-continue-vont-de-nouveau-accueillir-des-stagiaires\\\/104196\\\/#primaryimage\"},\"thumbnailUrl\":\"https:\\\/\\\/batijournal.com\\\/wp-content\\\/uploads\\\/2015\\\/05\\\/99696222.jpg\",\"keywords\":[\"formation\"],\"articleSection\":[\"Actualit\u00e9s\",\"\u00c9conomie &amp; March\u00e9s\"],\"inLanguage\":\"fr-FR\"},{\"@type\":\"WebPage\",\"@id\":\"https:\\\/\\\/batijournal.com\\\/index.php\\\/les-centres-de-formation-continue-vont-de-nouveau-accueillir-des-stagiaires\\\/104196\\\/\",\"url\":\"https:\\\/\\\/batijournal.com\\\/index.php\\\/les-centres-de-formation-continue-vont-de-nouveau-accueillir-des-stagiaires\\\/104196\\\/\",\"name\":\"Les centres de formation continue vont de nouveau accueillir des stagiaires\",\"isPartOf\":{\"@id\":\"https:\\\/\\\/batijournal.com\\\/#website\"},\"primaryImageOfPage\":{\"@id\":\"https:\\\/\\\/batijournal.com\\\/index.php\\\/les-centres-de-formation-continue-vont-de-nouveau-accueillir-des-stagiaires\\\/104196\\\/#primaryimage\"},\"image\":{\"@id\":\"https:\\\/\\\/batijournal.com\\\/index.php\\\/les-centres-de-formation-continue-vont-de-nouveau-accueillir-des-stagiaires\\\/104196\\\/#primaryimage\"},\"thumbnailUrl\":\"https:\\\/\\\/batijournal.com\\\/wp-content\\\/uploads\\\/2015\\\/05\\\/99696222.jpg\",\"datePublished\":\"2020-05-04T09:54:20+00:00\",\"dateModified\":\"2020-05-04T09:54:22+00:00\",\"author\":{\"@id\":\"https:\\\/\\\/batijournal.com\\\/#\\\/schema\\\/person\\\/1dc96ec6957aa1ccb25ebe78bb19f100\"},\"breadcrumb\":{\"@id\":\"https:\\\/\\\/batijournal.com\\\/index.php\\\/les-centres-de-formation-continue-vont-de-nouveau-accueillir-des-stagiaires\\\/104196\\\/#breadcrumb\"},\"inLanguage\":\"fr-FR\",\"potentialAction\":[{\"@type\":\"ReadAction\",\"target\":[\"https:\\\/\\\/batijournal.com\\\/index.php\\\/les-centres-de-formation-continue-vont-de-nouveau-accueillir-des-stagiaires\\\/104196\\\/\"]}]},{\"@type\":\"ImageObject\",\"inLanguage\":\"fr-FR\",\"@id\":\"https:\\\/\\\/batijournal.com\\\/index.php\\\/les-centres-de-formation-continue-vont-de-nouveau-accueillir-des-stagiaires\\\/104196\\\/#primaryimage\",\"url\":\"https:\\\/\\\/batijournal.com\\\/wp-content\\\/uploads\\\/2015\\\/05\\\/99696222.jpg\",\"contentUrl\":\"https:\\\/\\\/batijournal.com\\\/wp-content\\\/uploads\\\/2015\\\/05\\\/99696222.jpg\",\"width\":600,\"height\":400,\"caption\":\"10Kverts-verdissement-des-formations\"},{\"@type\":\"BreadcrumbList\",\"@id\":\"https:\\\/\\\/batijournal.com\\\/index.php\\\/les-centres-de-formation-continue-vont-de-nouveau-accueillir-des-stagiaires\\\/104196\\\/#breadcrumb\",\"itemListElement\":[{\"@type\":\"ListItem\",\"position\":1,\"name\":\"Accueil\",\"item\":\"https:\\\/\\\/batijournal.com\\\/\"},{\"@type\":\"ListItem\",\"position\":2,\"name\":\"Actualit\u00e9s\",\"item\":\"https:\\\/\\\/batijournal.com\\\/index.php\\\/category\\\/actualites\\\/\"},{\"@type\":\"ListItem\",\"position\":3,\"name\":\"Les centres de formation continue vont de nouveau accueillir des stagiaires\"}]},{\"@type\":\"WebSite\",\"@id\":\"https:\\\/\\\/batijournal.com\\\/#website\",\"url\":\"https:\\\/\\\/batijournal.com\\\/\",\"name\":\"Batijournal\",\"description\":\"L&#039;actualit\u00e9 du b\u00e2timent\",\"potentialAction\":[{\"@type\":\"SearchAction\",\"target\":{\"@type\":\"EntryPoint\",\"urlTemplate\":\"https:\\\/\\\/batijournal.com\\\/?s={search_term_string}\"},\"query-input\":{\"@type\":\"PropertyValueSpecification\",\"valueRequired\":true,\"valueName\":\"search_term_string\"}}],\"inLanguage\":\"fr-FR\"},{\"@type\":\"Person\",\"@id\":\"https:\\\/\\\/batijournal.com\\\/#\\\/schema\\\/person\\\/1dc96ec6957aa1ccb25ebe78bb19f100\",\"name\":\"St\u00e9phane Miget\",\"image\":{\"@type\":\"ImageObject\",\"inLanguage\":\"fr-FR\",\"@id\":\"https:\\\/\\\/secure.gravatar.com\\\/avatar\\\/89915563d925342126b8ef0281b93d9d7fc337043e8df017f780908eb9644451?s=96&d=mm&r=g\",\"url\":\"https:\\\/\\\/secure.gravatar.com\\\/avatar\\\/89915563d925342126b8ef0281b93d9d7fc337043e8df017f780908eb9644451?s=96&d=mm&r=g\",\"contentUrl\":\"https:\\\/\\\/secure.gravatar.com\\\/avatar\\\/89915563d925342126b8ef0281b93d9d7fc337043e8df017f780908eb9644451?s=96&d=mm&r=g\",\"caption\":\"St\u00e9phane Miget\"},\"url\":\"https:\\\/\\\/batijournal.com\\\/index.php\\\/author\\\/stephane\\\/\"}]}<\/script>\n<!-- \/ Yoast SEO plugin. -->","yoast_head_json":{"title":"Les centres de formation continue vont de nouveau accueillir des stagiaires","robots":{"index":"index","follow":"follow","max-snippet":"max-snippet:-1","max-image-preview":"max-image-preview:large","max-video-preview":"max-video-preview:-1"},"canonical":"https:\/\/batijournal.com\/index.php\/les-centres-de-formation-continue-vont-de-nouveau-accueillir-des-stagiaires\/104196\/","og_locale":"fr_FR","og_type":"article","og_title":"Les centres de formation continue vont de nouveau accueillir des stagiaires","og_description":"\u00c0 compter du 11 mai 2020, les centres de formation sont susceptibles d\u2019accueillir \u00e0 nouveau dans leurs centres des stagiaires en formation continue (salari\u00e9s, ind\u00e9pendants, demandeurs d\u2019emploi). Ils devront n\u00e9cessairement respecter le protocole national de d\u00e9confinement. Un guide ad hoc \u00e0 destination des organismes de formation, travaill\u00e9 avec la profession et valid\u00e9 par le minist\u00e8re [&hellip;]","og_url":"https:\/\/batijournal.com\/index.php\/les-centres-de-formation-continue-vont-de-nouveau-accueillir-des-stagiaires\/104196\/","og_site_name":"Batijournal","article_published_time":"2020-05-04T09:54:20+00:00","article_modified_time":"2020-05-04T09:54:22+00:00","og_image":[{"width":600,"height":400,"url":"https:\/\/batijournal.com\/wp-content\/uploads\/2015\/05\/99696222.jpg","type":"image\/jpeg"}],"author":"St\u00e9phane Miget","twitter_card":"summary_large_image","twitter_creator":"@bati_journal","twitter_site":"@bati_journal","twitter_misc":{"\u00c9crit par":"St\u00e9phane Miget","Dur\u00e9e de lecture estim\u00e9e":"1 minute"},"schema":{"@context":"https:\/\/schema.org","@graph":[{"@type":"Article","@id":"https:\/\/batijournal.com\/index.php\/les-centres-de-formation-continue-vont-de-nouveau-accueillir-des-stagiaires\/104196\/#article","isPartOf":{"@id":"https:\/\/batijournal.com\/index.php\/les-centres-de-formation-continue-vont-de-nouveau-accueillir-des-stagiaires\/104196\/"},"author":{"name":"St\u00e9phane Miget","@id":"https:\/\/batijournal.com\/#\/schema\/person\/1dc96ec6957aa1ccb25ebe78bb19f100"},"headline":"Les centres de formation continue vont de nouveau accueillir des stagiaires","datePublished":"2020-05-04T09:54:20+00:00","dateModified":"2020-05-04T09:54:22+00:00","mainEntityOfPage":{"@id":"https:\/\/batijournal.com\/index.php\/les-centres-de-formation-continue-vont-de-nouveau-accueillir-des-stagiaires\/104196\/"},"wordCount":169,"image":{"@id":"https:\/\/batijournal.com\/index.php\/les-centres-de-formation-continue-vont-de-nouveau-accueillir-des-stagiaires\/104196\/#primaryimage"},"thumbnailUrl":"https:\/\/batijournal.com\/wp-content\/uploads\/2015\/05\/99696222.jpg","keywords":["formation"],"articleSection":["Actualit\u00e9s","\u00c9conomie &amp; March\u00e9s"],"inLanguage":"fr-FR"},{"@type":"WebPage","@id":"https:\/\/batijournal.com\/index.php\/les-centres-de-formation-continue-vont-de-nouveau-accueillir-des-stagiaires\/104196\/","url":"https:\/\/batijournal.com\/index.php\/les-centres-de-formation-continue-vont-de-nouveau-accueillir-des-stagiaires\/104196\/","name":"Les centres de formation continue vont de nouveau accueillir des stagiaires","isPartOf":{"@id":"https:\/\/batijournal.com\/#website"},"primaryImageOfPage":{"@id":"https:\/\/batijournal.com\/index.php\/les-centres-de-formation-continue-vont-de-nouveau-accueillir-des-stagiaires\/104196\/#primaryimage"},"image":{"@id":"https:\/\/batijournal.com\/index.php\/les-centres-de-formation-continue-vont-de-nouveau-accueillir-des-stagiaires\/104196\/#primaryimage"},"thumbnailUrl":"https:\/\/batijournal.com\/wp-content\/uploads\/2015\/05\/99696222.jpg","datePublished":"2020-05-04T09:54:20+00:00","dateModified":"2020-05-04T09:54:22+00:00","author":{"@id":"https:\/\/batijournal.com\/#\/schema\/person\/1dc96ec6957aa1ccb25ebe78bb19f100"},"breadcrumb":{"@id":"https:\/\/batijournal.com\/index.php\/les-centres-de-formation-continue-vont-de-nouveau-accueillir-des-stagiaires\/104196\/#breadcrumb"},"inLanguage":"fr-FR","potentialAction":[{"@type":"ReadAction","target":["https:\/\/batijournal.com\/index.php\/les-centres-de-formation-continue-vont-de-nouveau-accueillir-des-stagiaires\/104196\/"]}]},{"@type":"ImageObject","inLanguage":"fr-FR","@id":"https:\/\/batijournal.com\/index.php\/les-centres-de-formation-continue-vont-de-nouveau-accueillir-des-stagiaires\/104196\/#primaryimage","url":"https:\/\/batijournal.com\/wp-content\/uploads\/2015\/05\/99696222.jpg","contentUrl":"https:\/\/batijournal.com\/wp-content\/uploads\/2015\/05\/99696222.jpg","width":600,"height":400,"caption":"10Kverts-verdissement-des-formations"},{"@type":"BreadcrumbList","@id":"https:\/\/batijournal.com\/index.php\/les-centres-de-formation-continue-vont-de-nouveau-accueillir-des-stagiaires\/104196\/#breadcrumb","itemListElement":[{"@type":"ListItem","position":1,"name":"Accueil","item":"https:\/\/batijournal.com\/"},{"@type":"ListItem","position":2,"name":"Actualit\u00e9s","item":"https:\/\/batijournal.com\/index.php\/category\/actualites\/"},{"@type":"ListItem","position":3,"name":"Les centres de formation continue vont de nouveau accueillir des stagiaires"}]},{"@type":"WebSite","@id":"https:\/\/batijournal.com\/#website","url":"https:\/\/batijournal.com\/","name":"Batijournal","description":"L&#039;actualit\u00e9 du b\u00e2timent","potentialAction":[{"@type":"SearchAction","target":{"@type":"EntryPoint","urlTemplate":"https:\/\/batijournal.com\/?s={search_term_string}"},"query-input":{"@type":"PropertyValueSpecification","valueRequired":true,"valueName":"search_term_string"}}],"inLanguage":"fr-FR"},{"@type":"Person","@id":"https:\/\/batijournal.com\/#\/schema\/person\/1dc96ec6957aa1ccb25ebe78bb19f100","name":"St\u00e9phane Miget","image":{"@type":"ImageObject","inLanguage":"fr-FR","@id":"https:\/\/secure.gravatar.com\/avatar\/89915563d925342126b8ef0281b93d9d7fc337043e8df017f780908eb9644451?s=96&d=mm&r=g","url":"https:\/\/secure.gravatar.com\/avatar\/89915563d925342126b8ef0281b93d9d7fc337043e8df017f780908eb9644451?s=96&d=mm&r=g","contentUrl":"https:\/\/secure.gravatar.com\/avatar\/89915563d925342126b8ef0281b93d9d7fc337043e8df017f780908eb9644451?s=96&d=mm&r=g","caption":"St\u00e9phane Miget"},"url":"https:\/\/batijournal.com\/index.php\/author\/stephane\/"}]}},"_links":{"self":[{"href":"https:\/\/batijournal.com\/index.php\/wp-json\/wp\/v2\/posts\/104196","targetHints":{"allow":["GET"]}}],"collection":[{"href":"https:\/\/batijournal.com\/index.php\/wp-json\/wp\/v2\/posts"}],"about":[{"href":"https:\/\/batijournal.com\/index.php\/wp-json\/wp\/v2\/types\/post"}],"author":[{"embeddable":true,"href":"https:\/\/batijournal.com\/index.php\/wp-json\/wp\/v2\/users\/17"}],"replies":[{"embeddable":true,"href":"https:\/\/batijournal.com\/index.php\/wp-json\/wp\/v2\/comments?post=104196"}],"version-history":[{"count":0,"href":"https:\/\/batijournal.com\/index.php\/wp-json\/wp\/v2\/posts\/104196\/revisions"}],"wp:featuredmedia":[{"embeddable":true,"href":"https:\/\/batijournal.com\/index.php\/wp-json\/wp\/v2\/media\/87184"}],"wp:attachment":[{"href":"https:\/\/batijournal.com\/index.php\/wp-json\/wp\/v2\/media?parent=104196"}],"wp:term":[{"taxonomy":"category","embeddable":true,"href":"https:\/\/batijournal.com\/index.php\/wp-json\/wp\/v2\/categories?post=104196"},{"taxonomy":"post_tag","embeddable":true,"href":"https:\/\/batijournal.com\/index.php\/wp-json\/wp\/v2\/tags?post=104196"}],"curies":[{"name":"wp","href":"https:\/\/api.w.org\/{rel}","templated":true}]}}