{"id":104197,"date":"2020-05-04T12:06:20","date_gmt":"2020-05-04T10:06:20","guid":{"rendered":"https:\/\/batijournal.com\/?p=104197"},"modified":"2020-05-04T12:06:21","modified_gmt":"2020-05-04T10:06:21","slug":"voici-le-protocole-national-de-deconfinement-pour-toutes-les-entreprises","status":"publish","type":"post","link":"https:\/\/batijournal.com\/index.php\/voici-le-protocole-national-de-deconfinement-pour-toutes-les-entreprises\/104197\/","title":{"rendered":"Voici le protocole national de d\u00e9confinement pour toutes les entreprises"},"content":{"rendered":"\n<p>Le minist\u00e8re du Travail a publi\u00e9 un protocole national de d\u00e9confinement pour aider et accompagner les entreprises et les associations, quelles que soient leur taille, leur activit\u00e9 et leur situation g\u00e9ographique, \u00e0 reprendre leur activit\u00e9 tout en assurant la protection de la sant\u00e9 de leurs salari\u00e9s gr\u00e2ce \u00e0 des r\u00e8gles universelles. Ce protocole vient en compl\u00e9ment des 48 guides m\u00e9tiers d\u00e9j\u00e0 disponibles sur le site du minist\u00e8re du Travail et \u00e9labor\u00e9s en partenariat avec les f\u00e9d\u00e9rations professionnelles et les partenaires sociaux. De nouveaux guides sont par \u00e0 venir, \u00e0 la demande des partenaires sociaux, dans les jours qui viennent.<br \/>Le protocole est divis\u00e9 en 7 parties distinctes et apportent des pr\u00e9cisions relatives :<br \/>\u2022 aux recommandations en termes de jauge par espace ouvert ;<br \/>\u2022 \u00e0 la gestion des flux ;<br \/>\u2022 aux \u00e9quipements de protection individuelle ;<br \/>\u2022 aux tests de d\u00e9pistage ;<br \/>\u2022 au protocole de prise en charge d\u2019une personne symptomatique et de ses contacts rapproch\u00e9s ;<br \/>\u2022 \u00e0 la prise de temp\u00e9rature ;<br \/>\u2022 au nettoyage et \u00e0 d\u00e9sinfection des locaux.<\/p>\n\n\n\n<p>Muriel P\u00e9nicaud, ministre du Travail <em>\u00ab Nous devons accompagner toutes les entreprises pour que l\u2019activit\u00e9 reprenne dans des conditions garantissant la sant\u00e9 et la s\u00e9curit\u00e9 des salari\u00e9s. C\u2019est une condition n\u00e9cessaire au retour au travail \u00e0 partir du 11 mai m\u00eame si le t\u00e9l\u00e9travail doit rester la norme pour toutes les activit\u00e9s qui le permettent pour les prochaines semaines \u00bb.<\/em><\/p>\n\n\n\n<p><a href=\"https:\/\/travail-emploi.gouv.fr\/IMG\/pdf\/protocole-national-de-deconfinement.pdf\">https:\/\/travail-emploi.gouv.fr\/IMG\/pdf\/protocole-national-de-deconfinement.pdf<\/a><\/p>\n","protected":false},"excerpt":{"rendered":"<p>Le minist\u00e8re du Travail a publi\u00e9 un protocole national de d\u00e9confinement pour aider et accompagner les entreprises et les associations, quelles que soient leur taille, leur activit\u00e9 et leur situation g\u00e9ographique, \u00e0 reprendre leur activit\u00e9 tout en assurant la protection de la sant\u00e9 de leurs salari\u00e9s gr\u00e2ce \u00e0 des r\u00e8gles universelles. Ce protocole vient en [&hellip;]<\/p>\n","protected":false},"author":17,"featured_media":104199,"comment_status":"closed","ping_status":"closed","sticky":false,"template":"","format":"standard","meta":{"_et_pb_use_builder":"","_et_pb_old_content":"","_et_gb_content_width":"","footnotes":""},"categories":[10530,6345],"tags":[],"class_list":["post-104197","post","type-post","status-publish","format-standard","has-post-thumbnail","hentry","category-actualites","category-economie-marches"],"yoast_head":"<!-- This site is optimized with the Yoast SEO plugin v27.4 - https:\/\/yoast.com\/product\/yoast-seo-wordpress\/ -->\n<title>Voici le protocole national de d\u00e9confinement pour toutes les entreprises<\/title>\n<meta name=\"robots\" content=\"index, follow, max-snippet:-1, max-image-preview:large, max-video-preview:-1\" \/>\n<link rel=\"canonical\" href=\"https:\/\/batijournal.com\/index.php\/voici-le-protocole-national-de-deconfinement-pour-toutes-les-entreprises\/104197\/\" \/>\n<meta property=\"og:locale\" content=\"fr_FR\" \/>\n<meta property=\"og:type\" content=\"article\" \/>\n<meta property=\"og:title\" content=\"Voici le protocole national de d\u00e9confinement pour toutes les entreprises\" \/>\n<meta property=\"og:description\" content=\"Le minist\u00e8re du Travail a publi\u00e9 un protocole national de d\u00e9confinement pour aider et accompagner les entreprises et les associations, quelles que soient leur taille, leur activit\u00e9 et leur situation g\u00e9ographique, \u00e0 reprendre leur activit\u00e9 tout en assurant la protection de la sant\u00e9 de leurs salari\u00e9s gr\u00e2ce \u00e0 des r\u00e8gles universelles. Ce protocole vient en [&hellip;]\" \/>\n<meta property=\"og:url\" content=\"https:\/\/batijournal.com\/index.php\/voici-le-protocole-national-de-deconfinement-pour-toutes-les-entreprises\/104197\/\" \/>\n<meta property=\"og:site_name\" content=\"Batijournal\" \/>\n<meta property=\"article:published_time\" content=\"2020-05-04T10:06:20+00:00\" \/>\n<meta property=\"article:modified_time\" content=\"2020-05-04T10:06:21+00:00\" \/>\n<meta property=\"og:image\" content=\"https:\/\/batijournal.com\/wp-content\/uploads\/2020\/05\/protocole-de-deconfinement.png\" \/>\n\t<meta property=\"og:image:width\" content=\"931\" \/>\n\t<meta property=\"og:image:height\" content=\"511\" \/>\n\t<meta property=\"og:image:type\" content=\"image\/png\" \/>\n<meta name=\"author\" content=\"St\u00e9phane Miget\" \/>\n<meta name=\"twitter:card\" content=\"summary_large_image\" \/>\n<meta name=\"twitter:creator\" content=\"@bati_journal\" \/>\n<meta name=\"twitter:site\" content=\"@bati_journal\" \/>\n<meta name=\"twitter:label1\" content=\"\u00c9crit par\" \/>\n\t<meta name=\"twitter:data1\" content=\"St\u00e9phane Miget\" \/>\n\t<meta name=\"twitter:label2\" content=\"Dur\u00e9e de lecture estim\u00e9e\" \/>\n\t<meta name=\"twitter:data2\" content=\"1 minute\" \/>\n<script type=\"application\/ld+json\" class=\"yoast-schema-graph\">{\"@context\":\"https:\\\/\\\/schema.org\",\"@graph\":[{\"@type\":\"Article\",\"@id\":\"https:\\\/\\\/batijournal.com\\\/index.php\\\/voici-le-protocole-national-de-deconfinement-pour-toutes-les-entreprises\\\/104197\\\/#article\",\"isPartOf\":{\"@id\":\"https:\\\/\\\/batijournal.com\\\/index.php\\\/voici-le-protocole-national-de-deconfinement-pour-toutes-les-entreprises\\\/104197\\\/\"},\"author\":{\"name\":\"St\u00e9phane Miget\",\"@id\":\"https:\\\/\\\/batijournal.com\\\/#\\\/schema\\\/person\\\/1dc96ec6957aa1ccb25ebe78bb19f100\"},\"headline\":\"Voici le protocole national de d\u00e9confinement pour toutes les entreprises\",\"datePublished\":\"2020-05-04T10:06:20+00:00\",\"dateModified\":\"2020-05-04T10:06:21+00:00\",\"mainEntityOfPage\":{\"@id\":\"https:\\\/\\\/batijournal.com\\\/index.php\\\/voici-le-protocole-national-de-deconfinement-pour-toutes-les-entreprises\\\/104197\\\/\"},\"wordCount\":256,\"image\":{\"@id\":\"https:\\\/\\\/batijournal.com\\\/index.php\\\/voici-le-protocole-national-de-deconfinement-pour-toutes-les-entreprises\\\/104197\\\/#primaryimage\"},\"thumbnailUrl\":\"https:\\\/\\\/batijournal.com\\\/wp-content\\\/uploads\\\/2020\\\/05\\\/protocole-de-deconfinement.png\",\"articleSection\":[\"Actualit\u00e9s\",\"\u00c9conomie &amp; March\u00e9s\"],\"inLanguage\":\"fr-FR\"},{\"@type\":\"WebPage\",\"@id\":\"https:\\\/\\\/batijournal.com\\\/index.php\\\/voici-le-protocole-national-de-deconfinement-pour-toutes-les-entreprises\\\/104197\\\/\",\"url\":\"https:\\\/\\\/batijournal.com\\\/index.php\\\/voici-le-protocole-national-de-deconfinement-pour-toutes-les-entreprises\\\/104197\\\/\",\"name\":\"Voici le protocole national de d\u00e9confinement pour toutes les entreprises\",\"isPartOf\":{\"@id\":\"https:\\\/\\\/batijournal.com\\\/#website\"},\"primaryImageOfPage\":{\"@id\":\"https:\\\/\\\/batijournal.com\\\/index.php\\\/voici-le-protocole-national-de-deconfinement-pour-toutes-les-entreprises\\\/104197\\\/#primaryimage\"},\"image\":{\"@id\":\"https:\\\/\\\/batijournal.com\\\/index.php\\\/voici-le-protocole-national-de-deconfinement-pour-toutes-les-entreprises\\\/104197\\\/#primaryimage\"},\"thumbnailUrl\":\"https:\\\/\\\/batijournal.com\\\/wp-content\\\/uploads\\\/2020\\\/05\\\/protocole-de-deconfinement.png\",\"datePublished\":\"2020-05-04T10:06:20+00:00\",\"dateModified\":\"2020-05-04T10:06:21+00:00\",\"author\":{\"@id\":\"https:\\\/\\\/batijournal.com\\\/#\\\/schema\\\/person\\\/1dc96ec6957aa1ccb25ebe78bb19f100\"},\"breadcrumb\":{\"@id\":\"https:\\\/\\\/batijournal.com\\\/index.php\\\/voici-le-protocole-national-de-deconfinement-pour-toutes-les-entreprises\\\/104197\\\/#breadcrumb\"},\"inLanguage\":\"fr-FR\",\"potentialAction\":[{\"@type\":\"ReadAction\",\"target\":[\"https:\\\/\\\/batijournal.com\\\/index.php\\\/voici-le-protocole-national-de-deconfinement-pour-toutes-les-entreprises\\\/104197\\\/\"]}]},{\"@type\":\"ImageObject\",\"inLanguage\":\"fr-FR\",\"@id\":\"https:\\\/\\\/batijournal.com\\\/index.php\\\/voici-le-protocole-national-de-deconfinement-pour-toutes-les-entreprises\\\/104197\\\/#primaryimage\",\"url\":\"https:\\\/\\\/batijournal.com\\\/wp-content\\\/uploads\\\/2020\\\/05\\\/protocole-de-deconfinement.png\",\"contentUrl\":\"https:\\\/\\\/batijournal.com\\\/wp-content\\\/uploads\\\/2020\\\/05\\\/protocole-de-deconfinement.png\",\"width\":931,\"height\":511},{\"@type\":\"BreadcrumbList\",\"@id\":\"https:\\\/\\\/batijournal.com\\\/index.php\\\/voici-le-protocole-national-de-deconfinement-pour-toutes-les-entreprises\\\/104197\\\/#breadcrumb\",\"itemListElement\":[{\"@type\":\"ListItem\",\"position\":1,\"name\":\"Accueil\",\"item\":\"https:\\\/\\\/batijournal.com\\\/\"},{\"@type\":\"ListItem\",\"position\":2,\"name\":\"Actualit\u00e9s\",\"item\":\"https:\\\/\\\/batijournal.com\\\/index.php\\\/category\\\/actualites\\\/\"},{\"@type\":\"ListItem\",\"position\":3,\"name\":\"Voici le protocole national de d\u00e9confinement pour toutes les entreprises\"}]},{\"@type\":\"WebSite\",\"@id\":\"https:\\\/\\\/batijournal.com\\\/#website\",\"url\":\"https:\\\/\\\/batijournal.com\\\/\",\"name\":\"Batijournal\",\"description\":\"L&#039;actualit\u00e9 du b\u00e2timent\",\"potentialAction\":[{\"@type\":\"SearchAction\",\"target\":{\"@type\":\"EntryPoint\",\"urlTemplate\":\"https:\\\/\\\/batijournal.com\\\/?s={search_term_string}\"},\"query-input\":{\"@type\":\"PropertyValueSpecification\",\"valueRequired\":true,\"valueName\":\"search_term_string\"}}],\"inLanguage\":\"fr-FR\"},{\"@type\":\"Person\",\"@id\":\"https:\\\/\\\/batijournal.com\\\/#\\\/schema\\\/person\\\/1dc96ec6957aa1ccb25ebe78bb19f100\",\"name\":\"St\u00e9phane Miget\",\"image\":{\"@type\":\"ImageObject\",\"inLanguage\":\"fr-FR\",\"@id\":\"https:\\\/\\\/secure.gravatar.com\\\/avatar\\\/89915563d925342126b8ef0281b93d9d7fc337043e8df017f780908eb9644451?s=96&d=mm&r=g\",\"url\":\"https:\\\/\\\/secure.gravatar.com\\\/avatar\\\/89915563d925342126b8ef0281b93d9d7fc337043e8df017f780908eb9644451?s=96&d=mm&r=g\",\"contentUrl\":\"https:\\\/\\\/secure.gravatar.com\\\/avatar\\\/89915563d925342126b8ef0281b93d9d7fc337043e8df017f780908eb9644451?s=96&d=mm&r=g\",\"caption\":\"St\u00e9phane Miget\"},\"url\":\"https:\\\/\\\/batijournal.com\\\/index.php\\\/author\\\/stephane\\\/\"}]}<\/script>\n<!-- \/ Yoast SEO plugin. -->","yoast_head_json":{"title":"Voici le protocole national de d\u00e9confinement pour toutes les entreprises","robots":{"index":"index","follow":"follow","max-snippet":"max-snippet:-1","max-image-preview":"max-image-preview:large","max-video-preview":"max-video-preview:-1"},"canonical":"https:\/\/batijournal.com\/index.php\/voici-le-protocole-national-de-deconfinement-pour-toutes-les-entreprises\/104197\/","og_locale":"fr_FR","og_type":"article","og_title":"Voici le protocole national de d\u00e9confinement pour toutes les entreprises","og_description":"Le minist\u00e8re du Travail a publi\u00e9 un protocole national de d\u00e9confinement pour aider et accompagner les entreprises et les associations, quelles que soient leur taille, leur activit\u00e9 et leur situation g\u00e9ographique, \u00e0 reprendre leur activit\u00e9 tout en assurant la protection de la sant\u00e9 de leurs salari\u00e9s gr\u00e2ce \u00e0 des r\u00e8gles universelles. Ce protocole vient en [&hellip;]","og_url":"https:\/\/batijournal.com\/index.php\/voici-le-protocole-national-de-deconfinement-pour-toutes-les-entreprises\/104197\/","og_site_name":"Batijournal","article_published_time":"2020-05-04T10:06:20+00:00","article_modified_time":"2020-05-04T10:06:21+00:00","og_image":[{"width":931,"height":511,"url":"https:\/\/batijournal.com\/wp-content\/uploads\/2020\/05\/protocole-de-deconfinement.png","type":"image\/png"}],"author":"St\u00e9phane Miget","twitter_card":"summary_large_image","twitter_creator":"@bati_journal","twitter_site":"@bati_journal","twitter_misc":{"\u00c9crit par":"St\u00e9phane Miget","Dur\u00e9e de lecture estim\u00e9e":"1 minute"},"schema":{"@context":"https:\/\/schema.org","@graph":[{"@type":"Article","@id":"https:\/\/batijournal.com\/index.php\/voici-le-protocole-national-de-deconfinement-pour-toutes-les-entreprises\/104197\/#article","isPartOf":{"@id":"https:\/\/batijournal.com\/index.php\/voici-le-protocole-national-de-deconfinement-pour-toutes-les-entreprises\/104197\/"},"author":{"name":"St\u00e9phane Miget","@id":"https:\/\/batijournal.com\/#\/schema\/person\/1dc96ec6957aa1ccb25ebe78bb19f100"},"headline":"Voici le protocole national de d\u00e9confinement pour toutes les entreprises","datePublished":"2020-05-04T10:06:20+00:00","dateModified":"2020-05-04T10:06:21+00:00","mainEntityOfPage":{"@id":"https:\/\/batijournal.com\/index.php\/voici-le-protocole-national-de-deconfinement-pour-toutes-les-entreprises\/104197\/"},"wordCount":256,"image":{"@id":"https:\/\/batijournal.com\/index.php\/voici-le-protocole-national-de-deconfinement-pour-toutes-les-entreprises\/104197\/#primaryimage"},"thumbnailUrl":"https:\/\/batijournal.com\/wp-content\/uploads\/2020\/05\/protocole-de-deconfinement.png","articleSection":["Actualit\u00e9s","\u00c9conomie &amp; March\u00e9s"],"inLanguage":"fr-FR"},{"@type":"WebPage","@id":"https:\/\/batijournal.com\/index.php\/voici-le-protocole-national-de-deconfinement-pour-toutes-les-entreprises\/104197\/","url":"https:\/\/batijournal.com\/index.php\/voici-le-protocole-national-de-deconfinement-pour-toutes-les-entreprises\/104197\/","name":"Voici le protocole national de d\u00e9confinement pour toutes les entreprises","isPartOf":{"@id":"https:\/\/batijournal.com\/#website"},"primaryImageOfPage":{"@id":"https:\/\/batijournal.com\/index.php\/voici-le-protocole-national-de-deconfinement-pour-toutes-les-entreprises\/104197\/#primaryimage"},"image":{"@id":"https:\/\/batijournal.com\/index.php\/voici-le-protocole-national-de-deconfinement-pour-toutes-les-entreprises\/104197\/#primaryimage"},"thumbnailUrl":"https:\/\/batijournal.com\/wp-content\/uploads\/2020\/05\/protocole-de-deconfinement.png","datePublished":"2020-05-04T10:06:20+00:00","dateModified":"2020-05-04T10:06:21+00:00","author":{"@id":"https:\/\/batijournal.com\/#\/schema\/person\/1dc96ec6957aa1ccb25ebe78bb19f100"},"breadcrumb":{"@id":"https:\/\/batijournal.com\/index.php\/voici-le-protocole-national-de-deconfinement-pour-toutes-les-entreprises\/104197\/#breadcrumb"},"inLanguage":"fr-FR","potentialAction":[{"@type":"ReadAction","target":["https:\/\/batijournal.com\/index.php\/voici-le-protocole-national-de-deconfinement-pour-toutes-les-entreprises\/104197\/"]}]},{"@type":"ImageObject","inLanguage":"fr-FR","@id":"https:\/\/batijournal.com\/index.php\/voici-le-protocole-national-de-deconfinement-pour-toutes-les-entreprises\/104197\/#primaryimage","url":"https:\/\/batijournal.com\/wp-content\/uploads\/2020\/05\/protocole-de-deconfinement.png","contentUrl":"https:\/\/batijournal.com\/wp-content\/uploads\/2020\/05\/protocole-de-deconfinement.png","width":931,"height":511},{"@type":"BreadcrumbList","@id":"https:\/\/batijournal.com\/index.php\/voici-le-protocole-national-de-deconfinement-pour-toutes-les-entreprises\/104197\/#breadcrumb","itemListElement":[{"@type":"ListItem","position":1,"name":"Accueil","item":"https:\/\/batijournal.com\/"},{"@type":"ListItem","position":2,"name":"Actualit\u00e9s","item":"https:\/\/batijournal.com\/index.php\/category\/actualites\/"},{"@type":"ListItem","position":3,"name":"Voici le protocole national de d\u00e9confinement pour toutes les entreprises"}]},{"@type":"WebSite","@id":"https:\/\/batijournal.com\/#website","url":"https:\/\/batijournal.com\/","name":"Batijournal","description":"L&#039;actualit\u00e9 du b\u00e2timent","potentialAction":[{"@type":"SearchAction","target":{"@type":"EntryPoint","urlTemplate":"https:\/\/batijournal.com\/?s={search_term_string}"},"query-input":{"@type":"PropertyValueSpecification","valueRequired":true,"valueName":"search_term_string"}}],"inLanguage":"fr-FR"},{"@type":"Person","@id":"https:\/\/batijournal.com\/#\/schema\/person\/1dc96ec6957aa1ccb25ebe78bb19f100","name":"St\u00e9phane Miget","image":{"@type":"ImageObject","inLanguage":"fr-FR","@id":"https:\/\/secure.gravatar.com\/avatar\/89915563d925342126b8ef0281b93d9d7fc337043e8df017f780908eb9644451?s=96&d=mm&r=g","url":"https:\/\/secure.gravatar.com\/avatar\/89915563d925342126b8ef0281b93d9d7fc337043e8df017f780908eb9644451?s=96&d=mm&r=g","contentUrl":"https:\/\/secure.gravatar.com\/avatar\/89915563d925342126b8ef0281b93d9d7fc337043e8df017f780908eb9644451?s=96&d=mm&r=g","caption":"St\u00e9phane Miget"},"url":"https:\/\/batijournal.com\/index.php\/author\/stephane\/"}]}},"_links":{"self":[{"href":"https:\/\/batijournal.com\/index.php\/wp-json\/wp\/v2\/posts\/104197","targetHints":{"allow":["GET"]}}],"collection":[{"href":"https:\/\/batijournal.com\/index.php\/wp-json\/wp\/v2\/posts"}],"about":[{"href":"https:\/\/batijournal.com\/index.php\/wp-json\/wp\/v2\/types\/post"}],"author":[{"embeddable":true,"href":"https:\/\/batijournal.com\/index.php\/wp-json\/wp\/v2\/users\/17"}],"replies":[{"embeddable":true,"href":"https:\/\/batijournal.com\/index.php\/wp-json\/wp\/v2\/comments?post=104197"}],"version-history":[{"count":0,"href":"https:\/\/batijournal.com\/index.php\/wp-json\/wp\/v2\/posts\/104197\/revisions"}],"wp:featuredmedia":[{"embeddable":true,"href":"https:\/\/batijournal.com\/index.php\/wp-json\/wp\/v2\/media\/104199"}],"wp:attachment":[{"href":"https:\/\/batijournal.com\/index.php\/wp-json\/wp\/v2\/media?parent=104197"}],"wp:term":[{"taxonomy":"category","embeddable":true,"href":"https:\/\/batijournal.com\/index.php\/wp-json\/wp\/v2\/categories?post=104197"},{"taxonomy":"post_tag","embeddable":true,"href":"https:\/\/batijournal.com\/index.php\/wp-json\/wp\/v2\/tags?post=104197"}],"curies":[{"name":"wp","href":"https:\/\/api.w.org\/{rel}","templated":true}]}}