{"id":104202,"date":"2020-05-05T06:12:01","date_gmt":"2020-05-05T04:12:01","guid":{"rendered":"https:\/\/batijournal.com\/?p=104202"},"modified":"2020-05-05T06:12:03","modified_gmt":"2020-05-05T04:12:03","slug":"imaginons-ensemble-les-batiments-de-demain","status":"publish","type":"post","link":"https:\/\/batijournal.com\/index.php\/imaginons-ensemble-les-batiments-de-demain\/104202\/","title":{"rendered":"Imaginons ensemble les b\u00e2timents de demain"},"content":{"rendered":"\n<p>L\u2019ADEME et le CSTB ont lanc\u00e9, au d\u00e9but de l&rsquo;ann\u00e9e, la d\u00e9marche de prospective collective \u00ab Imaginons ensemble les b\u00e2timents de demain \u00bb. Dans une p\u00e9riode de grandes mutations \u2013 changement climatique, d\u00e9veloppement du num\u00e9rique, \u00e9volution des modes de vie et du travail, vieillissement de la population, mutations des territoires, etc. \u2013, l\u2019adaptation du parc de b\u00e2timents au contexte et aux besoins de demain est un d\u00e9fi important pour les acteurs de la construction et de la r\u00e9novation, pour les acteurs de l\u2019immobilier, comme pour l\u2019ensemble des usagers. Un comit\u00e9 de prospective constitu\u00e9 d\u2019une quinzaine de personnes au profil tr\u00e8s vari\u00e9, s\u2019est r\u00e9uni tout au long du premier trimestre pour identifier, dans le cadre d\u2019une premi\u00e8re \u00e9tape, les facteurs cl\u00e9s qui influenceront l\u2019\u00e9volution du patrimoine immobilier. Une seconde \u00e9tape permettra de d\u00e9terminer comment chacun de ces facteurs peut influencer les futurs possibles et une troisi\u00e8me \u00e9tape consistera \u00e0 \u00e9laborer diff\u00e9rents sc\u00e9narios globaux d\u2019\u00e9volution. Le rapport de pr\u00e9sentation des facteurs cl\u00e9s identifi\u00e9s est mis \u00e0 la disposition des acteurs de la fili\u00e8re, qui sont invit\u00e9s \u00e0 le commenter en r\u00e9pondant \u00e0 l\u2019enqu\u00eate en ligne, ouverte jusqu\u2019au 24 mai.<\/p>\n\n\n\n<p><a href=\"https:\/\/www.cstb.fr\/assets\/medias\/2020\/04\/imaginons-ensemble-les-batiments-de-demain-2020-04.pdf\">https:\/\/www.cstb.fr\/assets\/medias\/2020\/04\/imaginons-ensemble-les-batiments-de-demain-2020-04.pdf<\/a><\/p>\n","protected":false},"excerpt":{"rendered":"<p>L\u2019ADEME et le CSTB ont lanc\u00e9, au d\u00e9but de l&rsquo;ann\u00e9e, la d\u00e9marche de prospective collective \u00ab Imaginons ensemble les b\u00e2timents de demain \u00bb. Dans une p\u00e9riode de grandes mutations \u2013 changement climatique, d\u00e9veloppement du num\u00e9rique, \u00e9volution des modes de vie et du travail, vieillissement de la population, mutations des territoires, etc. \u2013, l\u2019adaptation du parc [&hellip;]<\/p>\n","protected":false},"author":17,"featured_media":104203,"comment_status":"closed","ping_status":"closed","sticky":false,"template":"","format":"standard","meta":{"_et_pb_use_builder":"","_et_pb_old_content":"","_et_gb_content_width":"","footnotes":""},"categories":[10530,6340,6345,10781,10778],"tags":[734],"class_list":["post-104202","post","type-post","status-publish","format-standard","has-post-thumbnail","hentry","category-actualites","category-architecture-conception","category-economie-marches","category-publications-planete","category-planete","tag-cstb"],"yoast_head":"<!-- This site is optimized with the Yoast SEO plugin v27.4 - https:\/\/yoast.com\/product\/yoast-seo-wordpress\/ -->\n<title>Imaginons ensemble les b\u00e2timents de demain<\/title>\n<meta name=\"robots\" content=\"index, follow, max-snippet:-1, max-image-preview:large, max-video-preview:-1\" \/>\n<link rel=\"canonical\" href=\"https:\/\/batijournal.com\/index.php\/imaginons-ensemble-les-batiments-de-demain\/104202\/\" \/>\n<meta property=\"og:locale\" content=\"fr_FR\" \/>\n<meta property=\"og:type\" content=\"article\" \/>\n<meta property=\"og:title\" content=\"Imaginons ensemble les b\u00e2timents de demain\" \/>\n<meta property=\"og:description\" content=\"L\u2019ADEME et le CSTB ont lanc\u00e9, au d\u00e9but de l&rsquo;ann\u00e9e, la d\u00e9marche de prospective collective \u00ab Imaginons ensemble les b\u00e2timents de demain \u00bb. Dans une p\u00e9riode de grandes mutations \u2013 changement climatique, d\u00e9veloppement du num\u00e9rique, \u00e9volution des modes de vie et du travail, vieillissement de la population, mutations des territoires, etc. \u2013, l\u2019adaptation du parc [&hellip;]\" \/>\n<meta property=\"og:url\" content=\"https:\/\/batijournal.com\/index.php\/imaginons-ensemble-les-batiments-de-demain\/104202\/\" \/>\n<meta property=\"og:site_name\" content=\"Batijournal\" \/>\n<meta property=\"article:published_time\" content=\"2020-05-05T04:12:01+00:00\" \/>\n<meta property=\"article:modified_time\" content=\"2020-05-05T04:12:03+00:00\" \/>\n<meta property=\"og:image\" content=\"https:\/\/batijournal.com\/wp-content\/uploads\/2020\/05\/imaginons-batiment-de-demain.png\" \/>\n\t<meta property=\"og:image:width\" content=\"688\" \/>\n\t<meta property=\"og:image:height\" content=\"538\" \/>\n\t<meta property=\"og:image:type\" content=\"image\/png\" \/>\n<meta name=\"author\" content=\"St\u00e9phane Miget\" \/>\n<meta name=\"twitter:card\" content=\"summary_large_image\" \/>\n<meta name=\"twitter:creator\" content=\"@bati_journal\" \/>\n<meta name=\"twitter:site\" content=\"@bati_journal\" \/>\n<meta name=\"twitter:label1\" content=\"\u00c9crit par\" \/>\n\t<meta name=\"twitter:data1\" content=\"St\u00e9phane Miget\" \/>\n\t<meta name=\"twitter:label2\" content=\"Dur\u00e9e de lecture estim\u00e9e\" \/>\n\t<meta name=\"twitter:data2\" content=\"1 minute\" \/>\n<script type=\"application\/ld+json\" class=\"yoast-schema-graph\">{\"@context\":\"https:\\\/\\\/schema.org\",\"@graph\":[{\"@type\":\"Article\",\"@id\":\"https:\\\/\\\/batijournal.com\\\/index.php\\\/imaginons-ensemble-les-batiments-de-demain\\\/104202\\\/#article\",\"isPartOf\":{\"@id\":\"https:\\\/\\\/batijournal.com\\\/index.php\\\/imaginons-ensemble-les-batiments-de-demain\\\/104202\\\/\"},\"author\":{\"name\":\"St\u00e9phane Miget\",\"@id\":\"https:\\\/\\\/batijournal.com\\\/#\\\/schema\\\/person\\\/1dc96ec6957aa1ccb25ebe78bb19f100\"},\"headline\":\"Imaginons ensemble les b\u00e2timents de demain\",\"datePublished\":\"2020-05-05T04:12:01+00:00\",\"dateModified\":\"2020-05-05T04:12:03+00:00\",\"mainEntityOfPage\":{\"@id\":\"https:\\\/\\\/batijournal.com\\\/index.php\\\/imaginons-ensemble-les-batiments-de-demain\\\/104202\\\/\"},\"wordCount\":231,\"image\":{\"@id\":\"https:\\\/\\\/batijournal.com\\\/index.php\\\/imaginons-ensemble-les-batiments-de-demain\\\/104202\\\/#primaryimage\"},\"thumbnailUrl\":\"https:\\\/\\\/batijournal.com\\\/wp-content\\\/uploads\\\/2020\\\/05\\\/imaginons-batiment-de-demain.png\",\"keywords\":[\"CSTB\"],\"articleSection\":[\"Actualit\u00e9s\",\"Architecture &amp; Conception\",\"\u00c9conomie &amp; March\u00e9s\",\"zz_Actualit\u00e9s - Plan\u00e8te\",\"zz_Plan\u00e8te B\u00e2timent\"],\"inLanguage\":\"fr-FR\"},{\"@type\":\"WebPage\",\"@id\":\"https:\\\/\\\/batijournal.com\\\/index.php\\\/imaginons-ensemble-les-batiments-de-demain\\\/104202\\\/\",\"url\":\"https:\\\/\\\/batijournal.com\\\/index.php\\\/imaginons-ensemble-les-batiments-de-demain\\\/104202\\\/\",\"name\":\"Imaginons ensemble les b\u00e2timents de demain\",\"isPartOf\":{\"@id\":\"https:\\\/\\\/batijournal.com\\\/#website\"},\"primaryImageOfPage\":{\"@id\":\"https:\\\/\\\/batijournal.com\\\/index.php\\\/imaginons-ensemble-les-batiments-de-demain\\\/104202\\\/#primaryimage\"},\"image\":{\"@id\":\"https:\\\/\\\/batijournal.com\\\/index.php\\\/imaginons-ensemble-les-batiments-de-demain\\\/104202\\\/#primaryimage\"},\"thumbnailUrl\":\"https:\\\/\\\/batijournal.com\\\/wp-content\\\/uploads\\\/2020\\\/05\\\/imaginons-batiment-de-demain.png\",\"datePublished\":\"2020-05-05T04:12:01+00:00\",\"dateModified\":\"2020-05-05T04:12:03+00:00\",\"author\":{\"@id\":\"https:\\\/\\\/batijournal.com\\\/#\\\/schema\\\/person\\\/1dc96ec6957aa1ccb25ebe78bb19f100\"},\"breadcrumb\":{\"@id\":\"https:\\\/\\\/batijournal.com\\\/index.php\\\/imaginons-ensemble-les-batiments-de-demain\\\/104202\\\/#breadcrumb\"},\"inLanguage\":\"fr-FR\",\"potentialAction\":[{\"@type\":\"ReadAction\",\"target\":[\"https:\\\/\\\/batijournal.com\\\/index.php\\\/imaginons-ensemble-les-batiments-de-demain\\\/104202\\\/\"]}]},{\"@type\":\"ImageObject\",\"inLanguage\":\"fr-FR\",\"@id\":\"https:\\\/\\\/batijournal.com\\\/index.php\\\/imaginons-ensemble-les-batiments-de-demain\\\/104202\\\/#primaryimage\",\"url\":\"https:\\\/\\\/batijournal.com\\\/wp-content\\\/uploads\\\/2020\\\/05\\\/imaginons-batiment-de-demain.png\",\"contentUrl\":\"https:\\\/\\\/batijournal.com\\\/wp-content\\\/uploads\\\/2020\\\/05\\\/imaginons-batiment-de-demain.png\",\"width\":688,\"height\":538},{\"@type\":\"BreadcrumbList\",\"@id\":\"https:\\\/\\\/batijournal.com\\\/index.php\\\/imaginons-ensemble-les-batiments-de-demain\\\/104202\\\/#breadcrumb\",\"itemListElement\":[{\"@type\":\"ListItem\",\"position\":1,\"name\":\"Accueil\",\"item\":\"https:\\\/\\\/batijournal.com\\\/\"},{\"@type\":\"ListItem\",\"position\":2,\"name\":\"Actualit\u00e9s\",\"item\":\"https:\\\/\\\/batijournal.com\\\/index.php\\\/category\\\/actualites\\\/\"},{\"@type\":\"ListItem\",\"position\":3,\"name\":\"Imaginons ensemble les b\u00e2timents de demain\"}]},{\"@type\":\"WebSite\",\"@id\":\"https:\\\/\\\/batijournal.com\\\/#website\",\"url\":\"https:\\\/\\\/batijournal.com\\\/\",\"name\":\"Batijournal\",\"description\":\"L&#039;actualit\u00e9 du b\u00e2timent\",\"potentialAction\":[{\"@type\":\"SearchAction\",\"target\":{\"@type\":\"EntryPoint\",\"urlTemplate\":\"https:\\\/\\\/batijournal.com\\\/?s={search_term_string}\"},\"query-input\":{\"@type\":\"PropertyValueSpecification\",\"valueRequired\":true,\"valueName\":\"search_term_string\"}}],\"inLanguage\":\"fr-FR\"},{\"@type\":\"Person\",\"@id\":\"https:\\\/\\\/batijournal.com\\\/#\\\/schema\\\/person\\\/1dc96ec6957aa1ccb25ebe78bb19f100\",\"name\":\"St\u00e9phane Miget\",\"image\":{\"@type\":\"ImageObject\",\"inLanguage\":\"fr-FR\",\"@id\":\"https:\\\/\\\/secure.gravatar.com\\\/avatar\\\/89915563d925342126b8ef0281b93d9d7fc337043e8df017f780908eb9644451?s=96&d=mm&r=g\",\"url\":\"https:\\\/\\\/secure.gravatar.com\\\/avatar\\\/89915563d925342126b8ef0281b93d9d7fc337043e8df017f780908eb9644451?s=96&d=mm&r=g\",\"contentUrl\":\"https:\\\/\\\/secure.gravatar.com\\\/avatar\\\/89915563d925342126b8ef0281b93d9d7fc337043e8df017f780908eb9644451?s=96&d=mm&r=g\",\"caption\":\"St\u00e9phane Miget\"},\"url\":\"https:\\\/\\\/batijournal.com\\\/index.php\\\/author\\\/stephane\\\/\"}]}<\/script>\n<!-- \/ Yoast SEO plugin. -->","yoast_head_json":{"title":"Imaginons ensemble les b\u00e2timents de demain","robots":{"index":"index","follow":"follow","max-snippet":"max-snippet:-1","max-image-preview":"max-image-preview:large","max-video-preview":"max-video-preview:-1"},"canonical":"https:\/\/batijournal.com\/index.php\/imaginons-ensemble-les-batiments-de-demain\/104202\/","og_locale":"fr_FR","og_type":"article","og_title":"Imaginons ensemble les b\u00e2timents de demain","og_description":"L\u2019ADEME et le CSTB ont lanc\u00e9, au d\u00e9but de l&rsquo;ann\u00e9e, la d\u00e9marche de prospective collective \u00ab Imaginons ensemble les b\u00e2timents de demain \u00bb. Dans une p\u00e9riode de grandes mutations \u2013 changement climatique, d\u00e9veloppement du num\u00e9rique, \u00e9volution des modes de vie et du travail, vieillissement de la population, mutations des territoires, etc. \u2013, l\u2019adaptation du parc [&hellip;]","og_url":"https:\/\/batijournal.com\/index.php\/imaginons-ensemble-les-batiments-de-demain\/104202\/","og_site_name":"Batijournal","article_published_time":"2020-05-05T04:12:01+00:00","article_modified_time":"2020-05-05T04:12:03+00:00","og_image":[{"width":688,"height":538,"url":"https:\/\/batijournal.com\/wp-content\/uploads\/2020\/05\/imaginons-batiment-de-demain.png","type":"image\/png"}],"author":"St\u00e9phane Miget","twitter_card":"summary_large_image","twitter_creator":"@bati_journal","twitter_site":"@bati_journal","twitter_misc":{"\u00c9crit par":"St\u00e9phane Miget","Dur\u00e9e de lecture estim\u00e9e":"1 minute"},"schema":{"@context":"https:\/\/schema.org","@graph":[{"@type":"Article","@id":"https:\/\/batijournal.com\/index.php\/imaginons-ensemble-les-batiments-de-demain\/104202\/#article","isPartOf":{"@id":"https:\/\/batijournal.com\/index.php\/imaginons-ensemble-les-batiments-de-demain\/104202\/"},"author":{"name":"St\u00e9phane Miget","@id":"https:\/\/batijournal.com\/#\/schema\/person\/1dc96ec6957aa1ccb25ebe78bb19f100"},"headline":"Imaginons ensemble les b\u00e2timents de demain","datePublished":"2020-05-05T04:12:01+00:00","dateModified":"2020-05-05T04:12:03+00:00","mainEntityOfPage":{"@id":"https:\/\/batijournal.com\/index.php\/imaginons-ensemble-les-batiments-de-demain\/104202\/"},"wordCount":231,"image":{"@id":"https:\/\/batijournal.com\/index.php\/imaginons-ensemble-les-batiments-de-demain\/104202\/#primaryimage"},"thumbnailUrl":"https:\/\/batijournal.com\/wp-content\/uploads\/2020\/05\/imaginons-batiment-de-demain.png","keywords":["CSTB"],"articleSection":["Actualit\u00e9s","Architecture &amp; Conception","\u00c9conomie &amp; March\u00e9s","zz_Actualit\u00e9s - Plan\u00e8te","zz_Plan\u00e8te B\u00e2timent"],"inLanguage":"fr-FR"},{"@type":"WebPage","@id":"https:\/\/batijournal.com\/index.php\/imaginons-ensemble-les-batiments-de-demain\/104202\/","url":"https:\/\/batijournal.com\/index.php\/imaginons-ensemble-les-batiments-de-demain\/104202\/","name":"Imaginons ensemble les b\u00e2timents de demain","isPartOf":{"@id":"https:\/\/batijournal.com\/#website"},"primaryImageOfPage":{"@id":"https:\/\/batijournal.com\/index.php\/imaginons-ensemble-les-batiments-de-demain\/104202\/#primaryimage"},"image":{"@id":"https:\/\/batijournal.com\/index.php\/imaginons-ensemble-les-batiments-de-demain\/104202\/#primaryimage"},"thumbnailUrl":"https:\/\/batijournal.com\/wp-content\/uploads\/2020\/05\/imaginons-batiment-de-demain.png","datePublished":"2020-05-05T04:12:01+00:00","dateModified":"2020-05-05T04:12:03+00:00","author":{"@id":"https:\/\/batijournal.com\/#\/schema\/person\/1dc96ec6957aa1ccb25ebe78bb19f100"},"breadcrumb":{"@id":"https:\/\/batijournal.com\/index.php\/imaginons-ensemble-les-batiments-de-demain\/104202\/#breadcrumb"},"inLanguage":"fr-FR","potentialAction":[{"@type":"ReadAction","target":["https:\/\/batijournal.com\/index.php\/imaginons-ensemble-les-batiments-de-demain\/104202\/"]}]},{"@type":"ImageObject","inLanguage":"fr-FR","@id":"https:\/\/batijournal.com\/index.php\/imaginons-ensemble-les-batiments-de-demain\/104202\/#primaryimage","url":"https:\/\/batijournal.com\/wp-content\/uploads\/2020\/05\/imaginons-batiment-de-demain.png","contentUrl":"https:\/\/batijournal.com\/wp-content\/uploads\/2020\/05\/imaginons-batiment-de-demain.png","width":688,"height":538},{"@type":"BreadcrumbList","@id":"https:\/\/batijournal.com\/index.php\/imaginons-ensemble-les-batiments-de-demain\/104202\/#breadcrumb","itemListElement":[{"@type":"ListItem","position":1,"name":"Accueil","item":"https:\/\/batijournal.com\/"},{"@type":"ListItem","position":2,"name":"Actualit\u00e9s","item":"https:\/\/batijournal.com\/index.php\/category\/actualites\/"},{"@type":"ListItem","position":3,"name":"Imaginons ensemble les b\u00e2timents de demain"}]},{"@type":"WebSite","@id":"https:\/\/batijournal.com\/#website","url":"https:\/\/batijournal.com\/","name":"Batijournal","description":"L&#039;actualit\u00e9 du b\u00e2timent","potentialAction":[{"@type":"SearchAction","target":{"@type":"EntryPoint","urlTemplate":"https:\/\/batijournal.com\/?s={search_term_string}"},"query-input":{"@type":"PropertyValueSpecification","valueRequired":true,"valueName":"search_term_string"}}],"inLanguage":"fr-FR"},{"@type":"Person","@id":"https:\/\/batijournal.com\/#\/schema\/person\/1dc96ec6957aa1ccb25ebe78bb19f100","name":"St\u00e9phane Miget","image":{"@type":"ImageObject","inLanguage":"fr-FR","@id":"https:\/\/secure.gravatar.com\/avatar\/89915563d925342126b8ef0281b93d9d7fc337043e8df017f780908eb9644451?s=96&d=mm&r=g","url":"https:\/\/secure.gravatar.com\/avatar\/89915563d925342126b8ef0281b93d9d7fc337043e8df017f780908eb9644451?s=96&d=mm&r=g","contentUrl":"https:\/\/secure.gravatar.com\/avatar\/89915563d925342126b8ef0281b93d9d7fc337043e8df017f780908eb9644451?s=96&d=mm&r=g","caption":"St\u00e9phane Miget"},"url":"https:\/\/batijournal.com\/index.php\/author\/stephane\/"}]}},"_links":{"self":[{"href":"https:\/\/batijournal.com\/index.php\/wp-json\/wp\/v2\/posts\/104202","targetHints":{"allow":["GET"]}}],"collection":[{"href":"https:\/\/batijournal.com\/index.php\/wp-json\/wp\/v2\/posts"}],"about":[{"href":"https:\/\/batijournal.com\/index.php\/wp-json\/wp\/v2\/types\/post"}],"author":[{"embeddable":true,"href":"https:\/\/batijournal.com\/index.php\/wp-json\/wp\/v2\/users\/17"}],"replies":[{"embeddable":true,"href":"https:\/\/batijournal.com\/index.php\/wp-json\/wp\/v2\/comments?post=104202"}],"version-history":[{"count":0,"href":"https:\/\/batijournal.com\/index.php\/wp-json\/wp\/v2\/posts\/104202\/revisions"}],"wp:featuredmedia":[{"embeddable":true,"href":"https:\/\/batijournal.com\/index.php\/wp-json\/wp\/v2\/media\/104203"}],"wp:attachment":[{"href":"https:\/\/batijournal.com\/index.php\/wp-json\/wp\/v2\/media?parent=104202"}],"wp:term":[{"taxonomy":"category","embeddable":true,"href":"https:\/\/batijournal.com\/index.php\/wp-json\/wp\/v2\/categories?post=104202"},{"taxonomy":"post_tag","embeddable":true,"href":"https:\/\/batijournal.com\/index.php\/wp-json\/wp\/v2\/tags?post=104202"}],"curies":[{"name":"wp","href":"https:\/\/api.w.org\/{rel}","templated":true}]}}