{"id":104206,"date":"2020-05-06T06:02:46","date_gmt":"2020-05-06T04:02:46","guid":{"rendered":"https:\/\/batijournal.com\/?p=104206"},"modified":"2020-05-06T06:02:48","modified_gmt":"2020-05-06T04:02:48","slug":"une-plateforme-de-mise-en-relation-avec-les-travailleurs-independants","status":"publish","type":"post","link":"https:\/\/batijournal.com\/index.php\/une-plateforme-de-mise-en-relation-avec-les-travailleurs-independants\/104206\/","title":{"rendered":"Une plateforme de mise en relation avec les travailleurs ind\u00e9pendants"},"content":{"rendered":"\n<p>Un groupe d&rsquo;entrepreneurs n\u00e9erlandais et belges a cr\u00e9\u00e9 la plateforme RedFix qui permet de mettre rapidement en relation les travailleurs ind\u00e9pendants, les entrepreneurs ind\u00e9pendants et les employeurs en Europe. De cette mani\u00e8re, ils peuvent tous continuer \u00e0 travailler pendant et apr\u00e8s la crise du coronavirus. Apr\u00e8s un d\u00e9marrage r\u00e9ussi aux Pays-Bas, la plateforme a \u00e9galement \u00e9t\u00e9 lanc\u00e9e en Allemagne, au Royaume-Uni, en France, en Espagne, en Italie et en Belgique. RedFix met en relation les travailleurs ind\u00e9pendants et les entreprises clientes qui dressent la liste de leurs missions. Le service est gratuit et il n&rsquo;y a pas de frais d&rsquo;agence non plus car les entreprises, les travailleurs ind\u00e9pendants et les entrepreneurs ind\u00e9pendants sont confront\u00e9s \u00e0 des difficult\u00e9s pendant la crise du coronavirus. Les entreprises peuvent s&rsquo;enregistrer et dresser la liste de leurs projets. Les ind\u00e9pendants peuvent indiquer leur activit\u00e9, leur taux horaire minimal et leur disponibilit\u00e9 dans leurs profils. RedFix recherche ensuite la bonne correspondance.<\/p>\n\n\n\n<p><a href=\"https:\/\/red-fix.fr\/fr\/\">https:\/\/red-fix.fr\/fr\/<\/a><\/p>\n","protected":false},"excerpt":{"rendered":"<p>Un groupe d&rsquo;entrepreneurs n\u00e9erlandais et belges a cr\u00e9\u00e9 la plateforme RedFix qui permet de mettre rapidement en relation les travailleurs ind\u00e9pendants, les entrepreneurs ind\u00e9pendants et les employeurs en Europe. De cette mani\u00e8re, ils peuvent tous continuer \u00e0 travailler pendant et apr\u00e8s la crise du coronavirus. Apr\u00e8s un d\u00e9marrage r\u00e9ussi aux Pays-Bas, la plateforme a \u00e9galement [&hellip;]<\/p>\n","protected":false},"author":17,"featured_media":104207,"comment_status":"closed","ping_status":"closed","sticky":false,"template":"","format":"standard","meta":{"_et_pb_use_builder":"","_et_pb_old_content":"","_et_gb_content_width":"","footnotes":""},"categories":[10530,6345,10781,10778],"tags":[],"class_list":["post-104206","post","type-post","status-publish","format-standard","has-post-thumbnail","hentry","category-actualites","category-economie-marches","category-publications-planete","category-planete"],"yoast_head":"<!-- This site is optimized with the Yoast SEO plugin v27.4 - https:\/\/yoast.com\/product\/yoast-seo-wordpress\/ -->\n<title>Une plateforme de mise en relation avec les travailleurs ind\u00e9pendants<\/title>\n<meta name=\"robots\" content=\"index, follow, max-snippet:-1, max-image-preview:large, max-video-preview:-1\" \/>\n<link rel=\"canonical\" href=\"https:\/\/batijournal.com\/index.php\/une-plateforme-de-mise-en-relation-avec-les-travailleurs-independants\/104206\/\" \/>\n<meta property=\"og:locale\" content=\"fr_FR\" \/>\n<meta property=\"og:type\" content=\"article\" \/>\n<meta property=\"og:title\" content=\"Une plateforme de mise en relation avec les travailleurs ind\u00e9pendants\" \/>\n<meta property=\"og:description\" content=\"Un groupe d&rsquo;entrepreneurs n\u00e9erlandais et belges a cr\u00e9\u00e9 la plateforme RedFix qui permet de mettre rapidement en relation les travailleurs ind\u00e9pendants, les entrepreneurs ind\u00e9pendants et les employeurs en Europe. De cette mani\u00e8re, ils peuvent tous continuer \u00e0 travailler pendant et apr\u00e8s la crise du coronavirus. Apr\u00e8s un d\u00e9marrage r\u00e9ussi aux Pays-Bas, la plateforme a \u00e9galement [&hellip;]\" \/>\n<meta property=\"og:url\" content=\"https:\/\/batijournal.com\/index.php\/une-plateforme-de-mise-en-relation-avec-les-travailleurs-independants\/104206\/\" \/>\n<meta property=\"og:site_name\" content=\"Batijournal\" \/>\n<meta property=\"article:published_time\" content=\"2020-05-06T04:02:46+00:00\" \/>\n<meta property=\"article:modified_time\" content=\"2020-05-06T04:02:48+00:00\" \/>\n<meta property=\"og:image\" content=\"https:\/\/batijournal.com\/wp-content\/uploads\/2020\/05\/redfix.png\" \/>\n\t<meta property=\"og:image:width\" content=\"1205\" \/>\n\t<meta property=\"og:image:height\" content=\"652\" \/>\n\t<meta property=\"og:image:type\" content=\"image\/png\" \/>\n<meta name=\"author\" content=\"St\u00e9phane Miget\" \/>\n<meta name=\"twitter:card\" content=\"summary_large_image\" \/>\n<meta name=\"twitter:creator\" content=\"@bati_journal\" \/>\n<meta name=\"twitter:site\" content=\"@bati_journal\" \/>\n<meta name=\"twitter:label1\" content=\"\u00c9crit par\" \/>\n\t<meta name=\"twitter:data1\" content=\"St\u00e9phane Miget\" \/>\n\t<meta name=\"twitter:label2\" content=\"Dur\u00e9e de lecture estim\u00e9e\" \/>\n\t<meta name=\"twitter:data2\" content=\"1 minute\" \/>\n<script type=\"application\/ld+json\" class=\"yoast-schema-graph\">{\"@context\":\"https:\\\/\\\/schema.org\",\"@graph\":[{\"@type\":\"Article\",\"@id\":\"https:\\\/\\\/batijournal.com\\\/index.php\\\/une-plateforme-de-mise-en-relation-avec-les-travailleurs-independants\\\/104206\\\/#article\",\"isPartOf\":{\"@id\":\"https:\\\/\\\/batijournal.com\\\/index.php\\\/une-plateforme-de-mise-en-relation-avec-les-travailleurs-independants\\\/104206\\\/\"},\"author\":{\"name\":\"St\u00e9phane Miget\",\"@id\":\"https:\\\/\\\/batijournal.com\\\/#\\\/schema\\\/person\\\/1dc96ec6957aa1ccb25ebe78bb19f100\"},\"headline\":\"Une plateforme de mise en relation avec les travailleurs ind\u00e9pendants\",\"datePublished\":\"2020-05-06T04:02:46+00:00\",\"dateModified\":\"2020-05-06T04:02:48+00:00\",\"mainEntityOfPage\":{\"@id\":\"https:\\\/\\\/batijournal.com\\\/index.php\\\/une-plateforme-de-mise-en-relation-avec-les-travailleurs-independants\\\/104206\\\/\"},\"wordCount\":187,\"image\":{\"@id\":\"https:\\\/\\\/batijournal.com\\\/index.php\\\/une-plateforme-de-mise-en-relation-avec-les-travailleurs-independants\\\/104206\\\/#primaryimage\"},\"thumbnailUrl\":\"https:\\\/\\\/batijournal.com\\\/wp-content\\\/uploads\\\/2020\\\/05\\\/redfix.png\",\"articleSection\":[\"Actualit\u00e9s\",\"\u00c9conomie &amp; March\u00e9s\",\"zz_Actualit\u00e9s - Plan\u00e8te\",\"zz_Plan\u00e8te B\u00e2timent\"],\"inLanguage\":\"fr-FR\"},{\"@type\":\"WebPage\",\"@id\":\"https:\\\/\\\/batijournal.com\\\/index.php\\\/une-plateforme-de-mise-en-relation-avec-les-travailleurs-independants\\\/104206\\\/\",\"url\":\"https:\\\/\\\/batijournal.com\\\/index.php\\\/une-plateforme-de-mise-en-relation-avec-les-travailleurs-independants\\\/104206\\\/\",\"name\":\"Une plateforme de mise en relation avec les travailleurs ind\u00e9pendants\",\"isPartOf\":{\"@id\":\"https:\\\/\\\/batijournal.com\\\/#website\"},\"primaryImageOfPage\":{\"@id\":\"https:\\\/\\\/batijournal.com\\\/index.php\\\/une-plateforme-de-mise-en-relation-avec-les-travailleurs-independants\\\/104206\\\/#primaryimage\"},\"image\":{\"@id\":\"https:\\\/\\\/batijournal.com\\\/index.php\\\/une-plateforme-de-mise-en-relation-avec-les-travailleurs-independants\\\/104206\\\/#primaryimage\"},\"thumbnailUrl\":\"https:\\\/\\\/batijournal.com\\\/wp-content\\\/uploads\\\/2020\\\/05\\\/redfix.png\",\"datePublished\":\"2020-05-06T04:02:46+00:00\",\"dateModified\":\"2020-05-06T04:02:48+00:00\",\"author\":{\"@id\":\"https:\\\/\\\/batijournal.com\\\/#\\\/schema\\\/person\\\/1dc96ec6957aa1ccb25ebe78bb19f100\"},\"breadcrumb\":{\"@id\":\"https:\\\/\\\/batijournal.com\\\/index.php\\\/une-plateforme-de-mise-en-relation-avec-les-travailleurs-independants\\\/104206\\\/#breadcrumb\"},\"inLanguage\":\"fr-FR\",\"potentialAction\":[{\"@type\":\"ReadAction\",\"target\":[\"https:\\\/\\\/batijournal.com\\\/index.php\\\/une-plateforme-de-mise-en-relation-avec-les-travailleurs-independants\\\/104206\\\/\"]}]},{\"@type\":\"ImageObject\",\"inLanguage\":\"fr-FR\",\"@id\":\"https:\\\/\\\/batijournal.com\\\/index.php\\\/une-plateforme-de-mise-en-relation-avec-les-travailleurs-independants\\\/104206\\\/#primaryimage\",\"url\":\"https:\\\/\\\/batijournal.com\\\/wp-content\\\/uploads\\\/2020\\\/05\\\/redfix.png\",\"contentUrl\":\"https:\\\/\\\/batijournal.com\\\/wp-content\\\/uploads\\\/2020\\\/05\\\/redfix.png\",\"width\":1205,\"height\":652},{\"@type\":\"BreadcrumbList\",\"@id\":\"https:\\\/\\\/batijournal.com\\\/index.php\\\/une-plateforme-de-mise-en-relation-avec-les-travailleurs-independants\\\/104206\\\/#breadcrumb\",\"itemListElement\":[{\"@type\":\"ListItem\",\"position\":1,\"name\":\"Accueil\",\"item\":\"https:\\\/\\\/batijournal.com\\\/\"},{\"@type\":\"ListItem\",\"position\":2,\"name\":\"Actualit\u00e9s\",\"item\":\"https:\\\/\\\/batijournal.com\\\/index.php\\\/category\\\/actualites\\\/\"},{\"@type\":\"ListItem\",\"position\":3,\"name\":\"Une plateforme de mise en relation avec les travailleurs ind\u00e9pendants\"}]},{\"@type\":\"WebSite\",\"@id\":\"https:\\\/\\\/batijournal.com\\\/#website\",\"url\":\"https:\\\/\\\/batijournal.com\\\/\",\"name\":\"Batijournal\",\"description\":\"L&#039;actualit\u00e9 du b\u00e2timent\",\"potentialAction\":[{\"@type\":\"SearchAction\",\"target\":{\"@type\":\"EntryPoint\",\"urlTemplate\":\"https:\\\/\\\/batijournal.com\\\/?s={search_term_string}\"},\"query-input\":{\"@type\":\"PropertyValueSpecification\",\"valueRequired\":true,\"valueName\":\"search_term_string\"}}],\"inLanguage\":\"fr-FR\"},{\"@type\":\"Person\",\"@id\":\"https:\\\/\\\/batijournal.com\\\/#\\\/schema\\\/person\\\/1dc96ec6957aa1ccb25ebe78bb19f100\",\"name\":\"St\u00e9phane Miget\",\"image\":{\"@type\":\"ImageObject\",\"inLanguage\":\"fr-FR\",\"@id\":\"https:\\\/\\\/secure.gravatar.com\\\/avatar\\\/89915563d925342126b8ef0281b93d9d7fc337043e8df017f780908eb9644451?s=96&d=mm&r=g\",\"url\":\"https:\\\/\\\/secure.gravatar.com\\\/avatar\\\/89915563d925342126b8ef0281b93d9d7fc337043e8df017f780908eb9644451?s=96&d=mm&r=g\",\"contentUrl\":\"https:\\\/\\\/secure.gravatar.com\\\/avatar\\\/89915563d925342126b8ef0281b93d9d7fc337043e8df017f780908eb9644451?s=96&d=mm&r=g\",\"caption\":\"St\u00e9phane Miget\"},\"url\":\"https:\\\/\\\/batijournal.com\\\/index.php\\\/author\\\/stephane\\\/\"}]}<\/script>\n<!-- \/ Yoast SEO plugin. -->","yoast_head_json":{"title":"Une plateforme de mise en relation avec les travailleurs ind\u00e9pendants","robots":{"index":"index","follow":"follow","max-snippet":"max-snippet:-1","max-image-preview":"max-image-preview:large","max-video-preview":"max-video-preview:-1"},"canonical":"https:\/\/batijournal.com\/index.php\/une-plateforme-de-mise-en-relation-avec-les-travailleurs-independants\/104206\/","og_locale":"fr_FR","og_type":"article","og_title":"Une plateforme de mise en relation avec les travailleurs ind\u00e9pendants","og_description":"Un groupe d&rsquo;entrepreneurs n\u00e9erlandais et belges a cr\u00e9\u00e9 la plateforme RedFix qui permet de mettre rapidement en relation les travailleurs ind\u00e9pendants, les entrepreneurs ind\u00e9pendants et les employeurs en Europe. De cette mani\u00e8re, ils peuvent tous continuer \u00e0 travailler pendant et apr\u00e8s la crise du coronavirus. Apr\u00e8s un d\u00e9marrage r\u00e9ussi aux Pays-Bas, la plateforme a \u00e9galement [&hellip;]","og_url":"https:\/\/batijournal.com\/index.php\/une-plateforme-de-mise-en-relation-avec-les-travailleurs-independants\/104206\/","og_site_name":"Batijournal","article_published_time":"2020-05-06T04:02:46+00:00","article_modified_time":"2020-05-06T04:02:48+00:00","og_image":[{"width":1205,"height":652,"url":"https:\/\/batijournal.com\/wp-content\/uploads\/2020\/05\/redfix.png","type":"image\/png"}],"author":"St\u00e9phane Miget","twitter_card":"summary_large_image","twitter_creator":"@bati_journal","twitter_site":"@bati_journal","twitter_misc":{"\u00c9crit par":"St\u00e9phane Miget","Dur\u00e9e de lecture estim\u00e9e":"1 minute"},"schema":{"@context":"https:\/\/schema.org","@graph":[{"@type":"Article","@id":"https:\/\/batijournal.com\/index.php\/une-plateforme-de-mise-en-relation-avec-les-travailleurs-independants\/104206\/#article","isPartOf":{"@id":"https:\/\/batijournal.com\/index.php\/une-plateforme-de-mise-en-relation-avec-les-travailleurs-independants\/104206\/"},"author":{"name":"St\u00e9phane Miget","@id":"https:\/\/batijournal.com\/#\/schema\/person\/1dc96ec6957aa1ccb25ebe78bb19f100"},"headline":"Une plateforme de mise en relation avec les travailleurs ind\u00e9pendants","datePublished":"2020-05-06T04:02:46+00:00","dateModified":"2020-05-06T04:02:48+00:00","mainEntityOfPage":{"@id":"https:\/\/batijournal.com\/index.php\/une-plateforme-de-mise-en-relation-avec-les-travailleurs-independants\/104206\/"},"wordCount":187,"image":{"@id":"https:\/\/batijournal.com\/index.php\/une-plateforme-de-mise-en-relation-avec-les-travailleurs-independants\/104206\/#primaryimage"},"thumbnailUrl":"https:\/\/batijournal.com\/wp-content\/uploads\/2020\/05\/redfix.png","articleSection":["Actualit\u00e9s","\u00c9conomie &amp; March\u00e9s","zz_Actualit\u00e9s - Plan\u00e8te","zz_Plan\u00e8te B\u00e2timent"],"inLanguage":"fr-FR"},{"@type":"WebPage","@id":"https:\/\/batijournal.com\/index.php\/une-plateforme-de-mise-en-relation-avec-les-travailleurs-independants\/104206\/","url":"https:\/\/batijournal.com\/index.php\/une-plateforme-de-mise-en-relation-avec-les-travailleurs-independants\/104206\/","name":"Une plateforme de mise en relation avec les travailleurs ind\u00e9pendants","isPartOf":{"@id":"https:\/\/batijournal.com\/#website"},"primaryImageOfPage":{"@id":"https:\/\/batijournal.com\/index.php\/une-plateforme-de-mise-en-relation-avec-les-travailleurs-independants\/104206\/#primaryimage"},"image":{"@id":"https:\/\/batijournal.com\/index.php\/une-plateforme-de-mise-en-relation-avec-les-travailleurs-independants\/104206\/#primaryimage"},"thumbnailUrl":"https:\/\/batijournal.com\/wp-content\/uploads\/2020\/05\/redfix.png","datePublished":"2020-05-06T04:02:46+00:00","dateModified":"2020-05-06T04:02:48+00:00","author":{"@id":"https:\/\/batijournal.com\/#\/schema\/person\/1dc96ec6957aa1ccb25ebe78bb19f100"},"breadcrumb":{"@id":"https:\/\/batijournal.com\/index.php\/une-plateforme-de-mise-en-relation-avec-les-travailleurs-independants\/104206\/#breadcrumb"},"inLanguage":"fr-FR","potentialAction":[{"@type":"ReadAction","target":["https:\/\/batijournal.com\/index.php\/une-plateforme-de-mise-en-relation-avec-les-travailleurs-independants\/104206\/"]}]},{"@type":"ImageObject","inLanguage":"fr-FR","@id":"https:\/\/batijournal.com\/index.php\/une-plateforme-de-mise-en-relation-avec-les-travailleurs-independants\/104206\/#primaryimage","url":"https:\/\/batijournal.com\/wp-content\/uploads\/2020\/05\/redfix.png","contentUrl":"https:\/\/batijournal.com\/wp-content\/uploads\/2020\/05\/redfix.png","width":1205,"height":652},{"@type":"BreadcrumbList","@id":"https:\/\/batijournal.com\/index.php\/une-plateforme-de-mise-en-relation-avec-les-travailleurs-independants\/104206\/#breadcrumb","itemListElement":[{"@type":"ListItem","position":1,"name":"Accueil","item":"https:\/\/batijournal.com\/"},{"@type":"ListItem","position":2,"name":"Actualit\u00e9s","item":"https:\/\/batijournal.com\/index.php\/category\/actualites\/"},{"@type":"ListItem","position":3,"name":"Une plateforme de mise en relation avec les travailleurs ind\u00e9pendants"}]},{"@type":"WebSite","@id":"https:\/\/batijournal.com\/#website","url":"https:\/\/batijournal.com\/","name":"Batijournal","description":"L&#039;actualit\u00e9 du b\u00e2timent","potentialAction":[{"@type":"SearchAction","target":{"@type":"EntryPoint","urlTemplate":"https:\/\/batijournal.com\/?s={search_term_string}"},"query-input":{"@type":"PropertyValueSpecification","valueRequired":true,"valueName":"search_term_string"}}],"inLanguage":"fr-FR"},{"@type":"Person","@id":"https:\/\/batijournal.com\/#\/schema\/person\/1dc96ec6957aa1ccb25ebe78bb19f100","name":"St\u00e9phane Miget","image":{"@type":"ImageObject","inLanguage":"fr-FR","@id":"https:\/\/secure.gravatar.com\/avatar\/89915563d925342126b8ef0281b93d9d7fc337043e8df017f780908eb9644451?s=96&d=mm&r=g","url":"https:\/\/secure.gravatar.com\/avatar\/89915563d925342126b8ef0281b93d9d7fc337043e8df017f780908eb9644451?s=96&d=mm&r=g","contentUrl":"https:\/\/secure.gravatar.com\/avatar\/89915563d925342126b8ef0281b93d9d7fc337043e8df017f780908eb9644451?s=96&d=mm&r=g","caption":"St\u00e9phane Miget"},"url":"https:\/\/batijournal.com\/index.php\/author\/stephane\/"}]}},"_links":{"self":[{"href":"https:\/\/batijournal.com\/index.php\/wp-json\/wp\/v2\/posts\/104206","targetHints":{"allow":["GET"]}}],"collection":[{"href":"https:\/\/batijournal.com\/index.php\/wp-json\/wp\/v2\/posts"}],"about":[{"href":"https:\/\/batijournal.com\/index.php\/wp-json\/wp\/v2\/types\/post"}],"author":[{"embeddable":true,"href":"https:\/\/batijournal.com\/index.php\/wp-json\/wp\/v2\/users\/17"}],"replies":[{"embeddable":true,"href":"https:\/\/batijournal.com\/index.php\/wp-json\/wp\/v2\/comments?post=104206"}],"version-history":[{"count":0,"href":"https:\/\/batijournal.com\/index.php\/wp-json\/wp\/v2\/posts\/104206\/revisions"}],"wp:featuredmedia":[{"embeddable":true,"href":"https:\/\/batijournal.com\/index.php\/wp-json\/wp\/v2\/media\/104207"}],"wp:attachment":[{"href":"https:\/\/batijournal.com\/index.php\/wp-json\/wp\/v2\/media?parent=104206"}],"wp:term":[{"taxonomy":"category","embeddable":true,"href":"https:\/\/batijournal.com\/index.php\/wp-json\/wp\/v2\/categories?post=104206"},{"taxonomy":"post_tag","embeddable":true,"href":"https:\/\/batijournal.com\/index.php\/wp-json\/wp\/v2\/tags?post=104206"}],"curies":[{"name":"wp","href":"https:\/\/api.w.org\/{rel}","templated":true}]}}