{"id":104217,"date":"2020-05-12T06:31:34","date_gmt":"2020-05-12T04:31:34","guid":{"rendered":"https:\/\/batijournal.com\/?p=104217"},"modified":"2020-05-12T06:31:37","modified_gmt":"2020-05-12T04:31:37","slug":"treve-hivernale-jusquau-10-juillet","status":"publish","type":"post","link":"https:\/\/batijournal.com\/index.php\/treve-hivernale-jusquau-10-juillet\/104217\/","title":{"rendered":"Tr\u00eave hivernale jusqu\u2019au 10 juillet"},"content":{"rendered":"\n<p>Face \u00e0 la propagation du Covid-19, d\u00e8s le 12 mars, le Pr\u00e9sident de la R\u00e9publique avait annonc\u00e9 le report in\u00e9dit de fin de la tr\u00eave hivernale jusqu\u2019au 31 mai, soit pour deux mois suppl\u00e9mentaires. Afin de tenir compte de la prolongation de l\u2019\u00e9tat d\u2019urgence sanitaire jusqu\u2019au 10 juillet, l\u2019Assembl\u00e9e nationale vient de voter un nouveau report de la fin de la tr\u00eave hivernale \u00e0 cette m\u00eame date.<\/p>\n","protected":false},"excerpt":{"rendered":"<p>Face \u00e0 la propagation du Covid-19, d\u00e8s le 12 mars, le Pr\u00e9sident de la R\u00e9publique avait annonc\u00e9 le report in\u00e9dit de fin de la tr\u00eave hivernale jusqu\u2019au 31 mai, soit pour deux mois suppl\u00e9mentaires. Afin de tenir compte de la prolongation de l\u2019\u00e9tat d\u2019urgence sanitaire jusqu\u2019au 10 juillet, l\u2019Assembl\u00e9e nationale vient de voter un nouveau [&hellip;]<\/p>\n","protected":false},"author":17,"featured_media":95904,"comment_status":"closed","ping_status":"closed","sticky":false,"template":"","format":"standard","meta":{"_et_pb_use_builder":"","_et_pb_old_content":"","_et_gb_content_width":"","footnotes":""},"categories":[10530,6362],"tags":[],"class_list":["post-104217","post","type-post","status-publish","format-standard","has-post-thumbnail","hentry","category-actualites","category-services-equipements"],"yoast_head":"<!-- This site is optimized with the Yoast SEO plugin v27.4 - https:\/\/yoast.com\/product\/yoast-seo-wordpress\/ -->\n<title>Tr\u00eave hivernale jusqu\u2019au 10 juillet<\/title>\n<meta name=\"robots\" content=\"index, follow, max-snippet:-1, max-image-preview:large, max-video-preview:-1\" \/>\n<link rel=\"canonical\" href=\"https:\/\/batijournal.com\/index.php\/treve-hivernale-jusquau-10-juillet\/104217\/\" \/>\n<meta property=\"og:locale\" content=\"fr_FR\" \/>\n<meta property=\"og:type\" content=\"article\" \/>\n<meta property=\"og:title\" content=\"Tr\u00eave hivernale jusqu\u2019au 10 juillet\" \/>\n<meta property=\"og:description\" content=\"Face \u00e0 la propagation du Covid-19, d\u00e8s le 12 mars, le Pr\u00e9sident de la R\u00e9publique avait annonc\u00e9 le report in\u00e9dit de fin de la tr\u00eave hivernale jusqu\u2019au 31 mai, soit pour deux mois suppl\u00e9mentaires. Afin de tenir compte de la prolongation de l\u2019\u00e9tat d\u2019urgence sanitaire jusqu\u2019au 10 juillet, l\u2019Assembl\u00e9e nationale vient de voter un nouveau [&hellip;]\" \/>\n<meta property=\"og:url\" content=\"https:\/\/batijournal.com\/index.php\/treve-hivernale-jusquau-10-juillet\/104217\/\" \/>\n<meta property=\"og:site_name\" content=\"Batijournal\" \/>\n<meta property=\"article:published_time\" content=\"2020-05-12T04:31:34+00:00\" \/>\n<meta property=\"article:modified_time\" content=\"2020-05-12T04:31:37+00:00\" \/>\n<meta property=\"og:image\" content=\"https:\/\/batijournal.com\/wp-content\/uploads\/2017\/05\/Logements-sociaux-et-equipements-sportifs-dans-le-10eme-arrondissement-de-Paris-3-e1758109579933.jpg\" \/>\n\t<meta property=\"og:image:width\" content=\"1200\" \/>\n\t<meta property=\"og:image:height\" content=\"660\" \/>\n\t<meta property=\"og:image:type\" content=\"image\/jpeg\" \/>\n<meta name=\"author\" content=\"St\u00e9phane Miget\" \/>\n<meta name=\"twitter:card\" content=\"summary_large_image\" \/>\n<meta name=\"twitter:creator\" content=\"@bati_journal\" \/>\n<meta name=\"twitter:site\" content=\"@bati_journal\" \/>\n<meta name=\"twitter:label1\" content=\"\u00c9crit par\" \/>\n\t<meta name=\"twitter:data1\" content=\"St\u00e9phane Miget\" \/>\n<script type=\"application\/ld+json\" class=\"yoast-schema-graph\">{\"@context\":\"https:\\\/\\\/schema.org\",\"@graph\":[{\"@type\":\"Article\",\"@id\":\"https:\\\/\\\/batijournal.com\\\/index.php\\\/treve-hivernale-jusquau-10-juillet\\\/104217\\\/#article\",\"isPartOf\":{\"@id\":\"https:\\\/\\\/batijournal.com\\\/index.php\\\/treve-hivernale-jusquau-10-juillet\\\/104217\\\/\"},\"author\":{\"name\":\"St\u00e9phane Miget\",\"@id\":\"https:\\\/\\\/batijournal.com\\\/#\\\/schema\\\/person\\\/1dc96ec6957aa1ccb25ebe78bb19f100\"},\"headline\":\"Tr\u00eave hivernale jusqu\u2019au 10 juillet\",\"datePublished\":\"2020-05-12T04:31:34+00:00\",\"dateModified\":\"2020-05-12T04:31:37+00:00\",\"mainEntityOfPage\":{\"@id\":\"https:\\\/\\\/batijournal.com\\\/index.php\\\/treve-hivernale-jusquau-10-juillet\\\/104217\\\/\"},\"wordCount\":82,\"image\":{\"@id\":\"https:\\\/\\\/batijournal.com\\\/index.php\\\/treve-hivernale-jusquau-10-juillet\\\/104217\\\/#primaryimage\"},\"thumbnailUrl\":\"https:\\\/\\\/batijournal.com\\\/wp-content\\\/uploads\\\/2017\\\/05\\\/Logements-sociaux-et-equipements-sportifs-dans-le-10eme-arrondissement-de-Paris-3-e1758109579933.jpg\",\"articleSection\":[\"Actualit\u00e9s\",\"Divers\"],\"inLanguage\":\"fr-FR\"},{\"@type\":\"WebPage\",\"@id\":\"https:\\\/\\\/batijournal.com\\\/index.php\\\/treve-hivernale-jusquau-10-juillet\\\/104217\\\/\",\"url\":\"https:\\\/\\\/batijournal.com\\\/index.php\\\/treve-hivernale-jusquau-10-juillet\\\/104217\\\/\",\"name\":\"Tr\u00eave hivernale jusqu\u2019au 10 juillet\",\"isPartOf\":{\"@id\":\"https:\\\/\\\/batijournal.com\\\/#website\"},\"primaryImageOfPage\":{\"@id\":\"https:\\\/\\\/batijournal.com\\\/index.php\\\/treve-hivernale-jusquau-10-juillet\\\/104217\\\/#primaryimage\"},\"image\":{\"@id\":\"https:\\\/\\\/batijournal.com\\\/index.php\\\/treve-hivernale-jusquau-10-juillet\\\/104217\\\/#primaryimage\"},\"thumbnailUrl\":\"https:\\\/\\\/batijournal.com\\\/wp-content\\\/uploads\\\/2017\\\/05\\\/Logements-sociaux-et-equipements-sportifs-dans-le-10eme-arrondissement-de-Paris-3-e1758109579933.jpg\",\"datePublished\":\"2020-05-12T04:31:34+00:00\",\"dateModified\":\"2020-05-12T04:31:37+00:00\",\"author\":{\"@id\":\"https:\\\/\\\/batijournal.com\\\/#\\\/schema\\\/person\\\/1dc96ec6957aa1ccb25ebe78bb19f100\"},\"breadcrumb\":{\"@id\":\"https:\\\/\\\/batijournal.com\\\/index.php\\\/treve-hivernale-jusquau-10-juillet\\\/104217\\\/#breadcrumb\"},\"inLanguage\":\"fr-FR\",\"potentialAction\":[{\"@type\":\"ReadAction\",\"target\":[\"https:\\\/\\\/batijournal.com\\\/index.php\\\/treve-hivernale-jusquau-10-juillet\\\/104217\\\/\"]}]},{\"@type\":\"ImageObject\",\"inLanguage\":\"fr-FR\",\"@id\":\"https:\\\/\\\/batijournal.com\\\/index.php\\\/treve-hivernale-jusquau-10-juillet\\\/104217\\\/#primaryimage\",\"url\":\"https:\\\/\\\/batijournal.com\\\/wp-content\\\/uploads\\\/2017\\\/05\\\/Logements-sociaux-et-equipements-sportifs-dans-le-10eme-arrondissement-de-Paris-3-e1758109579933.jpg\",\"contentUrl\":\"https:\\\/\\\/batijournal.com\\\/wp-content\\\/uploads\\\/2017\\\/05\\\/Logements-sociaux-et-equipements-sportifs-dans-le-10eme-arrondissement-de-Paris-3-e1758109579933.jpg\",\"width\":1200,\"height\":660,\"caption\":\"la-caisse-des-depots\"},{\"@type\":\"BreadcrumbList\",\"@id\":\"https:\\\/\\\/batijournal.com\\\/index.php\\\/treve-hivernale-jusquau-10-juillet\\\/104217\\\/#breadcrumb\",\"itemListElement\":[{\"@type\":\"ListItem\",\"position\":1,\"name\":\"Accueil\",\"item\":\"https:\\\/\\\/batijournal.com\\\/\"},{\"@type\":\"ListItem\",\"position\":2,\"name\":\"Actualit\u00e9s\",\"item\":\"https:\\\/\\\/batijournal.com\\\/index.php\\\/category\\\/actualites\\\/\"},{\"@type\":\"ListItem\",\"position\":3,\"name\":\"Tr\u00eave hivernale jusqu\u2019au 10 juillet\"}]},{\"@type\":\"WebSite\",\"@id\":\"https:\\\/\\\/batijournal.com\\\/#website\",\"url\":\"https:\\\/\\\/batijournal.com\\\/\",\"name\":\"Batijournal\",\"description\":\"L&#039;actualit\u00e9 du b\u00e2timent\",\"potentialAction\":[{\"@type\":\"SearchAction\",\"target\":{\"@type\":\"EntryPoint\",\"urlTemplate\":\"https:\\\/\\\/batijournal.com\\\/?s={search_term_string}\"},\"query-input\":{\"@type\":\"PropertyValueSpecification\",\"valueRequired\":true,\"valueName\":\"search_term_string\"}}],\"inLanguage\":\"fr-FR\"},{\"@type\":\"Person\",\"@id\":\"https:\\\/\\\/batijournal.com\\\/#\\\/schema\\\/person\\\/1dc96ec6957aa1ccb25ebe78bb19f100\",\"name\":\"St\u00e9phane Miget\",\"image\":{\"@type\":\"ImageObject\",\"inLanguage\":\"fr-FR\",\"@id\":\"https:\\\/\\\/secure.gravatar.com\\\/avatar\\\/89915563d925342126b8ef0281b93d9d7fc337043e8df017f780908eb9644451?s=96&d=mm&r=g\",\"url\":\"https:\\\/\\\/secure.gravatar.com\\\/avatar\\\/89915563d925342126b8ef0281b93d9d7fc337043e8df017f780908eb9644451?s=96&d=mm&r=g\",\"contentUrl\":\"https:\\\/\\\/secure.gravatar.com\\\/avatar\\\/89915563d925342126b8ef0281b93d9d7fc337043e8df017f780908eb9644451?s=96&d=mm&r=g\",\"caption\":\"St\u00e9phane Miget\"},\"url\":\"https:\\\/\\\/batijournal.com\\\/index.php\\\/author\\\/stephane\\\/\"}]}<\/script>\n<!-- \/ Yoast SEO plugin. -->","yoast_head_json":{"title":"Tr\u00eave hivernale jusqu\u2019au 10 juillet","robots":{"index":"index","follow":"follow","max-snippet":"max-snippet:-1","max-image-preview":"max-image-preview:large","max-video-preview":"max-video-preview:-1"},"canonical":"https:\/\/batijournal.com\/index.php\/treve-hivernale-jusquau-10-juillet\/104217\/","og_locale":"fr_FR","og_type":"article","og_title":"Tr\u00eave hivernale jusqu\u2019au 10 juillet","og_description":"Face \u00e0 la propagation du Covid-19, d\u00e8s le 12 mars, le Pr\u00e9sident de la R\u00e9publique avait annonc\u00e9 le report in\u00e9dit de fin de la tr\u00eave hivernale jusqu\u2019au 31 mai, soit pour deux mois suppl\u00e9mentaires. Afin de tenir compte de la prolongation de l\u2019\u00e9tat d\u2019urgence sanitaire jusqu\u2019au 10 juillet, l\u2019Assembl\u00e9e nationale vient de voter un nouveau [&hellip;]","og_url":"https:\/\/batijournal.com\/index.php\/treve-hivernale-jusquau-10-juillet\/104217\/","og_site_name":"Batijournal","article_published_time":"2020-05-12T04:31:34+00:00","article_modified_time":"2020-05-12T04:31:37+00:00","og_image":[{"width":1200,"height":660,"url":"https:\/\/batijournal.com\/wp-content\/uploads\/2017\/05\/Logements-sociaux-et-equipements-sportifs-dans-le-10eme-arrondissement-de-Paris-3-e1758109579933.jpg","type":"image\/jpeg"}],"author":"St\u00e9phane Miget","twitter_card":"summary_large_image","twitter_creator":"@bati_journal","twitter_site":"@bati_journal","twitter_misc":{"\u00c9crit par":"St\u00e9phane Miget"},"schema":{"@context":"https:\/\/schema.org","@graph":[{"@type":"Article","@id":"https:\/\/batijournal.com\/index.php\/treve-hivernale-jusquau-10-juillet\/104217\/#article","isPartOf":{"@id":"https:\/\/batijournal.com\/index.php\/treve-hivernale-jusquau-10-juillet\/104217\/"},"author":{"name":"St\u00e9phane Miget","@id":"https:\/\/batijournal.com\/#\/schema\/person\/1dc96ec6957aa1ccb25ebe78bb19f100"},"headline":"Tr\u00eave hivernale jusqu\u2019au 10 juillet","datePublished":"2020-05-12T04:31:34+00:00","dateModified":"2020-05-12T04:31:37+00:00","mainEntityOfPage":{"@id":"https:\/\/batijournal.com\/index.php\/treve-hivernale-jusquau-10-juillet\/104217\/"},"wordCount":82,"image":{"@id":"https:\/\/batijournal.com\/index.php\/treve-hivernale-jusquau-10-juillet\/104217\/#primaryimage"},"thumbnailUrl":"https:\/\/batijournal.com\/wp-content\/uploads\/2017\/05\/Logements-sociaux-et-equipements-sportifs-dans-le-10eme-arrondissement-de-Paris-3-e1758109579933.jpg","articleSection":["Actualit\u00e9s","Divers"],"inLanguage":"fr-FR"},{"@type":"WebPage","@id":"https:\/\/batijournal.com\/index.php\/treve-hivernale-jusquau-10-juillet\/104217\/","url":"https:\/\/batijournal.com\/index.php\/treve-hivernale-jusquau-10-juillet\/104217\/","name":"Tr\u00eave hivernale jusqu\u2019au 10 juillet","isPartOf":{"@id":"https:\/\/batijournal.com\/#website"},"primaryImageOfPage":{"@id":"https:\/\/batijournal.com\/index.php\/treve-hivernale-jusquau-10-juillet\/104217\/#primaryimage"},"image":{"@id":"https:\/\/batijournal.com\/index.php\/treve-hivernale-jusquau-10-juillet\/104217\/#primaryimage"},"thumbnailUrl":"https:\/\/batijournal.com\/wp-content\/uploads\/2017\/05\/Logements-sociaux-et-equipements-sportifs-dans-le-10eme-arrondissement-de-Paris-3-e1758109579933.jpg","datePublished":"2020-05-12T04:31:34+00:00","dateModified":"2020-05-12T04:31:37+00:00","author":{"@id":"https:\/\/batijournal.com\/#\/schema\/person\/1dc96ec6957aa1ccb25ebe78bb19f100"},"breadcrumb":{"@id":"https:\/\/batijournal.com\/index.php\/treve-hivernale-jusquau-10-juillet\/104217\/#breadcrumb"},"inLanguage":"fr-FR","potentialAction":[{"@type":"ReadAction","target":["https:\/\/batijournal.com\/index.php\/treve-hivernale-jusquau-10-juillet\/104217\/"]}]},{"@type":"ImageObject","inLanguage":"fr-FR","@id":"https:\/\/batijournal.com\/index.php\/treve-hivernale-jusquau-10-juillet\/104217\/#primaryimage","url":"https:\/\/batijournal.com\/wp-content\/uploads\/2017\/05\/Logements-sociaux-et-equipements-sportifs-dans-le-10eme-arrondissement-de-Paris-3-e1758109579933.jpg","contentUrl":"https:\/\/batijournal.com\/wp-content\/uploads\/2017\/05\/Logements-sociaux-et-equipements-sportifs-dans-le-10eme-arrondissement-de-Paris-3-e1758109579933.jpg","width":1200,"height":660,"caption":"la-caisse-des-depots"},{"@type":"BreadcrumbList","@id":"https:\/\/batijournal.com\/index.php\/treve-hivernale-jusquau-10-juillet\/104217\/#breadcrumb","itemListElement":[{"@type":"ListItem","position":1,"name":"Accueil","item":"https:\/\/batijournal.com\/"},{"@type":"ListItem","position":2,"name":"Actualit\u00e9s","item":"https:\/\/batijournal.com\/index.php\/category\/actualites\/"},{"@type":"ListItem","position":3,"name":"Tr\u00eave hivernale jusqu\u2019au 10 juillet"}]},{"@type":"WebSite","@id":"https:\/\/batijournal.com\/#website","url":"https:\/\/batijournal.com\/","name":"Batijournal","description":"L&#039;actualit\u00e9 du b\u00e2timent","potentialAction":[{"@type":"SearchAction","target":{"@type":"EntryPoint","urlTemplate":"https:\/\/batijournal.com\/?s={search_term_string}"},"query-input":{"@type":"PropertyValueSpecification","valueRequired":true,"valueName":"search_term_string"}}],"inLanguage":"fr-FR"},{"@type":"Person","@id":"https:\/\/batijournal.com\/#\/schema\/person\/1dc96ec6957aa1ccb25ebe78bb19f100","name":"St\u00e9phane Miget","image":{"@type":"ImageObject","inLanguage":"fr-FR","@id":"https:\/\/secure.gravatar.com\/avatar\/89915563d925342126b8ef0281b93d9d7fc337043e8df017f780908eb9644451?s=96&d=mm&r=g","url":"https:\/\/secure.gravatar.com\/avatar\/89915563d925342126b8ef0281b93d9d7fc337043e8df017f780908eb9644451?s=96&d=mm&r=g","contentUrl":"https:\/\/secure.gravatar.com\/avatar\/89915563d925342126b8ef0281b93d9d7fc337043e8df017f780908eb9644451?s=96&d=mm&r=g","caption":"St\u00e9phane Miget"},"url":"https:\/\/batijournal.com\/index.php\/author\/stephane\/"}]}},"_links":{"self":[{"href":"https:\/\/batijournal.com\/index.php\/wp-json\/wp\/v2\/posts\/104217","targetHints":{"allow":["GET"]}}],"collection":[{"href":"https:\/\/batijournal.com\/index.php\/wp-json\/wp\/v2\/posts"}],"about":[{"href":"https:\/\/batijournal.com\/index.php\/wp-json\/wp\/v2\/types\/post"}],"author":[{"embeddable":true,"href":"https:\/\/batijournal.com\/index.php\/wp-json\/wp\/v2\/users\/17"}],"replies":[{"embeddable":true,"href":"https:\/\/batijournal.com\/index.php\/wp-json\/wp\/v2\/comments?post=104217"}],"version-history":[{"count":0,"href":"https:\/\/batijournal.com\/index.php\/wp-json\/wp\/v2\/posts\/104217\/revisions"}],"wp:featuredmedia":[{"embeddable":true,"href":"https:\/\/batijournal.com\/index.php\/wp-json\/wp\/v2\/media\/95904"}],"wp:attachment":[{"href":"https:\/\/batijournal.com\/index.php\/wp-json\/wp\/v2\/media?parent=104217"}],"wp:term":[{"taxonomy":"category","embeddable":true,"href":"https:\/\/batijournal.com\/index.php\/wp-json\/wp\/v2\/categories?post=104217"},{"taxonomy":"post_tag","embeddable":true,"href":"https:\/\/batijournal.com\/index.php\/wp-json\/wp\/v2\/tags?post=104217"}],"curies":[{"name":"wp","href":"https:\/\/api.w.org\/{rel}","templated":true}]}}