{"id":104218,"date":"2020-05-12T06:40:22","date_gmt":"2020-05-12T04:40:22","guid":{"rendered":"https:\/\/batijournal.com\/?p=104218"},"modified":"2020-05-12T06:40:25","modified_gmt":"2020-05-12T04:40:25","slug":"re-2020-nouveau-calendrier","status":"publish","type":"post","link":"https:\/\/batijournal.com\/index.php\/re-2020-nouveau-calendrier\/104218\/","title":{"rendered":"RE 2020 : nouveau calendrier"},"content":{"rendered":"\n<p>Le Gouvernement a r\u00e9affirm\u00e9 son objectif de mener \u00e0 bien le chantier de la nouvelle r\u00e9glementation environnementale pour les b\u00e2timents neufs, dite \u00ab RE 2020 \u00bb. Les ambitions de la RE 2020, annonc\u00e9es le 14 janvier 2020 par le Gouvernement, demeurent plus que jamais pertinentes, en particulier : lutter contre le changement climatique en r\u00e9duisant les \u00e9missions de gaz \u00e0 effet de serre sur l\u2019ensemble du cycle de vie du b\u00e2timent, y compris lors de sa construction, diminuer les consommations \u00e9nerg\u00e9tiques, et mieux conserver de la fra\u00eecheur dans les b\u00e2timents lors des vagues de chaleur. La crise sanitaire nous appelle \u00e9galement \u00e0 travailler \u00e0 des mesures simples, \u00e0 court terme, pour garantir la qualit\u00e9 de l\u2019air int\u00e9rieur des logements. Au total, il s\u2019agit de modifier en profondeur la fa\u00e7on de concevoir et de construire les b\u00e2timents de demain.<br \/>La crise sanitaire a rendu l\u2019organisation des concertations et consultations plus complexe. Or ce travail de concertation est indispensable pour fixer collectivement une ambition environnementale \u00e0 la fois exigeante et soutenable dans un contexte de reprise. Dans la continuit\u00e9 de l\u2019exp\u00e9rimentation E+C- qui pr\u00e9figure la r\u00e9glementation depuis 2017, l\u2019ensemble des acteurs devra \u00e9galement b\u00e9n\u00e9ficier d\u2019une p\u00e9riode de plusieurs mois pour poursuivre l\u2019appropriation des r\u00e8gles, entre leur officialisation et leur entr\u00e9e en vigueur.<br \/>Le calendrier d\u2019\u00e9laboration et de mise en \u0153uvre de la RE2020 est ajust\u00e9 pour tenir compte de l\u2019impact de la situation sanitaire : les concertations se poursuivront pendant l\u2019\u00e9t\u00e9 pour permettre \u00e0 tous les acteurs concern\u00e9s d\u2019y prendre part ; la publication des textes r\u00e9glementaires (d\u00e9crets et arr\u00eat\u00e9) interviendra fin 2020 ou au plus tard au tout d\u00e9but de l\u2019ann\u00e9e 2021 ; enfin, la nouvelle r\u00e9glementation entrera en vigueur \u00e0 l\u2019\u00e9t\u00e9 2021.<br \/>A plus court terme, la phase de simulations lanc\u00e9e en janvier afin d\u2019\u00e9clairer les choix des indicateurs et niveaux de performance pertinents pour la RE2020 s\u2019ach\u00e8vera courant mai. A l\u2019issue de ces simulations, les minist\u00e8res de la Transition \u00e9cologique et solidaire et de la Ville et du Logement mettront leurs r\u00e9sultats \u00e0 disposition de tous, ainsi que l\u2019outil qui aura \u00e9t\u00e9 utilis\u00e9 pour les r\u00e9aliser. La pr\u00e9sentation des r\u00e9sultats lancera une nouvelle \u00e9tape de concertation avant l\u2019\u00e9t\u00e9 2020. Cette concertation permettra par ailleurs de poser les bases d\u2019un label facultatif permettant de pr\u00e9figurer les b\u00e2timents exemplaires de demain.<\/p>\n\n\n\n<p><\/p>\n\n\n\n<p>Photo : Chantier Ris Orangis Promiceapf<\/p>\n","protected":false},"excerpt":{"rendered":"<p>Le Gouvernement a r\u00e9affirm\u00e9 son objectif de mener \u00e0 bien le chantier de la nouvelle r\u00e9glementation environnementale pour les b\u00e2timents neufs, dite \u00ab RE 2020 \u00bb. Les ambitions de la RE 2020, annonc\u00e9es le 14 janvier 2020 par le Gouvernement, demeurent plus que jamais pertinentes, en particulier : lutter contre le changement climatique en r\u00e9duisant [&hellip;]<\/p>\n","protected":false},"author":17,"featured_media":91118,"comment_status":"closed","ping_status":"closed","sticky":false,"template":"","format":"standard","meta":{"_et_pb_use_builder":"","_et_pb_old_content":"","_et_gb_content_width":"","footnotes":""},"categories":[10530,6351,10781,10778],"tags":[12769],"class_list":["post-104218","post","type-post","status-publish","format-standard","has-post-thumbnail","hentry","category-actualites","category-energie-environnement","category-publications-planete","category-planete","tag-re2020"],"yoast_head":"<!-- This site is optimized with the Yoast SEO plugin v27.4 - https:\/\/yoast.com\/product\/yoast-seo-wordpress\/ -->\n<title>RE 2020 : nouveau calendrier<\/title>\n<meta name=\"robots\" content=\"index, follow, max-snippet:-1, max-image-preview:large, max-video-preview:-1\" \/>\n<link rel=\"canonical\" href=\"https:\/\/batijournal.com\/index.php\/re-2020-nouveau-calendrier\/104218\/\" \/>\n<meta property=\"og:locale\" content=\"fr_FR\" \/>\n<meta property=\"og:type\" content=\"article\" \/>\n<meta property=\"og:title\" content=\"RE 2020 : nouveau calendrier\" \/>\n<meta property=\"og:description\" content=\"Le Gouvernement a r\u00e9affirm\u00e9 son objectif de mener \u00e0 bien le chantier de la nouvelle r\u00e9glementation environnementale pour les b\u00e2timents neufs, dite \u00ab RE 2020 \u00bb. Les ambitions de la RE 2020, annonc\u00e9es le 14 janvier 2020 par le Gouvernement, demeurent plus que jamais pertinentes, en particulier : lutter contre le changement climatique en r\u00e9duisant [&hellip;]\" \/>\n<meta property=\"og:url\" content=\"https:\/\/batijournal.com\/index.php\/re-2020-nouveau-calendrier\/104218\/\" \/>\n<meta property=\"og:site_name\" content=\"Batijournal\" \/>\n<meta property=\"article:published_time\" content=\"2020-05-12T04:40:22+00:00\" \/>\n<meta property=\"article:modified_time\" content=\"2020-05-12T04:40:25+00:00\" \/>\n<meta property=\"og:image\" content=\"https:\/\/batijournal.com\/wp-content\/uploads\/2016\/01\/Chantier_Ris_Orangis_1\u220fPromiceapf.jpg\" \/>\n\t<meta property=\"og:image:width\" content=\"5587\" \/>\n\t<meta property=\"og:image:height\" content=\"3572\" \/>\n\t<meta property=\"og:image:type\" content=\"image\/jpeg\" \/>\n<meta name=\"author\" content=\"St\u00e9phane Miget\" \/>\n<meta name=\"twitter:card\" content=\"summary_large_image\" \/>\n<meta name=\"twitter:creator\" content=\"@bati_journal\" \/>\n<meta name=\"twitter:site\" content=\"@bati_journal\" \/>\n<meta name=\"twitter:label1\" content=\"\u00c9crit par\" \/>\n\t<meta name=\"twitter:data1\" content=\"St\u00e9phane Miget\" \/>\n\t<meta name=\"twitter:label2\" content=\"Dur\u00e9e de lecture estim\u00e9e\" \/>\n\t<meta name=\"twitter:data2\" content=\"2 minutes\" \/>\n<script type=\"application\/ld+json\" class=\"yoast-schema-graph\">{\"@context\":\"https:\\\/\\\/schema.org\",\"@graph\":[{\"@type\":\"Article\",\"@id\":\"https:\\\/\\\/batijournal.com\\\/index.php\\\/re-2020-nouveau-calendrier\\\/104218\\\/#article\",\"isPartOf\":{\"@id\":\"https:\\\/\\\/batijournal.com\\\/index.php\\\/re-2020-nouveau-calendrier\\\/104218\\\/\"},\"author\":{\"name\":\"St\u00e9phane Miget\",\"@id\":\"https:\\\/\\\/batijournal.com\\\/#\\\/schema\\\/person\\\/1dc96ec6957aa1ccb25ebe78bb19f100\"},\"headline\":\"RE 2020 : nouveau calendrier\",\"datePublished\":\"2020-05-12T04:40:22+00:00\",\"dateModified\":\"2020-05-12T04:40:25+00:00\",\"mainEntityOfPage\":{\"@id\":\"https:\\\/\\\/batijournal.com\\\/index.php\\\/re-2020-nouveau-calendrier\\\/104218\\\/\"},\"wordCount\":421,\"image\":{\"@id\":\"https:\\\/\\\/batijournal.com\\\/index.php\\\/re-2020-nouveau-calendrier\\\/104218\\\/#primaryimage\"},\"thumbnailUrl\":\"https:\\\/\\\/batijournal.com\\\/wp-content\\\/uploads\\\/2016\\\/01\\\/Chantier_Ris_Orangis_1\u220fPromiceapf.jpg\",\"keywords\":[\"RE2020\"],\"articleSection\":[\"Actualit\u00e9s\",\"\u00c9nergie &amp; Environnement\",\"zz_Actualit\u00e9s - Plan\u00e8te\",\"zz_Plan\u00e8te B\u00e2timent\"],\"inLanguage\":\"fr-FR\"},{\"@type\":\"WebPage\",\"@id\":\"https:\\\/\\\/batijournal.com\\\/index.php\\\/re-2020-nouveau-calendrier\\\/104218\\\/\",\"url\":\"https:\\\/\\\/batijournal.com\\\/index.php\\\/re-2020-nouveau-calendrier\\\/104218\\\/\",\"name\":\"RE 2020 : nouveau calendrier\",\"isPartOf\":{\"@id\":\"https:\\\/\\\/batijournal.com\\\/#website\"},\"primaryImageOfPage\":{\"@id\":\"https:\\\/\\\/batijournal.com\\\/index.php\\\/re-2020-nouveau-calendrier\\\/104218\\\/#primaryimage\"},\"image\":{\"@id\":\"https:\\\/\\\/batijournal.com\\\/index.php\\\/re-2020-nouveau-calendrier\\\/104218\\\/#primaryimage\"},\"thumbnailUrl\":\"https:\\\/\\\/batijournal.com\\\/wp-content\\\/uploads\\\/2016\\\/01\\\/Chantier_Ris_Orangis_1\u220fPromiceapf.jpg\",\"datePublished\":\"2020-05-12T04:40:22+00:00\",\"dateModified\":\"2020-05-12T04:40:25+00:00\",\"author\":{\"@id\":\"https:\\\/\\\/batijournal.com\\\/#\\\/schema\\\/person\\\/1dc96ec6957aa1ccb25ebe78bb19f100\"},\"breadcrumb\":{\"@id\":\"https:\\\/\\\/batijournal.com\\\/index.php\\\/re-2020-nouveau-calendrier\\\/104218\\\/#breadcrumb\"},\"inLanguage\":\"fr-FR\",\"potentialAction\":[{\"@type\":\"ReadAction\",\"target\":[\"https:\\\/\\\/batijournal.com\\\/index.php\\\/re-2020-nouveau-calendrier\\\/104218\\\/\"]}]},{\"@type\":\"ImageObject\",\"inLanguage\":\"fr-FR\",\"@id\":\"https:\\\/\\\/batijournal.com\\\/index.php\\\/re-2020-nouveau-calendrier\\\/104218\\\/#primaryimage\",\"url\":\"https:\\\/\\\/batijournal.com\\\/wp-content\\\/uploads\\\/2016\\\/01\\\/Chantier_Ris_Orangis_1\u220fPromiceapf.jpg\",\"contentUrl\":\"https:\\\/\\\/batijournal.com\\\/wp-content\\\/uploads\\\/2016\\\/01\\\/Chantier_Ris_Orangis_1\u220fPromiceapf.jpg\",\"width\":5587,\"height\":3572},{\"@type\":\"BreadcrumbList\",\"@id\":\"https:\\\/\\\/batijournal.com\\\/index.php\\\/re-2020-nouveau-calendrier\\\/104218\\\/#breadcrumb\",\"itemListElement\":[{\"@type\":\"ListItem\",\"position\":1,\"name\":\"Accueil\",\"item\":\"https:\\\/\\\/batijournal.com\\\/\"},{\"@type\":\"ListItem\",\"position\":2,\"name\":\"Actualit\u00e9s\",\"item\":\"https:\\\/\\\/batijournal.com\\\/index.php\\\/category\\\/actualites\\\/\"},{\"@type\":\"ListItem\",\"position\":3,\"name\":\"RE 2020 : nouveau calendrier\"}]},{\"@type\":\"WebSite\",\"@id\":\"https:\\\/\\\/batijournal.com\\\/#website\",\"url\":\"https:\\\/\\\/batijournal.com\\\/\",\"name\":\"Batijournal\",\"description\":\"L&#039;actualit\u00e9 du b\u00e2timent\",\"potentialAction\":[{\"@type\":\"SearchAction\",\"target\":{\"@type\":\"EntryPoint\",\"urlTemplate\":\"https:\\\/\\\/batijournal.com\\\/?s={search_term_string}\"},\"query-input\":{\"@type\":\"PropertyValueSpecification\",\"valueRequired\":true,\"valueName\":\"search_term_string\"}}],\"inLanguage\":\"fr-FR\"},{\"@type\":\"Person\",\"@id\":\"https:\\\/\\\/batijournal.com\\\/#\\\/schema\\\/person\\\/1dc96ec6957aa1ccb25ebe78bb19f100\",\"name\":\"St\u00e9phane Miget\",\"image\":{\"@type\":\"ImageObject\",\"inLanguage\":\"fr-FR\",\"@id\":\"https:\\\/\\\/secure.gravatar.com\\\/avatar\\\/89915563d925342126b8ef0281b93d9d7fc337043e8df017f780908eb9644451?s=96&d=mm&r=g\",\"url\":\"https:\\\/\\\/secure.gravatar.com\\\/avatar\\\/89915563d925342126b8ef0281b93d9d7fc337043e8df017f780908eb9644451?s=96&d=mm&r=g\",\"contentUrl\":\"https:\\\/\\\/secure.gravatar.com\\\/avatar\\\/89915563d925342126b8ef0281b93d9d7fc337043e8df017f780908eb9644451?s=96&d=mm&r=g\",\"caption\":\"St\u00e9phane Miget\"},\"url\":\"https:\\\/\\\/batijournal.com\\\/index.php\\\/author\\\/stephane\\\/\"}]}<\/script>\n<!-- \/ Yoast SEO plugin. -->","yoast_head_json":{"title":"RE 2020 : nouveau calendrier","robots":{"index":"index","follow":"follow","max-snippet":"max-snippet:-1","max-image-preview":"max-image-preview:large","max-video-preview":"max-video-preview:-1"},"canonical":"https:\/\/batijournal.com\/index.php\/re-2020-nouveau-calendrier\/104218\/","og_locale":"fr_FR","og_type":"article","og_title":"RE 2020 : nouveau calendrier","og_description":"Le Gouvernement a r\u00e9affirm\u00e9 son objectif de mener \u00e0 bien le chantier de la nouvelle r\u00e9glementation environnementale pour les b\u00e2timents neufs, dite \u00ab RE 2020 \u00bb. Les ambitions de la RE 2020, annonc\u00e9es le 14 janvier 2020 par le Gouvernement, demeurent plus que jamais pertinentes, en particulier : lutter contre le changement climatique en r\u00e9duisant [&hellip;]","og_url":"https:\/\/batijournal.com\/index.php\/re-2020-nouveau-calendrier\/104218\/","og_site_name":"Batijournal","article_published_time":"2020-05-12T04:40:22+00:00","article_modified_time":"2020-05-12T04:40:25+00:00","og_image":[{"width":5587,"height":3572,"url":"https:\/\/batijournal.com\/wp-content\/uploads\/2016\/01\/Chantier_Ris_Orangis_1\u220fPromiceapf.jpg","type":"image\/jpeg"}],"author":"St\u00e9phane Miget","twitter_card":"summary_large_image","twitter_creator":"@bati_journal","twitter_site":"@bati_journal","twitter_misc":{"\u00c9crit par":"St\u00e9phane Miget","Dur\u00e9e de lecture estim\u00e9e":"2 minutes"},"schema":{"@context":"https:\/\/schema.org","@graph":[{"@type":"Article","@id":"https:\/\/batijournal.com\/index.php\/re-2020-nouveau-calendrier\/104218\/#article","isPartOf":{"@id":"https:\/\/batijournal.com\/index.php\/re-2020-nouveau-calendrier\/104218\/"},"author":{"name":"St\u00e9phane Miget","@id":"https:\/\/batijournal.com\/#\/schema\/person\/1dc96ec6957aa1ccb25ebe78bb19f100"},"headline":"RE 2020 : nouveau calendrier","datePublished":"2020-05-12T04:40:22+00:00","dateModified":"2020-05-12T04:40:25+00:00","mainEntityOfPage":{"@id":"https:\/\/batijournal.com\/index.php\/re-2020-nouveau-calendrier\/104218\/"},"wordCount":421,"image":{"@id":"https:\/\/batijournal.com\/index.php\/re-2020-nouveau-calendrier\/104218\/#primaryimage"},"thumbnailUrl":"https:\/\/batijournal.com\/wp-content\/uploads\/2016\/01\/Chantier_Ris_Orangis_1\u220fPromiceapf.jpg","keywords":["RE2020"],"articleSection":["Actualit\u00e9s","\u00c9nergie &amp; Environnement","zz_Actualit\u00e9s - Plan\u00e8te","zz_Plan\u00e8te B\u00e2timent"],"inLanguage":"fr-FR"},{"@type":"WebPage","@id":"https:\/\/batijournal.com\/index.php\/re-2020-nouveau-calendrier\/104218\/","url":"https:\/\/batijournal.com\/index.php\/re-2020-nouveau-calendrier\/104218\/","name":"RE 2020 : nouveau calendrier","isPartOf":{"@id":"https:\/\/batijournal.com\/#website"},"primaryImageOfPage":{"@id":"https:\/\/batijournal.com\/index.php\/re-2020-nouveau-calendrier\/104218\/#primaryimage"},"image":{"@id":"https:\/\/batijournal.com\/index.php\/re-2020-nouveau-calendrier\/104218\/#primaryimage"},"thumbnailUrl":"https:\/\/batijournal.com\/wp-content\/uploads\/2016\/01\/Chantier_Ris_Orangis_1\u220fPromiceapf.jpg","datePublished":"2020-05-12T04:40:22+00:00","dateModified":"2020-05-12T04:40:25+00:00","author":{"@id":"https:\/\/batijournal.com\/#\/schema\/person\/1dc96ec6957aa1ccb25ebe78bb19f100"},"breadcrumb":{"@id":"https:\/\/batijournal.com\/index.php\/re-2020-nouveau-calendrier\/104218\/#breadcrumb"},"inLanguage":"fr-FR","potentialAction":[{"@type":"ReadAction","target":["https:\/\/batijournal.com\/index.php\/re-2020-nouveau-calendrier\/104218\/"]}]},{"@type":"ImageObject","inLanguage":"fr-FR","@id":"https:\/\/batijournal.com\/index.php\/re-2020-nouveau-calendrier\/104218\/#primaryimage","url":"https:\/\/batijournal.com\/wp-content\/uploads\/2016\/01\/Chantier_Ris_Orangis_1\u220fPromiceapf.jpg","contentUrl":"https:\/\/batijournal.com\/wp-content\/uploads\/2016\/01\/Chantier_Ris_Orangis_1\u220fPromiceapf.jpg","width":5587,"height":3572},{"@type":"BreadcrumbList","@id":"https:\/\/batijournal.com\/index.php\/re-2020-nouveau-calendrier\/104218\/#breadcrumb","itemListElement":[{"@type":"ListItem","position":1,"name":"Accueil","item":"https:\/\/batijournal.com\/"},{"@type":"ListItem","position":2,"name":"Actualit\u00e9s","item":"https:\/\/batijournal.com\/index.php\/category\/actualites\/"},{"@type":"ListItem","position":3,"name":"RE 2020 : nouveau calendrier"}]},{"@type":"WebSite","@id":"https:\/\/batijournal.com\/#website","url":"https:\/\/batijournal.com\/","name":"Batijournal","description":"L&#039;actualit\u00e9 du b\u00e2timent","potentialAction":[{"@type":"SearchAction","target":{"@type":"EntryPoint","urlTemplate":"https:\/\/batijournal.com\/?s={search_term_string}"},"query-input":{"@type":"PropertyValueSpecification","valueRequired":true,"valueName":"search_term_string"}}],"inLanguage":"fr-FR"},{"@type":"Person","@id":"https:\/\/batijournal.com\/#\/schema\/person\/1dc96ec6957aa1ccb25ebe78bb19f100","name":"St\u00e9phane Miget","image":{"@type":"ImageObject","inLanguage":"fr-FR","@id":"https:\/\/secure.gravatar.com\/avatar\/89915563d925342126b8ef0281b93d9d7fc337043e8df017f780908eb9644451?s=96&d=mm&r=g","url":"https:\/\/secure.gravatar.com\/avatar\/89915563d925342126b8ef0281b93d9d7fc337043e8df017f780908eb9644451?s=96&d=mm&r=g","contentUrl":"https:\/\/secure.gravatar.com\/avatar\/89915563d925342126b8ef0281b93d9d7fc337043e8df017f780908eb9644451?s=96&d=mm&r=g","caption":"St\u00e9phane Miget"},"url":"https:\/\/batijournal.com\/index.php\/author\/stephane\/"}]}},"_links":{"self":[{"href":"https:\/\/batijournal.com\/index.php\/wp-json\/wp\/v2\/posts\/104218","targetHints":{"allow":["GET"]}}],"collection":[{"href":"https:\/\/batijournal.com\/index.php\/wp-json\/wp\/v2\/posts"}],"about":[{"href":"https:\/\/batijournal.com\/index.php\/wp-json\/wp\/v2\/types\/post"}],"author":[{"embeddable":true,"href":"https:\/\/batijournal.com\/index.php\/wp-json\/wp\/v2\/users\/17"}],"replies":[{"embeddable":true,"href":"https:\/\/batijournal.com\/index.php\/wp-json\/wp\/v2\/comments?post=104218"}],"version-history":[{"count":0,"href":"https:\/\/batijournal.com\/index.php\/wp-json\/wp\/v2\/posts\/104218\/revisions"}],"wp:featuredmedia":[{"embeddable":true,"href":"https:\/\/batijournal.com\/index.php\/wp-json\/wp\/v2\/media\/91118"}],"wp:attachment":[{"href":"https:\/\/batijournal.com\/index.php\/wp-json\/wp\/v2\/media?parent=104218"}],"wp:term":[{"taxonomy":"category","embeddable":true,"href":"https:\/\/batijournal.com\/index.php\/wp-json\/wp\/v2\/categories?post=104218"},{"taxonomy":"post_tag","embeddable":true,"href":"https:\/\/batijournal.com\/index.php\/wp-json\/wp\/v2\/tags?post=104218"}],"curies":[{"name":"wp","href":"https:\/\/api.w.org\/{rel}","templated":true}]}}