{"id":104223,"date":"2020-05-12T22:34:35","date_gmt":"2020-05-12T20:34:35","guid":{"rendered":"https:\/\/batijournal.com\/?p=104223"},"modified":"2020-05-12T22:34:37","modified_gmt":"2020-05-12T20:34:37","slug":"planification-urbaine-bas-carbone","status":"publish","type":"post","link":"https:\/\/batijournal.com\/index.php\/planification-urbaine-bas-carbone\/104223\/","title":{"rendered":"Planification urbaine bas carbone"},"content":{"rendered":"\n<p>Depuis novembre 2019, l\u2019ADEME accompagne 16 collectivit\u00e9s territoriales laur\u00e9ates de l\u2019appel \u00e0 manifestation d\u2019int\u00e9r\u00eat \u00ab planification urbaine au service des strat\u00e9gies bas carbone \u00bb pour exp\u00e9rimenter l\u2019effet levier de l\u2019urbanisme dans la mise en \u0153uvre de la transition \u00e9nerg\u00e9tique et \u00e9cologique. Cet appel \u00e0 projet vise \u00e0 favoriser la prise en compte des enjeux de la transition \u00e9nerg\u00e9tique et \u00e9cologique dans les documents de planification (SCoT, PLUi et PLU). Pour accompagner les laur\u00e9ats, l\u2019ADEME a missionn\u00e9 le CEREMA pour une Assistance \u00e0 Ma\u00eetrise d\u2019Ouvrage (AMO), mutualis\u00e9e au niveau national. Parmi les 16 collectivit\u00e9s, en fonction de la nature et avancement du projets, 12 b\u00e9n\u00e9ficient d\u2019un accompagnement personnalis\u00e9 en ing\u00e9nierie, les 4 autres de l\u2019accompagnement collectif.<\/p>\n\n\n\n<p><a href=\"http:\/\/www.experimentationsurbaines.ademe.fr\">http:\/\/www.experimentationsurbaines.ademe.fr<\/a><\/p>\n","protected":false},"excerpt":{"rendered":"<p>Depuis novembre 2019, l\u2019ADEME accompagne 16 collectivit\u00e9s territoriales laur\u00e9ates de l\u2019appel \u00e0 manifestation d\u2019int\u00e9r\u00eat \u00ab planification urbaine au service des strat\u00e9gies bas carbone \u00bb pour exp\u00e9rimenter l\u2019effet levier de l\u2019urbanisme dans la mise en \u0153uvre de la transition \u00e9nerg\u00e9tique et \u00e9cologique. Cet appel \u00e0 projet vise \u00e0 favoriser la prise en compte des enjeux de [&hellip;]<\/p>\n","protected":false},"author":17,"featured_media":104224,"comment_status":"closed","ping_status":"closed","sticky":false,"template":"","format":"standard","meta":{"_et_pb_use_builder":"","_et_pb_old_content":"","_et_gb_content_width":"","footnotes":""},"categories":[10530,6351,10781,10778],"tags":[],"class_list":["post-104223","post","type-post","status-publish","format-standard","has-post-thumbnail","hentry","category-actualites","category-energie-environnement","category-publications-planete","category-planete"],"yoast_head":"<!-- This site is optimized with the Yoast SEO plugin v27.4 - https:\/\/yoast.com\/product\/yoast-seo-wordpress\/ -->\n<title>Planification urbaine bas carbone<\/title>\n<meta name=\"robots\" content=\"index, follow, max-snippet:-1, max-image-preview:large, max-video-preview:-1\" \/>\n<link rel=\"canonical\" href=\"https:\/\/batijournal.com\/index.php\/planification-urbaine-bas-carbone\/104223\/\" \/>\n<meta property=\"og:locale\" content=\"fr_FR\" \/>\n<meta property=\"og:type\" content=\"article\" \/>\n<meta property=\"og:title\" content=\"Planification urbaine bas carbone\" \/>\n<meta property=\"og:description\" content=\"Depuis novembre 2019, l\u2019ADEME accompagne 16 collectivit\u00e9s territoriales laur\u00e9ates de l\u2019appel \u00e0 manifestation d\u2019int\u00e9r\u00eat \u00ab planification urbaine au service des strat\u00e9gies bas carbone \u00bb pour exp\u00e9rimenter l\u2019effet levier de l\u2019urbanisme dans la mise en \u0153uvre de la transition \u00e9nerg\u00e9tique et \u00e9cologique. Cet appel \u00e0 projet vise \u00e0 favoriser la prise en compte des enjeux de [&hellip;]\" \/>\n<meta property=\"og:url\" content=\"https:\/\/batijournal.com\/index.php\/planification-urbaine-bas-carbone\/104223\/\" \/>\n<meta property=\"og:site_name\" content=\"Batijournal\" \/>\n<meta property=\"article:published_time\" content=\"2020-05-12T20:34:35+00:00\" \/>\n<meta property=\"article:modified_time\" content=\"2020-05-12T20:34:37+00:00\" \/>\n<meta property=\"og:image\" content=\"https:\/\/batijournal.com\/wp-content\/uploads\/2020\/05\/carte-collectivites-768x427-1.png\" \/>\n\t<meta property=\"og:image:width\" content=\"768\" \/>\n\t<meta property=\"og:image:height\" content=\"427\" \/>\n\t<meta property=\"og:image:type\" content=\"image\/png\" \/>\n<meta name=\"author\" content=\"St\u00e9phane Miget\" \/>\n<meta name=\"twitter:card\" content=\"summary_large_image\" \/>\n<meta name=\"twitter:creator\" content=\"@bati_journal\" \/>\n<meta name=\"twitter:site\" content=\"@bati_journal\" \/>\n<meta name=\"twitter:label1\" content=\"\u00c9crit par\" \/>\n\t<meta name=\"twitter:data1\" content=\"St\u00e9phane Miget\" \/>\n\t<meta name=\"twitter:label2\" content=\"Dur\u00e9e de lecture estim\u00e9e\" \/>\n\t<meta name=\"twitter:data2\" content=\"1 minute\" \/>\n<script type=\"application\/ld+json\" class=\"yoast-schema-graph\">{\"@context\":\"https:\\\/\\\/schema.org\",\"@graph\":[{\"@type\":\"Article\",\"@id\":\"https:\\\/\\\/batijournal.com\\\/index.php\\\/planification-urbaine-bas-carbone\\\/104223\\\/#article\",\"isPartOf\":{\"@id\":\"https:\\\/\\\/batijournal.com\\\/index.php\\\/planification-urbaine-bas-carbone\\\/104223\\\/\"},\"author\":{\"name\":\"St\u00e9phane Miget\",\"@id\":\"https:\\\/\\\/batijournal.com\\\/#\\\/schema\\\/person\\\/1dc96ec6957aa1ccb25ebe78bb19f100\"},\"headline\":\"Planification urbaine bas carbone\",\"datePublished\":\"2020-05-12T20:34:35+00:00\",\"dateModified\":\"2020-05-12T20:34:37+00:00\",\"mainEntityOfPage\":{\"@id\":\"https:\\\/\\\/batijournal.com\\\/index.php\\\/planification-urbaine-bas-carbone\\\/104223\\\/\"},\"wordCount\":137,\"image\":{\"@id\":\"https:\\\/\\\/batijournal.com\\\/index.php\\\/planification-urbaine-bas-carbone\\\/104223\\\/#primaryimage\"},\"thumbnailUrl\":\"https:\\\/\\\/batijournal.com\\\/wp-content\\\/uploads\\\/2020\\\/05\\\/carte-collectivites-768x427-1.png\",\"articleSection\":[\"Actualit\u00e9s\",\"\u00c9nergie &amp; Environnement\",\"zz_Actualit\u00e9s - Plan\u00e8te\",\"zz_Plan\u00e8te B\u00e2timent\"],\"inLanguage\":\"fr-FR\"},{\"@type\":\"WebPage\",\"@id\":\"https:\\\/\\\/batijournal.com\\\/index.php\\\/planification-urbaine-bas-carbone\\\/104223\\\/\",\"url\":\"https:\\\/\\\/batijournal.com\\\/index.php\\\/planification-urbaine-bas-carbone\\\/104223\\\/\",\"name\":\"Planification urbaine bas carbone\",\"isPartOf\":{\"@id\":\"https:\\\/\\\/batijournal.com\\\/#website\"},\"primaryImageOfPage\":{\"@id\":\"https:\\\/\\\/batijournal.com\\\/index.php\\\/planification-urbaine-bas-carbone\\\/104223\\\/#primaryimage\"},\"image\":{\"@id\":\"https:\\\/\\\/batijournal.com\\\/index.php\\\/planification-urbaine-bas-carbone\\\/104223\\\/#primaryimage\"},\"thumbnailUrl\":\"https:\\\/\\\/batijournal.com\\\/wp-content\\\/uploads\\\/2020\\\/05\\\/carte-collectivites-768x427-1.png\",\"datePublished\":\"2020-05-12T20:34:35+00:00\",\"dateModified\":\"2020-05-12T20:34:37+00:00\",\"author\":{\"@id\":\"https:\\\/\\\/batijournal.com\\\/#\\\/schema\\\/person\\\/1dc96ec6957aa1ccb25ebe78bb19f100\"},\"breadcrumb\":{\"@id\":\"https:\\\/\\\/batijournal.com\\\/index.php\\\/planification-urbaine-bas-carbone\\\/104223\\\/#breadcrumb\"},\"inLanguage\":\"fr-FR\",\"potentialAction\":[{\"@type\":\"ReadAction\",\"target\":[\"https:\\\/\\\/batijournal.com\\\/index.php\\\/planification-urbaine-bas-carbone\\\/104223\\\/\"]}]},{\"@type\":\"ImageObject\",\"inLanguage\":\"fr-FR\",\"@id\":\"https:\\\/\\\/batijournal.com\\\/index.php\\\/planification-urbaine-bas-carbone\\\/104223\\\/#primaryimage\",\"url\":\"https:\\\/\\\/batijournal.com\\\/wp-content\\\/uploads\\\/2020\\\/05\\\/carte-collectivites-768x427-1.png\",\"contentUrl\":\"https:\\\/\\\/batijournal.com\\\/wp-content\\\/uploads\\\/2020\\\/05\\\/carte-collectivites-768x427-1.png\",\"width\":768,\"height\":427},{\"@type\":\"BreadcrumbList\",\"@id\":\"https:\\\/\\\/batijournal.com\\\/index.php\\\/planification-urbaine-bas-carbone\\\/104223\\\/#breadcrumb\",\"itemListElement\":[{\"@type\":\"ListItem\",\"position\":1,\"name\":\"Accueil\",\"item\":\"https:\\\/\\\/batijournal.com\\\/\"},{\"@type\":\"ListItem\",\"position\":2,\"name\":\"Actualit\u00e9s\",\"item\":\"https:\\\/\\\/batijournal.com\\\/index.php\\\/category\\\/actualites\\\/\"},{\"@type\":\"ListItem\",\"position\":3,\"name\":\"Planification urbaine bas carbone\"}]},{\"@type\":\"WebSite\",\"@id\":\"https:\\\/\\\/batijournal.com\\\/#website\",\"url\":\"https:\\\/\\\/batijournal.com\\\/\",\"name\":\"Batijournal\",\"description\":\"L&#039;actualit\u00e9 du b\u00e2timent\",\"potentialAction\":[{\"@type\":\"SearchAction\",\"target\":{\"@type\":\"EntryPoint\",\"urlTemplate\":\"https:\\\/\\\/batijournal.com\\\/?s={search_term_string}\"},\"query-input\":{\"@type\":\"PropertyValueSpecification\",\"valueRequired\":true,\"valueName\":\"search_term_string\"}}],\"inLanguage\":\"fr-FR\"},{\"@type\":\"Person\",\"@id\":\"https:\\\/\\\/batijournal.com\\\/#\\\/schema\\\/person\\\/1dc96ec6957aa1ccb25ebe78bb19f100\",\"name\":\"St\u00e9phane Miget\",\"image\":{\"@type\":\"ImageObject\",\"inLanguage\":\"fr-FR\",\"@id\":\"https:\\\/\\\/secure.gravatar.com\\\/avatar\\\/89915563d925342126b8ef0281b93d9d7fc337043e8df017f780908eb9644451?s=96&d=mm&r=g\",\"url\":\"https:\\\/\\\/secure.gravatar.com\\\/avatar\\\/89915563d925342126b8ef0281b93d9d7fc337043e8df017f780908eb9644451?s=96&d=mm&r=g\",\"contentUrl\":\"https:\\\/\\\/secure.gravatar.com\\\/avatar\\\/89915563d925342126b8ef0281b93d9d7fc337043e8df017f780908eb9644451?s=96&d=mm&r=g\",\"caption\":\"St\u00e9phane Miget\"},\"url\":\"https:\\\/\\\/batijournal.com\\\/index.php\\\/author\\\/stephane\\\/\"}]}<\/script>\n<!-- \/ Yoast SEO plugin. -->","yoast_head_json":{"title":"Planification urbaine bas carbone","robots":{"index":"index","follow":"follow","max-snippet":"max-snippet:-1","max-image-preview":"max-image-preview:large","max-video-preview":"max-video-preview:-1"},"canonical":"https:\/\/batijournal.com\/index.php\/planification-urbaine-bas-carbone\/104223\/","og_locale":"fr_FR","og_type":"article","og_title":"Planification urbaine bas carbone","og_description":"Depuis novembre 2019, l\u2019ADEME accompagne 16 collectivit\u00e9s territoriales laur\u00e9ates de l\u2019appel \u00e0 manifestation d\u2019int\u00e9r\u00eat \u00ab planification urbaine au service des strat\u00e9gies bas carbone \u00bb pour exp\u00e9rimenter l\u2019effet levier de l\u2019urbanisme dans la mise en \u0153uvre de la transition \u00e9nerg\u00e9tique et \u00e9cologique. Cet appel \u00e0 projet vise \u00e0 favoriser la prise en compte des enjeux de [&hellip;]","og_url":"https:\/\/batijournal.com\/index.php\/planification-urbaine-bas-carbone\/104223\/","og_site_name":"Batijournal","article_published_time":"2020-05-12T20:34:35+00:00","article_modified_time":"2020-05-12T20:34:37+00:00","og_image":[{"width":768,"height":427,"url":"https:\/\/batijournal.com\/wp-content\/uploads\/2020\/05\/carte-collectivites-768x427-1.png","type":"image\/png"}],"author":"St\u00e9phane Miget","twitter_card":"summary_large_image","twitter_creator":"@bati_journal","twitter_site":"@bati_journal","twitter_misc":{"\u00c9crit par":"St\u00e9phane Miget","Dur\u00e9e de lecture estim\u00e9e":"1 minute"},"schema":{"@context":"https:\/\/schema.org","@graph":[{"@type":"Article","@id":"https:\/\/batijournal.com\/index.php\/planification-urbaine-bas-carbone\/104223\/#article","isPartOf":{"@id":"https:\/\/batijournal.com\/index.php\/planification-urbaine-bas-carbone\/104223\/"},"author":{"name":"St\u00e9phane Miget","@id":"https:\/\/batijournal.com\/#\/schema\/person\/1dc96ec6957aa1ccb25ebe78bb19f100"},"headline":"Planification urbaine bas carbone","datePublished":"2020-05-12T20:34:35+00:00","dateModified":"2020-05-12T20:34:37+00:00","mainEntityOfPage":{"@id":"https:\/\/batijournal.com\/index.php\/planification-urbaine-bas-carbone\/104223\/"},"wordCount":137,"image":{"@id":"https:\/\/batijournal.com\/index.php\/planification-urbaine-bas-carbone\/104223\/#primaryimage"},"thumbnailUrl":"https:\/\/batijournal.com\/wp-content\/uploads\/2020\/05\/carte-collectivites-768x427-1.png","articleSection":["Actualit\u00e9s","\u00c9nergie &amp; Environnement","zz_Actualit\u00e9s - Plan\u00e8te","zz_Plan\u00e8te B\u00e2timent"],"inLanguage":"fr-FR"},{"@type":"WebPage","@id":"https:\/\/batijournal.com\/index.php\/planification-urbaine-bas-carbone\/104223\/","url":"https:\/\/batijournal.com\/index.php\/planification-urbaine-bas-carbone\/104223\/","name":"Planification urbaine bas carbone","isPartOf":{"@id":"https:\/\/batijournal.com\/#website"},"primaryImageOfPage":{"@id":"https:\/\/batijournal.com\/index.php\/planification-urbaine-bas-carbone\/104223\/#primaryimage"},"image":{"@id":"https:\/\/batijournal.com\/index.php\/planification-urbaine-bas-carbone\/104223\/#primaryimage"},"thumbnailUrl":"https:\/\/batijournal.com\/wp-content\/uploads\/2020\/05\/carte-collectivites-768x427-1.png","datePublished":"2020-05-12T20:34:35+00:00","dateModified":"2020-05-12T20:34:37+00:00","author":{"@id":"https:\/\/batijournal.com\/#\/schema\/person\/1dc96ec6957aa1ccb25ebe78bb19f100"},"breadcrumb":{"@id":"https:\/\/batijournal.com\/index.php\/planification-urbaine-bas-carbone\/104223\/#breadcrumb"},"inLanguage":"fr-FR","potentialAction":[{"@type":"ReadAction","target":["https:\/\/batijournal.com\/index.php\/planification-urbaine-bas-carbone\/104223\/"]}]},{"@type":"ImageObject","inLanguage":"fr-FR","@id":"https:\/\/batijournal.com\/index.php\/planification-urbaine-bas-carbone\/104223\/#primaryimage","url":"https:\/\/batijournal.com\/wp-content\/uploads\/2020\/05\/carte-collectivites-768x427-1.png","contentUrl":"https:\/\/batijournal.com\/wp-content\/uploads\/2020\/05\/carte-collectivites-768x427-1.png","width":768,"height":427},{"@type":"BreadcrumbList","@id":"https:\/\/batijournal.com\/index.php\/planification-urbaine-bas-carbone\/104223\/#breadcrumb","itemListElement":[{"@type":"ListItem","position":1,"name":"Accueil","item":"https:\/\/batijournal.com\/"},{"@type":"ListItem","position":2,"name":"Actualit\u00e9s","item":"https:\/\/batijournal.com\/index.php\/category\/actualites\/"},{"@type":"ListItem","position":3,"name":"Planification urbaine bas carbone"}]},{"@type":"WebSite","@id":"https:\/\/batijournal.com\/#website","url":"https:\/\/batijournal.com\/","name":"Batijournal","description":"L&#039;actualit\u00e9 du b\u00e2timent","potentialAction":[{"@type":"SearchAction","target":{"@type":"EntryPoint","urlTemplate":"https:\/\/batijournal.com\/?s={search_term_string}"},"query-input":{"@type":"PropertyValueSpecification","valueRequired":true,"valueName":"search_term_string"}}],"inLanguage":"fr-FR"},{"@type":"Person","@id":"https:\/\/batijournal.com\/#\/schema\/person\/1dc96ec6957aa1ccb25ebe78bb19f100","name":"St\u00e9phane Miget","image":{"@type":"ImageObject","inLanguage":"fr-FR","@id":"https:\/\/secure.gravatar.com\/avatar\/89915563d925342126b8ef0281b93d9d7fc337043e8df017f780908eb9644451?s=96&d=mm&r=g","url":"https:\/\/secure.gravatar.com\/avatar\/89915563d925342126b8ef0281b93d9d7fc337043e8df017f780908eb9644451?s=96&d=mm&r=g","contentUrl":"https:\/\/secure.gravatar.com\/avatar\/89915563d925342126b8ef0281b93d9d7fc337043e8df017f780908eb9644451?s=96&d=mm&r=g","caption":"St\u00e9phane Miget"},"url":"https:\/\/batijournal.com\/index.php\/author\/stephane\/"}]}},"_links":{"self":[{"href":"https:\/\/batijournal.com\/index.php\/wp-json\/wp\/v2\/posts\/104223","targetHints":{"allow":["GET"]}}],"collection":[{"href":"https:\/\/batijournal.com\/index.php\/wp-json\/wp\/v2\/posts"}],"about":[{"href":"https:\/\/batijournal.com\/index.php\/wp-json\/wp\/v2\/types\/post"}],"author":[{"embeddable":true,"href":"https:\/\/batijournal.com\/index.php\/wp-json\/wp\/v2\/users\/17"}],"replies":[{"embeddable":true,"href":"https:\/\/batijournal.com\/index.php\/wp-json\/wp\/v2\/comments?post=104223"}],"version-history":[{"count":0,"href":"https:\/\/batijournal.com\/index.php\/wp-json\/wp\/v2\/posts\/104223\/revisions"}],"wp:featuredmedia":[{"embeddable":true,"href":"https:\/\/batijournal.com\/index.php\/wp-json\/wp\/v2\/media\/104224"}],"wp:attachment":[{"href":"https:\/\/batijournal.com\/index.php\/wp-json\/wp\/v2\/media?parent=104223"}],"wp:term":[{"taxonomy":"category","embeddable":true,"href":"https:\/\/batijournal.com\/index.php\/wp-json\/wp\/v2\/categories?post=104223"},{"taxonomy":"post_tag","embeddable":true,"href":"https:\/\/batijournal.com\/index.php\/wp-json\/wp\/v2\/tags?post=104223"}],"curies":[{"name":"wp","href":"https:\/\/api.w.org\/{rel}","templated":true}]}}