{"id":104225,"date":"2020-05-13T07:36:16","date_gmt":"2020-05-13T05:36:16","guid":{"rendered":"https:\/\/batijournal.com\/?p=104225"},"modified":"2020-05-13T07:36:18","modified_gmt":"2020-05-13T05:36:18","slug":"forfait-mobilites-durables","status":"publish","type":"post","link":"https:\/\/batijournal.com\/index.php\/forfait-mobilites-durables\/104225\/","title":{"rendered":"Forfait mobilit\u00e9s durables"},"content":{"rendered":"\n<p>Dans le cadre du d\u00e9confinement, le d\u00e9cret \u00ab forfait mobilit\u00e9s durables \u00bb a \u00e9t\u00e9 publi\u00e9 ce dimanche 10 mai pour permettre aux entreprises d\u2019encourager le recours par leurs salari\u00e9s \u00e0 des transports plus propres. Le \u00ab forfait mobilit\u00e9s durables \u00bb permet aux employeurs de prendre en charge de mani\u00e8re facultative les frais de d\u00e9placement de leurs salari\u00e9s sur leur trajet domicile-travail effectu\u00e9 avec des modes alternatifs \u00e0 la voiture individuelle : \u00e0 v\u00e9lo ; en covoiturage (en tant que conducteur ou passager) ; avec des engins de d\u00e9placement personnels (motoris\u00e9s ou non) en location ou en libre-service (comme les scooter et trottinettes \u00e9lectriques \u00ab en free-floating \u00bb) ; en autopartage avec des v\u00e9hicules \u00e9lectriques, hybrides rechargeables ou hydrog\u00e8ne ; avec des titres de transports en commun (hors abonnement).<br \/>Il est exon\u00e9r\u00e9 d\u2019imp\u00f4t sur le revenu et de cotisations sociales jusqu\u2019\u00e0 400 euros par an et par salari\u00e9. Il remplace l\u2019indemnit\u00e9 kilom\u00e9trique v\u00e9lo mise en place jusqu\u2019\u00e0 ce jour, mais le d\u00e9cret pr\u00e9voit le maintien de cette prise en charge lorsqu\u2019elle est en vigueur dans les entreprises et pr\u00e9vue dans les accords salariaux existants. Le forfait est cumulable avec la participation de l\u2019employeur \u00e0 l\u2019abonnement de transport en commun mais l\u2019avantage fiscal r\u00e9sultant des deux aides ne pourra d\u00e9passer le montant maximum entre 400 \u20ac par an et le montant du remboursement de l\u2019abonnement de transport en commun.<\/p>\n","protected":false},"excerpt":{"rendered":"<p>Dans le cadre du d\u00e9confinement, le d\u00e9cret \u00ab forfait mobilit\u00e9s durables \u00bb a \u00e9t\u00e9 publi\u00e9 ce dimanche 10 mai pour permettre aux entreprises d\u2019encourager le recours par leurs salari\u00e9s \u00e0 des transports plus propres. Le \u00ab forfait mobilit\u00e9s durables \u00bb permet aux employeurs de prendre en charge de mani\u00e8re facultative les frais de d\u00e9placement de [&hellip;]<\/p>\n","protected":false},"author":17,"featured_media":104226,"comment_status":"closed","ping_status":"closed","sticky":false,"template":"","format":"standard","meta":{"_et_pb_use_builder":"","_et_pb_old_content":"","_et_gb_content_width":"","footnotes":""},"categories":[10530,6362,10781,10778],"tags":[],"class_list":["post-104225","post","type-post","status-publish","format-standard","has-post-thumbnail","hentry","category-actualites","category-services-equipements","category-publications-planete","category-planete"],"yoast_head":"<!-- This site is optimized with the Yoast SEO plugin v27.4 - https:\/\/yoast.com\/product\/yoast-seo-wordpress\/ -->\n<title>Forfait mobilit\u00e9s durables<\/title>\n<meta name=\"robots\" content=\"index, follow, max-snippet:-1, max-image-preview:large, max-video-preview:-1\" \/>\n<link rel=\"canonical\" href=\"https:\/\/batijournal.com\/index.php\/forfait-mobilites-durables\/104225\/\" \/>\n<meta property=\"og:locale\" content=\"fr_FR\" \/>\n<meta property=\"og:type\" content=\"article\" \/>\n<meta property=\"og:title\" content=\"Forfait mobilit\u00e9s durables\" \/>\n<meta property=\"og:description\" content=\"Dans le cadre du d\u00e9confinement, le d\u00e9cret \u00ab forfait mobilit\u00e9s durables \u00bb a \u00e9t\u00e9 publi\u00e9 ce dimanche 10 mai pour permettre aux entreprises d\u2019encourager le recours par leurs salari\u00e9s \u00e0 des transports plus propres. Le \u00ab forfait mobilit\u00e9s durables \u00bb permet aux employeurs de prendre en charge de mani\u00e8re facultative les frais de d\u00e9placement de [&hellip;]\" \/>\n<meta property=\"og:url\" content=\"https:\/\/batijournal.com\/index.php\/forfait-mobilites-durables\/104225\/\" \/>\n<meta property=\"og:site_name\" content=\"Batijournal\" \/>\n<meta property=\"article:published_time\" content=\"2020-05-13T05:36:16+00:00\" \/>\n<meta property=\"article:modified_time\" content=\"2020-05-13T05:36:18+00:00\" \/>\n<meta property=\"og:image\" content=\"https:\/\/batijournal.com\/wp-content\/uploads\/2020\/05\/velo-ville.jpg\" \/>\n\t<meta property=\"og:image:width\" content=\"1200\" \/>\n\t<meta property=\"og:image:height\" content=\"914\" \/>\n\t<meta property=\"og:image:type\" content=\"image\/jpeg\" \/>\n<meta name=\"author\" content=\"St\u00e9phane Miget\" \/>\n<meta name=\"twitter:card\" content=\"summary_large_image\" \/>\n<meta name=\"twitter:creator\" content=\"@bati_journal\" \/>\n<meta name=\"twitter:site\" content=\"@bati_journal\" \/>\n<meta name=\"twitter:label1\" content=\"\u00c9crit par\" \/>\n\t<meta name=\"twitter:data1\" content=\"St\u00e9phane Miget\" \/>\n\t<meta name=\"twitter:label2\" content=\"Dur\u00e9e de lecture estim\u00e9e\" \/>\n\t<meta name=\"twitter:data2\" content=\"1 minute\" \/>\n<script type=\"application\/ld+json\" class=\"yoast-schema-graph\">{\"@context\":\"https:\\\/\\\/schema.org\",\"@graph\":[{\"@type\":\"Article\",\"@id\":\"https:\\\/\\\/batijournal.com\\\/index.php\\\/forfait-mobilites-durables\\\/104225\\\/#article\",\"isPartOf\":{\"@id\":\"https:\\\/\\\/batijournal.com\\\/index.php\\\/forfait-mobilites-durables\\\/104225\\\/\"},\"author\":{\"name\":\"St\u00e9phane Miget\",\"@id\":\"https:\\\/\\\/batijournal.com\\\/#\\\/schema\\\/person\\\/1dc96ec6957aa1ccb25ebe78bb19f100\"},\"headline\":\"Forfait mobilit\u00e9s durables\",\"datePublished\":\"2020-05-13T05:36:16+00:00\",\"dateModified\":\"2020-05-13T05:36:18+00:00\",\"mainEntityOfPage\":{\"@id\":\"https:\\\/\\\/batijournal.com\\\/index.php\\\/forfait-mobilites-durables\\\/104225\\\/\"},\"wordCount\":242,\"image\":{\"@id\":\"https:\\\/\\\/batijournal.com\\\/index.php\\\/forfait-mobilites-durables\\\/104225\\\/#primaryimage\"},\"thumbnailUrl\":\"https:\\\/\\\/batijournal.com\\\/wp-content\\\/uploads\\\/2020\\\/05\\\/velo-ville.jpg\",\"articleSection\":[\"Actualit\u00e9s\",\"Divers\",\"zz_Actualit\u00e9s - Plan\u00e8te\",\"zz_Plan\u00e8te B\u00e2timent\"],\"inLanguage\":\"fr-FR\"},{\"@type\":\"WebPage\",\"@id\":\"https:\\\/\\\/batijournal.com\\\/index.php\\\/forfait-mobilites-durables\\\/104225\\\/\",\"url\":\"https:\\\/\\\/batijournal.com\\\/index.php\\\/forfait-mobilites-durables\\\/104225\\\/\",\"name\":\"Forfait mobilit\u00e9s durables\",\"isPartOf\":{\"@id\":\"https:\\\/\\\/batijournal.com\\\/#website\"},\"primaryImageOfPage\":{\"@id\":\"https:\\\/\\\/batijournal.com\\\/index.php\\\/forfait-mobilites-durables\\\/104225\\\/#primaryimage\"},\"image\":{\"@id\":\"https:\\\/\\\/batijournal.com\\\/index.php\\\/forfait-mobilites-durables\\\/104225\\\/#primaryimage\"},\"thumbnailUrl\":\"https:\\\/\\\/batijournal.com\\\/wp-content\\\/uploads\\\/2020\\\/05\\\/velo-ville.jpg\",\"datePublished\":\"2020-05-13T05:36:16+00:00\",\"dateModified\":\"2020-05-13T05:36:18+00:00\",\"author\":{\"@id\":\"https:\\\/\\\/batijournal.com\\\/#\\\/schema\\\/person\\\/1dc96ec6957aa1ccb25ebe78bb19f100\"},\"breadcrumb\":{\"@id\":\"https:\\\/\\\/batijournal.com\\\/index.php\\\/forfait-mobilites-durables\\\/104225\\\/#breadcrumb\"},\"inLanguage\":\"fr-FR\",\"potentialAction\":[{\"@type\":\"ReadAction\",\"target\":[\"https:\\\/\\\/batijournal.com\\\/index.php\\\/forfait-mobilites-durables\\\/104225\\\/\"]}]},{\"@type\":\"ImageObject\",\"inLanguage\":\"fr-FR\",\"@id\":\"https:\\\/\\\/batijournal.com\\\/index.php\\\/forfait-mobilites-durables\\\/104225\\\/#primaryimage\",\"url\":\"https:\\\/\\\/batijournal.com\\\/wp-content\\\/uploads\\\/2020\\\/05\\\/velo-ville.jpg\",\"contentUrl\":\"https:\\\/\\\/batijournal.com\\\/wp-content\\\/uploads\\\/2020\\\/05\\\/velo-ville.jpg\",\"width\":1200,\"height\":914},{\"@type\":\"BreadcrumbList\",\"@id\":\"https:\\\/\\\/batijournal.com\\\/index.php\\\/forfait-mobilites-durables\\\/104225\\\/#breadcrumb\",\"itemListElement\":[{\"@type\":\"ListItem\",\"position\":1,\"name\":\"Accueil\",\"item\":\"https:\\\/\\\/batijournal.com\\\/\"},{\"@type\":\"ListItem\",\"position\":2,\"name\":\"Actualit\u00e9s\",\"item\":\"https:\\\/\\\/batijournal.com\\\/index.php\\\/category\\\/actualites\\\/\"},{\"@type\":\"ListItem\",\"position\":3,\"name\":\"Forfait mobilit\u00e9s durables\"}]},{\"@type\":\"WebSite\",\"@id\":\"https:\\\/\\\/batijournal.com\\\/#website\",\"url\":\"https:\\\/\\\/batijournal.com\\\/\",\"name\":\"Batijournal\",\"description\":\"L&#039;actualit\u00e9 du b\u00e2timent\",\"potentialAction\":[{\"@type\":\"SearchAction\",\"target\":{\"@type\":\"EntryPoint\",\"urlTemplate\":\"https:\\\/\\\/batijournal.com\\\/?s={search_term_string}\"},\"query-input\":{\"@type\":\"PropertyValueSpecification\",\"valueRequired\":true,\"valueName\":\"search_term_string\"}}],\"inLanguage\":\"fr-FR\"},{\"@type\":\"Person\",\"@id\":\"https:\\\/\\\/batijournal.com\\\/#\\\/schema\\\/person\\\/1dc96ec6957aa1ccb25ebe78bb19f100\",\"name\":\"St\u00e9phane Miget\",\"image\":{\"@type\":\"ImageObject\",\"inLanguage\":\"fr-FR\",\"@id\":\"https:\\\/\\\/secure.gravatar.com\\\/avatar\\\/89915563d925342126b8ef0281b93d9d7fc337043e8df017f780908eb9644451?s=96&d=mm&r=g\",\"url\":\"https:\\\/\\\/secure.gravatar.com\\\/avatar\\\/89915563d925342126b8ef0281b93d9d7fc337043e8df017f780908eb9644451?s=96&d=mm&r=g\",\"contentUrl\":\"https:\\\/\\\/secure.gravatar.com\\\/avatar\\\/89915563d925342126b8ef0281b93d9d7fc337043e8df017f780908eb9644451?s=96&d=mm&r=g\",\"caption\":\"St\u00e9phane Miget\"},\"url\":\"https:\\\/\\\/batijournal.com\\\/index.php\\\/author\\\/stephane\\\/\"}]}<\/script>\n<!-- \/ Yoast SEO plugin. -->","yoast_head_json":{"title":"Forfait mobilit\u00e9s durables","robots":{"index":"index","follow":"follow","max-snippet":"max-snippet:-1","max-image-preview":"max-image-preview:large","max-video-preview":"max-video-preview:-1"},"canonical":"https:\/\/batijournal.com\/index.php\/forfait-mobilites-durables\/104225\/","og_locale":"fr_FR","og_type":"article","og_title":"Forfait mobilit\u00e9s durables","og_description":"Dans le cadre du d\u00e9confinement, le d\u00e9cret \u00ab forfait mobilit\u00e9s durables \u00bb a \u00e9t\u00e9 publi\u00e9 ce dimanche 10 mai pour permettre aux entreprises d\u2019encourager le recours par leurs salari\u00e9s \u00e0 des transports plus propres. Le \u00ab forfait mobilit\u00e9s durables \u00bb permet aux employeurs de prendre en charge de mani\u00e8re facultative les frais de d\u00e9placement de [&hellip;]","og_url":"https:\/\/batijournal.com\/index.php\/forfait-mobilites-durables\/104225\/","og_site_name":"Batijournal","article_published_time":"2020-05-13T05:36:16+00:00","article_modified_time":"2020-05-13T05:36:18+00:00","og_image":[{"width":1200,"height":914,"url":"https:\/\/batijournal.com\/wp-content\/uploads\/2020\/05\/velo-ville.jpg","type":"image\/jpeg"}],"author":"St\u00e9phane Miget","twitter_card":"summary_large_image","twitter_creator":"@bati_journal","twitter_site":"@bati_journal","twitter_misc":{"\u00c9crit par":"St\u00e9phane Miget","Dur\u00e9e de lecture estim\u00e9e":"1 minute"},"schema":{"@context":"https:\/\/schema.org","@graph":[{"@type":"Article","@id":"https:\/\/batijournal.com\/index.php\/forfait-mobilites-durables\/104225\/#article","isPartOf":{"@id":"https:\/\/batijournal.com\/index.php\/forfait-mobilites-durables\/104225\/"},"author":{"name":"St\u00e9phane Miget","@id":"https:\/\/batijournal.com\/#\/schema\/person\/1dc96ec6957aa1ccb25ebe78bb19f100"},"headline":"Forfait mobilit\u00e9s durables","datePublished":"2020-05-13T05:36:16+00:00","dateModified":"2020-05-13T05:36:18+00:00","mainEntityOfPage":{"@id":"https:\/\/batijournal.com\/index.php\/forfait-mobilites-durables\/104225\/"},"wordCount":242,"image":{"@id":"https:\/\/batijournal.com\/index.php\/forfait-mobilites-durables\/104225\/#primaryimage"},"thumbnailUrl":"https:\/\/batijournal.com\/wp-content\/uploads\/2020\/05\/velo-ville.jpg","articleSection":["Actualit\u00e9s","Divers","zz_Actualit\u00e9s - Plan\u00e8te","zz_Plan\u00e8te B\u00e2timent"],"inLanguage":"fr-FR"},{"@type":"WebPage","@id":"https:\/\/batijournal.com\/index.php\/forfait-mobilites-durables\/104225\/","url":"https:\/\/batijournal.com\/index.php\/forfait-mobilites-durables\/104225\/","name":"Forfait mobilit\u00e9s durables","isPartOf":{"@id":"https:\/\/batijournal.com\/#website"},"primaryImageOfPage":{"@id":"https:\/\/batijournal.com\/index.php\/forfait-mobilites-durables\/104225\/#primaryimage"},"image":{"@id":"https:\/\/batijournal.com\/index.php\/forfait-mobilites-durables\/104225\/#primaryimage"},"thumbnailUrl":"https:\/\/batijournal.com\/wp-content\/uploads\/2020\/05\/velo-ville.jpg","datePublished":"2020-05-13T05:36:16+00:00","dateModified":"2020-05-13T05:36:18+00:00","author":{"@id":"https:\/\/batijournal.com\/#\/schema\/person\/1dc96ec6957aa1ccb25ebe78bb19f100"},"breadcrumb":{"@id":"https:\/\/batijournal.com\/index.php\/forfait-mobilites-durables\/104225\/#breadcrumb"},"inLanguage":"fr-FR","potentialAction":[{"@type":"ReadAction","target":["https:\/\/batijournal.com\/index.php\/forfait-mobilites-durables\/104225\/"]}]},{"@type":"ImageObject","inLanguage":"fr-FR","@id":"https:\/\/batijournal.com\/index.php\/forfait-mobilites-durables\/104225\/#primaryimage","url":"https:\/\/batijournal.com\/wp-content\/uploads\/2020\/05\/velo-ville.jpg","contentUrl":"https:\/\/batijournal.com\/wp-content\/uploads\/2020\/05\/velo-ville.jpg","width":1200,"height":914},{"@type":"BreadcrumbList","@id":"https:\/\/batijournal.com\/index.php\/forfait-mobilites-durables\/104225\/#breadcrumb","itemListElement":[{"@type":"ListItem","position":1,"name":"Accueil","item":"https:\/\/batijournal.com\/"},{"@type":"ListItem","position":2,"name":"Actualit\u00e9s","item":"https:\/\/batijournal.com\/index.php\/category\/actualites\/"},{"@type":"ListItem","position":3,"name":"Forfait mobilit\u00e9s durables"}]},{"@type":"WebSite","@id":"https:\/\/batijournal.com\/#website","url":"https:\/\/batijournal.com\/","name":"Batijournal","description":"L&#039;actualit\u00e9 du b\u00e2timent","potentialAction":[{"@type":"SearchAction","target":{"@type":"EntryPoint","urlTemplate":"https:\/\/batijournal.com\/?s={search_term_string}"},"query-input":{"@type":"PropertyValueSpecification","valueRequired":true,"valueName":"search_term_string"}}],"inLanguage":"fr-FR"},{"@type":"Person","@id":"https:\/\/batijournal.com\/#\/schema\/person\/1dc96ec6957aa1ccb25ebe78bb19f100","name":"St\u00e9phane Miget","image":{"@type":"ImageObject","inLanguage":"fr-FR","@id":"https:\/\/secure.gravatar.com\/avatar\/89915563d925342126b8ef0281b93d9d7fc337043e8df017f780908eb9644451?s=96&d=mm&r=g","url":"https:\/\/secure.gravatar.com\/avatar\/89915563d925342126b8ef0281b93d9d7fc337043e8df017f780908eb9644451?s=96&d=mm&r=g","contentUrl":"https:\/\/secure.gravatar.com\/avatar\/89915563d925342126b8ef0281b93d9d7fc337043e8df017f780908eb9644451?s=96&d=mm&r=g","caption":"St\u00e9phane Miget"},"url":"https:\/\/batijournal.com\/index.php\/author\/stephane\/"}]}},"_links":{"self":[{"href":"https:\/\/batijournal.com\/index.php\/wp-json\/wp\/v2\/posts\/104225","targetHints":{"allow":["GET"]}}],"collection":[{"href":"https:\/\/batijournal.com\/index.php\/wp-json\/wp\/v2\/posts"}],"about":[{"href":"https:\/\/batijournal.com\/index.php\/wp-json\/wp\/v2\/types\/post"}],"author":[{"embeddable":true,"href":"https:\/\/batijournal.com\/index.php\/wp-json\/wp\/v2\/users\/17"}],"replies":[{"embeddable":true,"href":"https:\/\/batijournal.com\/index.php\/wp-json\/wp\/v2\/comments?post=104225"}],"version-history":[{"count":0,"href":"https:\/\/batijournal.com\/index.php\/wp-json\/wp\/v2\/posts\/104225\/revisions"}],"wp:featuredmedia":[{"embeddable":true,"href":"https:\/\/batijournal.com\/index.php\/wp-json\/wp\/v2\/media\/104226"}],"wp:attachment":[{"href":"https:\/\/batijournal.com\/index.php\/wp-json\/wp\/v2\/media?parent=104225"}],"wp:term":[{"taxonomy":"category","embeddable":true,"href":"https:\/\/batijournal.com\/index.php\/wp-json\/wp\/v2\/categories?post=104225"},{"taxonomy":"post_tag","embeddable":true,"href":"https:\/\/batijournal.com\/index.php\/wp-json\/wp\/v2\/tags?post=104225"}],"curies":[{"name":"wp","href":"https:\/\/api.w.org\/{rel}","templated":true}]}}