{"id":104235,"date":"2020-05-18T11:38:43","date_gmt":"2020-05-18T09:38:43","guid":{"rendered":"https:\/\/batijournal.com\/?p=104235"},"modified":"2020-05-18T11:38:45","modified_gmt":"2020-05-18T09:38:45","slug":"une-ordonnance-contestee-face-a-des-delais-de-livraison-non-tenables","status":"publish","type":"post","link":"https:\/\/batijournal.com\/index.php\/une-ordonnance-contestee-face-a-des-delais-de-livraison-non-tenables\/104235\/","title":{"rendered":"Une ordonnance contest\u00e9e face \u00e0 des d\u00e9lais de livraison non tenables"},"content":{"rendered":"\n<p>Dans une ordonnance parue le 13 mai 2020, le Gouvernement impose que les de\u0301lais d\u2019e\u0301tudes et de construction soient inchange\u0301s, en de\u0301pit de la prolongation de l&rsquo;e\u0301tat d&rsquo;urgence sanitaire. Les organisations professionnelles de la Mai\u0302trise d\u2019\u0152uvre et les entreprises artisanales du secteur estiment que les conditions de production de\u0301grade\u0301es, qui vont he\u0301las perdurer durant l\u2019e\u0301te\u0301, ne permettront pas de tenir les de\u0301lais de livraison. Par ailleurs, la question des surcou\u0302ts lie\u0301s a\u0300 la prise en compte du rallongement des plannings d\u2019e\u0301tudes et des chantiers, et lie\u0301s a\u0300 l\u2019application des mesures sanitaires lie\u0301es au Covid-19 est non ne\u0301gligeable et n\u2019est pas re\u0301gle\u0301e. Le secteur, \u00e0 travers la voix de plusieurs grandes organisations, re\u0301affirme sa volonte\u0301 d\u2019e\u0302tre consulte\u0301 et de participer a\u0300 un dialogue pre\u0301alable avant toute ordonnance, afin d\u2019e\u0301viter toute erreur dommageable a\u0300 l\u2019ensemble de ses entreprises. Paralle\u0300lement au maintien des dispositifs d\u2019aides aux entreprises pour de\u0301passer cette crise, le secteur demande la prise en compte de la date de fin de l&rsquo;e\u0301tat d&rsquo;urgence sanitaire dans les plannings des ope\u0301rations. Si le texte reste en l&rsquo;e\u0301tat et si les pe\u0301nalite\u0301s de retard sont applique\u0301es, le re\u0301sultat sera catastrophique a\u0300 l\u2019automne pour toutes les entreprises du secteur. Les fe\u0301de\u0301rations redoutent l\u2019effet domino qui sera terrible sur les de\u0301faillances d\u2019entreprises de la Mai\u0302trise d\u2019\u0152uvre et du Ba\u0302timent.<\/p>\n","protected":false},"excerpt":{"rendered":"<p>Dans une ordonnance parue le 13 mai 2020, le Gouvernement impose que les de\u0301lais d\u2019e\u0301tudes et de construction soient inchange\u0301s, en de\u0301pit de la prolongation de l&rsquo;e\u0301tat d&rsquo;urgence sanitaire. Les organisations professionnelles de la Mai\u0302trise d\u2019\u0152uvre et les entreprises artisanales du secteur estiment que les conditions de production de\u0301grade\u0301es, qui vont he\u0301las perdurer durant l\u2019e\u0301te\u0301, [&hellip;]<\/p>\n","protected":false},"author":17,"featured_media":98506,"comment_status":"closed","ping_status":"closed","sticky":false,"template":"","format":"standard","meta":{"_et_pb_use_builder":"","_et_pb_old_content":"","_et_gb_content_width":"","footnotes":""},"categories":[10530,6345],"tags":[],"class_list":["post-104235","post","type-post","status-publish","format-standard","has-post-thumbnail","hentry","category-actualites","category-economie-marches"],"yoast_head":"<!-- This site is optimized with the Yoast SEO plugin v27.4 - https:\/\/yoast.com\/product\/yoast-seo-wordpress\/ -->\n<title>Une ordonnance contest\u00e9e face \u00e0 des d\u00e9lais de livraison non tenables<\/title>\n<meta name=\"robots\" content=\"index, follow, max-snippet:-1, max-image-preview:large, max-video-preview:-1\" \/>\n<link rel=\"canonical\" href=\"https:\/\/batijournal.com\/index.php\/une-ordonnance-contestee-face-a-des-delais-de-livraison-non-tenables\/104235\/\" \/>\n<meta property=\"og:locale\" content=\"fr_FR\" \/>\n<meta property=\"og:type\" content=\"article\" \/>\n<meta property=\"og:title\" content=\"Une ordonnance contest\u00e9e face \u00e0 des d\u00e9lais de livraison non tenables\" \/>\n<meta property=\"og:description\" content=\"Dans une ordonnance parue le 13 mai 2020, le Gouvernement impose que les de\u0301lais d\u2019e\u0301tudes et de construction soient inchange\u0301s, en de\u0301pit de la prolongation de l&rsquo;e\u0301tat d&rsquo;urgence sanitaire. Les organisations professionnelles de la Mai\u0302trise d\u2019\u0152uvre et les entreprises artisanales du secteur estiment que les conditions de production de\u0301grade\u0301es, qui vont he\u0301las perdurer durant l\u2019e\u0301te\u0301, [&hellip;]\" \/>\n<meta property=\"og:url\" content=\"https:\/\/batijournal.com\/index.php\/une-ordonnance-contestee-face-a-des-delais-de-livraison-non-tenables\/104235\/\" \/>\n<meta property=\"og:site_name\" content=\"Batijournal\" \/>\n<meta property=\"article:published_time\" content=\"2020-05-18T09:38:43+00:00\" \/>\n<meta property=\"article:modified_time\" content=\"2020-05-18T09:38:45+00:00\" \/>\n<meta property=\"og:image\" content=\"https:\/\/batijournal.com\/wp-content\/uploads\/2018\/02\/chantier-centre-ville.jpg\" \/>\n\t<meta property=\"og:image:width\" content=\"1200\" \/>\n\t<meta property=\"og:image:height\" content=\"876\" \/>\n\t<meta property=\"og:image:type\" content=\"image\/jpeg\" \/>\n<meta name=\"author\" content=\"St\u00e9phane Miget\" \/>\n<meta name=\"twitter:card\" content=\"summary_large_image\" \/>\n<meta name=\"twitter:creator\" content=\"@bati_journal\" \/>\n<meta name=\"twitter:site\" content=\"@bati_journal\" \/>\n<meta name=\"twitter:label1\" content=\"\u00c9crit par\" \/>\n\t<meta name=\"twitter:data1\" content=\"St\u00e9phane Miget\" \/>\n\t<meta name=\"twitter:label2\" content=\"Dur\u00e9e de lecture estim\u00e9e\" \/>\n\t<meta name=\"twitter:data2\" content=\"1 minute\" \/>\n<script type=\"application\/ld+json\" class=\"yoast-schema-graph\">{\"@context\":\"https:\\\/\\\/schema.org\",\"@graph\":[{\"@type\":\"Article\",\"@id\":\"https:\\\/\\\/batijournal.com\\\/index.php\\\/une-ordonnance-contestee-face-a-des-delais-de-livraison-non-tenables\\\/104235\\\/#article\",\"isPartOf\":{\"@id\":\"https:\\\/\\\/batijournal.com\\\/index.php\\\/une-ordonnance-contestee-face-a-des-delais-de-livraison-non-tenables\\\/104235\\\/\"},\"author\":{\"name\":\"St\u00e9phane Miget\",\"@id\":\"https:\\\/\\\/batijournal.com\\\/#\\\/schema\\\/person\\\/1dc96ec6957aa1ccb25ebe78bb19f100\"},\"headline\":\"Une ordonnance contest\u00e9e face \u00e0 des d\u00e9lais de livraison non tenables\",\"datePublished\":\"2020-05-18T09:38:43+00:00\",\"dateModified\":\"2020-05-18T09:38:45+00:00\",\"mainEntityOfPage\":{\"@id\":\"https:\\\/\\\/batijournal.com\\\/index.php\\\/une-ordonnance-contestee-face-a-des-delais-de-livraison-non-tenables\\\/104235\\\/\"},\"wordCount\":279,\"image\":{\"@id\":\"https:\\\/\\\/batijournal.com\\\/index.php\\\/une-ordonnance-contestee-face-a-des-delais-de-livraison-non-tenables\\\/104235\\\/#primaryimage\"},\"thumbnailUrl\":\"https:\\\/\\\/batijournal.com\\\/wp-content\\\/uploads\\\/2018\\\/02\\\/chantier-centre-ville.jpg\",\"articleSection\":[\"Actualit\u00e9s\",\"\u00c9conomie &amp; March\u00e9s\"],\"inLanguage\":\"fr-FR\"},{\"@type\":\"WebPage\",\"@id\":\"https:\\\/\\\/batijournal.com\\\/index.php\\\/une-ordonnance-contestee-face-a-des-delais-de-livraison-non-tenables\\\/104235\\\/\",\"url\":\"https:\\\/\\\/batijournal.com\\\/index.php\\\/une-ordonnance-contestee-face-a-des-delais-de-livraison-non-tenables\\\/104235\\\/\",\"name\":\"Une ordonnance contest\u00e9e face \u00e0 des d\u00e9lais de livraison non tenables\",\"isPartOf\":{\"@id\":\"https:\\\/\\\/batijournal.com\\\/#website\"},\"primaryImageOfPage\":{\"@id\":\"https:\\\/\\\/batijournal.com\\\/index.php\\\/une-ordonnance-contestee-face-a-des-delais-de-livraison-non-tenables\\\/104235\\\/#primaryimage\"},\"image\":{\"@id\":\"https:\\\/\\\/batijournal.com\\\/index.php\\\/une-ordonnance-contestee-face-a-des-delais-de-livraison-non-tenables\\\/104235\\\/#primaryimage\"},\"thumbnailUrl\":\"https:\\\/\\\/batijournal.com\\\/wp-content\\\/uploads\\\/2018\\\/02\\\/chantier-centre-ville.jpg\",\"datePublished\":\"2020-05-18T09:38:43+00:00\",\"dateModified\":\"2020-05-18T09:38:45+00:00\",\"author\":{\"@id\":\"https:\\\/\\\/batijournal.com\\\/#\\\/schema\\\/person\\\/1dc96ec6957aa1ccb25ebe78bb19f100\"},\"breadcrumb\":{\"@id\":\"https:\\\/\\\/batijournal.com\\\/index.php\\\/une-ordonnance-contestee-face-a-des-delais-de-livraison-non-tenables\\\/104235\\\/#breadcrumb\"},\"inLanguage\":\"fr-FR\",\"potentialAction\":[{\"@type\":\"ReadAction\",\"target\":[\"https:\\\/\\\/batijournal.com\\\/index.php\\\/une-ordonnance-contestee-face-a-des-delais-de-livraison-non-tenables\\\/104235\\\/\"]}]},{\"@type\":\"ImageObject\",\"inLanguage\":\"fr-FR\",\"@id\":\"https:\\\/\\\/batijournal.com\\\/index.php\\\/une-ordonnance-contestee-face-a-des-delais-de-livraison-non-tenables\\\/104235\\\/#primaryimage\",\"url\":\"https:\\\/\\\/batijournal.com\\\/wp-content\\\/uploads\\\/2018\\\/02\\\/chantier-centre-ville.jpg\",\"contentUrl\":\"https:\\\/\\\/batijournal.com\\\/wp-content\\\/uploads\\\/2018\\\/02\\\/chantier-centre-ville.jpg\",\"width\":1200,\"height\":876},{\"@type\":\"BreadcrumbList\",\"@id\":\"https:\\\/\\\/batijournal.com\\\/index.php\\\/une-ordonnance-contestee-face-a-des-delais-de-livraison-non-tenables\\\/104235\\\/#breadcrumb\",\"itemListElement\":[{\"@type\":\"ListItem\",\"position\":1,\"name\":\"Accueil\",\"item\":\"https:\\\/\\\/batijournal.com\\\/\"},{\"@type\":\"ListItem\",\"position\":2,\"name\":\"Actualit\u00e9s\",\"item\":\"https:\\\/\\\/batijournal.com\\\/index.php\\\/category\\\/actualites\\\/\"},{\"@type\":\"ListItem\",\"position\":3,\"name\":\"Une ordonnance contest\u00e9e face \u00e0 des d\u00e9lais de livraison non tenables\"}]},{\"@type\":\"WebSite\",\"@id\":\"https:\\\/\\\/batijournal.com\\\/#website\",\"url\":\"https:\\\/\\\/batijournal.com\\\/\",\"name\":\"Batijournal\",\"description\":\"L&#039;actualit\u00e9 du b\u00e2timent\",\"potentialAction\":[{\"@type\":\"SearchAction\",\"target\":{\"@type\":\"EntryPoint\",\"urlTemplate\":\"https:\\\/\\\/batijournal.com\\\/?s={search_term_string}\"},\"query-input\":{\"@type\":\"PropertyValueSpecification\",\"valueRequired\":true,\"valueName\":\"search_term_string\"}}],\"inLanguage\":\"fr-FR\"},{\"@type\":\"Person\",\"@id\":\"https:\\\/\\\/batijournal.com\\\/#\\\/schema\\\/person\\\/1dc96ec6957aa1ccb25ebe78bb19f100\",\"name\":\"St\u00e9phane Miget\",\"image\":{\"@type\":\"ImageObject\",\"inLanguage\":\"fr-FR\",\"@id\":\"https:\\\/\\\/secure.gravatar.com\\\/avatar\\\/89915563d925342126b8ef0281b93d9d7fc337043e8df017f780908eb9644451?s=96&d=mm&r=g\",\"url\":\"https:\\\/\\\/secure.gravatar.com\\\/avatar\\\/89915563d925342126b8ef0281b93d9d7fc337043e8df017f780908eb9644451?s=96&d=mm&r=g\",\"contentUrl\":\"https:\\\/\\\/secure.gravatar.com\\\/avatar\\\/89915563d925342126b8ef0281b93d9d7fc337043e8df017f780908eb9644451?s=96&d=mm&r=g\",\"caption\":\"St\u00e9phane Miget\"},\"url\":\"https:\\\/\\\/batijournal.com\\\/index.php\\\/author\\\/stephane\\\/\"}]}<\/script>\n<!-- \/ Yoast SEO plugin. -->","yoast_head_json":{"title":"Une ordonnance contest\u00e9e face \u00e0 des d\u00e9lais de livraison non tenables","robots":{"index":"index","follow":"follow","max-snippet":"max-snippet:-1","max-image-preview":"max-image-preview:large","max-video-preview":"max-video-preview:-1"},"canonical":"https:\/\/batijournal.com\/index.php\/une-ordonnance-contestee-face-a-des-delais-de-livraison-non-tenables\/104235\/","og_locale":"fr_FR","og_type":"article","og_title":"Une ordonnance contest\u00e9e face \u00e0 des d\u00e9lais de livraison non tenables","og_description":"Dans une ordonnance parue le 13 mai 2020, le Gouvernement impose que les de\u0301lais d\u2019e\u0301tudes et de construction soient inchange\u0301s, en de\u0301pit de la prolongation de l&rsquo;e\u0301tat d&rsquo;urgence sanitaire. Les organisations professionnelles de la Mai\u0302trise d\u2019\u0152uvre et les entreprises artisanales du secteur estiment que les conditions de production de\u0301grade\u0301es, qui vont he\u0301las perdurer durant l\u2019e\u0301te\u0301, [&hellip;]","og_url":"https:\/\/batijournal.com\/index.php\/une-ordonnance-contestee-face-a-des-delais-de-livraison-non-tenables\/104235\/","og_site_name":"Batijournal","article_published_time":"2020-05-18T09:38:43+00:00","article_modified_time":"2020-05-18T09:38:45+00:00","og_image":[{"width":1200,"height":876,"url":"https:\/\/batijournal.com\/wp-content\/uploads\/2018\/02\/chantier-centre-ville.jpg","type":"image\/jpeg"}],"author":"St\u00e9phane Miget","twitter_card":"summary_large_image","twitter_creator":"@bati_journal","twitter_site":"@bati_journal","twitter_misc":{"\u00c9crit par":"St\u00e9phane Miget","Dur\u00e9e de lecture estim\u00e9e":"1 minute"},"schema":{"@context":"https:\/\/schema.org","@graph":[{"@type":"Article","@id":"https:\/\/batijournal.com\/index.php\/une-ordonnance-contestee-face-a-des-delais-de-livraison-non-tenables\/104235\/#article","isPartOf":{"@id":"https:\/\/batijournal.com\/index.php\/une-ordonnance-contestee-face-a-des-delais-de-livraison-non-tenables\/104235\/"},"author":{"name":"St\u00e9phane Miget","@id":"https:\/\/batijournal.com\/#\/schema\/person\/1dc96ec6957aa1ccb25ebe78bb19f100"},"headline":"Une ordonnance contest\u00e9e face \u00e0 des d\u00e9lais de livraison non tenables","datePublished":"2020-05-18T09:38:43+00:00","dateModified":"2020-05-18T09:38:45+00:00","mainEntityOfPage":{"@id":"https:\/\/batijournal.com\/index.php\/une-ordonnance-contestee-face-a-des-delais-de-livraison-non-tenables\/104235\/"},"wordCount":279,"image":{"@id":"https:\/\/batijournal.com\/index.php\/une-ordonnance-contestee-face-a-des-delais-de-livraison-non-tenables\/104235\/#primaryimage"},"thumbnailUrl":"https:\/\/batijournal.com\/wp-content\/uploads\/2018\/02\/chantier-centre-ville.jpg","articleSection":["Actualit\u00e9s","\u00c9conomie &amp; March\u00e9s"],"inLanguage":"fr-FR"},{"@type":"WebPage","@id":"https:\/\/batijournal.com\/index.php\/une-ordonnance-contestee-face-a-des-delais-de-livraison-non-tenables\/104235\/","url":"https:\/\/batijournal.com\/index.php\/une-ordonnance-contestee-face-a-des-delais-de-livraison-non-tenables\/104235\/","name":"Une ordonnance contest\u00e9e face \u00e0 des d\u00e9lais de livraison non tenables","isPartOf":{"@id":"https:\/\/batijournal.com\/#website"},"primaryImageOfPage":{"@id":"https:\/\/batijournal.com\/index.php\/une-ordonnance-contestee-face-a-des-delais-de-livraison-non-tenables\/104235\/#primaryimage"},"image":{"@id":"https:\/\/batijournal.com\/index.php\/une-ordonnance-contestee-face-a-des-delais-de-livraison-non-tenables\/104235\/#primaryimage"},"thumbnailUrl":"https:\/\/batijournal.com\/wp-content\/uploads\/2018\/02\/chantier-centre-ville.jpg","datePublished":"2020-05-18T09:38:43+00:00","dateModified":"2020-05-18T09:38:45+00:00","author":{"@id":"https:\/\/batijournal.com\/#\/schema\/person\/1dc96ec6957aa1ccb25ebe78bb19f100"},"breadcrumb":{"@id":"https:\/\/batijournal.com\/index.php\/une-ordonnance-contestee-face-a-des-delais-de-livraison-non-tenables\/104235\/#breadcrumb"},"inLanguage":"fr-FR","potentialAction":[{"@type":"ReadAction","target":["https:\/\/batijournal.com\/index.php\/une-ordonnance-contestee-face-a-des-delais-de-livraison-non-tenables\/104235\/"]}]},{"@type":"ImageObject","inLanguage":"fr-FR","@id":"https:\/\/batijournal.com\/index.php\/une-ordonnance-contestee-face-a-des-delais-de-livraison-non-tenables\/104235\/#primaryimage","url":"https:\/\/batijournal.com\/wp-content\/uploads\/2018\/02\/chantier-centre-ville.jpg","contentUrl":"https:\/\/batijournal.com\/wp-content\/uploads\/2018\/02\/chantier-centre-ville.jpg","width":1200,"height":876},{"@type":"BreadcrumbList","@id":"https:\/\/batijournal.com\/index.php\/une-ordonnance-contestee-face-a-des-delais-de-livraison-non-tenables\/104235\/#breadcrumb","itemListElement":[{"@type":"ListItem","position":1,"name":"Accueil","item":"https:\/\/batijournal.com\/"},{"@type":"ListItem","position":2,"name":"Actualit\u00e9s","item":"https:\/\/batijournal.com\/index.php\/category\/actualites\/"},{"@type":"ListItem","position":3,"name":"Une ordonnance contest\u00e9e face \u00e0 des d\u00e9lais de livraison non tenables"}]},{"@type":"WebSite","@id":"https:\/\/batijournal.com\/#website","url":"https:\/\/batijournal.com\/","name":"Batijournal","description":"L&#039;actualit\u00e9 du b\u00e2timent","potentialAction":[{"@type":"SearchAction","target":{"@type":"EntryPoint","urlTemplate":"https:\/\/batijournal.com\/?s={search_term_string}"},"query-input":{"@type":"PropertyValueSpecification","valueRequired":true,"valueName":"search_term_string"}}],"inLanguage":"fr-FR"},{"@type":"Person","@id":"https:\/\/batijournal.com\/#\/schema\/person\/1dc96ec6957aa1ccb25ebe78bb19f100","name":"St\u00e9phane Miget","image":{"@type":"ImageObject","inLanguage":"fr-FR","@id":"https:\/\/secure.gravatar.com\/avatar\/89915563d925342126b8ef0281b93d9d7fc337043e8df017f780908eb9644451?s=96&d=mm&r=g","url":"https:\/\/secure.gravatar.com\/avatar\/89915563d925342126b8ef0281b93d9d7fc337043e8df017f780908eb9644451?s=96&d=mm&r=g","contentUrl":"https:\/\/secure.gravatar.com\/avatar\/89915563d925342126b8ef0281b93d9d7fc337043e8df017f780908eb9644451?s=96&d=mm&r=g","caption":"St\u00e9phane Miget"},"url":"https:\/\/batijournal.com\/index.php\/author\/stephane\/"}]}},"_links":{"self":[{"href":"https:\/\/batijournal.com\/index.php\/wp-json\/wp\/v2\/posts\/104235","targetHints":{"allow":["GET"]}}],"collection":[{"href":"https:\/\/batijournal.com\/index.php\/wp-json\/wp\/v2\/posts"}],"about":[{"href":"https:\/\/batijournal.com\/index.php\/wp-json\/wp\/v2\/types\/post"}],"author":[{"embeddable":true,"href":"https:\/\/batijournal.com\/index.php\/wp-json\/wp\/v2\/users\/17"}],"replies":[{"embeddable":true,"href":"https:\/\/batijournal.com\/index.php\/wp-json\/wp\/v2\/comments?post=104235"}],"version-history":[{"count":0,"href":"https:\/\/batijournal.com\/index.php\/wp-json\/wp\/v2\/posts\/104235\/revisions"}],"wp:featuredmedia":[{"embeddable":true,"href":"https:\/\/batijournal.com\/index.php\/wp-json\/wp\/v2\/media\/98506"}],"wp:attachment":[{"href":"https:\/\/batijournal.com\/index.php\/wp-json\/wp\/v2\/media?parent=104235"}],"wp:term":[{"taxonomy":"category","embeddable":true,"href":"https:\/\/batijournal.com\/index.php\/wp-json\/wp\/v2\/categories?post=104235"},{"taxonomy":"post_tag","embeddable":true,"href":"https:\/\/batijournal.com\/index.php\/wp-json\/wp\/v2\/tags?post=104235"}],"curies":[{"name":"wp","href":"https:\/\/api.w.org\/{rel}","templated":true}]}}