{"id":104244,"date":"2020-05-20T09:44:19","date_gmt":"2020-05-20T07:44:19","guid":{"rendered":"https:\/\/batijournal.com\/?p=104244"},"modified":"2020-05-20T09:44:21","modified_gmt":"2020-05-20T07:44:21","slug":"guillaume-clement-succede-a-louis-reynaud-au-poste-de-pdg-du-groupe-blanchon","status":"publish","type":"post","link":"https:\/\/batijournal.com\/index.php\/guillaume-clement-succede-a-louis-reynaud-au-poste-de-pdg-du-groupe-blanchon\/104244\/","title":{"rendered":"Nouveau PDG pour le Groupe Blanchon"},"content":{"rendered":"\n<p>Guillaume Cl\u00e9ment a \u00e9t\u00e9 nomm\u00e9 PDG du Groupe Blanchon. Il succ\u00e8dera \u00e0 Louis Reynaud qui a d\u00e9cid\u00e9 de prendre sa retraite. Dipl\u00f4m\u00e9 de l\u2019EM Lyon Business School, Guillaume Cl\u00e9ment a travaill\u00e9 pendant 10 ans chez Tarkett, leader du march\u00e9 des solutions de rev\u00eatements de sol, avant de rejoindre en 2007 Arjowiggins, un des leaders mondiaux en solutions de communication papier. Il y a sept ans, il a poursuivi sa carri\u00e8re chez Flint Group, soci\u00e9t\u00e9 sp\u00e9cialis\u00e9e dans l\u2019encre et le vernis pour l\u2019emballage, en tant que pr\u00e9sident d\u2019une division mondiale et membre du comit\u00e9 de direction. D\u00e9di\u00e9 aux secteurs du b\u00e2timent et de l\u2019habitat, le Groupe Blanchon d\u00e9veloppe, fabrique et commercialise une vaste offre de vernis techniques et de peintures innovantes. Il est pr\u00e9sent sur les march\u00e9s du parquet, de l\u2019industrie, des n\u00e9goces bois et mat\u00e9riaux, et des grossistes peinture, ainsi que des grandes surfaces de bricolage.&nbsp;<\/p>\n\n\n\n<p>Photo :  Louis Reynaud et Guillaume Cl\u00e9ment <\/p>\n\n\n\n<p><a href=\"http:\/\/www.groupeblanchon.com\">En savoir plus sur le Groupe Blanchon<\/a><\/p>\n","protected":false},"excerpt":{"rendered":"<p>Guillaume Cl\u00e9ment a \u00e9t\u00e9 nomm\u00e9 PDG du Groupe Blanchon. Il succ\u00e8dera \u00e0 Louis Reynaud qui a d\u00e9cid\u00e9 de prendre sa retraite. Dipl\u00f4m\u00e9 de l\u2019EM Lyon Business School, Guillaume Cl\u00e9ment a travaill\u00e9 pendant 10 ans chez Tarkett, leader du march\u00e9 des solutions de rev\u00eatements de sol, avant de rejoindre en 2007 Arjowiggins, un des leaders mondiaux [&hellip;]<\/p>\n","protected":false},"author":17,"featured_media":104245,"comment_status":"closed","ping_status":"closed","sticky":false,"template":"","format":"standard","meta":{"_et_pb_use_builder":"","_et_pb_old_content":"","_et_gb_content_width":"","footnotes":""},"categories":[10530,6362,10769,10768,10764],"tags":[43,1346,375,880,193,1540],"class_list":["post-104244","post","type-post","status-publish","format-standard","has-post-thumbnail","hentry","category-actualites","category-services-equipements","category-publications","category-nouvelles-tetes","category-woodsurfer","tag-blanchon","tag-entretien","tag-finition","tag-nomination","tag-peinture-2","tag-vernis-3"],"yoast_head":"<!-- This site is optimized with the Yoast SEO plugin v27.4 - https:\/\/yoast.com\/product\/yoast-seo-wordpress\/ -->\n<title>Nouveau PDG pour le Groupe Blanchon<\/title>\n<meta name=\"robots\" content=\"index, follow, max-snippet:-1, max-image-preview:large, max-video-preview:-1\" \/>\n<link rel=\"canonical\" href=\"https:\/\/batijournal.com\/index.php\/guillaume-clement-succede-a-louis-reynaud-au-poste-de-pdg-du-groupe-blanchon\/104244\/\" \/>\n<meta property=\"og:locale\" content=\"fr_FR\" \/>\n<meta property=\"og:type\" content=\"article\" \/>\n<meta property=\"og:title\" content=\"Nouveau PDG pour le Groupe Blanchon\" \/>\n<meta property=\"og:description\" content=\"Guillaume Cl\u00e9ment a \u00e9t\u00e9 nomm\u00e9 PDG du Groupe Blanchon. Il succ\u00e8dera \u00e0 Louis Reynaud qui a d\u00e9cid\u00e9 de prendre sa retraite. Dipl\u00f4m\u00e9 de l\u2019EM Lyon Business School, Guillaume Cl\u00e9ment a travaill\u00e9 pendant 10 ans chez Tarkett, leader du march\u00e9 des solutions de rev\u00eatements de sol, avant de rejoindre en 2007 Arjowiggins, un des leaders mondiaux [&hellip;]\" \/>\n<meta property=\"og:url\" content=\"https:\/\/batijournal.com\/index.php\/guillaume-clement-succede-a-louis-reynaud-au-poste-de-pdg-du-groupe-blanchon\/104244\/\" \/>\n<meta property=\"og:site_name\" content=\"Batijournal\" \/>\n<meta property=\"article:published_time\" content=\"2020-05-20T07:44:19+00:00\" \/>\n<meta property=\"article:modified_time\" content=\"2020-05-20T07:44:21+00:00\" \/>\n<meta property=\"og:image\" content=\"https:\/\/batijournal.com\/wp-content\/uploads\/2020\/05\/Guillaume-Clement-Blachon-scaled.jpg\" \/>\n\t<meta property=\"og:image:width\" content=\"2560\" \/>\n\t<meta property=\"og:image:height\" content=\"1707\" \/>\n\t<meta property=\"og:image:type\" content=\"image\/jpeg\" \/>\n<meta name=\"author\" content=\"St\u00e9phane Miget\" \/>\n<meta name=\"twitter:card\" content=\"summary_large_image\" \/>\n<meta name=\"twitter:creator\" content=\"@bati_journal\" \/>\n<meta name=\"twitter:site\" content=\"@bati_journal\" \/>\n<meta name=\"twitter:label1\" content=\"\u00c9crit par\" \/>\n\t<meta name=\"twitter:data1\" content=\"St\u00e9phane Miget\" \/>\n\t<meta name=\"twitter:label2\" content=\"Dur\u00e9e de lecture estim\u00e9e\" \/>\n\t<meta name=\"twitter:data2\" content=\"1 minute\" \/>\n<script type=\"application\/ld+json\" class=\"yoast-schema-graph\">{\"@context\":\"https:\\\/\\\/schema.org\",\"@graph\":[{\"@type\":\"Article\",\"@id\":\"https:\\\/\\\/batijournal.com\\\/index.php\\\/guillaume-clement-succede-a-louis-reynaud-au-poste-de-pdg-du-groupe-blanchon\\\/104244\\\/#article\",\"isPartOf\":{\"@id\":\"https:\\\/\\\/batijournal.com\\\/index.php\\\/guillaume-clement-succede-a-louis-reynaud-au-poste-de-pdg-du-groupe-blanchon\\\/104244\\\/\"},\"author\":{\"name\":\"St\u00e9phane Miget\",\"@id\":\"https:\\\/\\\/batijournal.com\\\/#\\\/schema\\\/person\\\/1dc96ec6957aa1ccb25ebe78bb19f100\"},\"headline\":\"Nouveau PDG pour le Groupe Blanchon\",\"datePublished\":\"2020-05-20T07:44:19+00:00\",\"dateModified\":\"2020-05-20T07:44:21+00:00\",\"mainEntityOfPage\":{\"@id\":\"https:\\\/\\\/batijournal.com\\\/index.php\\\/guillaume-clement-succede-a-louis-reynaud-au-poste-de-pdg-du-groupe-blanchon\\\/104244\\\/\"},\"wordCount\":188,\"image\":{\"@id\":\"https:\\\/\\\/batijournal.com\\\/index.php\\\/guillaume-clement-succede-a-louis-reynaud-au-poste-de-pdg-du-groupe-blanchon\\\/104244\\\/#primaryimage\"},\"thumbnailUrl\":\"https:\\\/\\\/batijournal.com\\\/wp-content\\\/uploads\\\/2020\\\/05\\\/Guillaume-Clement-Blachon-scaled.jpg\",\"keywords\":[\"blanchon\",\"entretien\",\"finition\",\"nomination\",\"peinture\",\"vernis\"],\"articleSection\":[\"Actualit\u00e9s\",\"Divers\",\"zz_Actualit\u00e9s - Woodsurfer\",\"zz_Nouvelles t\u00eates - Woodsurfer\",\"zz_Woodsurfer\"],\"inLanguage\":\"fr-FR\"},{\"@type\":\"WebPage\",\"@id\":\"https:\\\/\\\/batijournal.com\\\/index.php\\\/guillaume-clement-succede-a-louis-reynaud-au-poste-de-pdg-du-groupe-blanchon\\\/104244\\\/\",\"url\":\"https:\\\/\\\/batijournal.com\\\/index.php\\\/guillaume-clement-succede-a-louis-reynaud-au-poste-de-pdg-du-groupe-blanchon\\\/104244\\\/\",\"name\":\"Nouveau PDG pour le Groupe Blanchon\",\"isPartOf\":{\"@id\":\"https:\\\/\\\/batijournal.com\\\/#website\"},\"primaryImageOfPage\":{\"@id\":\"https:\\\/\\\/batijournal.com\\\/index.php\\\/guillaume-clement-succede-a-louis-reynaud-au-poste-de-pdg-du-groupe-blanchon\\\/104244\\\/#primaryimage\"},\"image\":{\"@id\":\"https:\\\/\\\/batijournal.com\\\/index.php\\\/guillaume-clement-succede-a-louis-reynaud-au-poste-de-pdg-du-groupe-blanchon\\\/104244\\\/#primaryimage\"},\"thumbnailUrl\":\"https:\\\/\\\/batijournal.com\\\/wp-content\\\/uploads\\\/2020\\\/05\\\/Guillaume-Clement-Blachon-scaled.jpg\",\"datePublished\":\"2020-05-20T07:44:19+00:00\",\"dateModified\":\"2020-05-20T07:44:21+00:00\",\"author\":{\"@id\":\"https:\\\/\\\/batijournal.com\\\/#\\\/schema\\\/person\\\/1dc96ec6957aa1ccb25ebe78bb19f100\"},\"breadcrumb\":{\"@id\":\"https:\\\/\\\/batijournal.com\\\/index.php\\\/guillaume-clement-succede-a-louis-reynaud-au-poste-de-pdg-du-groupe-blanchon\\\/104244\\\/#breadcrumb\"},\"inLanguage\":\"fr-FR\",\"potentialAction\":[{\"@type\":\"ReadAction\",\"target\":[\"https:\\\/\\\/batijournal.com\\\/index.php\\\/guillaume-clement-succede-a-louis-reynaud-au-poste-de-pdg-du-groupe-blanchon\\\/104244\\\/\"]}]},{\"@type\":\"ImageObject\",\"inLanguage\":\"fr-FR\",\"@id\":\"https:\\\/\\\/batijournal.com\\\/index.php\\\/guillaume-clement-succede-a-louis-reynaud-au-poste-de-pdg-du-groupe-blanchon\\\/104244\\\/#primaryimage\",\"url\":\"https:\\\/\\\/batijournal.com\\\/wp-content\\\/uploads\\\/2020\\\/05\\\/Guillaume-Clement-Blachon-scaled.jpg\",\"contentUrl\":\"https:\\\/\\\/batijournal.com\\\/wp-content\\\/uploads\\\/2020\\\/05\\\/Guillaume-Clement-Blachon-scaled.jpg\",\"width\":2560,\"height\":1707},{\"@type\":\"BreadcrumbList\",\"@id\":\"https:\\\/\\\/batijournal.com\\\/index.php\\\/guillaume-clement-succede-a-louis-reynaud-au-poste-de-pdg-du-groupe-blanchon\\\/104244\\\/#breadcrumb\",\"itemListElement\":[{\"@type\":\"ListItem\",\"position\":1,\"name\":\"Accueil\",\"item\":\"https:\\\/\\\/batijournal.com\\\/\"},{\"@type\":\"ListItem\",\"position\":2,\"name\":\"Actualit\u00e9s\",\"item\":\"https:\\\/\\\/batijournal.com\\\/index.php\\\/category\\\/actualites\\\/\"},{\"@type\":\"ListItem\",\"position\":3,\"name\":\"Nouveau PDG pour le Groupe Blanchon\"}]},{\"@type\":\"WebSite\",\"@id\":\"https:\\\/\\\/batijournal.com\\\/#website\",\"url\":\"https:\\\/\\\/batijournal.com\\\/\",\"name\":\"Batijournal\",\"description\":\"L&#039;actualit\u00e9 du b\u00e2timent\",\"potentialAction\":[{\"@type\":\"SearchAction\",\"target\":{\"@type\":\"EntryPoint\",\"urlTemplate\":\"https:\\\/\\\/batijournal.com\\\/?s={search_term_string}\"},\"query-input\":{\"@type\":\"PropertyValueSpecification\",\"valueRequired\":true,\"valueName\":\"search_term_string\"}}],\"inLanguage\":\"fr-FR\"},{\"@type\":\"Person\",\"@id\":\"https:\\\/\\\/batijournal.com\\\/#\\\/schema\\\/person\\\/1dc96ec6957aa1ccb25ebe78bb19f100\",\"name\":\"St\u00e9phane Miget\",\"image\":{\"@type\":\"ImageObject\",\"inLanguage\":\"fr-FR\",\"@id\":\"https:\\\/\\\/secure.gravatar.com\\\/avatar\\\/89915563d925342126b8ef0281b93d9d7fc337043e8df017f780908eb9644451?s=96&d=mm&r=g\",\"url\":\"https:\\\/\\\/secure.gravatar.com\\\/avatar\\\/89915563d925342126b8ef0281b93d9d7fc337043e8df017f780908eb9644451?s=96&d=mm&r=g\",\"contentUrl\":\"https:\\\/\\\/secure.gravatar.com\\\/avatar\\\/89915563d925342126b8ef0281b93d9d7fc337043e8df017f780908eb9644451?s=96&d=mm&r=g\",\"caption\":\"St\u00e9phane Miget\"},\"url\":\"https:\\\/\\\/batijournal.com\\\/index.php\\\/author\\\/stephane\\\/\"}]}<\/script>\n<!-- \/ Yoast SEO plugin. -->","yoast_head_json":{"title":"Nouveau PDG pour le Groupe Blanchon","robots":{"index":"index","follow":"follow","max-snippet":"max-snippet:-1","max-image-preview":"max-image-preview:large","max-video-preview":"max-video-preview:-1"},"canonical":"https:\/\/batijournal.com\/index.php\/guillaume-clement-succede-a-louis-reynaud-au-poste-de-pdg-du-groupe-blanchon\/104244\/","og_locale":"fr_FR","og_type":"article","og_title":"Nouveau PDG pour le Groupe Blanchon","og_description":"Guillaume Cl\u00e9ment a \u00e9t\u00e9 nomm\u00e9 PDG du Groupe Blanchon. Il succ\u00e8dera \u00e0 Louis Reynaud qui a d\u00e9cid\u00e9 de prendre sa retraite. Dipl\u00f4m\u00e9 de l\u2019EM Lyon Business School, Guillaume Cl\u00e9ment a travaill\u00e9 pendant 10 ans chez Tarkett, leader du march\u00e9 des solutions de rev\u00eatements de sol, avant de rejoindre en 2007 Arjowiggins, un des leaders mondiaux [&hellip;]","og_url":"https:\/\/batijournal.com\/index.php\/guillaume-clement-succede-a-louis-reynaud-au-poste-de-pdg-du-groupe-blanchon\/104244\/","og_site_name":"Batijournal","article_published_time":"2020-05-20T07:44:19+00:00","article_modified_time":"2020-05-20T07:44:21+00:00","og_image":[{"width":2560,"height":1707,"url":"https:\/\/batijournal.com\/wp-content\/uploads\/2020\/05\/Guillaume-Clement-Blachon-scaled.jpg","type":"image\/jpeg"}],"author":"St\u00e9phane Miget","twitter_card":"summary_large_image","twitter_creator":"@bati_journal","twitter_site":"@bati_journal","twitter_misc":{"\u00c9crit par":"St\u00e9phane Miget","Dur\u00e9e de lecture estim\u00e9e":"1 minute"},"schema":{"@context":"https:\/\/schema.org","@graph":[{"@type":"Article","@id":"https:\/\/batijournal.com\/index.php\/guillaume-clement-succede-a-louis-reynaud-au-poste-de-pdg-du-groupe-blanchon\/104244\/#article","isPartOf":{"@id":"https:\/\/batijournal.com\/index.php\/guillaume-clement-succede-a-louis-reynaud-au-poste-de-pdg-du-groupe-blanchon\/104244\/"},"author":{"name":"St\u00e9phane Miget","@id":"https:\/\/batijournal.com\/#\/schema\/person\/1dc96ec6957aa1ccb25ebe78bb19f100"},"headline":"Nouveau PDG pour le Groupe Blanchon","datePublished":"2020-05-20T07:44:19+00:00","dateModified":"2020-05-20T07:44:21+00:00","mainEntityOfPage":{"@id":"https:\/\/batijournal.com\/index.php\/guillaume-clement-succede-a-louis-reynaud-au-poste-de-pdg-du-groupe-blanchon\/104244\/"},"wordCount":188,"image":{"@id":"https:\/\/batijournal.com\/index.php\/guillaume-clement-succede-a-louis-reynaud-au-poste-de-pdg-du-groupe-blanchon\/104244\/#primaryimage"},"thumbnailUrl":"https:\/\/batijournal.com\/wp-content\/uploads\/2020\/05\/Guillaume-Clement-Blachon-scaled.jpg","keywords":["blanchon","entretien","finition","nomination","peinture","vernis"],"articleSection":["Actualit\u00e9s","Divers","zz_Actualit\u00e9s - Woodsurfer","zz_Nouvelles t\u00eates - Woodsurfer","zz_Woodsurfer"],"inLanguage":"fr-FR"},{"@type":"WebPage","@id":"https:\/\/batijournal.com\/index.php\/guillaume-clement-succede-a-louis-reynaud-au-poste-de-pdg-du-groupe-blanchon\/104244\/","url":"https:\/\/batijournal.com\/index.php\/guillaume-clement-succede-a-louis-reynaud-au-poste-de-pdg-du-groupe-blanchon\/104244\/","name":"Nouveau PDG pour le Groupe Blanchon","isPartOf":{"@id":"https:\/\/batijournal.com\/#website"},"primaryImageOfPage":{"@id":"https:\/\/batijournal.com\/index.php\/guillaume-clement-succede-a-louis-reynaud-au-poste-de-pdg-du-groupe-blanchon\/104244\/#primaryimage"},"image":{"@id":"https:\/\/batijournal.com\/index.php\/guillaume-clement-succede-a-louis-reynaud-au-poste-de-pdg-du-groupe-blanchon\/104244\/#primaryimage"},"thumbnailUrl":"https:\/\/batijournal.com\/wp-content\/uploads\/2020\/05\/Guillaume-Clement-Blachon-scaled.jpg","datePublished":"2020-05-20T07:44:19+00:00","dateModified":"2020-05-20T07:44:21+00:00","author":{"@id":"https:\/\/batijournal.com\/#\/schema\/person\/1dc96ec6957aa1ccb25ebe78bb19f100"},"breadcrumb":{"@id":"https:\/\/batijournal.com\/index.php\/guillaume-clement-succede-a-louis-reynaud-au-poste-de-pdg-du-groupe-blanchon\/104244\/#breadcrumb"},"inLanguage":"fr-FR","potentialAction":[{"@type":"ReadAction","target":["https:\/\/batijournal.com\/index.php\/guillaume-clement-succede-a-louis-reynaud-au-poste-de-pdg-du-groupe-blanchon\/104244\/"]}]},{"@type":"ImageObject","inLanguage":"fr-FR","@id":"https:\/\/batijournal.com\/index.php\/guillaume-clement-succede-a-louis-reynaud-au-poste-de-pdg-du-groupe-blanchon\/104244\/#primaryimage","url":"https:\/\/batijournal.com\/wp-content\/uploads\/2020\/05\/Guillaume-Clement-Blachon-scaled.jpg","contentUrl":"https:\/\/batijournal.com\/wp-content\/uploads\/2020\/05\/Guillaume-Clement-Blachon-scaled.jpg","width":2560,"height":1707},{"@type":"BreadcrumbList","@id":"https:\/\/batijournal.com\/index.php\/guillaume-clement-succede-a-louis-reynaud-au-poste-de-pdg-du-groupe-blanchon\/104244\/#breadcrumb","itemListElement":[{"@type":"ListItem","position":1,"name":"Accueil","item":"https:\/\/batijournal.com\/"},{"@type":"ListItem","position":2,"name":"Actualit\u00e9s","item":"https:\/\/batijournal.com\/index.php\/category\/actualites\/"},{"@type":"ListItem","position":3,"name":"Nouveau PDG pour le Groupe Blanchon"}]},{"@type":"WebSite","@id":"https:\/\/batijournal.com\/#website","url":"https:\/\/batijournal.com\/","name":"Batijournal","description":"L&#039;actualit\u00e9 du b\u00e2timent","potentialAction":[{"@type":"SearchAction","target":{"@type":"EntryPoint","urlTemplate":"https:\/\/batijournal.com\/?s={search_term_string}"},"query-input":{"@type":"PropertyValueSpecification","valueRequired":true,"valueName":"search_term_string"}}],"inLanguage":"fr-FR"},{"@type":"Person","@id":"https:\/\/batijournal.com\/#\/schema\/person\/1dc96ec6957aa1ccb25ebe78bb19f100","name":"St\u00e9phane Miget","image":{"@type":"ImageObject","inLanguage":"fr-FR","@id":"https:\/\/secure.gravatar.com\/avatar\/89915563d925342126b8ef0281b93d9d7fc337043e8df017f780908eb9644451?s=96&d=mm&r=g","url":"https:\/\/secure.gravatar.com\/avatar\/89915563d925342126b8ef0281b93d9d7fc337043e8df017f780908eb9644451?s=96&d=mm&r=g","contentUrl":"https:\/\/secure.gravatar.com\/avatar\/89915563d925342126b8ef0281b93d9d7fc337043e8df017f780908eb9644451?s=96&d=mm&r=g","caption":"St\u00e9phane Miget"},"url":"https:\/\/batijournal.com\/index.php\/author\/stephane\/"}]}},"_links":{"self":[{"href":"https:\/\/batijournal.com\/index.php\/wp-json\/wp\/v2\/posts\/104244","targetHints":{"allow":["GET"]}}],"collection":[{"href":"https:\/\/batijournal.com\/index.php\/wp-json\/wp\/v2\/posts"}],"about":[{"href":"https:\/\/batijournal.com\/index.php\/wp-json\/wp\/v2\/types\/post"}],"author":[{"embeddable":true,"href":"https:\/\/batijournal.com\/index.php\/wp-json\/wp\/v2\/users\/17"}],"replies":[{"embeddable":true,"href":"https:\/\/batijournal.com\/index.php\/wp-json\/wp\/v2\/comments?post=104244"}],"version-history":[{"count":0,"href":"https:\/\/batijournal.com\/index.php\/wp-json\/wp\/v2\/posts\/104244\/revisions"}],"wp:featuredmedia":[{"embeddable":true,"href":"https:\/\/batijournal.com\/index.php\/wp-json\/wp\/v2\/media\/104245"}],"wp:attachment":[{"href":"https:\/\/batijournal.com\/index.php\/wp-json\/wp\/v2\/media?parent=104244"}],"wp:term":[{"taxonomy":"category","embeddable":true,"href":"https:\/\/batijournal.com\/index.php\/wp-json\/wp\/v2\/categories?post=104244"},{"taxonomy":"post_tag","embeddable":true,"href":"https:\/\/batijournal.com\/index.php\/wp-json\/wp\/v2\/tags?post=104244"}],"curies":[{"name":"wp","href":"https:\/\/api.w.org\/{rel}","templated":true}]}}