{"id":104249,"date":"2020-05-20T14:39:33","date_gmt":"2020-05-20T12:39:33","guid":{"rendered":"https:\/\/batijournal.com\/?p=104249"},"modified":"2020-06-12T13:10:11","modified_gmt":"2020-06-12T11:10:11","slug":"le-festival-international-des-jardins-est-accessible","status":"publish","type":"post","link":"https:\/\/batijournal.com\/index.php\/le-festival-international-des-jardins-est-accessible\/104249\/","title":{"rendered":"Le Festival international des Jardins est accessible"},"content":{"rendered":"\n<p>Le Domaine de Chaumont-sur-Loire, dont les espaces se d\u00e9ploient sur 32 hectares, est de nouveau ouvert \u00e0 la visite. Les merveilles de la Saison d\u2019Art et du Festival international des Jardins seront accessibles dans le respect des mesures sanitaires fix\u00e9es par le gouvernement. Les visiteurs sont invit\u00e9s \u00e0 r\u00e9server des billets d\u00e9mat\u00e9rialis\u00e9s sur le site internet du Domaine (www.domaine-chaumont.fr) afin de ne pas g\u00e9n\u00e9rer une longue file d\u2019attente et de fluidifier les entr\u00e9es. La billetterie en ligne propose des billets dat\u00e9s avec deux cr\u00e9neaux d\u2019arriv\u00e9e, un le matin (10h00-14h00), l\u2019autre l\u2019apr\u00e8s-midi (14h00-19h00). Les entr\u00e9es et sorties sont \u00e9galement diff\u00e9renci\u00e9es. De la m\u00eame mani\u00e8re, la mise en place de parcours \u00e9vitant le croisement des personnes a \u00e9t\u00e9 organis\u00e9e, dans les parcs comme dans les jardins. Ces d\u00e9placements \u00e0 sens unique permettront le respect de la distanciation et des gestes barri\u00e8res. En plusieurs endroits du site, du gel hydroalcoolique est \u00e0 la disposition des visiteurs.<\/p>\n","protected":false},"excerpt":{"rendered":"<p>Le Domaine de Chaumont-sur-Loire, dont les espaces se d\u00e9ploient sur 32 hectares, est de nouveau ouvert \u00e0 la visite. Les merveilles de la Saison d\u2019Art et du Festival international des Jardins seront accessibles dans le respect des mesures sanitaires fix\u00e9es par le gouvernement. Les visiteurs sont invit\u00e9s \u00e0 r\u00e9server des billets d\u00e9mat\u00e9rialis\u00e9s sur le site [&hellip;]<\/p>\n","protected":false},"author":17,"featured_media":104247,"comment_status":"closed","ping_status":"closed","sticky":false,"template":"","format":"standard","meta":{"_et_pb_use_builder":"","_et_pb_old_content":"","_et_gb_content_width":"","footnotes":""},"categories":[10530,6362,10789,10785],"tags":[6376],"class_list":["post-104249","post","type-post","status-publish","format-standard","has-post-thumbnail","hentry","category-actualites","category-services-equipements","category-publications-atrium","category-atrium","tag-monument-historique"],"yoast_head":"<!-- This site is optimized with the Yoast SEO plugin v27.4 - https:\/\/yoast.com\/product\/yoast-seo-wordpress\/ -->\n<title>Le Festival international des Jardins est accessible<\/title>\n<meta name=\"robots\" content=\"index, follow, max-snippet:-1, max-image-preview:large, max-video-preview:-1\" \/>\n<link rel=\"canonical\" href=\"https:\/\/batijournal.com\/index.php\/le-festival-international-des-jardins-est-accessible\/104249\/\" \/>\n<meta property=\"og:locale\" content=\"fr_FR\" \/>\n<meta property=\"og:type\" content=\"article\" \/>\n<meta property=\"og:title\" content=\"Le Festival international des Jardins est accessible\" \/>\n<meta property=\"og:description\" content=\"Le Domaine de Chaumont-sur-Loire, dont les espaces se d\u00e9ploient sur 32 hectares, est de nouveau ouvert \u00e0 la visite. Les merveilles de la Saison d\u2019Art et du Festival international des Jardins seront accessibles dans le respect des mesures sanitaires fix\u00e9es par le gouvernement. Les visiteurs sont invit\u00e9s \u00e0 r\u00e9server des billets d\u00e9mat\u00e9rialis\u00e9s sur le site [&hellip;]\" \/>\n<meta property=\"og:url\" content=\"https:\/\/batijournal.com\/index.php\/le-festival-international-des-jardins-est-accessible\/104249\/\" \/>\n<meta property=\"og:site_name\" content=\"Batijournal\" \/>\n<meta property=\"article:published_time\" content=\"2020-05-20T12:39:33+00:00\" \/>\n<meta property=\"article:modified_time\" content=\"2020-06-12T11:10:11+00:00\" \/>\n<meta property=\"og:image\" content=\"https:\/\/batijournal.com\/wp-content\/uploads\/2020\/05\/chaumont-sur-loire.jpeg\" \/>\n\t<meta property=\"og:image:width\" content=\"320\" \/>\n\t<meta property=\"og:image:height\" content=\"214\" \/>\n\t<meta property=\"og:image:type\" content=\"image\/jpeg\" \/>\n<meta name=\"author\" content=\"St\u00e9phane Miget\" \/>\n<meta name=\"twitter:card\" content=\"summary_large_image\" \/>\n<meta name=\"twitter:creator\" content=\"@bati_journal\" \/>\n<meta name=\"twitter:site\" content=\"@bati_journal\" \/>\n<meta name=\"twitter:label1\" content=\"\u00c9crit par\" \/>\n\t<meta name=\"twitter:data1\" content=\"St\u00e9phane Miget\" \/>\n\t<meta name=\"twitter:label2\" content=\"Dur\u00e9e de lecture estim\u00e9e\" \/>\n\t<meta name=\"twitter:data2\" content=\"1 minute\" \/>\n<script type=\"application\/ld+json\" class=\"yoast-schema-graph\">{\"@context\":\"https:\\\/\\\/schema.org\",\"@graph\":[{\"@type\":\"Article\",\"@id\":\"https:\\\/\\\/batijournal.com\\\/index.php\\\/le-festival-international-des-jardins-est-accessible\\\/104249\\\/#article\",\"isPartOf\":{\"@id\":\"https:\\\/\\\/batijournal.com\\\/index.php\\\/le-festival-international-des-jardins-est-accessible\\\/104249\\\/\"},\"author\":{\"name\":\"St\u00e9phane Miget\",\"@id\":\"https:\\\/\\\/batijournal.com\\\/#\\\/schema\\\/person\\\/1dc96ec6957aa1ccb25ebe78bb19f100\"},\"headline\":\"Le Festival international des Jardins est accessible\",\"datePublished\":\"2020-05-20T12:39:33+00:00\",\"dateModified\":\"2020-06-12T11:10:11+00:00\",\"mainEntityOfPage\":{\"@id\":\"https:\\\/\\\/batijournal.com\\\/index.php\\\/le-festival-international-des-jardins-est-accessible\\\/104249\\\/\"},\"wordCount\":188,\"image\":{\"@id\":\"https:\\\/\\\/batijournal.com\\\/index.php\\\/le-festival-international-des-jardins-est-accessible\\\/104249\\\/#primaryimage\"},\"thumbnailUrl\":\"https:\\\/\\\/batijournal.com\\\/wp-content\\\/uploads\\\/2020\\\/05\\\/chaumont-sur-loire.jpeg\",\"keywords\":[\"monument historique\"],\"articleSection\":[\"Actualit\u00e9s\",\"Divers\",\"zz_Actualit\u00e9s - Atrium\",\"zz_Atrium Patrimoine\"],\"inLanguage\":\"fr-FR\"},{\"@type\":\"WebPage\",\"@id\":\"https:\\\/\\\/batijournal.com\\\/index.php\\\/le-festival-international-des-jardins-est-accessible\\\/104249\\\/\",\"url\":\"https:\\\/\\\/batijournal.com\\\/index.php\\\/le-festival-international-des-jardins-est-accessible\\\/104249\\\/\",\"name\":\"Le Festival international des Jardins est accessible\",\"isPartOf\":{\"@id\":\"https:\\\/\\\/batijournal.com\\\/#website\"},\"primaryImageOfPage\":{\"@id\":\"https:\\\/\\\/batijournal.com\\\/index.php\\\/le-festival-international-des-jardins-est-accessible\\\/104249\\\/#primaryimage\"},\"image\":{\"@id\":\"https:\\\/\\\/batijournal.com\\\/index.php\\\/le-festival-international-des-jardins-est-accessible\\\/104249\\\/#primaryimage\"},\"thumbnailUrl\":\"https:\\\/\\\/batijournal.com\\\/wp-content\\\/uploads\\\/2020\\\/05\\\/chaumont-sur-loire.jpeg\",\"datePublished\":\"2020-05-20T12:39:33+00:00\",\"dateModified\":\"2020-06-12T11:10:11+00:00\",\"author\":{\"@id\":\"https:\\\/\\\/batijournal.com\\\/#\\\/schema\\\/person\\\/1dc96ec6957aa1ccb25ebe78bb19f100\"},\"breadcrumb\":{\"@id\":\"https:\\\/\\\/batijournal.com\\\/index.php\\\/le-festival-international-des-jardins-est-accessible\\\/104249\\\/#breadcrumb\"},\"inLanguage\":\"fr-FR\",\"potentialAction\":[{\"@type\":\"ReadAction\",\"target\":[\"https:\\\/\\\/batijournal.com\\\/index.php\\\/le-festival-international-des-jardins-est-accessible\\\/104249\\\/\"]}]},{\"@type\":\"ImageObject\",\"inLanguage\":\"fr-FR\",\"@id\":\"https:\\\/\\\/batijournal.com\\\/index.php\\\/le-festival-international-des-jardins-est-accessible\\\/104249\\\/#primaryimage\",\"url\":\"https:\\\/\\\/batijournal.com\\\/wp-content\\\/uploads\\\/2020\\\/05\\\/chaumont-sur-loire.jpeg\",\"contentUrl\":\"https:\\\/\\\/batijournal.com\\\/wp-content\\\/uploads\\\/2020\\\/05\\\/chaumont-sur-loire.jpeg\",\"width\":320,\"height\":214},{\"@type\":\"BreadcrumbList\",\"@id\":\"https:\\\/\\\/batijournal.com\\\/index.php\\\/le-festival-international-des-jardins-est-accessible\\\/104249\\\/#breadcrumb\",\"itemListElement\":[{\"@type\":\"ListItem\",\"position\":1,\"name\":\"Accueil\",\"item\":\"https:\\\/\\\/batijournal.com\\\/\"},{\"@type\":\"ListItem\",\"position\":2,\"name\":\"Actualit\u00e9s\",\"item\":\"https:\\\/\\\/batijournal.com\\\/index.php\\\/category\\\/actualites\\\/\"},{\"@type\":\"ListItem\",\"position\":3,\"name\":\"Le Festival international des Jardins est accessible\"}]},{\"@type\":\"WebSite\",\"@id\":\"https:\\\/\\\/batijournal.com\\\/#website\",\"url\":\"https:\\\/\\\/batijournal.com\\\/\",\"name\":\"Batijournal\",\"description\":\"L&#039;actualit\u00e9 du b\u00e2timent\",\"potentialAction\":[{\"@type\":\"SearchAction\",\"target\":{\"@type\":\"EntryPoint\",\"urlTemplate\":\"https:\\\/\\\/batijournal.com\\\/?s={search_term_string}\"},\"query-input\":{\"@type\":\"PropertyValueSpecification\",\"valueRequired\":true,\"valueName\":\"search_term_string\"}}],\"inLanguage\":\"fr-FR\"},{\"@type\":\"Person\",\"@id\":\"https:\\\/\\\/batijournal.com\\\/#\\\/schema\\\/person\\\/1dc96ec6957aa1ccb25ebe78bb19f100\",\"name\":\"St\u00e9phane Miget\",\"image\":{\"@type\":\"ImageObject\",\"inLanguage\":\"fr-FR\",\"@id\":\"https:\\\/\\\/secure.gravatar.com\\\/avatar\\\/89915563d925342126b8ef0281b93d9d7fc337043e8df017f780908eb9644451?s=96&d=mm&r=g\",\"url\":\"https:\\\/\\\/secure.gravatar.com\\\/avatar\\\/89915563d925342126b8ef0281b93d9d7fc337043e8df017f780908eb9644451?s=96&d=mm&r=g\",\"contentUrl\":\"https:\\\/\\\/secure.gravatar.com\\\/avatar\\\/89915563d925342126b8ef0281b93d9d7fc337043e8df017f780908eb9644451?s=96&d=mm&r=g\",\"caption\":\"St\u00e9phane Miget\"},\"url\":\"https:\\\/\\\/batijournal.com\\\/index.php\\\/author\\\/stephane\\\/\"}]}<\/script>\n<!-- \/ Yoast SEO plugin. -->","yoast_head_json":{"title":"Le Festival international des Jardins est accessible","robots":{"index":"index","follow":"follow","max-snippet":"max-snippet:-1","max-image-preview":"max-image-preview:large","max-video-preview":"max-video-preview:-1"},"canonical":"https:\/\/batijournal.com\/index.php\/le-festival-international-des-jardins-est-accessible\/104249\/","og_locale":"fr_FR","og_type":"article","og_title":"Le Festival international des Jardins est accessible","og_description":"Le Domaine de Chaumont-sur-Loire, dont les espaces se d\u00e9ploient sur 32 hectares, est de nouveau ouvert \u00e0 la visite. Les merveilles de la Saison d\u2019Art et du Festival international des Jardins seront accessibles dans le respect des mesures sanitaires fix\u00e9es par le gouvernement. Les visiteurs sont invit\u00e9s \u00e0 r\u00e9server des billets d\u00e9mat\u00e9rialis\u00e9s sur le site [&hellip;]","og_url":"https:\/\/batijournal.com\/index.php\/le-festival-international-des-jardins-est-accessible\/104249\/","og_site_name":"Batijournal","article_published_time":"2020-05-20T12:39:33+00:00","article_modified_time":"2020-06-12T11:10:11+00:00","og_image":[{"width":320,"height":214,"url":"https:\/\/batijournal.com\/wp-content\/uploads\/2020\/05\/chaumont-sur-loire.jpeg","type":"image\/jpeg"}],"author":"St\u00e9phane Miget","twitter_card":"summary_large_image","twitter_creator":"@bati_journal","twitter_site":"@bati_journal","twitter_misc":{"\u00c9crit par":"St\u00e9phane Miget","Dur\u00e9e de lecture estim\u00e9e":"1 minute"},"schema":{"@context":"https:\/\/schema.org","@graph":[{"@type":"Article","@id":"https:\/\/batijournal.com\/index.php\/le-festival-international-des-jardins-est-accessible\/104249\/#article","isPartOf":{"@id":"https:\/\/batijournal.com\/index.php\/le-festival-international-des-jardins-est-accessible\/104249\/"},"author":{"name":"St\u00e9phane Miget","@id":"https:\/\/batijournal.com\/#\/schema\/person\/1dc96ec6957aa1ccb25ebe78bb19f100"},"headline":"Le Festival international des Jardins est accessible","datePublished":"2020-05-20T12:39:33+00:00","dateModified":"2020-06-12T11:10:11+00:00","mainEntityOfPage":{"@id":"https:\/\/batijournal.com\/index.php\/le-festival-international-des-jardins-est-accessible\/104249\/"},"wordCount":188,"image":{"@id":"https:\/\/batijournal.com\/index.php\/le-festival-international-des-jardins-est-accessible\/104249\/#primaryimage"},"thumbnailUrl":"https:\/\/batijournal.com\/wp-content\/uploads\/2020\/05\/chaumont-sur-loire.jpeg","keywords":["monument historique"],"articleSection":["Actualit\u00e9s","Divers","zz_Actualit\u00e9s - Atrium","zz_Atrium Patrimoine"],"inLanguage":"fr-FR"},{"@type":"WebPage","@id":"https:\/\/batijournal.com\/index.php\/le-festival-international-des-jardins-est-accessible\/104249\/","url":"https:\/\/batijournal.com\/index.php\/le-festival-international-des-jardins-est-accessible\/104249\/","name":"Le Festival international des Jardins est accessible","isPartOf":{"@id":"https:\/\/batijournal.com\/#website"},"primaryImageOfPage":{"@id":"https:\/\/batijournal.com\/index.php\/le-festival-international-des-jardins-est-accessible\/104249\/#primaryimage"},"image":{"@id":"https:\/\/batijournal.com\/index.php\/le-festival-international-des-jardins-est-accessible\/104249\/#primaryimage"},"thumbnailUrl":"https:\/\/batijournal.com\/wp-content\/uploads\/2020\/05\/chaumont-sur-loire.jpeg","datePublished":"2020-05-20T12:39:33+00:00","dateModified":"2020-06-12T11:10:11+00:00","author":{"@id":"https:\/\/batijournal.com\/#\/schema\/person\/1dc96ec6957aa1ccb25ebe78bb19f100"},"breadcrumb":{"@id":"https:\/\/batijournal.com\/index.php\/le-festival-international-des-jardins-est-accessible\/104249\/#breadcrumb"},"inLanguage":"fr-FR","potentialAction":[{"@type":"ReadAction","target":["https:\/\/batijournal.com\/index.php\/le-festival-international-des-jardins-est-accessible\/104249\/"]}]},{"@type":"ImageObject","inLanguage":"fr-FR","@id":"https:\/\/batijournal.com\/index.php\/le-festival-international-des-jardins-est-accessible\/104249\/#primaryimage","url":"https:\/\/batijournal.com\/wp-content\/uploads\/2020\/05\/chaumont-sur-loire.jpeg","contentUrl":"https:\/\/batijournal.com\/wp-content\/uploads\/2020\/05\/chaumont-sur-loire.jpeg","width":320,"height":214},{"@type":"BreadcrumbList","@id":"https:\/\/batijournal.com\/index.php\/le-festival-international-des-jardins-est-accessible\/104249\/#breadcrumb","itemListElement":[{"@type":"ListItem","position":1,"name":"Accueil","item":"https:\/\/batijournal.com\/"},{"@type":"ListItem","position":2,"name":"Actualit\u00e9s","item":"https:\/\/batijournal.com\/index.php\/category\/actualites\/"},{"@type":"ListItem","position":3,"name":"Le Festival international des Jardins est accessible"}]},{"@type":"WebSite","@id":"https:\/\/batijournal.com\/#website","url":"https:\/\/batijournal.com\/","name":"Batijournal","description":"L&#039;actualit\u00e9 du b\u00e2timent","potentialAction":[{"@type":"SearchAction","target":{"@type":"EntryPoint","urlTemplate":"https:\/\/batijournal.com\/?s={search_term_string}"},"query-input":{"@type":"PropertyValueSpecification","valueRequired":true,"valueName":"search_term_string"}}],"inLanguage":"fr-FR"},{"@type":"Person","@id":"https:\/\/batijournal.com\/#\/schema\/person\/1dc96ec6957aa1ccb25ebe78bb19f100","name":"St\u00e9phane Miget","image":{"@type":"ImageObject","inLanguage":"fr-FR","@id":"https:\/\/secure.gravatar.com\/avatar\/89915563d925342126b8ef0281b93d9d7fc337043e8df017f780908eb9644451?s=96&d=mm&r=g","url":"https:\/\/secure.gravatar.com\/avatar\/89915563d925342126b8ef0281b93d9d7fc337043e8df017f780908eb9644451?s=96&d=mm&r=g","contentUrl":"https:\/\/secure.gravatar.com\/avatar\/89915563d925342126b8ef0281b93d9d7fc337043e8df017f780908eb9644451?s=96&d=mm&r=g","caption":"St\u00e9phane Miget"},"url":"https:\/\/batijournal.com\/index.php\/author\/stephane\/"}]}},"_links":{"self":[{"href":"https:\/\/batijournal.com\/index.php\/wp-json\/wp\/v2\/posts\/104249","targetHints":{"allow":["GET"]}}],"collection":[{"href":"https:\/\/batijournal.com\/index.php\/wp-json\/wp\/v2\/posts"}],"about":[{"href":"https:\/\/batijournal.com\/index.php\/wp-json\/wp\/v2\/types\/post"}],"author":[{"embeddable":true,"href":"https:\/\/batijournal.com\/index.php\/wp-json\/wp\/v2\/users\/17"}],"replies":[{"embeddable":true,"href":"https:\/\/batijournal.com\/index.php\/wp-json\/wp\/v2\/comments?post=104249"}],"version-history":[{"count":0,"href":"https:\/\/batijournal.com\/index.php\/wp-json\/wp\/v2\/posts\/104249\/revisions"}],"wp:featuredmedia":[{"embeddable":true,"href":"https:\/\/batijournal.com\/index.php\/wp-json\/wp\/v2\/media\/104247"}],"wp:attachment":[{"href":"https:\/\/batijournal.com\/index.php\/wp-json\/wp\/v2\/media?parent=104249"}],"wp:term":[{"taxonomy":"category","embeddable":true,"href":"https:\/\/batijournal.com\/index.php\/wp-json\/wp\/v2\/categories?post=104249"},{"taxonomy":"post_tag","embeddable":true,"href":"https:\/\/batijournal.com\/index.php\/wp-json\/wp\/v2\/tags?post=104249"}],"curies":[{"name":"wp","href":"https:\/\/api.w.org\/{rel}","templated":true}]}}