{"id":104259,"date":"2020-05-25T11:48:41","date_gmt":"2020-05-25T09:48:41","guid":{"rendered":"https:\/\/batijournal.com\/?p=104259"},"modified":"2020-05-25T11:48:47","modified_gmt":"2020-05-25T09:48:47","slug":"masques-de-protection-la-dgccrf-surveille","status":"publish","type":"post","link":"https:\/\/batijournal.com\/index.php\/masques-de-protection-la-dgccrf-surveille\/104259\/","title":{"rendered":"Masques de protection : la DGCCRF surveille !"},"content":{"rendered":"\n<p>\u00c0 la demande d\u2019Agn\u00e8s Pannier-Runacher, secr\u00e9taire d\u2019\u00c9tat aupr\u00e8s du ministre de l\u2019\u00c9conomie et des Finances, la DGCCRF a lanc\u00e9 d\u00e9but mai une enqu\u00eate nationale pour garantir l\u2019acc\u00e8s des Fran\u00e7ais \u00e0 des masques de qualit\u00e9 et \u00e0 des prix raisonnables.<br \/>Au cours des trois premi\u00e8res semaines de mai, 5 673 \u00e9tablissements (supermarch\u00e9s, pharmacies, grossistes mais \u00e9galement fabricants ou importateurs de masques de protection) ont fait l\u2019objet d\u2019un contr\u00f4le, en particulier sur la base de 532 signalements re\u00e7us sur la plateforme SignalConso. Ces contr\u00f4les ont donn\u00e9 lieu \u00e0 177 avertissements, 18 injonctions de remise en conformit\u00e9 et 9 proc\u00e8s- verbaux p\u00e9naux en cas d\u2019atteinte grave \u00e0 l\u2019information des consommateurs (pratiques commerciales trompeuses notamment). Il r\u00e9sulte de ces donn\u00e9es un taux de conformit\u00e9 sup\u00e9rieur \u00e0 96% qui t\u00e9moigne du s\u00e9rieux et de la qualit\u00e9 du travail des professionnels.<\/p>\n\n\n\n<p>Les contr\u00f4les men\u00e9s par les agents de la DGCCRF mettent plus pr\u00e9cis\u00e9ment en \u00e9vidence une nette progression du nombre d\u2019\u00e9tablissements proposant \u00e0 la vente des masques de protection. Les premiers relev\u00e9s de prix effectu\u00e9s ont permis de s\u2019assurer que l\u2019encadrement des prix des masques de type chirurgical (prix plafond \u00e0 95 centimes) est globalement bien respect\u00e9, la majorit\u00e9 des masques \u00e9tant d\u2019ailleurs vendus \u00e0 un tarif de l\u2019ordre de 60 centimes, notamment dans la grande distribution.<\/p>\n\n\n\n<p>En ce qui concerne les masques textiles, et plus particuli\u00e8rement les masques \u00ab grand public \u00bb \u00e0 filtration garantie, pour la plupart lavables et r\u00e9utilisables plusieurs fois, leur prix de vente s\u2019av\u00e8re en moyenne inf\u00e9rieur \u00e0 50 centimes par utilisation, quel que soit le canal de vente. Environ un tiers des masques sont commercialis\u00e9s \u00e0 des prix de l\u2019ordre de 10 \u00e0 30 centimes \u00e0 l\u2019utilisation. Mais certains produits d\u00e9passent les 50 centimes \u00e0 l\u2019utilisation voire un euro. Il s\u2019agit, pour ces derniers, tr\u00e8s majoritairement de produits dont le nombre de lavages possibles est faible (moins de 10). Ce point fera l\u2019objet de suivis dans les jours qui viennent pour s\u2019assurer un meilleur rapport qualit\u00e9-prix.<\/p>\n\n\n\n<p>Les contr\u00f4les men\u00e9s par la DGCCRF ont enfin mis en \u00e9vidence que l\u2019information des consommateurs n\u2019est pas toujours assur\u00e9e correctement. D\u2019importantes marges de progr\u00e8s demeurent. Ainsi dans de nombreux cas, les consommateurs ne disposaient pas d\u2019une notice d\u2019utilisation ou celle-ci \u00e9tait r\u00e9dig\u00e9e dans une langue \u00e9trang\u00e8re. Ces situations doivent \u00eatre corrig\u00e9es dans les plus brefs d\u00e9lais.<\/p>\n\n\n\n<p>Pour les masques \u00ab grand public \u00bb textiles \u00e0 filtration garantie, l\u2019absence d\u2019une notice dans l\u2019emballage pouvait \u00eatre accept\u00e9e dans un premier temps d\u00e8s lors que celle-ci \u00e9tait mise \u00e0 disposition sur le lieu de vente et sur le site internet du professionnel, ce qui n\u2019a pas \u00e9t\u00e9 le cas dans de nombreux commerces et a donc donn\u00e9 lieu \u00e0 des avertissements (rappels \u00e0 la loi) pour que les professionnels se mettent en conformit\u00e9.<\/p>\n\n\n\n<p>Les enqu\u00eateurs ont \u00e9galement mis en \u00e9vidence l\u2019absence d\u2019indication du nombre de lavages possibles voire une indication diff\u00e9rente de celle pour lesquels les tests ont \u00e9t\u00e9 r\u00e9alis\u00e9s. Enfin, les contr\u00f4les montrent une confusion possible entre les diff\u00e9rentes cat\u00e9gories de masques pouvant \u00eatre commercialis\u00e9s (voir d\u00e9tails dans cette foire aux questions).<\/p>\n\n\n\n<p>Les services de la DGCCRF vont poursuivre leurs contr\u00f4les au cours des prochaines semaines et seront particuli\u00e8rement attentifs au niveau des prix et \u00e0 la qualit\u00e9 de l\u2019information fournie aux consommateurs.<\/p>\n","protected":false},"excerpt":{"rendered":"<p>\u00c0 la demande d\u2019Agn\u00e8s Pannier-Runacher, secr\u00e9taire d\u2019\u00c9tat aupr\u00e8s du ministre de l\u2019\u00c9conomie et des Finances, la DGCCRF a lanc\u00e9 d\u00e9but mai une enqu\u00eate nationale pour garantir l\u2019acc\u00e8s des Fran\u00e7ais \u00e0 des masques de qualit\u00e9 et \u00e0 des prix raisonnables.Au cours des trois premi\u00e8res semaines de mai, 5 673 \u00e9tablissements (supermarch\u00e9s, pharmacies, grossistes mais \u00e9galement fabricants [&hellip;]<\/p>\n","protected":false},"author":17,"featured_media":104124,"comment_status":"closed","ping_status":"closed","sticky":false,"template":"","format":"standard","meta":{"_et_pb_use_builder":"","_et_pb_old_content":"","_et_gb_content_width":"","footnotes":""},"categories":[10530,6362],"tags":[],"class_list":["post-104259","post","type-post","status-publish","format-standard","has-post-thumbnail","hentry","category-actualites","category-services-equipements"],"yoast_head":"<!-- This site is optimized with the Yoast SEO plugin v27.4 - https:\/\/yoast.com\/product\/yoast-seo-wordpress\/ -->\n<title>Masques de protection : la DGCCRF surveille !<\/title>\n<meta name=\"robots\" content=\"index, follow, max-snippet:-1, max-image-preview:large, max-video-preview:-1\" \/>\n<link rel=\"canonical\" href=\"https:\/\/batijournal.com\/index.php\/masques-de-protection-la-dgccrf-surveille\/104259\/\" \/>\n<meta property=\"og:locale\" content=\"fr_FR\" \/>\n<meta property=\"og:type\" content=\"article\" \/>\n<meta property=\"og:title\" content=\"Masques de protection : la DGCCRF surveille !\" \/>\n<meta property=\"og:description\" content=\"\u00c0 la demande d\u2019Agn\u00e8s Pannier-Runacher, secr\u00e9taire d\u2019\u00c9tat aupr\u00e8s du ministre de l\u2019\u00c9conomie et des Finances, la DGCCRF a lanc\u00e9 d\u00e9but mai une enqu\u00eate nationale pour garantir l\u2019acc\u00e8s des Fran\u00e7ais \u00e0 des masques de qualit\u00e9 et \u00e0 des prix raisonnables.Au cours des trois premi\u00e8res semaines de mai, 5 673 \u00e9tablissements (supermarch\u00e9s, pharmacies, grossistes mais \u00e9galement fabricants [&hellip;]\" \/>\n<meta property=\"og:url\" content=\"https:\/\/batijournal.com\/index.php\/masques-de-protection-la-dgccrf-surveille\/104259\/\" \/>\n<meta property=\"og:site_name\" content=\"Batijournal\" \/>\n<meta property=\"article:published_time\" content=\"2020-05-25T09:48:41+00:00\" \/>\n<meta property=\"article:modified_time\" content=\"2020-05-25T09:48:47+00:00\" \/>\n<meta property=\"og:image\" content=\"https:\/\/batijournal.com\/wp-content\/uploads\/2020\/04\/masques-corona-virus.jpg\" \/>\n\t<meta property=\"og:image:width\" content=\"800\" \/>\n\t<meta property=\"og:image:height\" content=\"375\" \/>\n\t<meta property=\"og:image:type\" content=\"image\/jpeg\" \/>\n<meta name=\"author\" content=\"St\u00e9phane Miget\" \/>\n<meta name=\"twitter:card\" content=\"summary_large_image\" \/>\n<meta name=\"twitter:creator\" content=\"@bati_journal\" \/>\n<meta name=\"twitter:site\" content=\"@bati_journal\" \/>\n<meta name=\"twitter:label1\" content=\"\u00c9crit par\" \/>\n\t<meta name=\"twitter:data1\" content=\"St\u00e9phane Miget\" \/>\n\t<meta name=\"twitter:label2\" content=\"Dur\u00e9e de lecture estim\u00e9e\" \/>\n\t<meta name=\"twitter:data2\" content=\"3 minutes\" \/>\n<script type=\"application\/ld+json\" class=\"yoast-schema-graph\">{\"@context\":\"https:\\\/\\\/schema.org\",\"@graph\":[{\"@type\":\"Article\",\"@id\":\"https:\\\/\\\/batijournal.com\\\/index.php\\\/masques-de-protection-la-dgccrf-surveille\\\/104259\\\/#article\",\"isPartOf\":{\"@id\":\"https:\\\/\\\/batijournal.com\\\/index.php\\\/masques-de-protection-la-dgccrf-surveille\\\/104259\\\/\"},\"author\":{\"name\":\"St\u00e9phane Miget\",\"@id\":\"https:\\\/\\\/batijournal.com\\\/#\\\/schema\\\/person\\\/1dc96ec6957aa1ccb25ebe78bb19f100\"},\"headline\":\"Masques de protection : la DGCCRF surveille !\",\"datePublished\":\"2020-05-25T09:48:41+00:00\",\"dateModified\":\"2020-05-25T09:48:47+00:00\",\"mainEntityOfPage\":{\"@id\":\"https:\\\/\\\/batijournal.com\\\/index.php\\\/masques-de-protection-la-dgccrf-surveille\\\/104259\\\/\"},\"wordCount\":592,\"image\":{\"@id\":\"https:\\\/\\\/batijournal.com\\\/index.php\\\/masques-de-protection-la-dgccrf-surveille\\\/104259\\\/#primaryimage\"},\"thumbnailUrl\":\"https:\\\/\\\/batijournal.com\\\/wp-content\\\/uploads\\\/2020\\\/04\\\/masques-corona-virus.jpg\",\"articleSection\":[\"Actualit\u00e9s\",\"Divers\"],\"inLanguage\":\"fr-FR\"},{\"@type\":\"WebPage\",\"@id\":\"https:\\\/\\\/batijournal.com\\\/index.php\\\/masques-de-protection-la-dgccrf-surveille\\\/104259\\\/\",\"url\":\"https:\\\/\\\/batijournal.com\\\/index.php\\\/masques-de-protection-la-dgccrf-surveille\\\/104259\\\/\",\"name\":\"Masques de protection : la DGCCRF surveille !\",\"isPartOf\":{\"@id\":\"https:\\\/\\\/batijournal.com\\\/#website\"},\"primaryImageOfPage\":{\"@id\":\"https:\\\/\\\/batijournal.com\\\/index.php\\\/masques-de-protection-la-dgccrf-surveille\\\/104259\\\/#primaryimage\"},\"image\":{\"@id\":\"https:\\\/\\\/batijournal.com\\\/index.php\\\/masques-de-protection-la-dgccrf-surveille\\\/104259\\\/#primaryimage\"},\"thumbnailUrl\":\"https:\\\/\\\/batijournal.com\\\/wp-content\\\/uploads\\\/2020\\\/04\\\/masques-corona-virus.jpg\",\"datePublished\":\"2020-05-25T09:48:41+00:00\",\"dateModified\":\"2020-05-25T09:48:47+00:00\",\"author\":{\"@id\":\"https:\\\/\\\/batijournal.com\\\/#\\\/schema\\\/person\\\/1dc96ec6957aa1ccb25ebe78bb19f100\"},\"breadcrumb\":{\"@id\":\"https:\\\/\\\/batijournal.com\\\/index.php\\\/masques-de-protection-la-dgccrf-surveille\\\/104259\\\/#breadcrumb\"},\"inLanguage\":\"fr-FR\",\"potentialAction\":[{\"@type\":\"ReadAction\",\"target\":[\"https:\\\/\\\/batijournal.com\\\/index.php\\\/masques-de-protection-la-dgccrf-surveille\\\/104259\\\/\"]}]},{\"@type\":\"ImageObject\",\"inLanguage\":\"fr-FR\",\"@id\":\"https:\\\/\\\/batijournal.com\\\/index.php\\\/masques-de-protection-la-dgccrf-surveille\\\/104259\\\/#primaryimage\",\"url\":\"https:\\\/\\\/batijournal.com\\\/wp-content\\\/uploads\\\/2020\\\/04\\\/masques-corona-virus.jpg\",\"contentUrl\":\"https:\\\/\\\/batijournal.com\\\/wp-content\\\/uploads\\\/2020\\\/04\\\/masques-corona-virus.jpg\",\"width\":800,\"height\":375},{\"@type\":\"BreadcrumbList\",\"@id\":\"https:\\\/\\\/batijournal.com\\\/index.php\\\/masques-de-protection-la-dgccrf-surveille\\\/104259\\\/#breadcrumb\",\"itemListElement\":[{\"@type\":\"ListItem\",\"position\":1,\"name\":\"Accueil\",\"item\":\"https:\\\/\\\/batijournal.com\\\/\"},{\"@type\":\"ListItem\",\"position\":2,\"name\":\"Actualit\u00e9s\",\"item\":\"https:\\\/\\\/batijournal.com\\\/index.php\\\/category\\\/actualites\\\/\"},{\"@type\":\"ListItem\",\"position\":3,\"name\":\"Masques de protection : la DGCCRF surveille !\"}]},{\"@type\":\"WebSite\",\"@id\":\"https:\\\/\\\/batijournal.com\\\/#website\",\"url\":\"https:\\\/\\\/batijournal.com\\\/\",\"name\":\"Batijournal\",\"description\":\"L&#039;actualit\u00e9 du b\u00e2timent\",\"potentialAction\":[{\"@type\":\"SearchAction\",\"target\":{\"@type\":\"EntryPoint\",\"urlTemplate\":\"https:\\\/\\\/batijournal.com\\\/?s={search_term_string}\"},\"query-input\":{\"@type\":\"PropertyValueSpecification\",\"valueRequired\":true,\"valueName\":\"search_term_string\"}}],\"inLanguage\":\"fr-FR\"},{\"@type\":\"Person\",\"@id\":\"https:\\\/\\\/batijournal.com\\\/#\\\/schema\\\/person\\\/1dc96ec6957aa1ccb25ebe78bb19f100\",\"name\":\"St\u00e9phane Miget\",\"image\":{\"@type\":\"ImageObject\",\"inLanguage\":\"fr-FR\",\"@id\":\"https:\\\/\\\/secure.gravatar.com\\\/avatar\\\/89915563d925342126b8ef0281b93d9d7fc337043e8df017f780908eb9644451?s=96&d=mm&r=g\",\"url\":\"https:\\\/\\\/secure.gravatar.com\\\/avatar\\\/89915563d925342126b8ef0281b93d9d7fc337043e8df017f780908eb9644451?s=96&d=mm&r=g\",\"contentUrl\":\"https:\\\/\\\/secure.gravatar.com\\\/avatar\\\/89915563d925342126b8ef0281b93d9d7fc337043e8df017f780908eb9644451?s=96&d=mm&r=g\",\"caption\":\"St\u00e9phane Miget\"},\"url\":\"https:\\\/\\\/batijournal.com\\\/index.php\\\/author\\\/stephane\\\/\"}]}<\/script>\n<!-- \/ Yoast SEO plugin. -->","yoast_head_json":{"title":"Masques de protection : la DGCCRF surveille !","robots":{"index":"index","follow":"follow","max-snippet":"max-snippet:-1","max-image-preview":"max-image-preview:large","max-video-preview":"max-video-preview:-1"},"canonical":"https:\/\/batijournal.com\/index.php\/masques-de-protection-la-dgccrf-surveille\/104259\/","og_locale":"fr_FR","og_type":"article","og_title":"Masques de protection : la DGCCRF surveille !","og_description":"\u00c0 la demande d\u2019Agn\u00e8s Pannier-Runacher, secr\u00e9taire d\u2019\u00c9tat aupr\u00e8s du ministre de l\u2019\u00c9conomie et des Finances, la DGCCRF a lanc\u00e9 d\u00e9but mai une enqu\u00eate nationale pour garantir l\u2019acc\u00e8s des Fran\u00e7ais \u00e0 des masques de qualit\u00e9 et \u00e0 des prix raisonnables.Au cours des trois premi\u00e8res semaines de mai, 5 673 \u00e9tablissements (supermarch\u00e9s, pharmacies, grossistes mais \u00e9galement fabricants [&hellip;]","og_url":"https:\/\/batijournal.com\/index.php\/masques-de-protection-la-dgccrf-surveille\/104259\/","og_site_name":"Batijournal","article_published_time":"2020-05-25T09:48:41+00:00","article_modified_time":"2020-05-25T09:48:47+00:00","og_image":[{"width":800,"height":375,"url":"https:\/\/batijournal.com\/wp-content\/uploads\/2020\/04\/masques-corona-virus.jpg","type":"image\/jpeg"}],"author":"St\u00e9phane Miget","twitter_card":"summary_large_image","twitter_creator":"@bati_journal","twitter_site":"@bati_journal","twitter_misc":{"\u00c9crit par":"St\u00e9phane Miget","Dur\u00e9e de lecture estim\u00e9e":"3 minutes"},"schema":{"@context":"https:\/\/schema.org","@graph":[{"@type":"Article","@id":"https:\/\/batijournal.com\/index.php\/masques-de-protection-la-dgccrf-surveille\/104259\/#article","isPartOf":{"@id":"https:\/\/batijournal.com\/index.php\/masques-de-protection-la-dgccrf-surveille\/104259\/"},"author":{"name":"St\u00e9phane Miget","@id":"https:\/\/batijournal.com\/#\/schema\/person\/1dc96ec6957aa1ccb25ebe78bb19f100"},"headline":"Masques de protection : la DGCCRF surveille !","datePublished":"2020-05-25T09:48:41+00:00","dateModified":"2020-05-25T09:48:47+00:00","mainEntityOfPage":{"@id":"https:\/\/batijournal.com\/index.php\/masques-de-protection-la-dgccrf-surveille\/104259\/"},"wordCount":592,"image":{"@id":"https:\/\/batijournal.com\/index.php\/masques-de-protection-la-dgccrf-surveille\/104259\/#primaryimage"},"thumbnailUrl":"https:\/\/batijournal.com\/wp-content\/uploads\/2020\/04\/masques-corona-virus.jpg","articleSection":["Actualit\u00e9s","Divers"],"inLanguage":"fr-FR"},{"@type":"WebPage","@id":"https:\/\/batijournal.com\/index.php\/masques-de-protection-la-dgccrf-surveille\/104259\/","url":"https:\/\/batijournal.com\/index.php\/masques-de-protection-la-dgccrf-surveille\/104259\/","name":"Masques de protection : la DGCCRF surveille !","isPartOf":{"@id":"https:\/\/batijournal.com\/#website"},"primaryImageOfPage":{"@id":"https:\/\/batijournal.com\/index.php\/masques-de-protection-la-dgccrf-surveille\/104259\/#primaryimage"},"image":{"@id":"https:\/\/batijournal.com\/index.php\/masques-de-protection-la-dgccrf-surveille\/104259\/#primaryimage"},"thumbnailUrl":"https:\/\/batijournal.com\/wp-content\/uploads\/2020\/04\/masques-corona-virus.jpg","datePublished":"2020-05-25T09:48:41+00:00","dateModified":"2020-05-25T09:48:47+00:00","author":{"@id":"https:\/\/batijournal.com\/#\/schema\/person\/1dc96ec6957aa1ccb25ebe78bb19f100"},"breadcrumb":{"@id":"https:\/\/batijournal.com\/index.php\/masques-de-protection-la-dgccrf-surveille\/104259\/#breadcrumb"},"inLanguage":"fr-FR","potentialAction":[{"@type":"ReadAction","target":["https:\/\/batijournal.com\/index.php\/masques-de-protection-la-dgccrf-surveille\/104259\/"]}]},{"@type":"ImageObject","inLanguage":"fr-FR","@id":"https:\/\/batijournal.com\/index.php\/masques-de-protection-la-dgccrf-surveille\/104259\/#primaryimage","url":"https:\/\/batijournal.com\/wp-content\/uploads\/2020\/04\/masques-corona-virus.jpg","contentUrl":"https:\/\/batijournal.com\/wp-content\/uploads\/2020\/04\/masques-corona-virus.jpg","width":800,"height":375},{"@type":"BreadcrumbList","@id":"https:\/\/batijournal.com\/index.php\/masques-de-protection-la-dgccrf-surveille\/104259\/#breadcrumb","itemListElement":[{"@type":"ListItem","position":1,"name":"Accueil","item":"https:\/\/batijournal.com\/"},{"@type":"ListItem","position":2,"name":"Actualit\u00e9s","item":"https:\/\/batijournal.com\/index.php\/category\/actualites\/"},{"@type":"ListItem","position":3,"name":"Masques de protection : la DGCCRF surveille !"}]},{"@type":"WebSite","@id":"https:\/\/batijournal.com\/#website","url":"https:\/\/batijournal.com\/","name":"Batijournal","description":"L&#039;actualit\u00e9 du b\u00e2timent","potentialAction":[{"@type":"SearchAction","target":{"@type":"EntryPoint","urlTemplate":"https:\/\/batijournal.com\/?s={search_term_string}"},"query-input":{"@type":"PropertyValueSpecification","valueRequired":true,"valueName":"search_term_string"}}],"inLanguage":"fr-FR"},{"@type":"Person","@id":"https:\/\/batijournal.com\/#\/schema\/person\/1dc96ec6957aa1ccb25ebe78bb19f100","name":"St\u00e9phane Miget","image":{"@type":"ImageObject","inLanguage":"fr-FR","@id":"https:\/\/secure.gravatar.com\/avatar\/89915563d925342126b8ef0281b93d9d7fc337043e8df017f780908eb9644451?s=96&d=mm&r=g","url":"https:\/\/secure.gravatar.com\/avatar\/89915563d925342126b8ef0281b93d9d7fc337043e8df017f780908eb9644451?s=96&d=mm&r=g","contentUrl":"https:\/\/secure.gravatar.com\/avatar\/89915563d925342126b8ef0281b93d9d7fc337043e8df017f780908eb9644451?s=96&d=mm&r=g","caption":"St\u00e9phane Miget"},"url":"https:\/\/batijournal.com\/index.php\/author\/stephane\/"}]}},"_links":{"self":[{"href":"https:\/\/batijournal.com\/index.php\/wp-json\/wp\/v2\/posts\/104259","targetHints":{"allow":["GET"]}}],"collection":[{"href":"https:\/\/batijournal.com\/index.php\/wp-json\/wp\/v2\/posts"}],"about":[{"href":"https:\/\/batijournal.com\/index.php\/wp-json\/wp\/v2\/types\/post"}],"author":[{"embeddable":true,"href":"https:\/\/batijournal.com\/index.php\/wp-json\/wp\/v2\/users\/17"}],"replies":[{"embeddable":true,"href":"https:\/\/batijournal.com\/index.php\/wp-json\/wp\/v2\/comments?post=104259"}],"version-history":[{"count":0,"href":"https:\/\/batijournal.com\/index.php\/wp-json\/wp\/v2\/posts\/104259\/revisions"}],"wp:featuredmedia":[{"embeddable":true,"href":"https:\/\/batijournal.com\/index.php\/wp-json\/wp\/v2\/media\/104124"}],"wp:attachment":[{"href":"https:\/\/batijournal.com\/index.php\/wp-json\/wp\/v2\/media?parent=104259"}],"wp:term":[{"taxonomy":"category","embeddable":true,"href":"https:\/\/batijournal.com\/index.php\/wp-json\/wp\/v2\/categories?post=104259"},{"taxonomy":"post_tag","embeddable":true,"href":"https:\/\/batijournal.com\/index.php\/wp-json\/wp\/v2\/tags?post=104259"}],"curies":[{"name":"wp","href":"https:\/\/api.w.org\/{rel}","templated":true}]}}