{"id":104261,"date":"2020-05-26T07:35:49","date_gmt":"2020-05-26T05:35:49","guid":{"rendered":"https:\/\/batijournal.com\/?p=104261"},"modified":"2020-05-26T07:35:51","modified_gmt":"2020-05-26T05:35:51","slug":"ou-jeter-les-masques-et-les-gants","status":"publish","type":"post","link":"https:\/\/batijournal.com\/index.php\/ou-jeter-les-masques-et-les-gants\/104261\/","title":{"rendered":"O\u00f9 jeter les masques et les gants ?"},"content":{"rendered":"\n<p>Depuis le d\u00e9but de la crise du Covid 19, l&rsquo;utilisation des lingettes, gants et masques a explos\u00e9. Ces objets une fois utilis\u00e9s sont malheureusement jet\u00e9s sur la voie publique ou en pleine nature. Pour pr\u00e9venir ce risque sanitaire et environnemental, le minist\u00e8re de la Transition \u00e9cologique et solidaire a indiqu\u00e9 les consignes \u00e0 suivre imp\u00e9rativement pour s&rsquo;en d\u00e9barrasser sans polluer. Ces d\u00e9chets doivent \u00eatre jet\u00e9s dans un sac poubelle d\u00e9di\u00e9, r\u00e9sistant et disposant d&rsquo;un syst\u00e8me de fermeture fonctionnelle. En aucun cas dans les toilettes. Lorsqu&rsquo;il est rempli, ce sac doit \u00eatre soigneusement referm\u00e9, puis conserv\u00e9 24h. Apr\u00e8s 24h, ce sac doit \u00eatre jet\u00e9 dans le sac poubelle \u00e0 ordures m\u00e9nag\u00e8res. Ces d\u00e9chets ne doivent en aucun cas \u00eatre mis dans la poubelle des d\u00e9chets recyclables ou poubelle \u00ab\u00a0jaune\u00a0\u00bb (emballages, papiers, cartons, plastiques).<\/p>\n","protected":false},"excerpt":{"rendered":"<p>Depuis le d\u00e9but de la crise du Covid 19, l&rsquo;utilisation des lingettes, gants et masques a explos\u00e9. Ces objets une fois utilis\u00e9s sont malheureusement jet\u00e9s sur la voie publique ou en pleine nature. Pour pr\u00e9venir ce risque sanitaire et environnemental, le minist\u00e8re de la Transition \u00e9cologique et solidaire a indiqu\u00e9 les consignes \u00e0 suivre imp\u00e9rativement [&hellip;]<\/p>\n","protected":false},"author":17,"featured_media":104124,"comment_status":"closed","ping_status":"closed","sticky":false,"template":"","format":"standard","meta":{"_et_pb_use_builder":"","_et_pb_old_content":"","_et_gb_content_width":"","footnotes":""},"categories":[10530,6362,10781,10778],"tags":[],"class_list":["post-104261","post","type-post","status-publish","format-standard","has-post-thumbnail","hentry","category-actualites","category-services-equipements","category-publications-planete","category-planete"],"yoast_head":"<!-- This site is optimized with the Yoast SEO plugin v27.4 - https:\/\/yoast.com\/product\/yoast-seo-wordpress\/ -->\n<title>O\u00f9 jeter les masques et les gants ?<\/title>\n<meta name=\"robots\" content=\"index, follow, max-snippet:-1, max-image-preview:large, max-video-preview:-1\" \/>\n<link rel=\"canonical\" href=\"https:\/\/batijournal.com\/index.php\/ou-jeter-les-masques-et-les-gants\/104261\/\" \/>\n<meta property=\"og:locale\" content=\"fr_FR\" \/>\n<meta property=\"og:type\" content=\"article\" \/>\n<meta property=\"og:title\" content=\"O\u00f9 jeter les masques et les gants ?\" \/>\n<meta property=\"og:description\" content=\"Depuis le d\u00e9but de la crise du Covid 19, l&rsquo;utilisation des lingettes, gants et masques a explos\u00e9. Ces objets une fois utilis\u00e9s sont malheureusement jet\u00e9s sur la voie publique ou en pleine nature. Pour pr\u00e9venir ce risque sanitaire et environnemental, le minist\u00e8re de la Transition \u00e9cologique et solidaire a indiqu\u00e9 les consignes \u00e0 suivre imp\u00e9rativement [&hellip;]\" \/>\n<meta property=\"og:url\" content=\"https:\/\/batijournal.com\/index.php\/ou-jeter-les-masques-et-les-gants\/104261\/\" \/>\n<meta property=\"og:site_name\" content=\"Batijournal\" \/>\n<meta property=\"article:published_time\" content=\"2020-05-26T05:35:49+00:00\" \/>\n<meta property=\"article:modified_time\" content=\"2020-05-26T05:35:51+00:00\" \/>\n<meta property=\"og:image\" content=\"https:\/\/batijournal.com\/wp-content\/uploads\/2020\/04\/masques-corona-virus.jpg\" \/>\n\t<meta property=\"og:image:width\" content=\"800\" \/>\n\t<meta property=\"og:image:height\" content=\"375\" \/>\n\t<meta property=\"og:image:type\" content=\"image\/jpeg\" \/>\n<meta name=\"author\" content=\"St\u00e9phane Miget\" \/>\n<meta name=\"twitter:card\" content=\"summary_large_image\" \/>\n<meta name=\"twitter:creator\" content=\"@bati_journal\" \/>\n<meta name=\"twitter:site\" content=\"@bati_journal\" \/>\n<meta name=\"twitter:label1\" content=\"\u00c9crit par\" \/>\n\t<meta name=\"twitter:data1\" content=\"St\u00e9phane Miget\" \/>\n\t<meta name=\"twitter:label2\" content=\"Dur\u00e9e de lecture estim\u00e9e\" \/>\n\t<meta name=\"twitter:data2\" content=\"1 minute\" \/>\n<script type=\"application\/ld+json\" class=\"yoast-schema-graph\">{\"@context\":\"https:\\\/\\\/schema.org\",\"@graph\":[{\"@type\":\"Article\",\"@id\":\"https:\\\/\\\/batijournal.com\\\/index.php\\\/ou-jeter-les-masques-et-les-gants\\\/104261\\\/#article\",\"isPartOf\":{\"@id\":\"https:\\\/\\\/batijournal.com\\\/index.php\\\/ou-jeter-les-masques-et-les-gants\\\/104261\\\/\"},\"author\":{\"name\":\"St\u00e9phane Miget\",\"@id\":\"https:\\\/\\\/batijournal.com\\\/#\\\/schema\\\/person\\\/1dc96ec6957aa1ccb25ebe78bb19f100\"},\"headline\":\"O\u00f9 jeter les masques et les gants ?\",\"datePublished\":\"2020-05-26T05:35:49+00:00\",\"dateModified\":\"2020-05-26T05:35:51+00:00\",\"mainEntityOfPage\":{\"@id\":\"https:\\\/\\\/batijournal.com\\\/index.php\\\/ou-jeter-les-masques-et-les-gants\\\/104261\\\/\"},\"wordCount\":157,\"image\":{\"@id\":\"https:\\\/\\\/batijournal.com\\\/index.php\\\/ou-jeter-les-masques-et-les-gants\\\/104261\\\/#primaryimage\"},\"thumbnailUrl\":\"https:\\\/\\\/batijournal.com\\\/wp-content\\\/uploads\\\/2020\\\/04\\\/masques-corona-virus.jpg\",\"articleSection\":[\"Actualit\u00e9s\",\"Divers\",\"zz_Actualit\u00e9s - Plan\u00e8te\",\"zz_Plan\u00e8te B\u00e2timent\"],\"inLanguage\":\"fr-FR\"},{\"@type\":\"WebPage\",\"@id\":\"https:\\\/\\\/batijournal.com\\\/index.php\\\/ou-jeter-les-masques-et-les-gants\\\/104261\\\/\",\"url\":\"https:\\\/\\\/batijournal.com\\\/index.php\\\/ou-jeter-les-masques-et-les-gants\\\/104261\\\/\",\"name\":\"O\u00f9 jeter les masques et les gants ?\",\"isPartOf\":{\"@id\":\"https:\\\/\\\/batijournal.com\\\/#website\"},\"primaryImageOfPage\":{\"@id\":\"https:\\\/\\\/batijournal.com\\\/index.php\\\/ou-jeter-les-masques-et-les-gants\\\/104261\\\/#primaryimage\"},\"image\":{\"@id\":\"https:\\\/\\\/batijournal.com\\\/index.php\\\/ou-jeter-les-masques-et-les-gants\\\/104261\\\/#primaryimage\"},\"thumbnailUrl\":\"https:\\\/\\\/batijournal.com\\\/wp-content\\\/uploads\\\/2020\\\/04\\\/masques-corona-virus.jpg\",\"datePublished\":\"2020-05-26T05:35:49+00:00\",\"dateModified\":\"2020-05-26T05:35:51+00:00\",\"author\":{\"@id\":\"https:\\\/\\\/batijournal.com\\\/#\\\/schema\\\/person\\\/1dc96ec6957aa1ccb25ebe78bb19f100\"},\"breadcrumb\":{\"@id\":\"https:\\\/\\\/batijournal.com\\\/index.php\\\/ou-jeter-les-masques-et-les-gants\\\/104261\\\/#breadcrumb\"},\"inLanguage\":\"fr-FR\",\"potentialAction\":[{\"@type\":\"ReadAction\",\"target\":[\"https:\\\/\\\/batijournal.com\\\/index.php\\\/ou-jeter-les-masques-et-les-gants\\\/104261\\\/\"]}]},{\"@type\":\"ImageObject\",\"inLanguage\":\"fr-FR\",\"@id\":\"https:\\\/\\\/batijournal.com\\\/index.php\\\/ou-jeter-les-masques-et-les-gants\\\/104261\\\/#primaryimage\",\"url\":\"https:\\\/\\\/batijournal.com\\\/wp-content\\\/uploads\\\/2020\\\/04\\\/masques-corona-virus.jpg\",\"contentUrl\":\"https:\\\/\\\/batijournal.com\\\/wp-content\\\/uploads\\\/2020\\\/04\\\/masques-corona-virus.jpg\",\"width\":800,\"height\":375},{\"@type\":\"BreadcrumbList\",\"@id\":\"https:\\\/\\\/batijournal.com\\\/index.php\\\/ou-jeter-les-masques-et-les-gants\\\/104261\\\/#breadcrumb\",\"itemListElement\":[{\"@type\":\"ListItem\",\"position\":1,\"name\":\"Accueil\",\"item\":\"https:\\\/\\\/batijournal.com\\\/\"},{\"@type\":\"ListItem\",\"position\":2,\"name\":\"Actualit\u00e9s\",\"item\":\"https:\\\/\\\/batijournal.com\\\/index.php\\\/category\\\/actualites\\\/\"},{\"@type\":\"ListItem\",\"position\":3,\"name\":\"O\u00f9 jeter les masques et les gants ?\"}]},{\"@type\":\"WebSite\",\"@id\":\"https:\\\/\\\/batijournal.com\\\/#website\",\"url\":\"https:\\\/\\\/batijournal.com\\\/\",\"name\":\"Batijournal\",\"description\":\"L&#039;actualit\u00e9 du b\u00e2timent\",\"potentialAction\":[{\"@type\":\"SearchAction\",\"target\":{\"@type\":\"EntryPoint\",\"urlTemplate\":\"https:\\\/\\\/batijournal.com\\\/?s={search_term_string}\"},\"query-input\":{\"@type\":\"PropertyValueSpecification\",\"valueRequired\":true,\"valueName\":\"search_term_string\"}}],\"inLanguage\":\"fr-FR\"},{\"@type\":\"Person\",\"@id\":\"https:\\\/\\\/batijournal.com\\\/#\\\/schema\\\/person\\\/1dc96ec6957aa1ccb25ebe78bb19f100\",\"name\":\"St\u00e9phane Miget\",\"image\":{\"@type\":\"ImageObject\",\"inLanguage\":\"fr-FR\",\"@id\":\"https:\\\/\\\/secure.gravatar.com\\\/avatar\\\/89915563d925342126b8ef0281b93d9d7fc337043e8df017f780908eb9644451?s=96&d=mm&r=g\",\"url\":\"https:\\\/\\\/secure.gravatar.com\\\/avatar\\\/89915563d925342126b8ef0281b93d9d7fc337043e8df017f780908eb9644451?s=96&d=mm&r=g\",\"contentUrl\":\"https:\\\/\\\/secure.gravatar.com\\\/avatar\\\/89915563d925342126b8ef0281b93d9d7fc337043e8df017f780908eb9644451?s=96&d=mm&r=g\",\"caption\":\"St\u00e9phane Miget\"},\"url\":\"https:\\\/\\\/batijournal.com\\\/index.php\\\/author\\\/stephane\\\/\"}]}<\/script>\n<!-- \/ Yoast SEO plugin. -->","yoast_head_json":{"title":"O\u00f9 jeter les masques et les gants ?","robots":{"index":"index","follow":"follow","max-snippet":"max-snippet:-1","max-image-preview":"max-image-preview:large","max-video-preview":"max-video-preview:-1"},"canonical":"https:\/\/batijournal.com\/index.php\/ou-jeter-les-masques-et-les-gants\/104261\/","og_locale":"fr_FR","og_type":"article","og_title":"O\u00f9 jeter les masques et les gants ?","og_description":"Depuis le d\u00e9but de la crise du Covid 19, l&rsquo;utilisation des lingettes, gants et masques a explos\u00e9. Ces objets une fois utilis\u00e9s sont malheureusement jet\u00e9s sur la voie publique ou en pleine nature. Pour pr\u00e9venir ce risque sanitaire et environnemental, le minist\u00e8re de la Transition \u00e9cologique et solidaire a indiqu\u00e9 les consignes \u00e0 suivre imp\u00e9rativement [&hellip;]","og_url":"https:\/\/batijournal.com\/index.php\/ou-jeter-les-masques-et-les-gants\/104261\/","og_site_name":"Batijournal","article_published_time":"2020-05-26T05:35:49+00:00","article_modified_time":"2020-05-26T05:35:51+00:00","og_image":[{"width":800,"height":375,"url":"https:\/\/batijournal.com\/wp-content\/uploads\/2020\/04\/masques-corona-virus.jpg","type":"image\/jpeg"}],"author":"St\u00e9phane Miget","twitter_card":"summary_large_image","twitter_creator":"@bati_journal","twitter_site":"@bati_journal","twitter_misc":{"\u00c9crit par":"St\u00e9phane Miget","Dur\u00e9e de lecture estim\u00e9e":"1 minute"},"schema":{"@context":"https:\/\/schema.org","@graph":[{"@type":"Article","@id":"https:\/\/batijournal.com\/index.php\/ou-jeter-les-masques-et-les-gants\/104261\/#article","isPartOf":{"@id":"https:\/\/batijournal.com\/index.php\/ou-jeter-les-masques-et-les-gants\/104261\/"},"author":{"name":"St\u00e9phane Miget","@id":"https:\/\/batijournal.com\/#\/schema\/person\/1dc96ec6957aa1ccb25ebe78bb19f100"},"headline":"O\u00f9 jeter les masques et les gants ?","datePublished":"2020-05-26T05:35:49+00:00","dateModified":"2020-05-26T05:35:51+00:00","mainEntityOfPage":{"@id":"https:\/\/batijournal.com\/index.php\/ou-jeter-les-masques-et-les-gants\/104261\/"},"wordCount":157,"image":{"@id":"https:\/\/batijournal.com\/index.php\/ou-jeter-les-masques-et-les-gants\/104261\/#primaryimage"},"thumbnailUrl":"https:\/\/batijournal.com\/wp-content\/uploads\/2020\/04\/masques-corona-virus.jpg","articleSection":["Actualit\u00e9s","Divers","zz_Actualit\u00e9s - Plan\u00e8te","zz_Plan\u00e8te B\u00e2timent"],"inLanguage":"fr-FR"},{"@type":"WebPage","@id":"https:\/\/batijournal.com\/index.php\/ou-jeter-les-masques-et-les-gants\/104261\/","url":"https:\/\/batijournal.com\/index.php\/ou-jeter-les-masques-et-les-gants\/104261\/","name":"O\u00f9 jeter les masques et les gants ?","isPartOf":{"@id":"https:\/\/batijournal.com\/#website"},"primaryImageOfPage":{"@id":"https:\/\/batijournal.com\/index.php\/ou-jeter-les-masques-et-les-gants\/104261\/#primaryimage"},"image":{"@id":"https:\/\/batijournal.com\/index.php\/ou-jeter-les-masques-et-les-gants\/104261\/#primaryimage"},"thumbnailUrl":"https:\/\/batijournal.com\/wp-content\/uploads\/2020\/04\/masques-corona-virus.jpg","datePublished":"2020-05-26T05:35:49+00:00","dateModified":"2020-05-26T05:35:51+00:00","author":{"@id":"https:\/\/batijournal.com\/#\/schema\/person\/1dc96ec6957aa1ccb25ebe78bb19f100"},"breadcrumb":{"@id":"https:\/\/batijournal.com\/index.php\/ou-jeter-les-masques-et-les-gants\/104261\/#breadcrumb"},"inLanguage":"fr-FR","potentialAction":[{"@type":"ReadAction","target":["https:\/\/batijournal.com\/index.php\/ou-jeter-les-masques-et-les-gants\/104261\/"]}]},{"@type":"ImageObject","inLanguage":"fr-FR","@id":"https:\/\/batijournal.com\/index.php\/ou-jeter-les-masques-et-les-gants\/104261\/#primaryimage","url":"https:\/\/batijournal.com\/wp-content\/uploads\/2020\/04\/masques-corona-virus.jpg","contentUrl":"https:\/\/batijournal.com\/wp-content\/uploads\/2020\/04\/masques-corona-virus.jpg","width":800,"height":375},{"@type":"BreadcrumbList","@id":"https:\/\/batijournal.com\/index.php\/ou-jeter-les-masques-et-les-gants\/104261\/#breadcrumb","itemListElement":[{"@type":"ListItem","position":1,"name":"Accueil","item":"https:\/\/batijournal.com\/"},{"@type":"ListItem","position":2,"name":"Actualit\u00e9s","item":"https:\/\/batijournal.com\/index.php\/category\/actualites\/"},{"@type":"ListItem","position":3,"name":"O\u00f9 jeter les masques et les gants ?"}]},{"@type":"WebSite","@id":"https:\/\/batijournal.com\/#website","url":"https:\/\/batijournal.com\/","name":"Batijournal","description":"L&#039;actualit\u00e9 du b\u00e2timent","potentialAction":[{"@type":"SearchAction","target":{"@type":"EntryPoint","urlTemplate":"https:\/\/batijournal.com\/?s={search_term_string}"},"query-input":{"@type":"PropertyValueSpecification","valueRequired":true,"valueName":"search_term_string"}}],"inLanguage":"fr-FR"},{"@type":"Person","@id":"https:\/\/batijournal.com\/#\/schema\/person\/1dc96ec6957aa1ccb25ebe78bb19f100","name":"St\u00e9phane Miget","image":{"@type":"ImageObject","inLanguage":"fr-FR","@id":"https:\/\/secure.gravatar.com\/avatar\/89915563d925342126b8ef0281b93d9d7fc337043e8df017f780908eb9644451?s=96&d=mm&r=g","url":"https:\/\/secure.gravatar.com\/avatar\/89915563d925342126b8ef0281b93d9d7fc337043e8df017f780908eb9644451?s=96&d=mm&r=g","contentUrl":"https:\/\/secure.gravatar.com\/avatar\/89915563d925342126b8ef0281b93d9d7fc337043e8df017f780908eb9644451?s=96&d=mm&r=g","caption":"St\u00e9phane Miget"},"url":"https:\/\/batijournal.com\/index.php\/author\/stephane\/"}]}},"_links":{"self":[{"href":"https:\/\/batijournal.com\/index.php\/wp-json\/wp\/v2\/posts\/104261","targetHints":{"allow":["GET"]}}],"collection":[{"href":"https:\/\/batijournal.com\/index.php\/wp-json\/wp\/v2\/posts"}],"about":[{"href":"https:\/\/batijournal.com\/index.php\/wp-json\/wp\/v2\/types\/post"}],"author":[{"embeddable":true,"href":"https:\/\/batijournal.com\/index.php\/wp-json\/wp\/v2\/users\/17"}],"replies":[{"embeddable":true,"href":"https:\/\/batijournal.com\/index.php\/wp-json\/wp\/v2\/comments?post=104261"}],"version-history":[{"count":0,"href":"https:\/\/batijournal.com\/index.php\/wp-json\/wp\/v2\/posts\/104261\/revisions"}],"wp:featuredmedia":[{"embeddable":true,"href":"https:\/\/batijournal.com\/index.php\/wp-json\/wp\/v2\/media\/104124"}],"wp:attachment":[{"href":"https:\/\/batijournal.com\/index.php\/wp-json\/wp\/v2\/media?parent=104261"}],"wp:term":[{"taxonomy":"category","embeddable":true,"href":"https:\/\/batijournal.com\/index.php\/wp-json\/wp\/v2\/categories?post=104261"},{"taxonomy":"post_tag","embeddable":true,"href":"https:\/\/batijournal.com\/index.php\/wp-json\/wp\/v2\/tags?post=104261"}],"curies":[{"name":"wp","href":"https:\/\/api.w.org\/{rel}","templated":true}]}}