{"id":104275,"date":"2020-05-27T15:52:50","date_gmt":"2020-05-27T13:52:50","guid":{"rendered":"https:\/\/batijournal.com\/?p=104275"},"modified":"2020-06-12T13:10:10","modified_gmt":"2020-06-12T11:10:10","slug":"annulation-des-rendez-vous-aux-jardins-2020","status":"publish","type":"post","link":"https:\/\/batijournal.com\/index.php\/annulation-des-rendez-vous-aux-jardins-2020\/104275\/","title":{"rendered":"Annulation des Rendez-vous aux jardins 2020"},"content":{"rendered":"<p>En raison du contexte sanitaire, le minist\u00e8re de la Culture d\u00e9cide d&rsquo;annuler l\u2019\u00e9dition 2020 des Rendez-vous aux jardins. La dix-neuvi\u00e8me \u00e9dition des Rendez-vous aux jardins aura lieu les vendredi 4 juin 2021 (journ\u00e9e plus sp\u00e9cialement d\u00e9di\u00e9e aux scolaires), samedi 5 et dimanche 6 juin sur ce m\u00eame th\u00e8me de la transmission des savoirs. Le public pourra ainsi profiter en 2021 de sa grande richesse et de l\u2019investissement 2020 de l\u2019ensemble des acteurs, \u00e0 l\u2019\u00e9chelon national et r\u00e9gional. Une journ\u00e9e d\u2019\u00e9tude sur de nouveaux \u00e9clairages de ce th\u00e8me sera propos\u00e9e \u00e0 l\u2019ensemble des organisateurs en f\u00e9vrier 2021.<\/p>\n","protected":false},"excerpt":{"rendered":"<p>En raison du contexte sanitaire, le minist\u00e8re de la Culture d\u00e9cide d&rsquo;annuler l\u2019\u00e9dition 2020 des Rendez-vous aux jardins. La dix-neuvi\u00e8me \u00e9dition des Rendez-vous aux jardins aura lieu les vendredi 4 juin 2021 (journ\u00e9e plus sp\u00e9cialement d\u00e9di\u00e9e aux scolaires), samedi 5 et dimanche 6 juin sur ce m\u00eame th\u00e8me de la transmission des savoirs. Le public [&hellip;]<\/p>\n","protected":false},"author":17,"featured_media":94814,"comment_status":"closed","ping_status":"closed","sticky":false,"template":"","format":"standard","meta":{"_et_pb_use_builder":"","_et_pb_old_content":"","_et_gb_content_width":"","footnotes":""},"categories":[10530,6362,10789,10785],"tags":[12779],"class_list":["post-104275","post","type-post","status-publish","format-standard","has-post-thumbnail","hentry","category-actualites","category-services-equipements","category-publications-atrium","category-atrium","tag-rendez-vous-aux-jardins"],"yoast_head":"<!-- This site is optimized with the Yoast SEO plugin v27.4 - https:\/\/yoast.com\/product\/yoast-seo-wordpress\/ -->\n<title>Annulation des Rendez-vous aux jardins 2020<\/title>\n<meta name=\"robots\" content=\"index, follow, max-snippet:-1, max-image-preview:large, max-video-preview:-1\" \/>\n<link rel=\"canonical\" href=\"https:\/\/batijournal.com\/index.php\/annulation-des-rendez-vous-aux-jardins-2020\/104275\/\" \/>\n<meta property=\"og:locale\" content=\"fr_FR\" \/>\n<meta property=\"og:type\" content=\"article\" \/>\n<meta property=\"og:title\" content=\"Annulation des Rendez-vous aux jardins 2020\" \/>\n<meta property=\"og:description\" content=\"En raison du contexte sanitaire, le minist\u00e8re de la Culture d\u00e9cide d&rsquo;annuler l\u2019\u00e9dition 2020 des Rendez-vous aux jardins. La dix-neuvi\u00e8me \u00e9dition des Rendez-vous aux jardins aura lieu les vendredi 4 juin 2021 (journ\u00e9e plus sp\u00e9cialement d\u00e9di\u00e9e aux scolaires), samedi 5 et dimanche 6 juin sur ce m\u00eame th\u00e8me de la transmission des savoirs. Le public [&hellip;]\" \/>\n<meta property=\"og:url\" content=\"https:\/\/batijournal.com\/index.php\/annulation-des-rendez-vous-aux-jardins-2020\/104275\/\" \/>\n<meta property=\"og:site_name\" content=\"Batijournal\" \/>\n<meta property=\"article:published_time\" content=\"2020-05-27T13:52:50+00:00\" \/>\n<meta property=\"article:modified_time\" content=\"2020-06-12T11:10:10+00:00\" \/>\n<meta property=\"og:image\" content=\"https:\/\/batijournal.com\/wp-content\/uploads\/2017\/01\/journees-des-jardins-2017.jpg\" \/>\n\t<meta property=\"og:image:width\" content=\"1200\" \/>\n\t<meta property=\"og:image:height\" content=\"714\" \/>\n\t<meta property=\"og:image:type\" content=\"image\/jpeg\" \/>\n<meta name=\"author\" content=\"St\u00e9phane Miget\" \/>\n<meta name=\"twitter:card\" content=\"summary_large_image\" \/>\n<meta name=\"twitter:creator\" content=\"@bati_journal\" \/>\n<meta name=\"twitter:site\" content=\"@bati_journal\" \/>\n<meta name=\"twitter:label1\" content=\"\u00c9crit par\" \/>\n\t<meta name=\"twitter:data1\" content=\"St\u00e9phane Miget\" \/>\n\t<meta name=\"twitter:label2\" content=\"Dur\u00e9e de lecture estim\u00e9e\" \/>\n\t<meta name=\"twitter:data2\" content=\"1 minute\" \/>\n<script type=\"application\/ld+json\" class=\"yoast-schema-graph\">{\"@context\":\"https:\\\/\\\/schema.org\",\"@graph\":[{\"@type\":\"Article\",\"@id\":\"https:\\\/\\\/batijournal.com\\\/index.php\\\/annulation-des-rendez-vous-aux-jardins-2020\\\/104275\\\/#article\",\"isPartOf\":{\"@id\":\"https:\\\/\\\/batijournal.com\\\/index.php\\\/annulation-des-rendez-vous-aux-jardins-2020\\\/104275\\\/\"},\"author\":{\"name\":\"St\u00e9phane Miget\",\"@id\":\"https:\\\/\\\/batijournal.com\\\/#\\\/schema\\\/person\\\/1dc96ec6957aa1ccb25ebe78bb19f100\"},\"headline\":\"Annulation des Rendez-vous aux jardins 2020\",\"datePublished\":\"2020-05-27T13:52:50+00:00\",\"dateModified\":\"2020-06-12T11:10:10+00:00\",\"mainEntityOfPage\":{\"@id\":\"https:\\\/\\\/batijournal.com\\\/index.php\\\/annulation-des-rendez-vous-aux-jardins-2020\\\/104275\\\/\"},\"wordCount\":112,\"image\":{\"@id\":\"https:\\\/\\\/batijournal.com\\\/index.php\\\/annulation-des-rendez-vous-aux-jardins-2020\\\/104275\\\/#primaryimage\"},\"thumbnailUrl\":\"https:\\\/\\\/batijournal.com\\\/wp-content\\\/uploads\\\/2017\\\/01\\\/journees-des-jardins-2017.jpg\",\"keywords\":[\"Rendez-vous aux jardins\"],\"articleSection\":[\"Actualit\u00e9s\",\"Divers\",\"zz_Actualit\u00e9s - Atrium\",\"zz_Atrium Patrimoine\"],\"inLanguage\":\"fr-FR\"},{\"@type\":\"WebPage\",\"@id\":\"https:\\\/\\\/batijournal.com\\\/index.php\\\/annulation-des-rendez-vous-aux-jardins-2020\\\/104275\\\/\",\"url\":\"https:\\\/\\\/batijournal.com\\\/index.php\\\/annulation-des-rendez-vous-aux-jardins-2020\\\/104275\\\/\",\"name\":\"Annulation des Rendez-vous aux jardins 2020\",\"isPartOf\":{\"@id\":\"https:\\\/\\\/batijournal.com\\\/#website\"},\"primaryImageOfPage\":{\"@id\":\"https:\\\/\\\/batijournal.com\\\/index.php\\\/annulation-des-rendez-vous-aux-jardins-2020\\\/104275\\\/#primaryimage\"},\"image\":{\"@id\":\"https:\\\/\\\/batijournal.com\\\/index.php\\\/annulation-des-rendez-vous-aux-jardins-2020\\\/104275\\\/#primaryimage\"},\"thumbnailUrl\":\"https:\\\/\\\/batijournal.com\\\/wp-content\\\/uploads\\\/2017\\\/01\\\/journees-des-jardins-2017.jpg\",\"datePublished\":\"2020-05-27T13:52:50+00:00\",\"dateModified\":\"2020-06-12T11:10:10+00:00\",\"author\":{\"@id\":\"https:\\\/\\\/batijournal.com\\\/#\\\/schema\\\/person\\\/1dc96ec6957aa1ccb25ebe78bb19f100\"},\"breadcrumb\":{\"@id\":\"https:\\\/\\\/batijournal.com\\\/index.php\\\/annulation-des-rendez-vous-aux-jardins-2020\\\/104275\\\/#breadcrumb\"},\"inLanguage\":\"fr-FR\",\"potentialAction\":[{\"@type\":\"ReadAction\",\"target\":[\"https:\\\/\\\/batijournal.com\\\/index.php\\\/annulation-des-rendez-vous-aux-jardins-2020\\\/104275\\\/\"]}]},{\"@type\":\"ImageObject\",\"inLanguage\":\"fr-FR\",\"@id\":\"https:\\\/\\\/batijournal.com\\\/index.php\\\/annulation-des-rendez-vous-aux-jardins-2020\\\/104275\\\/#primaryimage\",\"url\":\"https:\\\/\\\/batijournal.com\\\/wp-content\\\/uploads\\\/2017\\\/01\\\/journees-des-jardins-2017.jpg\",\"contentUrl\":\"https:\\\/\\\/batijournal.com\\\/wp-content\\\/uploads\\\/2017\\\/01\\\/journees-des-jardins-2017.jpg\",\"width\":1200,\"height\":714},{\"@type\":\"BreadcrumbList\",\"@id\":\"https:\\\/\\\/batijournal.com\\\/index.php\\\/annulation-des-rendez-vous-aux-jardins-2020\\\/104275\\\/#breadcrumb\",\"itemListElement\":[{\"@type\":\"ListItem\",\"position\":1,\"name\":\"Accueil\",\"item\":\"https:\\\/\\\/batijournal.com\\\/\"},{\"@type\":\"ListItem\",\"position\":2,\"name\":\"Actualit\u00e9s\",\"item\":\"https:\\\/\\\/batijournal.com\\\/index.php\\\/category\\\/actualites\\\/\"},{\"@type\":\"ListItem\",\"position\":3,\"name\":\"Annulation des Rendez-vous aux jardins 2020\"}]},{\"@type\":\"WebSite\",\"@id\":\"https:\\\/\\\/batijournal.com\\\/#website\",\"url\":\"https:\\\/\\\/batijournal.com\\\/\",\"name\":\"Batijournal\",\"description\":\"L&#039;actualit\u00e9 du b\u00e2timent\",\"potentialAction\":[{\"@type\":\"SearchAction\",\"target\":{\"@type\":\"EntryPoint\",\"urlTemplate\":\"https:\\\/\\\/batijournal.com\\\/?s={search_term_string}\"},\"query-input\":{\"@type\":\"PropertyValueSpecification\",\"valueRequired\":true,\"valueName\":\"search_term_string\"}}],\"inLanguage\":\"fr-FR\"},{\"@type\":\"Person\",\"@id\":\"https:\\\/\\\/batijournal.com\\\/#\\\/schema\\\/person\\\/1dc96ec6957aa1ccb25ebe78bb19f100\",\"name\":\"St\u00e9phane Miget\",\"image\":{\"@type\":\"ImageObject\",\"inLanguage\":\"fr-FR\",\"@id\":\"https:\\\/\\\/secure.gravatar.com\\\/avatar\\\/89915563d925342126b8ef0281b93d9d7fc337043e8df017f780908eb9644451?s=96&d=mm&r=g\",\"url\":\"https:\\\/\\\/secure.gravatar.com\\\/avatar\\\/89915563d925342126b8ef0281b93d9d7fc337043e8df017f780908eb9644451?s=96&d=mm&r=g\",\"contentUrl\":\"https:\\\/\\\/secure.gravatar.com\\\/avatar\\\/89915563d925342126b8ef0281b93d9d7fc337043e8df017f780908eb9644451?s=96&d=mm&r=g\",\"caption\":\"St\u00e9phane Miget\"},\"url\":\"https:\\\/\\\/batijournal.com\\\/index.php\\\/author\\\/stephane\\\/\"}]}<\/script>\n<!-- \/ Yoast SEO plugin. -->","yoast_head_json":{"title":"Annulation des Rendez-vous aux jardins 2020","robots":{"index":"index","follow":"follow","max-snippet":"max-snippet:-1","max-image-preview":"max-image-preview:large","max-video-preview":"max-video-preview:-1"},"canonical":"https:\/\/batijournal.com\/index.php\/annulation-des-rendez-vous-aux-jardins-2020\/104275\/","og_locale":"fr_FR","og_type":"article","og_title":"Annulation des Rendez-vous aux jardins 2020","og_description":"En raison du contexte sanitaire, le minist\u00e8re de la Culture d\u00e9cide d&rsquo;annuler l\u2019\u00e9dition 2020 des Rendez-vous aux jardins. La dix-neuvi\u00e8me \u00e9dition des Rendez-vous aux jardins aura lieu les vendredi 4 juin 2021 (journ\u00e9e plus sp\u00e9cialement d\u00e9di\u00e9e aux scolaires), samedi 5 et dimanche 6 juin sur ce m\u00eame th\u00e8me de la transmission des savoirs. Le public [&hellip;]","og_url":"https:\/\/batijournal.com\/index.php\/annulation-des-rendez-vous-aux-jardins-2020\/104275\/","og_site_name":"Batijournal","article_published_time":"2020-05-27T13:52:50+00:00","article_modified_time":"2020-06-12T11:10:10+00:00","og_image":[{"width":1200,"height":714,"url":"https:\/\/batijournal.com\/wp-content\/uploads\/2017\/01\/journees-des-jardins-2017.jpg","type":"image\/jpeg"}],"author":"St\u00e9phane Miget","twitter_card":"summary_large_image","twitter_creator":"@bati_journal","twitter_site":"@bati_journal","twitter_misc":{"\u00c9crit par":"St\u00e9phane Miget","Dur\u00e9e de lecture estim\u00e9e":"1 minute"},"schema":{"@context":"https:\/\/schema.org","@graph":[{"@type":"Article","@id":"https:\/\/batijournal.com\/index.php\/annulation-des-rendez-vous-aux-jardins-2020\/104275\/#article","isPartOf":{"@id":"https:\/\/batijournal.com\/index.php\/annulation-des-rendez-vous-aux-jardins-2020\/104275\/"},"author":{"name":"St\u00e9phane Miget","@id":"https:\/\/batijournal.com\/#\/schema\/person\/1dc96ec6957aa1ccb25ebe78bb19f100"},"headline":"Annulation des Rendez-vous aux jardins 2020","datePublished":"2020-05-27T13:52:50+00:00","dateModified":"2020-06-12T11:10:10+00:00","mainEntityOfPage":{"@id":"https:\/\/batijournal.com\/index.php\/annulation-des-rendez-vous-aux-jardins-2020\/104275\/"},"wordCount":112,"image":{"@id":"https:\/\/batijournal.com\/index.php\/annulation-des-rendez-vous-aux-jardins-2020\/104275\/#primaryimage"},"thumbnailUrl":"https:\/\/batijournal.com\/wp-content\/uploads\/2017\/01\/journees-des-jardins-2017.jpg","keywords":["Rendez-vous aux jardins"],"articleSection":["Actualit\u00e9s","Divers","zz_Actualit\u00e9s - Atrium","zz_Atrium Patrimoine"],"inLanguage":"fr-FR"},{"@type":"WebPage","@id":"https:\/\/batijournal.com\/index.php\/annulation-des-rendez-vous-aux-jardins-2020\/104275\/","url":"https:\/\/batijournal.com\/index.php\/annulation-des-rendez-vous-aux-jardins-2020\/104275\/","name":"Annulation des Rendez-vous aux jardins 2020","isPartOf":{"@id":"https:\/\/batijournal.com\/#website"},"primaryImageOfPage":{"@id":"https:\/\/batijournal.com\/index.php\/annulation-des-rendez-vous-aux-jardins-2020\/104275\/#primaryimage"},"image":{"@id":"https:\/\/batijournal.com\/index.php\/annulation-des-rendez-vous-aux-jardins-2020\/104275\/#primaryimage"},"thumbnailUrl":"https:\/\/batijournal.com\/wp-content\/uploads\/2017\/01\/journees-des-jardins-2017.jpg","datePublished":"2020-05-27T13:52:50+00:00","dateModified":"2020-06-12T11:10:10+00:00","author":{"@id":"https:\/\/batijournal.com\/#\/schema\/person\/1dc96ec6957aa1ccb25ebe78bb19f100"},"breadcrumb":{"@id":"https:\/\/batijournal.com\/index.php\/annulation-des-rendez-vous-aux-jardins-2020\/104275\/#breadcrumb"},"inLanguage":"fr-FR","potentialAction":[{"@type":"ReadAction","target":["https:\/\/batijournal.com\/index.php\/annulation-des-rendez-vous-aux-jardins-2020\/104275\/"]}]},{"@type":"ImageObject","inLanguage":"fr-FR","@id":"https:\/\/batijournal.com\/index.php\/annulation-des-rendez-vous-aux-jardins-2020\/104275\/#primaryimage","url":"https:\/\/batijournal.com\/wp-content\/uploads\/2017\/01\/journees-des-jardins-2017.jpg","contentUrl":"https:\/\/batijournal.com\/wp-content\/uploads\/2017\/01\/journees-des-jardins-2017.jpg","width":1200,"height":714},{"@type":"BreadcrumbList","@id":"https:\/\/batijournal.com\/index.php\/annulation-des-rendez-vous-aux-jardins-2020\/104275\/#breadcrumb","itemListElement":[{"@type":"ListItem","position":1,"name":"Accueil","item":"https:\/\/batijournal.com\/"},{"@type":"ListItem","position":2,"name":"Actualit\u00e9s","item":"https:\/\/batijournal.com\/index.php\/category\/actualites\/"},{"@type":"ListItem","position":3,"name":"Annulation des Rendez-vous aux jardins 2020"}]},{"@type":"WebSite","@id":"https:\/\/batijournal.com\/#website","url":"https:\/\/batijournal.com\/","name":"Batijournal","description":"L&#039;actualit\u00e9 du b\u00e2timent","potentialAction":[{"@type":"SearchAction","target":{"@type":"EntryPoint","urlTemplate":"https:\/\/batijournal.com\/?s={search_term_string}"},"query-input":{"@type":"PropertyValueSpecification","valueRequired":true,"valueName":"search_term_string"}}],"inLanguage":"fr-FR"},{"@type":"Person","@id":"https:\/\/batijournal.com\/#\/schema\/person\/1dc96ec6957aa1ccb25ebe78bb19f100","name":"St\u00e9phane Miget","image":{"@type":"ImageObject","inLanguage":"fr-FR","@id":"https:\/\/secure.gravatar.com\/avatar\/89915563d925342126b8ef0281b93d9d7fc337043e8df017f780908eb9644451?s=96&d=mm&r=g","url":"https:\/\/secure.gravatar.com\/avatar\/89915563d925342126b8ef0281b93d9d7fc337043e8df017f780908eb9644451?s=96&d=mm&r=g","contentUrl":"https:\/\/secure.gravatar.com\/avatar\/89915563d925342126b8ef0281b93d9d7fc337043e8df017f780908eb9644451?s=96&d=mm&r=g","caption":"St\u00e9phane Miget"},"url":"https:\/\/batijournal.com\/index.php\/author\/stephane\/"}]}},"_links":{"self":[{"href":"https:\/\/batijournal.com\/index.php\/wp-json\/wp\/v2\/posts\/104275","targetHints":{"allow":["GET"]}}],"collection":[{"href":"https:\/\/batijournal.com\/index.php\/wp-json\/wp\/v2\/posts"}],"about":[{"href":"https:\/\/batijournal.com\/index.php\/wp-json\/wp\/v2\/types\/post"}],"author":[{"embeddable":true,"href":"https:\/\/batijournal.com\/index.php\/wp-json\/wp\/v2\/users\/17"}],"replies":[{"embeddable":true,"href":"https:\/\/batijournal.com\/index.php\/wp-json\/wp\/v2\/comments?post=104275"}],"version-history":[{"count":0,"href":"https:\/\/batijournal.com\/index.php\/wp-json\/wp\/v2\/posts\/104275\/revisions"}],"wp:featuredmedia":[{"embeddable":true,"href":"https:\/\/batijournal.com\/index.php\/wp-json\/wp\/v2\/media\/94814"}],"wp:attachment":[{"href":"https:\/\/batijournal.com\/index.php\/wp-json\/wp\/v2\/media?parent=104275"}],"wp:term":[{"taxonomy":"category","embeddable":true,"href":"https:\/\/batijournal.com\/index.php\/wp-json\/wp\/v2\/categories?post=104275"},{"taxonomy":"post_tag","embeddable":true,"href":"https:\/\/batijournal.com\/index.php\/wp-json\/wp\/v2\/tags?post=104275"}],"curies":[{"name":"wp","href":"https:\/\/api.w.org\/{rel}","templated":true}]}}