{"id":104276,"date":"2020-05-27T16:01:08","date_gmt":"2020-05-27T14:01:08","guid":{"rendered":"https:\/\/batijournal.com\/?p=104276"},"modified":"2020-06-12T13:10:10","modified_gmt":"2020-06-12T11:10:10","slug":"fouille-archeologique-decouverte-dune-galette-de-pain-carbonisee-du-ier-siecle","status":"publish","type":"post","link":"https:\/\/batijournal.com\/index.php\/fouille-archeologique-decouverte-dune-galette-de-pain-carbonisee-du-ier-siecle\/104276\/","title":{"rendered":"Fouille arch\u00e9ologique : d\u00e9couverte d&rsquo;une galette de pain carbonis\u00e9e du Ier si\u00e8cle"},"content":{"rendered":"<p>En amont d&rsquo;un un projet de lotissement men\u00e9 par Proteram dans la commune de Brebi\u00e8res, dans le Pas-de-Calais, une fouille de l&rsquo;Inrap sur une emprise de 1,3 ha a permis de mettre au jour un ensemble de vestiges arch\u00e9ologiques dat\u00e9s de l\u2019\u00e2ge du Fer et de l\u2019Antiquit\u00e9. Elle a donn\u00e9 lieu \u00e0 une d\u00e9couverte \u00e9tonnante : une galette de pain carbonis\u00e9e d\u2019un diam\u00e8tre de 0,10 m mise au jour au fond d\u2019une petite fosse-d\u00e9potoir, dans une couche contenant des graines. Les r\u00e9sidus alimentaires sont rarement retrouv\u00e9s par les arch\u00e9ologues car les matrices alimentaires sont p\u00e9rissables et ne se conservent pas dans la terre. Cette galette carbonis\u00e9e, probablement tomb\u00e9e dans un feu et impropre \u00e0 la consommation a chang\u00e9 de composition chimique, ce qui lui a permis de r\u00e9sister au temps. Conserv\u00e9e presque en totalit\u00e9, la galette est dat\u00e9e des ann\u00e9es 40\/80 apr\u00e8s notre \u00e8re gr\u00e2ce aux vestiges de c\u00e9ramiques retrouv\u00e9s sur les lieux. Cette datation a \u00e9t\u00e9 confirm\u00e9e \u00e0 l\u2019aide d\u2019une analyse au Carbone 14. Une carpologue (V. Zech-Matterne) du CNRS et un bio-arch\u00e9ologue, arch\u00e9obotaniste (A. G. Heiss) de l\u2019Acad\u00e9mie autrichienne des sciences proc\u00e8dent actuellement \u00e0 des \u00e9tudes tr\u00e8s pointues pour que cette galette livre tous ses secrets. Les premi\u00e8res observations des graines qui accompagnaient la galette identifient des c\u00e9r\u00e9ales de type orge et deux vari\u00e9t\u00e9s de bl\u00e9.<\/p>\n<p>Photo : Bruno Vanwalscappel, Inrap<\/p>\n","protected":false},"excerpt":{"rendered":"<p>En amont d&rsquo;un un projet de lotissement men\u00e9 par Proteram dans la commune de Brebi\u00e8res, dans le Pas-de-Calais, une fouille de l&rsquo;Inrap sur une emprise de 1,3 ha a permis de mettre au jour un ensemble de vestiges arch\u00e9ologiques dat\u00e9s de l\u2019\u00e2ge du Fer et de l\u2019Antiquit\u00e9. Elle a donn\u00e9 lieu \u00e0 une d\u00e9couverte \u00e9tonnante [&hellip;]<\/p>\n","protected":false},"author":17,"featured_media":104277,"comment_status":"closed","ping_status":"closed","sticky":false,"template":"","format":"standard","meta":{"_et_pb_use_builder":"","_et_pb_old_content":"","_et_gb_content_width":"","footnotes":""},"categories":[10530,6362,10789,10785],"tags":[6454],"class_list":["post-104276","post","type-post","status-publish","format-standard","has-post-thumbnail","hentry","category-actualites","category-services-equipements","category-publications-atrium","category-atrium","tag-inrap"],"yoast_head":"<!-- This site is optimized with the Yoast SEO plugin v27.4 - https:\/\/yoast.com\/product\/yoast-seo-wordpress\/ -->\n<title>Fouille arch\u00e9ologique : d\u00e9couverte d&#039;une galette de pain carbonis\u00e9e du Ier si\u00e8cle<\/title>\n<meta name=\"robots\" content=\"index, follow, max-snippet:-1, max-image-preview:large, max-video-preview:-1\" \/>\n<link rel=\"canonical\" href=\"https:\/\/batijournal.com\/index.php\/fouille-archeologique-decouverte-dune-galette-de-pain-carbonisee-du-ier-siecle\/104276\/\" \/>\n<meta property=\"og:locale\" content=\"fr_FR\" \/>\n<meta property=\"og:type\" content=\"article\" \/>\n<meta property=\"og:title\" content=\"Fouille arch\u00e9ologique : d\u00e9couverte d&#039;une galette de pain carbonis\u00e9e du Ier si\u00e8cle\" \/>\n<meta property=\"og:description\" content=\"En amont d&rsquo;un un projet de lotissement men\u00e9 par Proteram dans la commune de Brebi\u00e8res, dans le Pas-de-Calais, une fouille de l&rsquo;Inrap sur une emprise de 1,3 ha a permis de mettre au jour un ensemble de vestiges arch\u00e9ologiques dat\u00e9s de l\u2019\u00e2ge du Fer et de l\u2019Antiquit\u00e9. Elle a donn\u00e9 lieu \u00e0 une d\u00e9couverte \u00e9tonnante [&hellip;]\" \/>\n<meta property=\"og:url\" content=\"https:\/\/batijournal.com\/index.php\/fouille-archeologique-decouverte-dune-galette-de-pain-carbonisee-du-ier-siecle\/104276\/\" \/>\n<meta property=\"og:site_name\" content=\"Batijournal\" \/>\n<meta property=\"article:published_time\" content=\"2020-05-27T14:01:08+00:00\" \/>\n<meta property=\"article:modified_time\" content=\"2020-06-12T11:10:10+00:00\" \/>\n<meta property=\"og:image\" content=\"https:\/\/batijournal.com\/wp-content\/uploads\/2020\/05\/galette.jpg\" \/>\n\t<meta property=\"og:image:width\" content=\"1920\" \/>\n\t<meta property=\"og:image:height\" content=\"1440\" \/>\n\t<meta property=\"og:image:type\" content=\"image\/jpeg\" \/>\n<meta name=\"author\" content=\"St\u00e9phane Miget\" \/>\n<meta name=\"twitter:card\" content=\"summary_large_image\" \/>\n<meta name=\"twitter:creator\" content=\"@bati_journal\" \/>\n<meta name=\"twitter:site\" content=\"@bati_journal\" \/>\n<meta name=\"twitter:label1\" content=\"\u00c9crit par\" \/>\n\t<meta name=\"twitter:data1\" content=\"St\u00e9phane Miget\" \/>\n\t<meta name=\"twitter:label2\" content=\"Dur\u00e9e de lecture estim\u00e9e\" \/>\n\t<meta name=\"twitter:data2\" content=\"1 minute\" \/>\n<script type=\"application\/ld+json\" class=\"yoast-schema-graph\">{\"@context\":\"https:\\\/\\\/schema.org\",\"@graph\":[{\"@type\":\"Article\",\"@id\":\"https:\\\/\\\/batijournal.com\\\/index.php\\\/fouille-archeologique-decouverte-dune-galette-de-pain-carbonisee-du-ier-siecle\\\/104276\\\/#article\",\"isPartOf\":{\"@id\":\"https:\\\/\\\/batijournal.com\\\/index.php\\\/fouille-archeologique-decouverte-dune-galette-de-pain-carbonisee-du-ier-siecle\\\/104276\\\/\"},\"author\":{\"name\":\"St\u00e9phane Miget\",\"@id\":\"https:\\\/\\\/batijournal.com\\\/#\\\/schema\\\/person\\\/1dc96ec6957aa1ccb25ebe78bb19f100\"},\"headline\":\"Fouille arch\u00e9ologique : d\u00e9couverte d&rsquo;une galette de pain carbonis\u00e9e du Ier si\u00e8cle\",\"datePublished\":\"2020-05-27T14:01:08+00:00\",\"dateModified\":\"2020-06-12T11:10:10+00:00\",\"mainEntityOfPage\":{\"@id\":\"https:\\\/\\\/batijournal.com\\\/index.php\\\/fouille-archeologique-decouverte-dune-galette-de-pain-carbonisee-du-ier-siecle\\\/104276\\\/\"},\"wordCount\":270,\"image\":{\"@id\":\"https:\\\/\\\/batijournal.com\\\/index.php\\\/fouille-archeologique-decouverte-dune-galette-de-pain-carbonisee-du-ier-siecle\\\/104276\\\/#primaryimage\"},\"thumbnailUrl\":\"https:\\\/\\\/batijournal.com\\\/wp-content\\\/uploads\\\/2020\\\/05\\\/galette.jpg\",\"keywords\":[\"inrap\"],\"articleSection\":[\"Actualit\u00e9s\",\"Divers\",\"zz_Actualit\u00e9s - Atrium\",\"zz_Atrium Patrimoine\"],\"inLanguage\":\"fr-FR\"},{\"@type\":\"WebPage\",\"@id\":\"https:\\\/\\\/batijournal.com\\\/index.php\\\/fouille-archeologique-decouverte-dune-galette-de-pain-carbonisee-du-ier-siecle\\\/104276\\\/\",\"url\":\"https:\\\/\\\/batijournal.com\\\/index.php\\\/fouille-archeologique-decouverte-dune-galette-de-pain-carbonisee-du-ier-siecle\\\/104276\\\/\",\"name\":\"Fouille arch\u00e9ologique : d\u00e9couverte d'une galette de pain carbonis\u00e9e du Ier si\u00e8cle\",\"isPartOf\":{\"@id\":\"https:\\\/\\\/batijournal.com\\\/#website\"},\"primaryImageOfPage\":{\"@id\":\"https:\\\/\\\/batijournal.com\\\/index.php\\\/fouille-archeologique-decouverte-dune-galette-de-pain-carbonisee-du-ier-siecle\\\/104276\\\/#primaryimage\"},\"image\":{\"@id\":\"https:\\\/\\\/batijournal.com\\\/index.php\\\/fouille-archeologique-decouverte-dune-galette-de-pain-carbonisee-du-ier-siecle\\\/104276\\\/#primaryimage\"},\"thumbnailUrl\":\"https:\\\/\\\/batijournal.com\\\/wp-content\\\/uploads\\\/2020\\\/05\\\/galette.jpg\",\"datePublished\":\"2020-05-27T14:01:08+00:00\",\"dateModified\":\"2020-06-12T11:10:10+00:00\",\"author\":{\"@id\":\"https:\\\/\\\/batijournal.com\\\/#\\\/schema\\\/person\\\/1dc96ec6957aa1ccb25ebe78bb19f100\"},\"breadcrumb\":{\"@id\":\"https:\\\/\\\/batijournal.com\\\/index.php\\\/fouille-archeologique-decouverte-dune-galette-de-pain-carbonisee-du-ier-siecle\\\/104276\\\/#breadcrumb\"},\"inLanguage\":\"fr-FR\",\"potentialAction\":[{\"@type\":\"ReadAction\",\"target\":[\"https:\\\/\\\/batijournal.com\\\/index.php\\\/fouille-archeologique-decouverte-dune-galette-de-pain-carbonisee-du-ier-siecle\\\/104276\\\/\"]}]},{\"@type\":\"ImageObject\",\"inLanguage\":\"fr-FR\",\"@id\":\"https:\\\/\\\/batijournal.com\\\/index.php\\\/fouille-archeologique-decouverte-dune-galette-de-pain-carbonisee-du-ier-siecle\\\/104276\\\/#primaryimage\",\"url\":\"https:\\\/\\\/batijournal.com\\\/wp-content\\\/uploads\\\/2020\\\/05\\\/galette.jpg\",\"contentUrl\":\"https:\\\/\\\/batijournal.com\\\/wp-content\\\/uploads\\\/2020\\\/05\\\/galette.jpg\",\"width\":1920,\"height\":1440},{\"@type\":\"BreadcrumbList\",\"@id\":\"https:\\\/\\\/batijournal.com\\\/index.php\\\/fouille-archeologique-decouverte-dune-galette-de-pain-carbonisee-du-ier-siecle\\\/104276\\\/#breadcrumb\",\"itemListElement\":[{\"@type\":\"ListItem\",\"position\":1,\"name\":\"Accueil\",\"item\":\"https:\\\/\\\/batijournal.com\\\/\"},{\"@type\":\"ListItem\",\"position\":2,\"name\":\"Actualit\u00e9s\",\"item\":\"https:\\\/\\\/batijournal.com\\\/index.php\\\/category\\\/actualites\\\/\"},{\"@type\":\"ListItem\",\"position\":3,\"name\":\"Fouille arch\u00e9ologique : d\u00e9couverte d&rsquo;une galette de pain carbonis\u00e9e du Ier si\u00e8cle\"}]},{\"@type\":\"WebSite\",\"@id\":\"https:\\\/\\\/batijournal.com\\\/#website\",\"url\":\"https:\\\/\\\/batijournal.com\\\/\",\"name\":\"Batijournal\",\"description\":\"L&#039;actualit\u00e9 du b\u00e2timent\",\"potentialAction\":[{\"@type\":\"SearchAction\",\"target\":{\"@type\":\"EntryPoint\",\"urlTemplate\":\"https:\\\/\\\/batijournal.com\\\/?s={search_term_string}\"},\"query-input\":{\"@type\":\"PropertyValueSpecification\",\"valueRequired\":true,\"valueName\":\"search_term_string\"}}],\"inLanguage\":\"fr-FR\"},{\"@type\":\"Person\",\"@id\":\"https:\\\/\\\/batijournal.com\\\/#\\\/schema\\\/person\\\/1dc96ec6957aa1ccb25ebe78bb19f100\",\"name\":\"St\u00e9phane Miget\",\"image\":{\"@type\":\"ImageObject\",\"inLanguage\":\"fr-FR\",\"@id\":\"https:\\\/\\\/secure.gravatar.com\\\/avatar\\\/89915563d925342126b8ef0281b93d9d7fc337043e8df017f780908eb9644451?s=96&d=mm&r=g\",\"url\":\"https:\\\/\\\/secure.gravatar.com\\\/avatar\\\/89915563d925342126b8ef0281b93d9d7fc337043e8df017f780908eb9644451?s=96&d=mm&r=g\",\"contentUrl\":\"https:\\\/\\\/secure.gravatar.com\\\/avatar\\\/89915563d925342126b8ef0281b93d9d7fc337043e8df017f780908eb9644451?s=96&d=mm&r=g\",\"caption\":\"St\u00e9phane Miget\"},\"url\":\"https:\\\/\\\/batijournal.com\\\/index.php\\\/author\\\/stephane\\\/\"}]}<\/script>\n<!-- \/ Yoast SEO plugin. -->","yoast_head_json":{"title":"Fouille arch\u00e9ologique : d\u00e9couverte d'une galette de pain carbonis\u00e9e du Ier si\u00e8cle","robots":{"index":"index","follow":"follow","max-snippet":"max-snippet:-1","max-image-preview":"max-image-preview:large","max-video-preview":"max-video-preview:-1"},"canonical":"https:\/\/batijournal.com\/index.php\/fouille-archeologique-decouverte-dune-galette-de-pain-carbonisee-du-ier-siecle\/104276\/","og_locale":"fr_FR","og_type":"article","og_title":"Fouille arch\u00e9ologique : d\u00e9couverte d'une galette de pain carbonis\u00e9e du Ier si\u00e8cle","og_description":"En amont d&rsquo;un un projet de lotissement men\u00e9 par Proteram dans la commune de Brebi\u00e8res, dans le Pas-de-Calais, une fouille de l&rsquo;Inrap sur une emprise de 1,3 ha a permis de mettre au jour un ensemble de vestiges arch\u00e9ologiques dat\u00e9s de l\u2019\u00e2ge du Fer et de l\u2019Antiquit\u00e9. Elle a donn\u00e9 lieu \u00e0 une d\u00e9couverte \u00e9tonnante [&hellip;]","og_url":"https:\/\/batijournal.com\/index.php\/fouille-archeologique-decouverte-dune-galette-de-pain-carbonisee-du-ier-siecle\/104276\/","og_site_name":"Batijournal","article_published_time":"2020-05-27T14:01:08+00:00","article_modified_time":"2020-06-12T11:10:10+00:00","og_image":[{"width":1920,"height":1440,"url":"https:\/\/batijournal.com\/wp-content\/uploads\/2020\/05\/galette.jpg","type":"image\/jpeg"}],"author":"St\u00e9phane Miget","twitter_card":"summary_large_image","twitter_creator":"@bati_journal","twitter_site":"@bati_journal","twitter_misc":{"\u00c9crit par":"St\u00e9phane Miget","Dur\u00e9e de lecture estim\u00e9e":"1 minute"},"schema":{"@context":"https:\/\/schema.org","@graph":[{"@type":"Article","@id":"https:\/\/batijournal.com\/index.php\/fouille-archeologique-decouverte-dune-galette-de-pain-carbonisee-du-ier-siecle\/104276\/#article","isPartOf":{"@id":"https:\/\/batijournal.com\/index.php\/fouille-archeologique-decouverte-dune-galette-de-pain-carbonisee-du-ier-siecle\/104276\/"},"author":{"name":"St\u00e9phane Miget","@id":"https:\/\/batijournal.com\/#\/schema\/person\/1dc96ec6957aa1ccb25ebe78bb19f100"},"headline":"Fouille arch\u00e9ologique : d\u00e9couverte d&rsquo;une galette de pain carbonis\u00e9e du Ier si\u00e8cle","datePublished":"2020-05-27T14:01:08+00:00","dateModified":"2020-06-12T11:10:10+00:00","mainEntityOfPage":{"@id":"https:\/\/batijournal.com\/index.php\/fouille-archeologique-decouverte-dune-galette-de-pain-carbonisee-du-ier-siecle\/104276\/"},"wordCount":270,"image":{"@id":"https:\/\/batijournal.com\/index.php\/fouille-archeologique-decouverte-dune-galette-de-pain-carbonisee-du-ier-siecle\/104276\/#primaryimage"},"thumbnailUrl":"https:\/\/batijournal.com\/wp-content\/uploads\/2020\/05\/galette.jpg","keywords":["inrap"],"articleSection":["Actualit\u00e9s","Divers","zz_Actualit\u00e9s - Atrium","zz_Atrium Patrimoine"],"inLanguage":"fr-FR"},{"@type":"WebPage","@id":"https:\/\/batijournal.com\/index.php\/fouille-archeologique-decouverte-dune-galette-de-pain-carbonisee-du-ier-siecle\/104276\/","url":"https:\/\/batijournal.com\/index.php\/fouille-archeologique-decouverte-dune-galette-de-pain-carbonisee-du-ier-siecle\/104276\/","name":"Fouille arch\u00e9ologique : d\u00e9couverte d'une galette de pain carbonis\u00e9e du Ier si\u00e8cle","isPartOf":{"@id":"https:\/\/batijournal.com\/#website"},"primaryImageOfPage":{"@id":"https:\/\/batijournal.com\/index.php\/fouille-archeologique-decouverte-dune-galette-de-pain-carbonisee-du-ier-siecle\/104276\/#primaryimage"},"image":{"@id":"https:\/\/batijournal.com\/index.php\/fouille-archeologique-decouverte-dune-galette-de-pain-carbonisee-du-ier-siecle\/104276\/#primaryimage"},"thumbnailUrl":"https:\/\/batijournal.com\/wp-content\/uploads\/2020\/05\/galette.jpg","datePublished":"2020-05-27T14:01:08+00:00","dateModified":"2020-06-12T11:10:10+00:00","author":{"@id":"https:\/\/batijournal.com\/#\/schema\/person\/1dc96ec6957aa1ccb25ebe78bb19f100"},"breadcrumb":{"@id":"https:\/\/batijournal.com\/index.php\/fouille-archeologique-decouverte-dune-galette-de-pain-carbonisee-du-ier-siecle\/104276\/#breadcrumb"},"inLanguage":"fr-FR","potentialAction":[{"@type":"ReadAction","target":["https:\/\/batijournal.com\/index.php\/fouille-archeologique-decouverte-dune-galette-de-pain-carbonisee-du-ier-siecle\/104276\/"]}]},{"@type":"ImageObject","inLanguage":"fr-FR","@id":"https:\/\/batijournal.com\/index.php\/fouille-archeologique-decouverte-dune-galette-de-pain-carbonisee-du-ier-siecle\/104276\/#primaryimage","url":"https:\/\/batijournal.com\/wp-content\/uploads\/2020\/05\/galette.jpg","contentUrl":"https:\/\/batijournal.com\/wp-content\/uploads\/2020\/05\/galette.jpg","width":1920,"height":1440},{"@type":"BreadcrumbList","@id":"https:\/\/batijournal.com\/index.php\/fouille-archeologique-decouverte-dune-galette-de-pain-carbonisee-du-ier-siecle\/104276\/#breadcrumb","itemListElement":[{"@type":"ListItem","position":1,"name":"Accueil","item":"https:\/\/batijournal.com\/"},{"@type":"ListItem","position":2,"name":"Actualit\u00e9s","item":"https:\/\/batijournal.com\/index.php\/category\/actualites\/"},{"@type":"ListItem","position":3,"name":"Fouille arch\u00e9ologique : d\u00e9couverte d&rsquo;une galette de pain carbonis\u00e9e du Ier si\u00e8cle"}]},{"@type":"WebSite","@id":"https:\/\/batijournal.com\/#website","url":"https:\/\/batijournal.com\/","name":"Batijournal","description":"L&#039;actualit\u00e9 du b\u00e2timent","potentialAction":[{"@type":"SearchAction","target":{"@type":"EntryPoint","urlTemplate":"https:\/\/batijournal.com\/?s={search_term_string}"},"query-input":{"@type":"PropertyValueSpecification","valueRequired":true,"valueName":"search_term_string"}}],"inLanguage":"fr-FR"},{"@type":"Person","@id":"https:\/\/batijournal.com\/#\/schema\/person\/1dc96ec6957aa1ccb25ebe78bb19f100","name":"St\u00e9phane Miget","image":{"@type":"ImageObject","inLanguage":"fr-FR","@id":"https:\/\/secure.gravatar.com\/avatar\/89915563d925342126b8ef0281b93d9d7fc337043e8df017f780908eb9644451?s=96&d=mm&r=g","url":"https:\/\/secure.gravatar.com\/avatar\/89915563d925342126b8ef0281b93d9d7fc337043e8df017f780908eb9644451?s=96&d=mm&r=g","contentUrl":"https:\/\/secure.gravatar.com\/avatar\/89915563d925342126b8ef0281b93d9d7fc337043e8df017f780908eb9644451?s=96&d=mm&r=g","caption":"St\u00e9phane Miget"},"url":"https:\/\/batijournal.com\/index.php\/author\/stephane\/"}]}},"_links":{"self":[{"href":"https:\/\/batijournal.com\/index.php\/wp-json\/wp\/v2\/posts\/104276","targetHints":{"allow":["GET"]}}],"collection":[{"href":"https:\/\/batijournal.com\/index.php\/wp-json\/wp\/v2\/posts"}],"about":[{"href":"https:\/\/batijournal.com\/index.php\/wp-json\/wp\/v2\/types\/post"}],"author":[{"embeddable":true,"href":"https:\/\/batijournal.com\/index.php\/wp-json\/wp\/v2\/users\/17"}],"replies":[{"embeddable":true,"href":"https:\/\/batijournal.com\/index.php\/wp-json\/wp\/v2\/comments?post=104276"}],"version-history":[{"count":0,"href":"https:\/\/batijournal.com\/index.php\/wp-json\/wp\/v2\/posts\/104276\/revisions"}],"wp:featuredmedia":[{"embeddable":true,"href":"https:\/\/batijournal.com\/index.php\/wp-json\/wp\/v2\/media\/104277"}],"wp:attachment":[{"href":"https:\/\/batijournal.com\/index.php\/wp-json\/wp\/v2\/media?parent=104276"}],"wp:term":[{"taxonomy":"category","embeddable":true,"href":"https:\/\/batijournal.com\/index.php\/wp-json\/wp\/v2\/categories?post=104276"},{"taxonomy":"post_tag","embeddable":true,"href":"https:\/\/batijournal.com\/index.php\/wp-json\/wp\/v2\/tags?post=104276"}],"curies":[{"name":"wp","href":"https:\/\/api.w.org\/{rel}","templated":true}]}}