{"id":104283,"date":"2020-05-29T06:08:21","date_gmt":"2020-05-29T04:08:21","guid":{"rendered":"https:\/\/batijournal.com\/?p=104283"},"modified":"2020-05-29T06:08:21","modified_gmt":"2020-05-29T04:08:21","slug":"la-fondation-du-btp-cree-un-fonds-de-solidarite-covid-19","status":"publish","type":"post","link":"https:\/\/batijournal.com\/index.php\/la-fondation-du-btp-cree-un-fonds-de-solidarite-covid-19\/104283\/","title":{"rendered":"La Fondation du BTP cr\u00e9e un fonds de solidarit\u00e9 Covid-19"},"content":{"rendered":"<p>Face \u00e0 la situation \u00e9conomique alarmante, la Fondation du BTP, acteur engag\u00e9 de la profession, dont les valeurs de solidarit\u00e9 et d\u2019entraide sont au coeur de l\u2019action, a d\u00e9cid\u00e9 d\u2019apporter son soutien au secteur. Elle a propos\u00e9 la cr\u00e9ation d\u2019un fonds de solidarit\u00e9 COVID-19 et y participe \u00e0 hauteur de 500 000 euros renouvelable une fois. L\u2019objectif est de permettre aux salari\u00e9s mis au ch\u00f4mage partiel de b\u00e9n\u00e9ficier des garanties de leur contrat collectif en sant\u00e9 et en pr\u00e9voyance sans contrepartie de cotisation. Cette aide tourn\u00e9e vers les salari\u00e9s de la profession, leur permettra de continuer \u00e0 b\u00e9n\u00e9ficier de leur protection sociale dans ce contexte \u00e9conomique, sanitaire et social difficile. De plus, le conseil d\u2019administration de la Fondation a souhait\u00e9 aller plus loin et a d\u00e9cid\u00e9 d\u2019allouer un budget suppl\u00e9mentaire \u00e0 l\u2019aide sociale individuelle. Les salari\u00e9s en grandes difficult\u00e9s pourront ainsi se tourner vers la Fondation pour obtenir un soutien financier.<br \/>\nLa Fondation a souhait\u00e9 que l\u2019aide apport\u00e9e aux acteurs du BTP soit aussi constitu\u00e9e d\u2019\u00e9quipements de protection aujourd\u2019hui n\u00e9cessaires comme des masques, gants etc. Ces fournitures sont redistribu\u00e9es aux professionnels n\u2019ayant pas pu se fournir en mat\u00e9riel et permettent la reprise des chantiers aux salari\u00e9s dans des conditions optimales de s\u00e9curit\u00e9.<br \/>\n<em>\u00ab \u00c0 situation exceptionnelle, mesures exceptionnelles, la Fondation du BTP se doit d\u2019\u00eatre pr\u00e9sente au c\u00f4t\u00e9 des entreprises et des salari\u00e9s du BTP \u00bb<\/em>, indique le Pr\u00e9sident de la Fondation du BTP, Didier Charbonnel<\/p>\n","protected":false},"excerpt":{"rendered":"<p>Face \u00e0 la situation \u00e9conomique alarmante, la Fondation du BTP, acteur engag\u00e9 de la profession, dont les valeurs de solidarit\u00e9 et d\u2019entraide sont au coeur de l\u2019action, a d\u00e9cid\u00e9 d\u2019apporter son soutien au secteur. Elle a propos\u00e9 la cr\u00e9ation d\u2019un fonds de solidarit\u00e9 COVID-19 et y participe \u00e0 hauteur de 500 000 euros renouvelable une [&hellip;]<\/p>\n","protected":false},"author":17,"featured_media":104284,"comment_status":"closed","ping_status":"closed","sticky":false,"template":"","format":"standard","meta":{"_et_pb_use_builder":"","_et_pb_old_content":"","_et_gb_content_width":"","footnotes":""},"categories":[10530,6345],"tags":[],"class_list":["post-104283","post","type-post","status-publish","format-standard","has-post-thumbnail","hentry","category-actualites","category-economie-marches"],"yoast_head":"<!-- This site is optimized with the Yoast SEO plugin v27.4 - https:\/\/yoast.com\/product\/yoast-seo-wordpress\/ -->\n<title>La Fondation du BTP cr\u00e9e un fonds de solidarit\u00e9 Covid-19<\/title>\n<meta name=\"robots\" content=\"index, follow, max-snippet:-1, max-image-preview:large, max-video-preview:-1\" \/>\n<link rel=\"canonical\" href=\"https:\/\/batijournal.com\/index.php\/la-fondation-du-btp-cree-un-fonds-de-solidarite-covid-19\/104283\/\" \/>\n<meta property=\"og:locale\" content=\"fr_FR\" \/>\n<meta property=\"og:type\" content=\"article\" \/>\n<meta property=\"og:title\" content=\"La Fondation du BTP cr\u00e9e un fonds de solidarit\u00e9 Covid-19\" \/>\n<meta property=\"og:description\" content=\"Face \u00e0 la situation \u00e9conomique alarmante, la Fondation du BTP, acteur engag\u00e9 de la profession, dont les valeurs de solidarit\u00e9 et d\u2019entraide sont au coeur de l\u2019action, a d\u00e9cid\u00e9 d\u2019apporter son soutien au secteur. Elle a propos\u00e9 la cr\u00e9ation d\u2019un fonds de solidarit\u00e9 COVID-19 et y participe \u00e0 hauteur de 500 000 euros renouvelable une [&hellip;]\" \/>\n<meta property=\"og:url\" content=\"https:\/\/batijournal.com\/index.php\/la-fondation-du-btp-cree-un-fonds-de-solidarite-covid-19\/104283\/\" \/>\n<meta property=\"og:site_name\" content=\"Batijournal\" \/>\n<meta property=\"article:published_time\" content=\"2020-05-29T04:08:21+00:00\" \/>\n<meta property=\"og:image\" content=\"https:\/\/batijournal.com\/wp-content\/uploads\/2020\/05\/la-fondation-du-btp-cre-un-fonds-de-solidarit-covid-19_T1.png\" \/>\n\t<meta property=\"og:image:width\" content=\"1020\" \/>\n\t<meta property=\"og:image:height\" content=\"732\" \/>\n\t<meta property=\"og:image:type\" content=\"image\/png\" \/>\n<meta name=\"author\" content=\"St\u00e9phane Miget\" \/>\n<meta name=\"twitter:card\" content=\"summary_large_image\" \/>\n<meta name=\"twitter:creator\" content=\"@bati_journal\" \/>\n<meta name=\"twitter:site\" content=\"@bati_journal\" \/>\n<meta name=\"twitter:label1\" content=\"\u00c9crit par\" \/>\n\t<meta name=\"twitter:data1\" content=\"St\u00e9phane Miget\" \/>\n\t<meta name=\"twitter:label2\" content=\"Dur\u00e9e de lecture estim\u00e9e\" \/>\n\t<meta name=\"twitter:data2\" content=\"1 minute\" \/>\n<script type=\"application\/ld+json\" class=\"yoast-schema-graph\">{\"@context\":\"https:\\\/\\\/schema.org\",\"@graph\":[{\"@type\":\"Article\",\"@id\":\"https:\\\/\\\/batijournal.com\\\/index.php\\\/la-fondation-du-btp-cree-un-fonds-de-solidarite-covid-19\\\/104283\\\/#article\",\"isPartOf\":{\"@id\":\"https:\\\/\\\/batijournal.com\\\/index.php\\\/la-fondation-du-btp-cree-un-fonds-de-solidarite-covid-19\\\/104283\\\/\"},\"author\":{\"name\":\"St\u00e9phane Miget\",\"@id\":\"https:\\\/\\\/batijournal.com\\\/#\\\/schema\\\/person\\\/1dc96ec6957aa1ccb25ebe78bb19f100\"},\"headline\":\"La Fondation du BTP cr\u00e9e un fonds de solidarit\u00e9 Covid-19\",\"datePublished\":\"2020-05-29T04:08:21+00:00\",\"mainEntityOfPage\":{\"@id\":\"https:\\\/\\\/batijournal.com\\\/index.php\\\/la-fondation-du-btp-cree-un-fonds-de-solidarite-covid-19\\\/104283\\\/\"},\"wordCount\":277,\"image\":{\"@id\":\"https:\\\/\\\/batijournal.com\\\/index.php\\\/la-fondation-du-btp-cree-un-fonds-de-solidarite-covid-19\\\/104283\\\/#primaryimage\"},\"thumbnailUrl\":\"https:\\\/\\\/batijournal.com\\\/wp-content\\\/uploads\\\/2020\\\/05\\\/la-fondation-du-btp-cre-un-fonds-de-solidarit-covid-19_T1.png\",\"articleSection\":[\"Actualit\u00e9s\",\"\u00c9conomie &amp; March\u00e9s\"],\"inLanguage\":\"fr-FR\"},{\"@type\":\"WebPage\",\"@id\":\"https:\\\/\\\/batijournal.com\\\/index.php\\\/la-fondation-du-btp-cree-un-fonds-de-solidarite-covid-19\\\/104283\\\/\",\"url\":\"https:\\\/\\\/batijournal.com\\\/index.php\\\/la-fondation-du-btp-cree-un-fonds-de-solidarite-covid-19\\\/104283\\\/\",\"name\":\"La Fondation du BTP cr\u00e9e un fonds de solidarit\u00e9 Covid-19\",\"isPartOf\":{\"@id\":\"https:\\\/\\\/batijournal.com\\\/#website\"},\"primaryImageOfPage\":{\"@id\":\"https:\\\/\\\/batijournal.com\\\/index.php\\\/la-fondation-du-btp-cree-un-fonds-de-solidarite-covid-19\\\/104283\\\/#primaryimage\"},\"image\":{\"@id\":\"https:\\\/\\\/batijournal.com\\\/index.php\\\/la-fondation-du-btp-cree-un-fonds-de-solidarite-covid-19\\\/104283\\\/#primaryimage\"},\"thumbnailUrl\":\"https:\\\/\\\/batijournal.com\\\/wp-content\\\/uploads\\\/2020\\\/05\\\/la-fondation-du-btp-cre-un-fonds-de-solidarit-covid-19_T1.png\",\"datePublished\":\"2020-05-29T04:08:21+00:00\",\"author\":{\"@id\":\"https:\\\/\\\/batijournal.com\\\/#\\\/schema\\\/person\\\/1dc96ec6957aa1ccb25ebe78bb19f100\"},\"breadcrumb\":{\"@id\":\"https:\\\/\\\/batijournal.com\\\/index.php\\\/la-fondation-du-btp-cree-un-fonds-de-solidarite-covid-19\\\/104283\\\/#breadcrumb\"},\"inLanguage\":\"fr-FR\",\"potentialAction\":[{\"@type\":\"ReadAction\",\"target\":[\"https:\\\/\\\/batijournal.com\\\/index.php\\\/la-fondation-du-btp-cree-un-fonds-de-solidarite-covid-19\\\/104283\\\/\"]}]},{\"@type\":\"ImageObject\",\"inLanguage\":\"fr-FR\",\"@id\":\"https:\\\/\\\/batijournal.com\\\/index.php\\\/la-fondation-du-btp-cree-un-fonds-de-solidarite-covid-19\\\/104283\\\/#primaryimage\",\"url\":\"https:\\\/\\\/batijournal.com\\\/wp-content\\\/uploads\\\/2020\\\/05\\\/la-fondation-du-btp-cre-un-fonds-de-solidarit-covid-19_T1.png\",\"contentUrl\":\"https:\\\/\\\/batijournal.com\\\/wp-content\\\/uploads\\\/2020\\\/05\\\/la-fondation-du-btp-cre-un-fonds-de-solidarit-covid-19_T1.png\",\"width\":1020,\"height\":732},{\"@type\":\"BreadcrumbList\",\"@id\":\"https:\\\/\\\/batijournal.com\\\/index.php\\\/la-fondation-du-btp-cree-un-fonds-de-solidarite-covid-19\\\/104283\\\/#breadcrumb\",\"itemListElement\":[{\"@type\":\"ListItem\",\"position\":1,\"name\":\"Accueil\",\"item\":\"https:\\\/\\\/batijournal.com\\\/\"},{\"@type\":\"ListItem\",\"position\":2,\"name\":\"Actualit\u00e9s\",\"item\":\"https:\\\/\\\/batijournal.com\\\/index.php\\\/category\\\/actualites\\\/\"},{\"@type\":\"ListItem\",\"position\":3,\"name\":\"La Fondation du BTP cr\u00e9e un fonds de solidarit\u00e9 Covid-19\"}]},{\"@type\":\"WebSite\",\"@id\":\"https:\\\/\\\/batijournal.com\\\/#website\",\"url\":\"https:\\\/\\\/batijournal.com\\\/\",\"name\":\"Batijournal\",\"description\":\"L&#039;actualit\u00e9 du b\u00e2timent\",\"potentialAction\":[{\"@type\":\"SearchAction\",\"target\":{\"@type\":\"EntryPoint\",\"urlTemplate\":\"https:\\\/\\\/batijournal.com\\\/?s={search_term_string}\"},\"query-input\":{\"@type\":\"PropertyValueSpecification\",\"valueRequired\":true,\"valueName\":\"search_term_string\"}}],\"inLanguage\":\"fr-FR\"},{\"@type\":\"Person\",\"@id\":\"https:\\\/\\\/batijournal.com\\\/#\\\/schema\\\/person\\\/1dc96ec6957aa1ccb25ebe78bb19f100\",\"name\":\"St\u00e9phane Miget\",\"image\":{\"@type\":\"ImageObject\",\"inLanguage\":\"fr-FR\",\"@id\":\"https:\\\/\\\/secure.gravatar.com\\\/avatar\\\/89915563d925342126b8ef0281b93d9d7fc337043e8df017f780908eb9644451?s=96&d=mm&r=g\",\"url\":\"https:\\\/\\\/secure.gravatar.com\\\/avatar\\\/89915563d925342126b8ef0281b93d9d7fc337043e8df017f780908eb9644451?s=96&d=mm&r=g\",\"contentUrl\":\"https:\\\/\\\/secure.gravatar.com\\\/avatar\\\/89915563d925342126b8ef0281b93d9d7fc337043e8df017f780908eb9644451?s=96&d=mm&r=g\",\"caption\":\"St\u00e9phane Miget\"},\"url\":\"https:\\\/\\\/batijournal.com\\\/index.php\\\/author\\\/stephane\\\/\"}]}<\/script>\n<!-- \/ Yoast SEO plugin. -->","yoast_head_json":{"title":"La Fondation du BTP cr\u00e9e un fonds de solidarit\u00e9 Covid-19","robots":{"index":"index","follow":"follow","max-snippet":"max-snippet:-1","max-image-preview":"max-image-preview:large","max-video-preview":"max-video-preview:-1"},"canonical":"https:\/\/batijournal.com\/index.php\/la-fondation-du-btp-cree-un-fonds-de-solidarite-covid-19\/104283\/","og_locale":"fr_FR","og_type":"article","og_title":"La Fondation du BTP cr\u00e9e un fonds de solidarit\u00e9 Covid-19","og_description":"Face \u00e0 la situation \u00e9conomique alarmante, la Fondation du BTP, acteur engag\u00e9 de la profession, dont les valeurs de solidarit\u00e9 et d\u2019entraide sont au coeur de l\u2019action, a d\u00e9cid\u00e9 d\u2019apporter son soutien au secteur. Elle a propos\u00e9 la cr\u00e9ation d\u2019un fonds de solidarit\u00e9 COVID-19 et y participe \u00e0 hauteur de 500 000 euros renouvelable une [&hellip;]","og_url":"https:\/\/batijournal.com\/index.php\/la-fondation-du-btp-cree-un-fonds-de-solidarite-covid-19\/104283\/","og_site_name":"Batijournal","article_published_time":"2020-05-29T04:08:21+00:00","og_image":[{"width":1020,"height":732,"url":"https:\/\/batijournal.com\/wp-content\/uploads\/2020\/05\/la-fondation-du-btp-cre-un-fonds-de-solidarit-covid-19_T1.png","type":"image\/png"}],"author":"St\u00e9phane Miget","twitter_card":"summary_large_image","twitter_creator":"@bati_journal","twitter_site":"@bati_journal","twitter_misc":{"\u00c9crit par":"St\u00e9phane Miget","Dur\u00e9e de lecture estim\u00e9e":"1 minute"},"schema":{"@context":"https:\/\/schema.org","@graph":[{"@type":"Article","@id":"https:\/\/batijournal.com\/index.php\/la-fondation-du-btp-cree-un-fonds-de-solidarite-covid-19\/104283\/#article","isPartOf":{"@id":"https:\/\/batijournal.com\/index.php\/la-fondation-du-btp-cree-un-fonds-de-solidarite-covid-19\/104283\/"},"author":{"name":"St\u00e9phane Miget","@id":"https:\/\/batijournal.com\/#\/schema\/person\/1dc96ec6957aa1ccb25ebe78bb19f100"},"headline":"La Fondation du BTP cr\u00e9e un fonds de solidarit\u00e9 Covid-19","datePublished":"2020-05-29T04:08:21+00:00","mainEntityOfPage":{"@id":"https:\/\/batijournal.com\/index.php\/la-fondation-du-btp-cree-un-fonds-de-solidarite-covid-19\/104283\/"},"wordCount":277,"image":{"@id":"https:\/\/batijournal.com\/index.php\/la-fondation-du-btp-cree-un-fonds-de-solidarite-covid-19\/104283\/#primaryimage"},"thumbnailUrl":"https:\/\/batijournal.com\/wp-content\/uploads\/2020\/05\/la-fondation-du-btp-cre-un-fonds-de-solidarit-covid-19_T1.png","articleSection":["Actualit\u00e9s","\u00c9conomie &amp; March\u00e9s"],"inLanguage":"fr-FR"},{"@type":"WebPage","@id":"https:\/\/batijournal.com\/index.php\/la-fondation-du-btp-cree-un-fonds-de-solidarite-covid-19\/104283\/","url":"https:\/\/batijournal.com\/index.php\/la-fondation-du-btp-cree-un-fonds-de-solidarite-covid-19\/104283\/","name":"La Fondation du BTP cr\u00e9e un fonds de solidarit\u00e9 Covid-19","isPartOf":{"@id":"https:\/\/batijournal.com\/#website"},"primaryImageOfPage":{"@id":"https:\/\/batijournal.com\/index.php\/la-fondation-du-btp-cree-un-fonds-de-solidarite-covid-19\/104283\/#primaryimage"},"image":{"@id":"https:\/\/batijournal.com\/index.php\/la-fondation-du-btp-cree-un-fonds-de-solidarite-covid-19\/104283\/#primaryimage"},"thumbnailUrl":"https:\/\/batijournal.com\/wp-content\/uploads\/2020\/05\/la-fondation-du-btp-cre-un-fonds-de-solidarit-covid-19_T1.png","datePublished":"2020-05-29T04:08:21+00:00","author":{"@id":"https:\/\/batijournal.com\/#\/schema\/person\/1dc96ec6957aa1ccb25ebe78bb19f100"},"breadcrumb":{"@id":"https:\/\/batijournal.com\/index.php\/la-fondation-du-btp-cree-un-fonds-de-solidarite-covid-19\/104283\/#breadcrumb"},"inLanguage":"fr-FR","potentialAction":[{"@type":"ReadAction","target":["https:\/\/batijournal.com\/index.php\/la-fondation-du-btp-cree-un-fonds-de-solidarite-covid-19\/104283\/"]}]},{"@type":"ImageObject","inLanguage":"fr-FR","@id":"https:\/\/batijournal.com\/index.php\/la-fondation-du-btp-cree-un-fonds-de-solidarite-covid-19\/104283\/#primaryimage","url":"https:\/\/batijournal.com\/wp-content\/uploads\/2020\/05\/la-fondation-du-btp-cre-un-fonds-de-solidarit-covid-19_T1.png","contentUrl":"https:\/\/batijournal.com\/wp-content\/uploads\/2020\/05\/la-fondation-du-btp-cre-un-fonds-de-solidarit-covid-19_T1.png","width":1020,"height":732},{"@type":"BreadcrumbList","@id":"https:\/\/batijournal.com\/index.php\/la-fondation-du-btp-cree-un-fonds-de-solidarite-covid-19\/104283\/#breadcrumb","itemListElement":[{"@type":"ListItem","position":1,"name":"Accueil","item":"https:\/\/batijournal.com\/"},{"@type":"ListItem","position":2,"name":"Actualit\u00e9s","item":"https:\/\/batijournal.com\/index.php\/category\/actualites\/"},{"@type":"ListItem","position":3,"name":"La Fondation du BTP cr\u00e9e un fonds de solidarit\u00e9 Covid-19"}]},{"@type":"WebSite","@id":"https:\/\/batijournal.com\/#website","url":"https:\/\/batijournal.com\/","name":"Batijournal","description":"L&#039;actualit\u00e9 du b\u00e2timent","potentialAction":[{"@type":"SearchAction","target":{"@type":"EntryPoint","urlTemplate":"https:\/\/batijournal.com\/?s={search_term_string}"},"query-input":{"@type":"PropertyValueSpecification","valueRequired":true,"valueName":"search_term_string"}}],"inLanguage":"fr-FR"},{"@type":"Person","@id":"https:\/\/batijournal.com\/#\/schema\/person\/1dc96ec6957aa1ccb25ebe78bb19f100","name":"St\u00e9phane Miget","image":{"@type":"ImageObject","inLanguage":"fr-FR","@id":"https:\/\/secure.gravatar.com\/avatar\/89915563d925342126b8ef0281b93d9d7fc337043e8df017f780908eb9644451?s=96&d=mm&r=g","url":"https:\/\/secure.gravatar.com\/avatar\/89915563d925342126b8ef0281b93d9d7fc337043e8df017f780908eb9644451?s=96&d=mm&r=g","contentUrl":"https:\/\/secure.gravatar.com\/avatar\/89915563d925342126b8ef0281b93d9d7fc337043e8df017f780908eb9644451?s=96&d=mm&r=g","caption":"St\u00e9phane Miget"},"url":"https:\/\/batijournal.com\/index.php\/author\/stephane\/"}]}},"_links":{"self":[{"href":"https:\/\/batijournal.com\/index.php\/wp-json\/wp\/v2\/posts\/104283","targetHints":{"allow":["GET"]}}],"collection":[{"href":"https:\/\/batijournal.com\/index.php\/wp-json\/wp\/v2\/posts"}],"about":[{"href":"https:\/\/batijournal.com\/index.php\/wp-json\/wp\/v2\/types\/post"}],"author":[{"embeddable":true,"href":"https:\/\/batijournal.com\/index.php\/wp-json\/wp\/v2\/users\/17"}],"replies":[{"embeddable":true,"href":"https:\/\/batijournal.com\/index.php\/wp-json\/wp\/v2\/comments?post=104283"}],"version-history":[{"count":0,"href":"https:\/\/batijournal.com\/index.php\/wp-json\/wp\/v2\/posts\/104283\/revisions"}],"wp:featuredmedia":[{"embeddable":true,"href":"https:\/\/batijournal.com\/index.php\/wp-json\/wp\/v2\/media\/104284"}],"wp:attachment":[{"href":"https:\/\/batijournal.com\/index.php\/wp-json\/wp\/v2\/media?parent=104283"}],"wp:term":[{"taxonomy":"category","embeddable":true,"href":"https:\/\/batijournal.com\/index.php\/wp-json\/wp\/v2\/categories?post=104283"},{"taxonomy":"post_tag","embeddable":true,"href":"https:\/\/batijournal.com\/index.php\/wp-json\/wp\/v2\/tags?post=104283"}],"curies":[{"name":"wp","href":"https:\/\/api.w.org\/{rel}","templated":true}]}}