{"id":104288,"date":"2020-06-03T07:30:28","date_gmt":"2020-06-03T05:30:28","guid":{"rendered":"https:\/\/batijournal.com\/?p=104288"},"modified":"2020-06-12T13:10:10","modified_gmt":"2020-06-12T11:10:10","slug":"deces-de-christo-larc-de-triomphe-devrait-etre-empaquete-en-2021","status":"publish","type":"post","link":"https:\/\/batijournal.com\/index.php\/deces-de-christo-larc-de-triomphe-devrait-etre-empaquete-en-2021\/104288\/","title":{"rendered":"D\u00e9c\u00e8s de Christo : l&rsquo;Arc de Triomphe devrait \u00eatre empaquet\u00e9 en 2021"},"content":{"rendered":"<p>Spectaculaire, l\u2019art de Christo et de Jeanne-Claude, son \u00e9pouse, a marqu\u00e9 la m\u00e9moire de notre espace public de ses empaquetages monumentaux. De leur installation Running Fence en Californie \u00e0 The Gate \u00e0 Central Park, avant l\u2019impressionnant Floating Piers sur le lac d\u2019Iseo en Italie, qui a r\u00e9uni en quelques jours pr\u00e8s de 1,2 million de visiteurs, leur art s\u2019est toujours pens\u00e9 nomade et fragile, aussi intense qu\u2019\u00e9ph\u00e9m\u00e8re. Mais c\u2019est surtout par ses emballages du Reichtag et du Pont-Neuf que l\u2019art de Christo s\u2019est popularis\u00e9. Capables de \u00ab r\u00e9v\u00e9ler en cachant \u00bb les monuments qui en firent l\u2019objet, v\u00e9ritable r\u00e9flexion sur le volume, leurs interventions ont accompagn\u00e9 l\u2019histoire de notre temps.<\/p>\n<p>Une exposition va ouvrir au Centre Pompidou, consacr\u00e9e \u00e0 ses ann\u00e9es de vie parisienne, entre 1958 et 1964, mais aussi \u00e0 son emballage du Pont-Neuf, qui mit dix ans \u00e0 aboutir, en 1985, pour un r\u00e9sultat qui n\u2019a en d\u00e9finitive \u00e9t\u00e9 que bri\u00e8vement visible, \u00e0 l\u2019instar de ses autres installations. Christo s\u2019appr\u00eatait \u00e0 conduire \u00e0 Paris, ville o\u00f9 il a rencontr\u00e9 son \u00e9pouse, son ultime projet, celui de l\u2019emballage de l\u2019Arc de triomphe \u00e0 l\u2019automne. Son \u00e9quipe devrait mener \u00e0 bien ce dernier projet, en 2021, avec l&rsquo;obtention des autorisations des diff\u00e9rents acteurs.<\/p>\n<p>&nbsp;<\/p>\n<p>Carte dessin\u00e9e \u00e0 la main sur v\u00e9lin et ruban adh\u00e9sif \u00a9 Andr\u00e9 Grossmann, 2019 Christo<\/p>\n","protected":false},"excerpt":{"rendered":"<p>Spectaculaire, l\u2019art de Christo et de Jeanne-Claude, son \u00e9pouse, a marqu\u00e9 la m\u00e9moire de notre espace public de ses empaquetages monumentaux. De leur installation Running Fence en Californie \u00e0 The Gate \u00e0 Central Park, avant l\u2019impressionnant Floating Piers sur le lac d\u2019Iseo en Italie, qui a r\u00e9uni en quelques jours pr\u00e8s de 1,2 million de [&hellip;]<\/p>\n","protected":false},"author":17,"featured_media":101902,"comment_status":"closed","ping_status":"closed","sticky":false,"template":"","format":"standard","meta":{"_et_pb_use_builder":"","_et_pb_old_content":"","_et_gb_content_width":"","footnotes":""},"categories":[10530,6362,10789,10785],"tags":[4474],"class_list":["post-104288","post","type-post","status-publish","format-standard","has-post-thumbnail","hentry","category-actualites","category-services-equipements","category-publications-atrium","category-atrium","tag-monuments-historiques"],"yoast_head":"<!-- This site is optimized with the Yoast SEO plugin v27.4 - https:\/\/yoast.com\/product\/yoast-seo-wordpress\/ -->\n<title>D\u00e9c\u00e8s de Christo : l&#039;Arc de Triomphe devrait \u00eatre empaquet\u00e9 en 2021<\/title>\n<meta name=\"robots\" content=\"index, follow, max-snippet:-1, max-image-preview:large, max-video-preview:-1\" \/>\n<link rel=\"canonical\" href=\"https:\/\/batijournal.com\/index.php\/deces-de-christo-larc-de-triomphe-devrait-etre-empaquete-en-2021\/104288\/\" \/>\n<meta property=\"og:locale\" content=\"fr_FR\" \/>\n<meta property=\"og:type\" content=\"article\" \/>\n<meta property=\"og:title\" content=\"D\u00e9c\u00e8s de Christo : l&#039;Arc de Triomphe devrait \u00eatre empaquet\u00e9 en 2021\" \/>\n<meta property=\"og:description\" content=\"Spectaculaire, l\u2019art de Christo et de Jeanne-Claude, son \u00e9pouse, a marqu\u00e9 la m\u00e9moire de notre espace public de ses empaquetages monumentaux. De leur installation Running Fence en Californie \u00e0 The Gate \u00e0 Central Park, avant l\u2019impressionnant Floating Piers sur le lac d\u2019Iseo en Italie, qui a r\u00e9uni en quelques jours pr\u00e8s de 1,2 million de [&hellip;]\" \/>\n<meta property=\"og:url\" content=\"https:\/\/batijournal.com\/index.php\/deces-de-christo-larc-de-triomphe-devrait-etre-empaquete-en-2021\/104288\/\" \/>\n<meta property=\"og:site_name\" content=\"Batijournal\" \/>\n<meta property=\"article:published_time\" content=\"2020-06-03T05:30:28+00:00\" \/>\n<meta property=\"article:modified_time\" content=\"2020-06-12T11:10:10+00:00\" \/>\n<meta property=\"og:image\" content=\"https:\/\/batijournal.com\/wp-content\/uploads\/2019\/04\/Christo-Arc-de-Triomphe-Empaquete-Place-de-l-Etoile-\u2013-Charles-de-Gaulle.jpg\" \/>\n\t<meta property=\"og:image:width\" content=\"970\" \/>\n\t<meta property=\"og:image:height\" content=\"545\" \/>\n\t<meta property=\"og:image:type\" content=\"image\/jpeg\" \/>\n<meta name=\"author\" content=\"St\u00e9phane Miget\" \/>\n<meta name=\"twitter:card\" content=\"summary_large_image\" \/>\n<meta name=\"twitter:creator\" content=\"@bati_journal\" \/>\n<meta name=\"twitter:site\" content=\"@bati_journal\" \/>\n<meta name=\"twitter:label1\" content=\"\u00c9crit par\" \/>\n\t<meta name=\"twitter:data1\" content=\"St\u00e9phane Miget\" \/>\n\t<meta name=\"twitter:label2\" content=\"Dur\u00e9e de lecture estim\u00e9e\" \/>\n\t<meta name=\"twitter:data2\" content=\"1 minute\" \/>\n<script type=\"application\/ld+json\" class=\"yoast-schema-graph\">{\"@context\":\"https:\\\/\\\/schema.org\",\"@graph\":[{\"@type\":\"Article\",\"@id\":\"https:\\\/\\\/batijournal.com\\\/index.php\\\/deces-de-christo-larc-de-triomphe-devrait-etre-empaquete-en-2021\\\/104288\\\/#article\",\"isPartOf\":{\"@id\":\"https:\\\/\\\/batijournal.com\\\/index.php\\\/deces-de-christo-larc-de-triomphe-devrait-etre-empaquete-en-2021\\\/104288\\\/\"},\"author\":{\"name\":\"St\u00e9phane Miget\",\"@id\":\"https:\\\/\\\/batijournal.com\\\/#\\\/schema\\\/person\\\/1dc96ec6957aa1ccb25ebe78bb19f100\"},\"headline\":\"D\u00e9c\u00e8s de Christo : l&rsquo;Arc de Triomphe devrait \u00eatre empaquet\u00e9 en 2021\",\"datePublished\":\"2020-06-03T05:30:28+00:00\",\"dateModified\":\"2020-06-12T11:10:10+00:00\",\"mainEntityOfPage\":{\"@id\":\"https:\\\/\\\/batijournal.com\\\/index.php\\\/deces-de-christo-larc-de-triomphe-devrait-etre-empaquete-en-2021\\\/104288\\\/\"},\"wordCount\":248,\"image\":{\"@id\":\"https:\\\/\\\/batijournal.com\\\/index.php\\\/deces-de-christo-larc-de-triomphe-devrait-etre-empaquete-en-2021\\\/104288\\\/#primaryimage\"},\"thumbnailUrl\":\"https:\\\/\\\/batijournal.com\\\/wp-content\\\/uploads\\\/2019\\\/04\\\/Christo-Arc-de-Triomphe-Empaquete-Place-de-l-Etoile-\u2013-Charles-de-Gaulle.jpg\",\"keywords\":[\"monuments historiques\"],\"articleSection\":[\"Actualit\u00e9s\",\"Divers\",\"zz_Actualit\u00e9s - Atrium\",\"zz_Atrium Patrimoine\"],\"inLanguage\":\"fr-FR\"},{\"@type\":\"WebPage\",\"@id\":\"https:\\\/\\\/batijournal.com\\\/index.php\\\/deces-de-christo-larc-de-triomphe-devrait-etre-empaquete-en-2021\\\/104288\\\/\",\"url\":\"https:\\\/\\\/batijournal.com\\\/index.php\\\/deces-de-christo-larc-de-triomphe-devrait-etre-empaquete-en-2021\\\/104288\\\/\",\"name\":\"D\u00e9c\u00e8s de Christo : l'Arc de Triomphe devrait \u00eatre empaquet\u00e9 en 2021\",\"isPartOf\":{\"@id\":\"https:\\\/\\\/batijournal.com\\\/#website\"},\"primaryImageOfPage\":{\"@id\":\"https:\\\/\\\/batijournal.com\\\/index.php\\\/deces-de-christo-larc-de-triomphe-devrait-etre-empaquete-en-2021\\\/104288\\\/#primaryimage\"},\"image\":{\"@id\":\"https:\\\/\\\/batijournal.com\\\/index.php\\\/deces-de-christo-larc-de-triomphe-devrait-etre-empaquete-en-2021\\\/104288\\\/#primaryimage\"},\"thumbnailUrl\":\"https:\\\/\\\/batijournal.com\\\/wp-content\\\/uploads\\\/2019\\\/04\\\/Christo-Arc-de-Triomphe-Empaquete-Place-de-l-Etoile-\u2013-Charles-de-Gaulle.jpg\",\"datePublished\":\"2020-06-03T05:30:28+00:00\",\"dateModified\":\"2020-06-12T11:10:10+00:00\",\"author\":{\"@id\":\"https:\\\/\\\/batijournal.com\\\/#\\\/schema\\\/person\\\/1dc96ec6957aa1ccb25ebe78bb19f100\"},\"breadcrumb\":{\"@id\":\"https:\\\/\\\/batijournal.com\\\/index.php\\\/deces-de-christo-larc-de-triomphe-devrait-etre-empaquete-en-2021\\\/104288\\\/#breadcrumb\"},\"inLanguage\":\"fr-FR\",\"potentialAction\":[{\"@type\":\"ReadAction\",\"target\":[\"https:\\\/\\\/batijournal.com\\\/index.php\\\/deces-de-christo-larc-de-triomphe-devrait-etre-empaquete-en-2021\\\/104288\\\/\"]}]},{\"@type\":\"ImageObject\",\"inLanguage\":\"fr-FR\",\"@id\":\"https:\\\/\\\/batijournal.com\\\/index.php\\\/deces-de-christo-larc-de-triomphe-devrait-etre-empaquete-en-2021\\\/104288\\\/#primaryimage\",\"url\":\"https:\\\/\\\/batijournal.com\\\/wp-content\\\/uploads\\\/2019\\\/04\\\/Christo-Arc-de-Triomphe-Empaquete-Place-de-l-Etoile-\u2013-Charles-de-Gaulle.jpg\",\"contentUrl\":\"https:\\\/\\\/batijournal.com\\\/wp-content\\\/uploads\\\/2019\\\/04\\\/Christo-Arc-de-Triomphe-Empaquete-Place-de-l-Etoile-\u2013-Charles-de-Gaulle.jpg\",\"width\":970,\"height\":545,\"caption\":\"carte dessin\u00e9e \u00e0 la main sur v\u00e9lin et ruban adh\u00e9sif \u00a9 Andr\u00e9 Grossmann, 2019 Christo\"},{\"@type\":\"BreadcrumbList\",\"@id\":\"https:\\\/\\\/batijournal.com\\\/index.php\\\/deces-de-christo-larc-de-triomphe-devrait-etre-empaquete-en-2021\\\/104288\\\/#breadcrumb\",\"itemListElement\":[{\"@type\":\"ListItem\",\"position\":1,\"name\":\"Accueil\",\"item\":\"https:\\\/\\\/batijournal.com\\\/\"},{\"@type\":\"ListItem\",\"position\":2,\"name\":\"Actualit\u00e9s\",\"item\":\"https:\\\/\\\/batijournal.com\\\/index.php\\\/category\\\/actualites\\\/\"},{\"@type\":\"ListItem\",\"position\":3,\"name\":\"D\u00e9c\u00e8s de Christo : l&rsquo;Arc de Triomphe devrait \u00eatre empaquet\u00e9 en 2021\"}]},{\"@type\":\"WebSite\",\"@id\":\"https:\\\/\\\/batijournal.com\\\/#website\",\"url\":\"https:\\\/\\\/batijournal.com\\\/\",\"name\":\"Batijournal\",\"description\":\"L&#039;actualit\u00e9 du b\u00e2timent\",\"potentialAction\":[{\"@type\":\"SearchAction\",\"target\":{\"@type\":\"EntryPoint\",\"urlTemplate\":\"https:\\\/\\\/batijournal.com\\\/?s={search_term_string}\"},\"query-input\":{\"@type\":\"PropertyValueSpecification\",\"valueRequired\":true,\"valueName\":\"search_term_string\"}}],\"inLanguage\":\"fr-FR\"},{\"@type\":\"Person\",\"@id\":\"https:\\\/\\\/batijournal.com\\\/#\\\/schema\\\/person\\\/1dc96ec6957aa1ccb25ebe78bb19f100\",\"name\":\"St\u00e9phane Miget\",\"image\":{\"@type\":\"ImageObject\",\"inLanguage\":\"fr-FR\",\"@id\":\"https:\\\/\\\/secure.gravatar.com\\\/avatar\\\/89915563d925342126b8ef0281b93d9d7fc337043e8df017f780908eb9644451?s=96&d=mm&r=g\",\"url\":\"https:\\\/\\\/secure.gravatar.com\\\/avatar\\\/89915563d925342126b8ef0281b93d9d7fc337043e8df017f780908eb9644451?s=96&d=mm&r=g\",\"contentUrl\":\"https:\\\/\\\/secure.gravatar.com\\\/avatar\\\/89915563d925342126b8ef0281b93d9d7fc337043e8df017f780908eb9644451?s=96&d=mm&r=g\",\"caption\":\"St\u00e9phane Miget\"},\"url\":\"https:\\\/\\\/batijournal.com\\\/index.php\\\/author\\\/stephane\\\/\"}]}<\/script>\n<!-- \/ Yoast SEO plugin. -->","yoast_head_json":{"title":"D\u00e9c\u00e8s de Christo : l'Arc de Triomphe devrait \u00eatre empaquet\u00e9 en 2021","robots":{"index":"index","follow":"follow","max-snippet":"max-snippet:-1","max-image-preview":"max-image-preview:large","max-video-preview":"max-video-preview:-1"},"canonical":"https:\/\/batijournal.com\/index.php\/deces-de-christo-larc-de-triomphe-devrait-etre-empaquete-en-2021\/104288\/","og_locale":"fr_FR","og_type":"article","og_title":"D\u00e9c\u00e8s de Christo : l'Arc de Triomphe devrait \u00eatre empaquet\u00e9 en 2021","og_description":"Spectaculaire, l\u2019art de Christo et de Jeanne-Claude, son \u00e9pouse, a marqu\u00e9 la m\u00e9moire de notre espace public de ses empaquetages monumentaux. De leur installation Running Fence en Californie \u00e0 The Gate \u00e0 Central Park, avant l\u2019impressionnant Floating Piers sur le lac d\u2019Iseo en Italie, qui a r\u00e9uni en quelques jours pr\u00e8s de 1,2 million de [&hellip;]","og_url":"https:\/\/batijournal.com\/index.php\/deces-de-christo-larc-de-triomphe-devrait-etre-empaquete-en-2021\/104288\/","og_site_name":"Batijournal","article_published_time":"2020-06-03T05:30:28+00:00","article_modified_time":"2020-06-12T11:10:10+00:00","og_image":[{"width":970,"height":545,"url":"https:\/\/batijournal.com\/wp-content\/uploads\/2019\/04\/Christo-Arc-de-Triomphe-Empaquete-Place-de-l-Etoile-\u2013-Charles-de-Gaulle.jpg","type":"image\/jpeg"}],"author":"St\u00e9phane Miget","twitter_card":"summary_large_image","twitter_creator":"@bati_journal","twitter_site":"@bati_journal","twitter_misc":{"\u00c9crit par":"St\u00e9phane Miget","Dur\u00e9e de lecture estim\u00e9e":"1 minute"},"schema":{"@context":"https:\/\/schema.org","@graph":[{"@type":"Article","@id":"https:\/\/batijournal.com\/index.php\/deces-de-christo-larc-de-triomphe-devrait-etre-empaquete-en-2021\/104288\/#article","isPartOf":{"@id":"https:\/\/batijournal.com\/index.php\/deces-de-christo-larc-de-triomphe-devrait-etre-empaquete-en-2021\/104288\/"},"author":{"name":"St\u00e9phane Miget","@id":"https:\/\/batijournal.com\/#\/schema\/person\/1dc96ec6957aa1ccb25ebe78bb19f100"},"headline":"D\u00e9c\u00e8s de Christo : l&rsquo;Arc de Triomphe devrait \u00eatre empaquet\u00e9 en 2021","datePublished":"2020-06-03T05:30:28+00:00","dateModified":"2020-06-12T11:10:10+00:00","mainEntityOfPage":{"@id":"https:\/\/batijournal.com\/index.php\/deces-de-christo-larc-de-triomphe-devrait-etre-empaquete-en-2021\/104288\/"},"wordCount":248,"image":{"@id":"https:\/\/batijournal.com\/index.php\/deces-de-christo-larc-de-triomphe-devrait-etre-empaquete-en-2021\/104288\/#primaryimage"},"thumbnailUrl":"https:\/\/batijournal.com\/wp-content\/uploads\/2019\/04\/Christo-Arc-de-Triomphe-Empaquete-Place-de-l-Etoile-\u2013-Charles-de-Gaulle.jpg","keywords":["monuments historiques"],"articleSection":["Actualit\u00e9s","Divers","zz_Actualit\u00e9s - Atrium","zz_Atrium Patrimoine"],"inLanguage":"fr-FR"},{"@type":"WebPage","@id":"https:\/\/batijournal.com\/index.php\/deces-de-christo-larc-de-triomphe-devrait-etre-empaquete-en-2021\/104288\/","url":"https:\/\/batijournal.com\/index.php\/deces-de-christo-larc-de-triomphe-devrait-etre-empaquete-en-2021\/104288\/","name":"D\u00e9c\u00e8s de Christo : l'Arc de Triomphe devrait \u00eatre empaquet\u00e9 en 2021","isPartOf":{"@id":"https:\/\/batijournal.com\/#website"},"primaryImageOfPage":{"@id":"https:\/\/batijournal.com\/index.php\/deces-de-christo-larc-de-triomphe-devrait-etre-empaquete-en-2021\/104288\/#primaryimage"},"image":{"@id":"https:\/\/batijournal.com\/index.php\/deces-de-christo-larc-de-triomphe-devrait-etre-empaquete-en-2021\/104288\/#primaryimage"},"thumbnailUrl":"https:\/\/batijournal.com\/wp-content\/uploads\/2019\/04\/Christo-Arc-de-Triomphe-Empaquete-Place-de-l-Etoile-\u2013-Charles-de-Gaulle.jpg","datePublished":"2020-06-03T05:30:28+00:00","dateModified":"2020-06-12T11:10:10+00:00","author":{"@id":"https:\/\/batijournal.com\/#\/schema\/person\/1dc96ec6957aa1ccb25ebe78bb19f100"},"breadcrumb":{"@id":"https:\/\/batijournal.com\/index.php\/deces-de-christo-larc-de-triomphe-devrait-etre-empaquete-en-2021\/104288\/#breadcrumb"},"inLanguage":"fr-FR","potentialAction":[{"@type":"ReadAction","target":["https:\/\/batijournal.com\/index.php\/deces-de-christo-larc-de-triomphe-devrait-etre-empaquete-en-2021\/104288\/"]}]},{"@type":"ImageObject","inLanguage":"fr-FR","@id":"https:\/\/batijournal.com\/index.php\/deces-de-christo-larc-de-triomphe-devrait-etre-empaquete-en-2021\/104288\/#primaryimage","url":"https:\/\/batijournal.com\/wp-content\/uploads\/2019\/04\/Christo-Arc-de-Triomphe-Empaquete-Place-de-l-Etoile-\u2013-Charles-de-Gaulle.jpg","contentUrl":"https:\/\/batijournal.com\/wp-content\/uploads\/2019\/04\/Christo-Arc-de-Triomphe-Empaquete-Place-de-l-Etoile-\u2013-Charles-de-Gaulle.jpg","width":970,"height":545,"caption":"carte dessin\u00e9e \u00e0 la main sur v\u00e9lin et ruban adh\u00e9sif \u00a9 Andr\u00e9 Grossmann, 2019 Christo"},{"@type":"BreadcrumbList","@id":"https:\/\/batijournal.com\/index.php\/deces-de-christo-larc-de-triomphe-devrait-etre-empaquete-en-2021\/104288\/#breadcrumb","itemListElement":[{"@type":"ListItem","position":1,"name":"Accueil","item":"https:\/\/batijournal.com\/"},{"@type":"ListItem","position":2,"name":"Actualit\u00e9s","item":"https:\/\/batijournal.com\/index.php\/category\/actualites\/"},{"@type":"ListItem","position":3,"name":"D\u00e9c\u00e8s de Christo : l&rsquo;Arc de Triomphe devrait \u00eatre empaquet\u00e9 en 2021"}]},{"@type":"WebSite","@id":"https:\/\/batijournal.com\/#website","url":"https:\/\/batijournal.com\/","name":"Batijournal","description":"L&#039;actualit\u00e9 du b\u00e2timent","potentialAction":[{"@type":"SearchAction","target":{"@type":"EntryPoint","urlTemplate":"https:\/\/batijournal.com\/?s={search_term_string}"},"query-input":{"@type":"PropertyValueSpecification","valueRequired":true,"valueName":"search_term_string"}}],"inLanguage":"fr-FR"},{"@type":"Person","@id":"https:\/\/batijournal.com\/#\/schema\/person\/1dc96ec6957aa1ccb25ebe78bb19f100","name":"St\u00e9phane Miget","image":{"@type":"ImageObject","inLanguage":"fr-FR","@id":"https:\/\/secure.gravatar.com\/avatar\/89915563d925342126b8ef0281b93d9d7fc337043e8df017f780908eb9644451?s=96&d=mm&r=g","url":"https:\/\/secure.gravatar.com\/avatar\/89915563d925342126b8ef0281b93d9d7fc337043e8df017f780908eb9644451?s=96&d=mm&r=g","contentUrl":"https:\/\/secure.gravatar.com\/avatar\/89915563d925342126b8ef0281b93d9d7fc337043e8df017f780908eb9644451?s=96&d=mm&r=g","caption":"St\u00e9phane Miget"},"url":"https:\/\/batijournal.com\/index.php\/author\/stephane\/"}]}},"_links":{"self":[{"href":"https:\/\/batijournal.com\/index.php\/wp-json\/wp\/v2\/posts\/104288","targetHints":{"allow":["GET"]}}],"collection":[{"href":"https:\/\/batijournal.com\/index.php\/wp-json\/wp\/v2\/posts"}],"about":[{"href":"https:\/\/batijournal.com\/index.php\/wp-json\/wp\/v2\/types\/post"}],"author":[{"embeddable":true,"href":"https:\/\/batijournal.com\/index.php\/wp-json\/wp\/v2\/users\/17"}],"replies":[{"embeddable":true,"href":"https:\/\/batijournal.com\/index.php\/wp-json\/wp\/v2\/comments?post=104288"}],"version-history":[{"count":0,"href":"https:\/\/batijournal.com\/index.php\/wp-json\/wp\/v2\/posts\/104288\/revisions"}],"wp:featuredmedia":[{"embeddable":true,"href":"https:\/\/batijournal.com\/index.php\/wp-json\/wp\/v2\/media\/101902"}],"wp:attachment":[{"href":"https:\/\/batijournal.com\/index.php\/wp-json\/wp\/v2\/media?parent=104288"}],"wp:term":[{"taxonomy":"category","embeddable":true,"href":"https:\/\/batijournal.com\/index.php\/wp-json\/wp\/v2\/categories?post=104288"},{"taxonomy":"post_tag","embeddable":true,"href":"https:\/\/batijournal.com\/index.php\/wp-json\/wp\/v2\/tags?post=104288"}],"curies":[{"name":"wp","href":"https:\/\/api.w.org\/{rel}","templated":true}]}}