{"id":104289,"date":"2020-06-03T07:32:08","date_gmt":"2020-06-03T05:32:08","guid":{"rendered":"https:\/\/batijournal.com\/?p=104289"},"modified":"2020-06-12T13:10:10","modified_gmt":"2020-06-12T11:10:10","slug":"archeorama-11e-edition-des-journees-europeennes-de-larcheologie-les-19-20-et-21-juin-2020","status":"publish","type":"post","link":"https:\/\/batijournal.com\/index.php\/archeorama-11e-edition-des-journees-europeennes-de-larcheologie-les-19-20-et-21-juin-2020\/104289\/","title":{"rendered":"#archeorama : 11e \u00e9dition des journ\u00e9es europ\u00e9ennes de l\u2019arch\u00e9ologie, les 19, 20 et 21 juin 2020"},"content":{"rendered":"<p>Compte tenu du contexte sanitaire, la 11e \u00e9dition des Journ\u00e9es de l\u2019arch\u00e9ologie (JEA) ne se d\u00e9roulera pas sous sa forme traditionnelle. L\u2019arch\u00e9ologie sera toutefois mise \u00e0 l\u2019honneur du 19 au 21 juin, gr\u00e2ce \u00e0 l\u2019organisation de l\u2019\u00e9v\u00e9nement #Arch\u00e9orama, coordonn\u00e9 par l\u2019Institut national de recherches arch\u00e9ologiques pr\u00e9ventives (Inrap), sous l\u2019\u00e9gide du minist\u00e8re de la Culture.<\/p>\n<p>Afin de permettre \u00e0 tous les acteurs de contribuer \u00e0 la grande f\u00eate annuelle de l\u2019arch\u00e9ologie et de d\u00e9couvrir celle-ci sous un nouveau jour au plus pr\u00e8s de chez soi, #Archeorama ouvre la possibilit\u00e9 de cr\u00e9er des \u00e9v\u00e8nements num\u00e9riques, de valoriser des ressources en ligne, et de signaler les \u00e9v\u00e8nements en pr\u00e9sentiel maintenus.<\/p>\n<p>Pendant ces trois jours, le public pourra ainsi d\u00e9couvrir des sites arch\u00e9ologiques via des visites virtuelles ou des reconstitutions en 3D, rencontrer des arch\u00e9ologues en live sur Facebook, suivre le quotidien de chercheurs sur twitter, visionner des podcasts, des films, des expositions virtuelles\u2026 et dans les territoires o\u00f9 le contexte sanitaire le permettra, visiter un site, un monument arch\u00e9ologique ou un mus\u00e9e valorisant des collections d\u2019arch\u00e9ologie. La journ\u00e9e du vendredi sera d\u00e9di\u00e9e aux scolaires et jeunes publics : des ressources p\u00e9dagogiques et ludiques leur sont destin\u00e9es.<\/p>\n<p>Op\u00e9rateurs publics et priv\u00e9s de l\u2019arch\u00e9ologie, laboratoires de recherches, directions r\u00e9gionales des affaires culturelles, mus\u00e9es, associations, tous les acteurs de l\u2019arch\u00e9ologie ont mis \u00e0 profit la p\u00e9riode de confinement pour concevoir ou finaliser de nouveaux outils de partage de la connaissance : ces initiatives, estampill\u00e9es #Archeorama seront mises en lumi\u00e8re afin d\u2019en faire profiter le plus grand nombre.<\/p>\n<p>A d\u00e9couvrir notamment tout au long de ce week-end : un webinar organis\u00e9 par le Grand Palais et l\u2019Inrap sur les nouvelles technologies et l&rsquo;arch\u00e9ologie au travers de l&rsquo;exposition Pomp\u00e9i, plusieurs directs sur les r\u00e9seaux sociaux dont un sur la fouille du cimeti\u00e8re marin de Saint-Paul \u00e0 la R\u00e9union, un autre direct sur la taille de silex et un avec JUL, auteur des bandes-dessin\u00e9es \u00ab Silex and the city \u00bb et \u00ab 50 nuances de Grecs \u00bb mais \u00e9galement<\/p>\n<p>des ressources arch\u00e9ologiques du mus\u00e9e du Louvre \u00e0 explorer sur ses r\u00e9seaux sociaux, le village num\u00e9rique d\u2019Orl\u00e9ans, la reconstitution en 3D du site arch\u00e9ologique de Glanum, ainsi que de nombreux multim\u00e9dias \u00e0 d\u00e9couvrir comme les atlas arch\u00e9ologiques des villes de Rennes, Toulouse, Besan\u00e7on&#8230;<\/p>\n","protected":false},"excerpt":{"rendered":"<p>Compte tenu du contexte sanitaire, la 11e \u00e9dition des Journ\u00e9es de l\u2019arch\u00e9ologie (JEA) ne se d\u00e9roulera pas sous sa forme traditionnelle. L\u2019arch\u00e9ologie sera toutefois mise \u00e0 l\u2019honneur du 19 au 21 juin, gr\u00e2ce \u00e0 l\u2019organisation de l\u2019\u00e9v\u00e9nement #Arch\u00e9orama, coordonn\u00e9 par l\u2019Institut national de recherches arch\u00e9ologiques pr\u00e9ventives (Inrap), sous l\u2019\u00e9gide du minist\u00e8re de la Culture. Afin [&hellip;]<\/p>\n","protected":false},"author":17,"featured_media":102252,"comment_status":"closed","ping_status":"closed","sticky":false,"template":"","format":"standard","meta":{"_et_pb_use_builder":"","_et_pb_old_content":"","_et_gb_content_width":"","footnotes":""},"categories":[10530,6340,10789,10785],"tags":[12875],"class_list":["post-104289","post","type-post","status-publish","format-standard","has-post-thumbnail","hentry","category-actualites","category-architecture-conception","category-publications-atrium","category-atrium","tag-archeologie"],"yoast_head":"<!-- This site is optimized with the Yoast SEO plugin v27.4 - https:\/\/yoast.com\/product\/yoast-seo-wordpress\/ -->\n<title>#archeorama : 11e \u00e9dition des journ\u00e9es europ\u00e9ennes de l\u2019arch\u00e9ologie, les 19, 20 et 21 juin 2020<\/title>\n<meta name=\"robots\" content=\"index, follow, max-snippet:-1, max-image-preview:large, max-video-preview:-1\" \/>\n<link rel=\"canonical\" href=\"https:\/\/batijournal.com\/index.php\/archeorama-11e-edition-des-journees-europeennes-de-larcheologie-les-19-20-et-21-juin-2020\/104289\/\" \/>\n<meta property=\"og:locale\" content=\"fr_FR\" \/>\n<meta property=\"og:type\" content=\"article\" \/>\n<meta property=\"og:title\" content=\"#archeorama : 11e \u00e9dition des journ\u00e9es europ\u00e9ennes de l\u2019arch\u00e9ologie, les 19, 20 et 21 juin 2020\" \/>\n<meta property=\"og:description\" content=\"Compte tenu du contexte sanitaire, la 11e \u00e9dition des Journ\u00e9es de l\u2019arch\u00e9ologie (JEA) ne se d\u00e9roulera pas sous sa forme traditionnelle. L\u2019arch\u00e9ologie sera toutefois mise \u00e0 l\u2019honneur du 19 au 21 juin, gr\u00e2ce \u00e0 l\u2019organisation de l\u2019\u00e9v\u00e9nement #Arch\u00e9orama, coordonn\u00e9 par l\u2019Institut national de recherches arch\u00e9ologiques pr\u00e9ventives (Inrap), sous l\u2019\u00e9gide du minist\u00e8re de la Culture. Afin [&hellip;]\" \/>\n<meta property=\"og:url\" content=\"https:\/\/batijournal.com\/index.php\/archeorama-11e-edition-des-journees-europeennes-de-larcheologie-les-19-20-et-21-juin-2020\/104289\/\" \/>\n<meta property=\"og:site_name\" content=\"Batijournal\" \/>\n<meta property=\"article:published_time\" content=\"2020-06-03T05:32:08+00:00\" \/>\n<meta property=\"article:modified_time\" content=\"2020-06-12T11:10:10+00:00\" \/>\n<meta property=\"og:image\" content=\"https:\/\/batijournal.com\/wp-content\/uploads\/2019\/06\/fondation-chapelle-buoux-archeologie.jpg\" \/>\n\t<meta property=\"og:image:width\" content=\"1200\" \/>\n\t<meta property=\"og:image:height\" content=\"596\" \/>\n\t<meta property=\"og:image:type\" content=\"image\/jpeg\" \/>\n<meta name=\"author\" content=\"St\u00e9phane Miget\" \/>\n<meta name=\"twitter:card\" content=\"summary_large_image\" \/>\n<meta name=\"twitter:creator\" content=\"@bati_journal\" \/>\n<meta name=\"twitter:site\" content=\"@bati_journal\" \/>\n<meta name=\"twitter:label1\" content=\"\u00c9crit par\" \/>\n\t<meta name=\"twitter:data1\" content=\"St\u00e9phane Miget\" \/>\n\t<meta name=\"twitter:label2\" content=\"Dur\u00e9e de lecture estim\u00e9e\" \/>\n\t<meta name=\"twitter:data2\" content=\"2 minutes\" \/>\n<script type=\"application\/ld+json\" class=\"yoast-schema-graph\">{\"@context\":\"https:\\\/\\\/schema.org\",\"@graph\":[{\"@type\":\"Article\",\"@id\":\"https:\\\/\\\/batijournal.com\\\/index.php\\\/archeorama-11e-edition-des-journees-europeennes-de-larcheologie-les-19-20-et-21-juin-2020\\\/104289\\\/#article\",\"isPartOf\":{\"@id\":\"https:\\\/\\\/batijournal.com\\\/index.php\\\/archeorama-11e-edition-des-journees-europeennes-de-larcheologie-les-19-20-et-21-juin-2020\\\/104289\\\/\"},\"author\":{\"name\":\"St\u00e9phane Miget\",\"@id\":\"https:\\\/\\\/batijournal.com\\\/#\\\/schema\\\/person\\\/1dc96ec6957aa1ccb25ebe78bb19f100\"},\"headline\":\"#archeorama : 11e \u00e9dition des journ\u00e9es europ\u00e9ennes de l\u2019arch\u00e9ologie, les 19, 20 et 21 juin 2020\",\"datePublished\":\"2020-06-03T05:32:08+00:00\",\"dateModified\":\"2020-06-12T11:10:10+00:00\",\"mainEntityOfPage\":{\"@id\":\"https:\\\/\\\/batijournal.com\\\/index.php\\\/archeorama-11e-edition-des-journees-europeennes-de-larcheologie-les-19-20-et-21-juin-2020\\\/104289\\\/\"},\"wordCount\":442,\"image\":{\"@id\":\"https:\\\/\\\/batijournal.com\\\/index.php\\\/archeorama-11e-edition-des-journees-europeennes-de-larcheologie-les-19-20-et-21-juin-2020\\\/104289\\\/#primaryimage\"},\"thumbnailUrl\":\"https:\\\/\\\/batijournal.com\\\/wp-content\\\/uploads\\\/2019\\\/06\\\/fondation-chapelle-buoux-archeologie.jpg\",\"keywords\":[\"arch\u00e9ologie\"],\"articleSection\":[\"Actualit\u00e9s\",\"Architecture &amp; Conception\",\"zz_Actualit\u00e9s - Atrium\",\"zz_Atrium Patrimoine\"],\"inLanguage\":\"fr-FR\"},{\"@type\":\"WebPage\",\"@id\":\"https:\\\/\\\/batijournal.com\\\/index.php\\\/archeorama-11e-edition-des-journees-europeennes-de-larcheologie-les-19-20-et-21-juin-2020\\\/104289\\\/\",\"url\":\"https:\\\/\\\/batijournal.com\\\/index.php\\\/archeorama-11e-edition-des-journees-europeennes-de-larcheologie-les-19-20-et-21-juin-2020\\\/104289\\\/\",\"name\":\"#archeorama : 11e \u00e9dition des journ\u00e9es europ\u00e9ennes de l\u2019arch\u00e9ologie, les 19, 20 et 21 juin 2020\",\"isPartOf\":{\"@id\":\"https:\\\/\\\/batijournal.com\\\/#website\"},\"primaryImageOfPage\":{\"@id\":\"https:\\\/\\\/batijournal.com\\\/index.php\\\/archeorama-11e-edition-des-journees-europeennes-de-larcheologie-les-19-20-et-21-juin-2020\\\/104289\\\/#primaryimage\"},\"image\":{\"@id\":\"https:\\\/\\\/batijournal.com\\\/index.php\\\/archeorama-11e-edition-des-journees-europeennes-de-larcheologie-les-19-20-et-21-juin-2020\\\/104289\\\/#primaryimage\"},\"thumbnailUrl\":\"https:\\\/\\\/batijournal.com\\\/wp-content\\\/uploads\\\/2019\\\/06\\\/fondation-chapelle-buoux-archeologie.jpg\",\"datePublished\":\"2020-06-03T05:32:08+00:00\",\"dateModified\":\"2020-06-12T11:10:10+00:00\",\"author\":{\"@id\":\"https:\\\/\\\/batijournal.com\\\/#\\\/schema\\\/person\\\/1dc96ec6957aa1ccb25ebe78bb19f100\"},\"breadcrumb\":{\"@id\":\"https:\\\/\\\/batijournal.com\\\/index.php\\\/archeorama-11e-edition-des-journees-europeennes-de-larcheologie-les-19-20-et-21-juin-2020\\\/104289\\\/#breadcrumb\"},\"inLanguage\":\"fr-FR\",\"potentialAction\":[{\"@type\":\"ReadAction\",\"target\":[\"https:\\\/\\\/batijournal.com\\\/index.php\\\/archeorama-11e-edition-des-journees-europeennes-de-larcheologie-les-19-20-et-21-juin-2020\\\/104289\\\/\"]}]},{\"@type\":\"ImageObject\",\"inLanguage\":\"fr-FR\",\"@id\":\"https:\\\/\\\/batijournal.com\\\/index.php\\\/archeorama-11e-edition-des-journees-europeennes-de-larcheologie-les-19-20-et-21-juin-2020\\\/104289\\\/#primaryimage\",\"url\":\"https:\\\/\\\/batijournal.com\\\/wp-content\\\/uploads\\\/2019\\\/06\\\/fondation-chapelle-buoux-archeologie.jpg\",\"contentUrl\":\"https:\\\/\\\/batijournal.com\\\/wp-content\\\/uploads\\\/2019\\\/06\\\/fondation-chapelle-buoux-archeologie.jpg\",\"width\":1200,\"height\":596},{\"@type\":\"BreadcrumbList\",\"@id\":\"https:\\\/\\\/batijournal.com\\\/index.php\\\/archeorama-11e-edition-des-journees-europeennes-de-larcheologie-les-19-20-et-21-juin-2020\\\/104289\\\/#breadcrumb\",\"itemListElement\":[{\"@type\":\"ListItem\",\"position\":1,\"name\":\"Accueil\",\"item\":\"https:\\\/\\\/batijournal.com\\\/\"},{\"@type\":\"ListItem\",\"position\":2,\"name\":\"Actualit\u00e9s\",\"item\":\"https:\\\/\\\/batijournal.com\\\/index.php\\\/category\\\/actualites\\\/\"},{\"@type\":\"ListItem\",\"position\":3,\"name\":\"#archeorama : 11e \u00e9dition des journ\u00e9es europ\u00e9ennes de l\u2019arch\u00e9ologie, les 19, 20 et 21 juin 2020\"}]},{\"@type\":\"WebSite\",\"@id\":\"https:\\\/\\\/batijournal.com\\\/#website\",\"url\":\"https:\\\/\\\/batijournal.com\\\/\",\"name\":\"Batijournal\",\"description\":\"L&#039;actualit\u00e9 du b\u00e2timent\",\"potentialAction\":[{\"@type\":\"SearchAction\",\"target\":{\"@type\":\"EntryPoint\",\"urlTemplate\":\"https:\\\/\\\/batijournal.com\\\/?s={search_term_string}\"},\"query-input\":{\"@type\":\"PropertyValueSpecification\",\"valueRequired\":true,\"valueName\":\"search_term_string\"}}],\"inLanguage\":\"fr-FR\"},{\"@type\":\"Person\",\"@id\":\"https:\\\/\\\/batijournal.com\\\/#\\\/schema\\\/person\\\/1dc96ec6957aa1ccb25ebe78bb19f100\",\"name\":\"St\u00e9phane Miget\",\"image\":{\"@type\":\"ImageObject\",\"inLanguage\":\"fr-FR\",\"@id\":\"https:\\\/\\\/secure.gravatar.com\\\/avatar\\\/89915563d925342126b8ef0281b93d9d7fc337043e8df017f780908eb9644451?s=96&d=mm&r=g\",\"url\":\"https:\\\/\\\/secure.gravatar.com\\\/avatar\\\/89915563d925342126b8ef0281b93d9d7fc337043e8df017f780908eb9644451?s=96&d=mm&r=g\",\"contentUrl\":\"https:\\\/\\\/secure.gravatar.com\\\/avatar\\\/89915563d925342126b8ef0281b93d9d7fc337043e8df017f780908eb9644451?s=96&d=mm&r=g\",\"caption\":\"St\u00e9phane Miget\"},\"url\":\"https:\\\/\\\/batijournal.com\\\/index.php\\\/author\\\/stephane\\\/\"}]}<\/script>\n<!-- \/ Yoast SEO plugin. -->","yoast_head_json":{"title":"#archeorama : 11e \u00e9dition des journ\u00e9es europ\u00e9ennes de l\u2019arch\u00e9ologie, les 19, 20 et 21 juin 2020","robots":{"index":"index","follow":"follow","max-snippet":"max-snippet:-1","max-image-preview":"max-image-preview:large","max-video-preview":"max-video-preview:-1"},"canonical":"https:\/\/batijournal.com\/index.php\/archeorama-11e-edition-des-journees-europeennes-de-larcheologie-les-19-20-et-21-juin-2020\/104289\/","og_locale":"fr_FR","og_type":"article","og_title":"#archeorama : 11e \u00e9dition des journ\u00e9es europ\u00e9ennes de l\u2019arch\u00e9ologie, les 19, 20 et 21 juin 2020","og_description":"Compte tenu du contexte sanitaire, la 11e \u00e9dition des Journ\u00e9es de l\u2019arch\u00e9ologie (JEA) ne se d\u00e9roulera pas sous sa forme traditionnelle. L\u2019arch\u00e9ologie sera toutefois mise \u00e0 l\u2019honneur du 19 au 21 juin, gr\u00e2ce \u00e0 l\u2019organisation de l\u2019\u00e9v\u00e9nement #Arch\u00e9orama, coordonn\u00e9 par l\u2019Institut national de recherches arch\u00e9ologiques pr\u00e9ventives (Inrap), sous l\u2019\u00e9gide du minist\u00e8re de la Culture. Afin [&hellip;]","og_url":"https:\/\/batijournal.com\/index.php\/archeorama-11e-edition-des-journees-europeennes-de-larcheologie-les-19-20-et-21-juin-2020\/104289\/","og_site_name":"Batijournal","article_published_time":"2020-06-03T05:32:08+00:00","article_modified_time":"2020-06-12T11:10:10+00:00","og_image":[{"width":1200,"height":596,"url":"https:\/\/batijournal.com\/wp-content\/uploads\/2019\/06\/fondation-chapelle-buoux-archeologie.jpg","type":"image\/jpeg"}],"author":"St\u00e9phane Miget","twitter_card":"summary_large_image","twitter_creator":"@bati_journal","twitter_site":"@bati_journal","twitter_misc":{"\u00c9crit par":"St\u00e9phane Miget","Dur\u00e9e de lecture estim\u00e9e":"2 minutes"},"schema":{"@context":"https:\/\/schema.org","@graph":[{"@type":"Article","@id":"https:\/\/batijournal.com\/index.php\/archeorama-11e-edition-des-journees-europeennes-de-larcheologie-les-19-20-et-21-juin-2020\/104289\/#article","isPartOf":{"@id":"https:\/\/batijournal.com\/index.php\/archeorama-11e-edition-des-journees-europeennes-de-larcheologie-les-19-20-et-21-juin-2020\/104289\/"},"author":{"name":"St\u00e9phane Miget","@id":"https:\/\/batijournal.com\/#\/schema\/person\/1dc96ec6957aa1ccb25ebe78bb19f100"},"headline":"#archeorama : 11e \u00e9dition des journ\u00e9es europ\u00e9ennes de l\u2019arch\u00e9ologie, les 19, 20 et 21 juin 2020","datePublished":"2020-06-03T05:32:08+00:00","dateModified":"2020-06-12T11:10:10+00:00","mainEntityOfPage":{"@id":"https:\/\/batijournal.com\/index.php\/archeorama-11e-edition-des-journees-europeennes-de-larcheologie-les-19-20-et-21-juin-2020\/104289\/"},"wordCount":442,"image":{"@id":"https:\/\/batijournal.com\/index.php\/archeorama-11e-edition-des-journees-europeennes-de-larcheologie-les-19-20-et-21-juin-2020\/104289\/#primaryimage"},"thumbnailUrl":"https:\/\/batijournal.com\/wp-content\/uploads\/2019\/06\/fondation-chapelle-buoux-archeologie.jpg","keywords":["arch\u00e9ologie"],"articleSection":["Actualit\u00e9s","Architecture &amp; Conception","zz_Actualit\u00e9s - Atrium","zz_Atrium Patrimoine"],"inLanguage":"fr-FR"},{"@type":"WebPage","@id":"https:\/\/batijournal.com\/index.php\/archeorama-11e-edition-des-journees-europeennes-de-larcheologie-les-19-20-et-21-juin-2020\/104289\/","url":"https:\/\/batijournal.com\/index.php\/archeorama-11e-edition-des-journees-europeennes-de-larcheologie-les-19-20-et-21-juin-2020\/104289\/","name":"#archeorama : 11e \u00e9dition des journ\u00e9es europ\u00e9ennes de l\u2019arch\u00e9ologie, les 19, 20 et 21 juin 2020","isPartOf":{"@id":"https:\/\/batijournal.com\/#website"},"primaryImageOfPage":{"@id":"https:\/\/batijournal.com\/index.php\/archeorama-11e-edition-des-journees-europeennes-de-larcheologie-les-19-20-et-21-juin-2020\/104289\/#primaryimage"},"image":{"@id":"https:\/\/batijournal.com\/index.php\/archeorama-11e-edition-des-journees-europeennes-de-larcheologie-les-19-20-et-21-juin-2020\/104289\/#primaryimage"},"thumbnailUrl":"https:\/\/batijournal.com\/wp-content\/uploads\/2019\/06\/fondation-chapelle-buoux-archeologie.jpg","datePublished":"2020-06-03T05:32:08+00:00","dateModified":"2020-06-12T11:10:10+00:00","author":{"@id":"https:\/\/batijournal.com\/#\/schema\/person\/1dc96ec6957aa1ccb25ebe78bb19f100"},"breadcrumb":{"@id":"https:\/\/batijournal.com\/index.php\/archeorama-11e-edition-des-journees-europeennes-de-larcheologie-les-19-20-et-21-juin-2020\/104289\/#breadcrumb"},"inLanguage":"fr-FR","potentialAction":[{"@type":"ReadAction","target":["https:\/\/batijournal.com\/index.php\/archeorama-11e-edition-des-journees-europeennes-de-larcheologie-les-19-20-et-21-juin-2020\/104289\/"]}]},{"@type":"ImageObject","inLanguage":"fr-FR","@id":"https:\/\/batijournal.com\/index.php\/archeorama-11e-edition-des-journees-europeennes-de-larcheologie-les-19-20-et-21-juin-2020\/104289\/#primaryimage","url":"https:\/\/batijournal.com\/wp-content\/uploads\/2019\/06\/fondation-chapelle-buoux-archeologie.jpg","contentUrl":"https:\/\/batijournal.com\/wp-content\/uploads\/2019\/06\/fondation-chapelle-buoux-archeologie.jpg","width":1200,"height":596},{"@type":"BreadcrumbList","@id":"https:\/\/batijournal.com\/index.php\/archeorama-11e-edition-des-journees-europeennes-de-larcheologie-les-19-20-et-21-juin-2020\/104289\/#breadcrumb","itemListElement":[{"@type":"ListItem","position":1,"name":"Accueil","item":"https:\/\/batijournal.com\/"},{"@type":"ListItem","position":2,"name":"Actualit\u00e9s","item":"https:\/\/batijournal.com\/index.php\/category\/actualites\/"},{"@type":"ListItem","position":3,"name":"#archeorama : 11e \u00e9dition des journ\u00e9es europ\u00e9ennes de l\u2019arch\u00e9ologie, les 19, 20 et 21 juin 2020"}]},{"@type":"WebSite","@id":"https:\/\/batijournal.com\/#website","url":"https:\/\/batijournal.com\/","name":"Batijournal","description":"L&#039;actualit\u00e9 du b\u00e2timent","potentialAction":[{"@type":"SearchAction","target":{"@type":"EntryPoint","urlTemplate":"https:\/\/batijournal.com\/?s={search_term_string}"},"query-input":{"@type":"PropertyValueSpecification","valueRequired":true,"valueName":"search_term_string"}}],"inLanguage":"fr-FR"},{"@type":"Person","@id":"https:\/\/batijournal.com\/#\/schema\/person\/1dc96ec6957aa1ccb25ebe78bb19f100","name":"St\u00e9phane Miget","image":{"@type":"ImageObject","inLanguage":"fr-FR","@id":"https:\/\/secure.gravatar.com\/avatar\/89915563d925342126b8ef0281b93d9d7fc337043e8df017f780908eb9644451?s=96&d=mm&r=g","url":"https:\/\/secure.gravatar.com\/avatar\/89915563d925342126b8ef0281b93d9d7fc337043e8df017f780908eb9644451?s=96&d=mm&r=g","contentUrl":"https:\/\/secure.gravatar.com\/avatar\/89915563d925342126b8ef0281b93d9d7fc337043e8df017f780908eb9644451?s=96&d=mm&r=g","caption":"St\u00e9phane Miget"},"url":"https:\/\/batijournal.com\/index.php\/author\/stephane\/"}]}},"_links":{"self":[{"href":"https:\/\/batijournal.com\/index.php\/wp-json\/wp\/v2\/posts\/104289","targetHints":{"allow":["GET"]}}],"collection":[{"href":"https:\/\/batijournal.com\/index.php\/wp-json\/wp\/v2\/posts"}],"about":[{"href":"https:\/\/batijournal.com\/index.php\/wp-json\/wp\/v2\/types\/post"}],"author":[{"embeddable":true,"href":"https:\/\/batijournal.com\/index.php\/wp-json\/wp\/v2\/users\/17"}],"replies":[{"embeddable":true,"href":"https:\/\/batijournal.com\/index.php\/wp-json\/wp\/v2\/comments?post=104289"}],"version-history":[{"count":0,"href":"https:\/\/batijournal.com\/index.php\/wp-json\/wp\/v2\/posts\/104289\/revisions"}],"wp:featuredmedia":[{"embeddable":true,"href":"https:\/\/batijournal.com\/index.php\/wp-json\/wp\/v2\/media\/102252"}],"wp:attachment":[{"href":"https:\/\/batijournal.com\/index.php\/wp-json\/wp\/v2\/media?parent=104289"}],"wp:term":[{"taxonomy":"category","embeddable":true,"href":"https:\/\/batijournal.com\/index.php\/wp-json\/wp\/v2\/categories?post=104289"},{"taxonomy":"post_tag","embeddable":true,"href":"https:\/\/batijournal.com\/index.php\/wp-json\/wp\/v2\/tags?post=104289"}],"curies":[{"name":"wp","href":"https:\/\/api.w.org\/{rel}","templated":true}]}}