{"id":104290,"date":"2020-06-03T07:33:47","date_gmt":"2020-06-03T05:33:47","guid":{"rendered":"https:\/\/batijournal.com\/?p=104290"},"modified":"2020-06-12T13:10:10","modified_gmt":"2020-06-12T11:10:10","slug":"musees-et-monuments-nationaux-ouvertures-progressives","status":"publish","type":"post","link":"https:\/\/batijournal.com\/index.php\/musees-et-monuments-nationaux-ouvertures-progressives\/104290\/","title":{"rendered":"Mus\u00e9es et monuments nationaux : ouvertures progressives"},"content":{"rendered":"<p>L\u2019ouverture des mus\u00e9es, monuments et lieux d\u2019expositions est possible \u00e0 partir du 2 juin 2020. Les mus\u00e9es et monuments nationaux travaillent depuis des semaines \u00e0 leur r\u00e9ouverture. Sauf exceptions, li\u00e9es notamment \u00e0 des travaux en cours, tous ces \u00e9tablissements accueilleront \u00e0 nouveau des visiteurs cet \u00e9t\u00e9, quelles que soient leur taille ou leur localisation. Les dates de r\u00e9ouverture s\u2019\u00e9chelonneront entre le d\u00e9but du mois de juin (mus\u00e9e du quai Branly-Jacques Chirac, ch\u00e2teau de Versailles, ch\u00e2teau de Chambord, certains monuments du Centre des monuments nationaux) et le milieu du mois de juillet. Dans un grand nombre de mus\u00e9es, les expositions temporaires qui devaient ouvrir au printemps sont reprogramm\u00e9es cet \u00e9t\u00e9, proposant, pour cette saison, une offre exceptionnellement riche partout en France (James Tissot au mus\u00e9e d\u2019Orsay, Pomp\u00e9i au Grand Palais, L\u2019Orient Sonore au MuCEM, Christo et Jeanne-Claude &#8211; Paris ! au Centre Pompidou notamment).<\/p>\n<p>Dates pr\u00e9visionnelles de r\u00e9ouverture des mus\u00e9es et monuments nationaux<\/p>\n<p>CH\u00c2TEAUX ET MONUMENTS<\/p>\n<p>Juin<\/p>\n<p>Ch\u00e2teau de Chambord : 5 juin<\/p>\n<p>Ch\u00e2teau de Versailles : 6 juin<\/p>\n<p>Ch\u00e2teau de Compi\u00e8gne : 15 juin<\/p>\n<p>Centre des monuments nationaux : 48 monuments la semaine du 6 juin, puis 32 monuments la semaine du 13 juin<\/p>\n<p>&#8211; Villa Cavrois : \u00ab Design ! \u00bb, une carte blanche aux designers Muller Van Severen, d\u00e8s la r\u00e9ouverture du monument et jusqu\u2019au 1er novembre 2020 ;<\/p>\n<p>&#8211; Forteresse de Salses : \u00ab Au fil de l\u2019histoire de la forteresse de Salses \u00bb, d\u00e8s la r\u00e9ouverture du monument et jusqu\u2019au 31 octobre 2020 ;<\/p>\n<p>&#8211; Ch\u00e2teau de Carrouges : \u00ab Photographies \u00bb de Sabine Pigalle, du 13 juin au 6 septembre 2020, en partenariat avec le d\u00e9partement de L\u2019Orne et Rezzo 61 ;<\/p>\n<p>&#8211; Abbaye de Montmajour : \u00ab C\u00e9notaphe \u00bb par Eva Jospin, du 10 juillet 2020 au 3 janvier 2021 ;<\/p>\n<p>&#8211; Ch\u00e2teau d\u2019Oiron : \u00ab Le temps pour horizon \u00bb de Julie C. Fortier et \u00ab Nomen Nescio \u00bb de Nicolas Daubanes, du 11 juillet au 31 octobre 2020 ;<\/p>\n<p>&#8211; Ch\u00e2teau d\u2019Angers : \u00ab L\u2019apocalypse comme si vous y \u00e9tiez \u00bb, du 15 juillet au 15 octobre.<\/p>\n<p>Juillet<\/p>\n<p>Ch\u00e2teau de Fontainebleau : 1e juillet<\/p>\n<p>Ch\u00e2teau de Pau : 1er juillet<\/p>\n<p>MUS\u00c9ES NATIONAUX PARISIENS ET FRANCILIENS<\/p>\n<p>Juin<\/p>\n<p>Mus\u00e9e du quai Branly &#8211; Jacques Chirac : 9 juin<\/p>\n<p>&#8211; \u00ab A toi appartient le regard \u00bb et \u00ab La liaison infinie entre les choses \u00bb (Galerie Jardin) du 30 juin au 1er novembre 2020 ;<\/p>\n<p>&#8211; \u00ab Les curiosit\u00e9s du monde de Fran\u00e7oise Huguier \u00bb (Atelier Martine Aublet), du 30 juin au 11 octobre 2020.<\/p>\n<p>Mus\u00e9e national de Port-Royal des Champs : 15 juin<\/p>\n<p>Etablissement public du Palais de la Porte dor\u00e9e : 16 juin<\/p>\n<p>&#8211; \u00ab Christian Louboutin : L&rsquo;Exhibition[niste] \u00bb prolong\u00e9e jusqu&rsquo;au 4 janvier 2021.<\/p>\n<p>Cit\u00e9 de l\u2019architecture et du patrimoine : 17 juin<\/p>\n<p>Mus\u00e9e Nissim de Camondo : 17 juin<\/p>\n<p>Mus\u00e9e national Eug\u00e8ne Delacroix : 22 juin<\/p>\n<p>Mus\u00e9e de l\u2019Orangerie : 22 juin<\/p>\n<p>Mus\u00e9e d\u2019Orsay : 23 juin<\/p>\n<p>&#8211; \u00ab James Tissot, l&rsquo;ambigu moderne (1836-1902) \u00bb, jusqu\u2019au 13 septembre 2020 ;<\/p>\n<p>&#8211; \u00ab Au pays des monstres. L\u00e9opold Chauveau (1870-1940) \u00bb, prolongation jusqu\u2019au 13 septembre 2020.<\/p>\n<p>Mus\u00e9e Gustave Moreau : 3e semaine de juin<\/p>\n<p>Mus\u00e9e national de la C\u00e9ramique de S\u00e8vres : 3e semaine de juin<\/p>\n<p>Mus\u00e9e de Cluny-mus\u00e9e national du Moyen-Age : 3e semaine de juin<\/p>\n<p>&#8211; \u00ab Regards sur la vie quotidienne \u00bb jusqu&rsquo;au 27 septembre 2020.<\/p>\n<p>Mus\u00e9e des Arts D\u00e9coratifs : 23 juin pour les expositions temporaires<\/p>\n<p>&#8211; \u00ab Harper\u2019s Bazaar \u00bb.<\/p>\n<p>&#8211; \u00ab Dessin sans r\u00e9serve \u00bb.<\/p>\n<p>Palais de la D\u00e9couverte : 23 juin<\/p>\n<p>&#8211; \u00ab De l\u2019Amour \u00bb, jusqu\u2019au 30 ao\u00fbt 2020.<\/p>\n<p>Cit\u00e9 des sciences et de l\u2019industrie : 27 juin<\/p>\n<p>&#8211; \u00ab Espions \u00bb, prolongation jusqu\u2019au 1er ao\u00fbt 2021.<\/p>\n<p>Mus\u00e9e d\u2019arch\u00e9ologie nationale de Saint-Germain en Laye : 4e semaine de juin<\/p>\n<p>Mus\u00e9e national de Malmaison-Bois Pr\u00e9au : derni\u00e8re semaine de juin<\/p>\n<p>Juillet<\/p>\n<p>Grand Palais : 1er juillet<\/p>\n<p>&#8211; \u00ab Pomp\u00e9i \u00bb du 1er juillet au 27 septembre 2020.<\/p>\n<p>Centre Pompidou : 1er juillet<\/p>\n<p>(ouverture anticip\u00e9e le 26 juin pour les m\u00e9c\u00e8nes, les amis et les adh\u00e9rents)<\/p>\n<p>&#8211; \u00ab Christo et Jeanne-Claude \u2013 Paris! \u00bb jusqu\u2019au 19 octobre 2020 ;<\/p>\n<p>&#8211; \u00ab Jeremy Shaw \u00bb jusqu\u2019au 27 juillet 2020 ;<\/p>\n<p>&#8211; \u00ab Global(e) r\u00e9sistance \u00bb jusqu\u2019en janvier 2021.<\/p>\n<p>Mus\u00e9e national de la Renaissance d\u2019Ecouen : 1er juillet<\/p>\n<p>Mus\u00e9e du Louvre : 6 juillet<\/p>\n<p>&#8211; Petite Galerie \u00ab Figure d\u2019Artiste \u00bb, prolongation jusqu\u2019en juin 2021.<\/p>\n<p>Mus\u00e9e Rodin : 7 juillet<\/p>\n<p>Mus\u00e9e Guimet : 8 juillet<\/p>\n<p>&#8211; \u00ab Fuji, pays de neige \u00bb du 15 juillet au 12 octobre 2020 ;<\/p>\n<p>&#8211; \u00ab Carte blanche \u00e0 Ru Xiao Fan \u00bb prolongation jusqu\u2019au 21 septembre 2020.<\/p>\n<p>Cin\u00e9math\u00e8que fran\u00e7aise : 15 juillet<\/p>\n<p>&#8211; \u00ab Louis de Fun\u00e8s \u00bb tout l\u2019\u00e9t\u00e9.<\/p>\n<p>Mus\u00e9e Picasso : 3e semaine de juillet<\/p>\n<p>&#8211; \u00ab Picasso et la bande dessin\u00e9e \u00bb et \u00ab Picasso Po\u00e8te \u00bb, prolongation jusqu\u2019au 3 janvier 2021.<\/p>\n<p>Mus\u00e9e des Plans-reliefs : 3e semaine de juillet<\/p>\n<p>MUS\u00c9ES NATIONAUX EN R\u00c9GIONS<\/p>\n<p>Juin<\/p>\n<p>Mus\u00e9e national Picasso Vallauris : 13 juin<\/p>\n<p>&#8211; \u00ab Mounira Al Solh. Mon heure pr\u00e9f\u00e9r\u00e9e est une heure de la nuit : Al Fahmah\u00bb du 11 juillet au 2 novembre 2020.<\/p>\n<p>Mus\u00e9e franco-am\u00e9ricain du ch\u00e2teau de Bl\u00e9rancourt : 15 juin<\/p>\n<p>Mus\u00e9e Magnin (Dijon) : 16 juin<\/p>\n<p>Mus\u00e9e national Marc Chagall (Nice) : 20 juin<\/p>\n<p>&#8211; \u00ab Sur la terre des Dieux, Marc Chagall et le monde grec \u00bb, prolongation jusqu\u2019au 21 septembre.<\/p>\n<p>Mus\u00e9e national Fernand L\u00e9ger (Biot) : 20 juin<\/p>\n<p>&#8211; \u00ab Gilbert &amp; George. Images d&rsquo;utopie \u00bb, du 20 juin au 16 novembre 2020.<\/p>\n<p>Maison natale de Georges Cl\u00e9menceau (Mouillerons-en-Pareds) : 3e semaine de juin<\/p>\n<p>Maison natale de Bonaparte (Ajaccio) : 3e semaine de juin<\/p>\n<p>Mus\u00e9e napol\u00e9onien de l\u2019Ile d\u2019Aix : 3e semaine de juin<\/p>\n<p>Mus\u00e9e national Adrien Dubouch\u00e9 de Limoges : 3e semaine de juin<\/p>\n<p>MuCEM : 29 juin<\/p>\n<p>&#8211; \u00ab V\u00eatements mod\u00e8les \u00bb du 29 juin jusqu&rsquo;au 6 d\u00e9cembre 2020 ;<\/p>\n<p>&#8211; \u00ab L&rsquo;Orient sonore \u00bb du 22 juillet 2020 au 4 janvier 2021 ;<\/p>\n<p>&#8211; Installation \u00ab Mon nom est personne \u00bb du 29 fin juin \u00e0 mi-ao\u00fbt.<\/p>\n<p>Juillet<\/p>\n<p>Mus\u00e9e national de pr\u00e9histoire des Eyzies : 1re semaine de juillet<\/p>\n<p>&nbsp;<\/p>\n<p>&nbsp;<\/p>\n<p>Photo : Domaine de Chambord<\/p>\n","protected":false},"excerpt":{"rendered":"<p>L\u2019ouverture des mus\u00e9es, monuments et lieux d\u2019expositions est possible \u00e0 partir du 2 juin 2020. Les mus\u00e9es et monuments nationaux travaillent depuis des semaines \u00e0 leur r\u00e9ouverture. Sauf exceptions, li\u00e9es notamment \u00e0 des travaux en cours, tous ces \u00e9tablissements accueilleront \u00e0 nouveau des visiteurs cet \u00e9t\u00e9, quelles que soient leur taille ou leur localisation. Les [&hellip;]<\/p>\n","protected":false},"author":17,"featured_media":97614,"comment_status":"closed","ping_status":"closed","sticky":false,"template":"","format":"standard","meta":{"_et_pb_use_builder":"","_et_pb_old_content":"","_et_gb_content_width":"","footnotes":""},"categories":[10530,6340,10789,10785],"tags":[6376],"class_list":["post-104290","post","type-post","status-publish","format-standard","has-post-thumbnail","hentry","category-actualites","category-architecture-conception","category-publications-atrium","category-atrium","tag-monument-historique"],"yoast_head":"<!-- This site is optimized with the Yoast SEO plugin v27.4 - https:\/\/yoast.com\/product\/yoast-seo-wordpress\/ -->\n<title>Mus\u00e9es et monuments nationaux : ouvertures progressives<\/title>\n<meta name=\"robots\" content=\"index, follow, max-snippet:-1, max-image-preview:large, max-video-preview:-1\" \/>\n<link rel=\"canonical\" href=\"https:\/\/batijournal.com\/index.php\/musees-et-monuments-nationaux-ouvertures-progressives\/104290\/\" \/>\n<meta property=\"og:locale\" content=\"fr_FR\" \/>\n<meta property=\"og:type\" content=\"article\" \/>\n<meta property=\"og:title\" content=\"Mus\u00e9es et monuments nationaux : ouvertures progressives\" \/>\n<meta property=\"og:description\" content=\"L\u2019ouverture des mus\u00e9es, monuments et lieux d\u2019expositions est possible \u00e0 partir du 2 juin 2020. Les mus\u00e9es et monuments nationaux travaillent depuis des semaines \u00e0 leur r\u00e9ouverture. Sauf exceptions, li\u00e9es notamment \u00e0 des travaux en cours, tous ces \u00e9tablissements accueilleront \u00e0 nouveau des visiteurs cet \u00e9t\u00e9, quelles que soient leur taille ou leur localisation. Les [&hellip;]\" \/>\n<meta property=\"og:url\" content=\"https:\/\/batijournal.com\/index.php\/musees-et-monuments-nationaux-ouvertures-progressives\/104290\/\" \/>\n<meta property=\"og:site_name\" content=\"Batijournal\" \/>\n<meta property=\"article:published_time\" content=\"2020-06-03T05:33:47+00:00\" \/>\n<meta property=\"article:modified_time\" content=\"2020-06-12T11:10:10+00:00\" \/>\n<meta property=\"og:image\" content=\"https:\/\/batijournal.com\/wp-content\/uploads\/2017\/11\/ChateauChambord.jpg\" \/>\n\t<meta property=\"og:image:width\" content=\"988\" \/>\n\t<meta property=\"og:image:height\" content=\"715\" \/>\n\t<meta property=\"og:image:type\" content=\"image\/jpeg\" \/>\n<meta name=\"author\" content=\"St\u00e9phane Miget\" \/>\n<meta name=\"twitter:card\" content=\"summary_large_image\" \/>\n<meta name=\"twitter:creator\" content=\"@bati_journal\" \/>\n<meta name=\"twitter:site\" content=\"@bati_journal\" \/>\n<meta name=\"twitter:label1\" content=\"\u00c9crit par\" \/>\n\t<meta name=\"twitter:data1\" content=\"St\u00e9phane Miget\" \/>\n\t<meta name=\"twitter:label2\" content=\"Dur\u00e9e de lecture estim\u00e9e\" \/>\n\t<meta name=\"twitter:data2\" content=\"5 minutes\" \/>\n<script type=\"application\/ld+json\" class=\"yoast-schema-graph\">{\"@context\":\"https:\\\/\\\/schema.org\",\"@graph\":[{\"@type\":\"Article\",\"@id\":\"https:\\\/\\\/batijournal.com\\\/index.php\\\/musees-et-monuments-nationaux-ouvertures-progressives\\\/104290\\\/#article\",\"isPartOf\":{\"@id\":\"https:\\\/\\\/batijournal.com\\\/index.php\\\/musees-et-monuments-nationaux-ouvertures-progressives\\\/104290\\\/\"},\"author\":{\"name\":\"St\u00e9phane Miget\",\"@id\":\"https:\\\/\\\/batijournal.com\\\/#\\\/schema\\\/person\\\/1dc96ec6957aa1ccb25ebe78bb19f100\"},\"headline\":\"Mus\u00e9es et monuments nationaux : ouvertures progressives\",\"datePublished\":\"2020-06-03T05:33:47+00:00\",\"dateModified\":\"2020-06-12T11:10:10+00:00\",\"mainEntityOfPage\":{\"@id\":\"https:\\\/\\\/batijournal.com\\\/index.php\\\/musees-et-monuments-nationaux-ouvertures-progressives\\\/104290\\\/\"},\"wordCount\":942,\"image\":{\"@id\":\"https:\\\/\\\/batijournal.com\\\/index.php\\\/musees-et-monuments-nationaux-ouvertures-progressives\\\/104290\\\/#primaryimage\"},\"thumbnailUrl\":\"https:\\\/\\\/batijournal.com\\\/wp-content\\\/uploads\\\/2017\\\/11\\\/ChateauChambord.jpg\",\"keywords\":[\"monument historique\"],\"articleSection\":[\"Actualit\u00e9s\",\"Architecture &amp; Conception\",\"zz_Actualit\u00e9s - Atrium\",\"zz_Atrium Patrimoine\"],\"inLanguage\":\"fr-FR\"},{\"@type\":\"WebPage\",\"@id\":\"https:\\\/\\\/batijournal.com\\\/index.php\\\/musees-et-monuments-nationaux-ouvertures-progressives\\\/104290\\\/\",\"url\":\"https:\\\/\\\/batijournal.com\\\/index.php\\\/musees-et-monuments-nationaux-ouvertures-progressives\\\/104290\\\/\",\"name\":\"Mus\u00e9es et monuments nationaux : ouvertures progressives\",\"isPartOf\":{\"@id\":\"https:\\\/\\\/batijournal.com\\\/#website\"},\"primaryImageOfPage\":{\"@id\":\"https:\\\/\\\/batijournal.com\\\/index.php\\\/musees-et-monuments-nationaux-ouvertures-progressives\\\/104290\\\/#primaryimage\"},\"image\":{\"@id\":\"https:\\\/\\\/batijournal.com\\\/index.php\\\/musees-et-monuments-nationaux-ouvertures-progressives\\\/104290\\\/#primaryimage\"},\"thumbnailUrl\":\"https:\\\/\\\/batijournal.com\\\/wp-content\\\/uploads\\\/2017\\\/11\\\/ChateauChambord.jpg\",\"datePublished\":\"2020-06-03T05:33:47+00:00\",\"dateModified\":\"2020-06-12T11:10:10+00:00\",\"author\":{\"@id\":\"https:\\\/\\\/batijournal.com\\\/#\\\/schema\\\/person\\\/1dc96ec6957aa1ccb25ebe78bb19f100\"},\"breadcrumb\":{\"@id\":\"https:\\\/\\\/batijournal.com\\\/index.php\\\/musees-et-monuments-nationaux-ouvertures-progressives\\\/104290\\\/#breadcrumb\"},\"inLanguage\":\"fr-FR\",\"potentialAction\":[{\"@type\":\"ReadAction\",\"target\":[\"https:\\\/\\\/batijournal.com\\\/index.php\\\/musees-et-monuments-nationaux-ouvertures-progressives\\\/104290\\\/\"]}]},{\"@type\":\"ImageObject\",\"inLanguage\":\"fr-FR\",\"@id\":\"https:\\\/\\\/batijournal.com\\\/index.php\\\/musees-et-monuments-nationaux-ouvertures-progressives\\\/104290\\\/#primaryimage\",\"url\":\"https:\\\/\\\/batijournal.com\\\/wp-content\\\/uploads\\\/2017\\\/11\\\/ChateauChambord.jpg\",\"contentUrl\":\"https:\\\/\\\/batijournal.com\\\/wp-content\\\/uploads\\\/2017\\\/11\\\/ChateauChambord.jpg\",\"width\":988,\"height\":715},{\"@type\":\"BreadcrumbList\",\"@id\":\"https:\\\/\\\/batijournal.com\\\/index.php\\\/musees-et-monuments-nationaux-ouvertures-progressives\\\/104290\\\/#breadcrumb\",\"itemListElement\":[{\"@type\":\"ListItem\",\"position\":1,\"name\":\"Accueil\",\"item\":\"https:\\\/\\\/batijournal.com\\\/\"},{\"@type\":\"ListItem\",\"position\":2,\"name\":\"Actualit\u00e9s\",\"item\":\"https:\\\/\\\/batijournal.com\\\/index.php\\\/category\\\/actualites\\\/\"},{\"@type\":\"ListItem\",\"position\":3,\"name\":\"Mus\u00e9es et monuments nationaux : ouvertures progressives\"}]},{\"@type\":\"WebSite\",\"@id\":\"https:\\\/\\\/batijournal.com\\\/#website\",\"url\":\"https:\\\/\\\/batijournal.com\\\/\",\"name\":\"Batijournal\",\"description\":\"L&#039;actualit\u00e9 du b\u00e2timent\",\"potentialAction\":[{\"@type\":\"SearchAction\",\"target\":{\"@type\":\"EntryPoint\",\"urlTemplate\":\"https:\\\/\\\/batijournal.com\\\/?s={search_term_string}\"},\"query-input\":{\"@type\":\"PropertyValueSpecification\",\"valueRequired\":true,\"valueName\":\"search_term_string\"}}],\"inLanguage\":\"fr-FR\"},{\"@type\":\"Person\",\"@id\":\"https:\\\/\\\/batijournal.com\\\/#\\\/schema\\\/person\\\/1dc96ec6957aa1ccb25ebe78bb19f100\",\"name\":\"St\u00e9phane Miget\",\"image\":{\"@type\":\"ImageObject\",\"inLanguage\":\"fr-FR\",\"@id\":\"https:\\\/\\\/secure.gravatar.com\\\/avatar\\\/89915563d925342126b8ef0281b93d9d7fc337043e8df017f780908eb9644451?s=96&d=mm&r=g\",\"url\":\"https:\\\/\\\/secure.gravatar.com\\\/avatar\\\/89915563d925342126b8ef0281b93d9d7fc337043e8df017f780908eb9644451?s=96&d=mm&r=g\",\"contentUrl\":\"https:\\\/\\\/secure.gravatar.com\\\/avatar\\\/89915563d925342126b8ef0281b93d9d7fc337043e8df017f780908eb9644451?s=96&d=mm&r=g\",\"caption\":\"St\u00e9phane Miget\"},\"url\":\"https:\\\/\\\/batijournal.com\\\/index.php\\\/author\\\/stephane\\\/\"}]}<\/script>\n<!-- \/ Yoast SEO plugin. -->","yoast_head_json":{"title":"Mus\u00e9es et monuments nationaux : ouvertures progressives","robots":{"index":"index","follow":"follow","max-snippet":"max-snippet:-1","max-image-preview":"max-image-preview:large","max-video-preview":"max-video-preview:-1"},"canonical":"https:\/\/batijournal.com\/index.php\/musees-et-monuments-nationaux-ouvertures-progressives\/104290\/","og_locale":"fr_FR","og_type":"article","og_title":"Mus\u00e9es et monuments nationaux : ouvertures progressives","og_description":"L\u2019ouverture des mus\u00e9es, monuments et lieux d\u2019expositions est possible \u00e0 partir du 2 juin 2020. Les mus\u00e9es et monuments nationaux travaillent depuis des semaines \u00e0 leur r\u00e9ouverture. Sauf exceptions, li\u00e9es notamment \u00e0 des travaux en cours, tous ces \u00e9tablissements accueilleront \u00e0 nouveau des visiteurs cet \u00e9t\u00e9, quelles que soient leur taille ou leur localisation. Les [&hellip;]","og_url":"https:\/\/batijournal.com\/index.php\/musees-et-monuments-nationaux-ouvertures-progressives\/104290\/","og_site_name":"Batijournal","article_published_time":"2020-06-03T05:33:47+00:00","article_modified_time":"2020-06-12T11:10:10+00:00","og_image":[{"width":988,"height":715,"url":"https:\/\/batijournal.com\/wp-content\/uploads\/2017\/11\/ChateauChambord.jpg","type":"image\/jpeg"}],"author":"St\u00e9phane Miget","twitter_card":"summary_large_image","twitter_creator":"@bati_journal","twitter_site":"@bati_journal","twitter_misc":{"\u00c9crit par":"St\u00e9phane Miget","Dur\u00e9e de lecture estim\u00e9e":"5 minutes"},"schema":{"@context":"https:\/\/schema.org","@graph":[{"@type":"Article","@id":"https:\/\/batijournal.com\/index.php\/musees-et-monuments-nationaux-ouvertures-progressives\/104290\/#article","isPartOf":{"@id":"https:\/\/batijournal.com\/index.php\/musees-et-monuments-nationaux-ouvertures-progressives\/104290\/"},"author":{"name":"St\u00e9phane Miget","@id":"https:\/\/batijournal.com\/#\/schema\/person\/1dc96ec6957aa1ccb25ebe78bb19f100"},"headline":"Mus\u00e9es et monuments nationaux : ouvertures progressives","datePublished":"2020-06-03T05:33:47+00:00","dateModified":"2020-06-12T11:10:10+00:00","mainEntityOfPage":{"@id":"https:\/\/batijournal.com\/index.php\/musees-et-monuments-nationaux-ouvertures-progressives\/104290\/"},"wordCount":942,"image":{"@id":"https:\/\/batijournal.com\/index.php\/musees-et-monuments-nationaux-ouvertures-progressives\/104290\/#primaryimage"},"thumbnailUrl":"https:\/\/batijournal.com\/wp-content\/uploads\/2017\/11\/ChateauChambord.jpg","keywords":["monument historique"],"articleSection":["Actualit\u00e9s","Architecture &amp; Conception","zz_Actualit\u00e9s - Atrium","zz_Atrium Patrimoine"],"inLanguage":"fr-FR"},{"@type":"WebPage","@id":"https:\/\/batijournal.com\/index.php\/musees-et-monuments-nationaux-ouvertures-progressives\/104290\/","url":"https:\/\/batijournal.com\/index.php\/musees-et-monuments-nationaux-ouvertures-progressives\/104290\/","name":"Mus\u00e9es et monuments nationaux : ouvertures progressives","isPartOf":{"@id":"https:\/\/batijournal.com\/#website"},"primaryImageOfPage":{"@id":"https:\/\/batijournal.com\/index.php\/musees-et-monuments-nationaux-ouvertures-progressives\/104290\/#primaryimage"},"image":{"@id":"https:\/\/batijournal.com\/index.php\/musees-et-monuments-nationaux-ouvertures-progressives\/104290\/#primaryimage"},"thumbnailUrl":"https:\/\/batijournal.com\/wp-content\/uploads\/2017\/11\/ChateauChambord.jpg","datePublished":"2020-06-03T05:33:47+00:00","dateModified":"2020-06-12T11:10:10+00:00","author":{"@id":"https:\/\/batijournal.com\/#\/schema\/person\/1dc96ec6957aa1ccb25ebe78bb19f100"},"breadcrumb":{"@id":"https:\/\/batijournal.com\/index.php\/musees-et-monuments-nationaux-ouvertures-progressives\/104290\/#breadcrumb"},"inLanguage":"fr-FR","potentialAction":[{"@type":"ReadAction","target":["https:\/\/batijournal.com\/index.php\/musees-et-monuments-nationaux-ouvertures-progressives\/104290\/"]}]},{"@type":"ImageObject","inLanguage":"fr-FR","@id":"https:\/\/batijournal.com\/index.php\/musees-et-monuments-nationaux-ouvertures-progressives\/104290\/#primaryimage","url":"https:\/\/batijournal.com\/wp-content\/uploads\/2017\/11\/ChateauChambord.jpg","contentUrl":"https:\/\/batijournal.com\/wp-content\/uploads\/2017\/11\/ChateauChambord.jpg","width":988,"height":715},{"@type":"BreadcrumbList","@id":"https:\/\/batijournal.com\/index.php\/musees-et-monuments-nationaux-ouvertures-progressives\/104290\/#breadcrumb","itemListElement":[{"@type":"ListItem","position":1,"name":"Accueil","item":"https:\/\/batijournal.com\/"},{"@type":"ListItem","position":2,"name":"Actualit\u00e9s","item":"https:\/\/batijournal.com\/index.php\/category\/actualites\/"},{"@type":"ListItem","position":3,"name":"Mus\u00e9es et monuments nationaux : ouvertures progressives"}]},{"@type":"WebSite","@id":"https:\/\/batijournal.com\/#website","url":"https:\/\/batijournal.com\/","name":"Batijournal","description":"L&#039;actualit\u00e9 du b\u00e2timent","potentialAction":[{"@type":"SearchAction","target":{"@type":"EntryPoint","urlTemplate":"https:\/\/batijournal.com\/?s={search_term_string}"},"query-input":{"@type":"PropertyValueSpecification","valueRequired":true,"valueName":"search_term_string"}}],"inLanguage":"fr-FR"},{"@type":"Person","@id":"https:\/\/batijournal.com\/#\/schema\/person\/1dc96ec6957aa1ccb25ebe78bb19f100","name":"St\u00e9phane Miget","image":{"@type":"ImageObject","inLanguage":"fr-FR","@id":"https:\/\/secure.gravatar.com\/avatar\/89915563d925342126b8ef0281b93d9d7fc337043e8df017f780908eb9644451?s=96&d=mm&r=g","url":"https:\/\/secure.gravatar.com\/avatar\/89915563d925342126b8ef0281b93d9d7fc337043e8df017f780908eb9644451?s=96&d=mm&r=g","contentUrl":"https:\/\/secure.gravatar.com\/avatar\/89915563d925342126b8ef0281b93d9d7fc337043e8df017f780908eb9644451?s=96&d=mm&r=g","caption":"St\u00e9phane Miget"},"url":"https:\/\/batijournal.com\/index.php\/author\/stephane\/"}]}},"_links":{"self":[{"href":"https:\/\/batijournal.com\/index.php\/wp-json\/wp\/v2\/posts\/104290","targetHints":{"allow":["GET"]}}],"collection":[{"href":"https:\/\/batijournal.com\/index.php\/wp-json\/wp\/v2\/posts"}],"about":[{"href":"https:\/\/batijournal.com\/index.php\/wp-json\/wp\/v2\/types\/post"}],"author":[{"embeddable":true,"href":"https:\/\/batijournal.com\/index.php\/wp-json\/wp\/v2\/users\/17"}],"replies":[{"embeddable":true,"href":"https:\/\/batijournal.com\/index.php\/wp-json\/wp\/v2\/comments?post=104290"}],"version-history":[{"count":0,"href":"https:\/\/batijournal.com\/index.php\/wp-json\/wp\/v2\/posts\/104290\/revisions"}],"wp:featuredmedia":[{"embeddable":true,"href":"https:\/\/batijournal.com\/index.php\/wp-json\/wp\/v2\/media\/97614"}],"wp:attachment":[{"href":"https:\/\/batijournal.com\/index.php\/wp-json\/wp\/v2\/media?parent=104290"}],"wp:term":[{"taxonomy":"category","embeddable":true,"href":"https:\/\/batijournal.com\/index.php\/wp-json\/wp\/v2\/categories?post=104290"},{"taxonomy":"post_tag","embeddable":true,"href":"https:\/\/batijournal.com\/index.php\/wp-json\/wp\/v2\/tags?post=104290"}],"curies":[{"name":"wp","href":"https:\/\/api.w.org\/{rel}","templated":true}]}}