{"id":104293,"date":"2020-06-04T07:40:42","date_gmt":"2020-06-04T05:40:42","guid":{"rendered":"https:\/\/batijournal.com\/?p=104293"},"modified":"2020-06-04T07:40:42","modified_gmt":"2020-06-04T05:40:42","slug":"1-800-m2-de-menuiseries-aluminium-sur-limmeuble-trait-dunion","status":"publish","type":"post","link":"https:\/\/batijournal.com\/index.php\/1-800-m2-de-menuiseries-aluminium-sur-limmeuble-trait-dunion\/104293\/","title":{"rendered":"1 800 m2 de menuiseries aluminium sur l&rsquo;immeuble  \u00ab Trait d\u2019Union \u00bb"},"content":{"rendered":"<p>TECHNAL participe \u00e0 la construction de l&rsquo;ouvrage parisien \u00ab Trait d\u2019Union \u00bb, un programme compos\u00e9 d\u2019une r\u00e9sidence sociale de 86 logements pour jeunes actifs, d\u2019une plateforme p\u00e9dagogique et de formation, et d\u2019un centre de distribution des Restos du C\u0153ur. Situ\u00e9 entre les voies ferr\u00e9es, les contre-all\u00e9es du boulevard p\u00e9riph\u00e9rique et la rue passante Bartet, le b\u00e2timent requ\u00e9rait un traitement sp\u00e9cifique de l\u2019acoustique. Un crit\u00e8re de confort essentiel pour la ma\u00eetrise d\u2019ouvrage R\u00e9gie Immobili\u00e8re de la Ville de Paris (RIVP). L\u2019aluminier agr\u00e9\u00e9 Technal Sas Laumond a travaill\u00e9 en \u00e9troite collaboration avec l\u2019agence CHARLES-HENRI TACHON ARCHITECTURE &amp; PAYSAGE pour concevoir des menuiseries en aluminium sur-mesure. 1 800 m\u00b2 de ch\u00e2ssis fixes et ouvrants SOLEAL 65, et 20 m\u00b2 de portes SOLEAL 65 ont \u00e9t\u00e9 fabriqu\u00e9s et mis en \u0153uvre. La teinte anodis\u00e9e OR (AC3.200) des menuiseries a \u00e9t\u00e9 s\u00e9lectionn\u00e9e par l\u2019architecte. Elle conf\u00e8re de l\u2019\u00e9clat \u00e0 l\u2019enveloppe et illumine cet environnement urbain o\u00f9 le gris domine. Au-del\u00e0 de l\u2019acoustique, le module 65 des menuiseries SOLEAL renforce les performances thermiques du b\u00e2timent. Pour le centre de formation au premier \u00e9tage, une solution technique a \u00e9galement \u00e9t\u00e9 d\u00e9velopp\u00e9e afin d\u2019assurer la s\u00e9curit\u00e9 incendie de cet \u00c9tablissement Recevant du Public. L\u2019aluminier a cr\u00e9\u00e9 un syst\u00e8me sp\u00e9cifique pour recevoir les plaques de pl\u00e2tre coupe-feu en partie sup\u00e9rieure et garantir ainsi la gestion du C+D. L\u2019ensemble menuiserie\/imposte ralentira la propagation d\u2019\u00e9ventuelles flammes aux \u00e9tages abritant les logements.<\/p>\n<p>PHOTOS TECHNAL &#8211; PHOTOGRAPHE BENJAMIN SCHMUCK AGENCE &#8211; CHARLES-HENRI TACHON ARCHITECTURE &amp; PAYSAGE<\/p>\n","protected":false},"excerpt":{"rendered":"<p>TECHNAL participe \u00e0 la construction de l&rsquo;ouvrage parisien \u00ab Trait d\u2019Union \u00bb, un programme compos\u00e9 d\u2019une r\u00e9sidence sociale de 86 logements pour jeunes actifs, d\u2019une plateforme p\u00e9dagogique et de formation, et d\u2019un centre de distribution des Restos du C\u0153ur. Situ\u00e9 entre les voies ferr\u00e9es, les contre-all\u00e9es du boulevard p\u00e9riph\u00e9rique et la rue passante Bartet, le [&hellip;]<\/p>\n","protected":false},"author":17,"featured_media":104295,"comment_status":"closed","ping_status":"closed","sticky":false,"template":"","format":"standard","meta":{"_et_pb_use_builder":"","_et_pb_old_content":"","_et_gb_content_width":"","footnotes":""},"categories":[10530,6340,10771,10775],"tags":[10070],"class_list":["post-104293","post","type-post","status-publish","format-standard","has-post-thumbnail","hentry","category-actualites","category-architecture-conception","category-5facades","category-actualites-5facades","tag-bloc-baie"],"yoast_head":"<!-- This site is optimized with the Yoast SEO plugin v27.4 - https:\/\/yoast.com\/product\/yoast-seo-wordpress\/ -->\n<title>1 800 m2 de menuiseries aluminium sur l&#039;immeuble \u00ab Trait d\u2019Union \u00bb<\/title>\n<meta name=\"robots\" content=\"index, follow, max-snippet:-1, max-image-preview:large, max-video-preview:-1\" \/>\n<link rel=\"canonical\" href=\"https:\/\/batijournal.com\/index.php\/1-800-m2-de-menuiseries-aluminium-sur-limmeuble-trait-dunion\/104293\/\" \/>\n<meta property=\"og:locale\" content=\"fr_FR\" \/>\n<meta property=\"og:type\" content=\"article\" \/>\n<meta property=\"og:title\" content=\"1 800 m2 de menuiseries aluminium sur l&#039;immeuble \u00ab Trait d\u2019Union \u00bb\" \/>\n<meta property=\"og:description\" content=\"TECHNAL participe \u00e0 la construction de l&rsquo;ouvrage parisien \u00ab Trait d\u2019Union \u00bb, un programme compos\u00e9 d\u2019une r\u00e9sidence sociale de 86 logements pour jeunes actifs, d\u2019une plateforme p\u00e9dagogique et de formation, et d\u2019un centre de distribution des Restos du C\u0153ur. Situ\u00e9 entre les voies ferr\u00e9es, les contre-all\u00e9es du boulevard p\u00e9riph\u00e9rique et la rue passante Bartet, le [&hellip;]\" \/>\n<meta property=\"og:url\" content=\"https:\/\/batijournal.com\/index.php\/1-800-m2-de-menuiseries-aluminium-sur-limmeuble-trait-dunion\/104293\/\" \/>\n<meta property=\"og:site_name\" content=\"Batijournal\" \/>\n<meta property=\"article:published_time\" content=\"2020-06-04T05:40:42+00:00\" \/>\n<meta property=\"og:image\" content=\"https:\/\/batijournal.com\/wp-content\/uploads\/2020\/06\/baies-technal-aluminier-agree.png\" \/>\n\t<meta property=\"og:image:width\" content=\"404\" \/>\n\t<meta property=\"og:image:height\" content=\"583\" \/>\n\t<meta property=\"og:image:type\" content=\"image\/png\" \/>\n<meta name=\"author\" content=\"St\u00e9phane Miget\" \/>\n<meta name=\"twitter:card\" content=\"summary_large_image\" \/>\n<meta name=\"twitter:creator\" content=\"@bati_journal\" \/>\n<meta name=\"twitter:site\" content=\"@bati_journal\" \/>\n<meta name=\"twitter:label1\" content=\"\u00c9crit par\" \/>\n\t<meta name=\"twitter:data1\" content=\"St\u00e9phane Miget\" \/>\n\t<meta name=\"twitter:label2\" content=\"Dur\u00e9e de lecture estim\u00e9e\" \/>\n\t<meta name=\"twitter:data2\" content=\"1 minute\" \/>\n<script type=\"application\/ld+json\" class=\"yoast-schema-graph\">{\"@context\":\"https:\\\/\\\/schema.org\",\"@graph\":[{\"@type\":\"Article\",\"@id\":\"https:\\\/\\\/batijournal.com\\\/index.php\\\/1-800-m2-de-menuiseries-aluminium-sur-limmeuble-trait-dunion\\\/104293\\\/#article\",\"isPartOf\":{\"@id\":\"https:\\\/\\\/batijournal.com\\\/index.php\\\/1-800-m2-de-menuiseries-aluminium-sur-limmeuble-trait-dunion\\\/104293\\\/\"},\"author\":{\"name\":\"St\u00e9phane Miget\",\"@id\":\"https:\\\/\\\/batijournal.com\\\/#\\\/schema\\\/person\\\/1dc96ec6957aa1ccb25ebe78bb19f100\"},\"headline\":\"1 800 m2 de menuiseries aluminium sur l&rsquo;immeuble \u00ab Trait d\u2019Union \u00bb\",\"datePublished\":\"2020-06-04T05:40:42+00:00\",\"mainEntityOfPage\":{\"@id\":\"https:\\\/\\\/batijournal.com\\\/index.php\\\/1-800-m2-de-menuiseries-aluminium-sur-limmeuble-trait-dunion\\\/104293\\\/\"},\"wordCount\":289,\"image\":{\"@id\":\"https:\\\/\\\/batijournal.com\\\/index.php\\\/1-800-m2-de-menuiseries-aluminium-sur-limmeuble-trait-dunion\\\/104293\\\/#primaryimage\"},\"thumbnailUrl\":\"https:\\\/\\\/batijournal.com\\\/wp-content\\\/uploads\\\/2020\\\/06\\\/baies-technal-aluminier-agree.png\",\"keywords\":[\"bloc baie\"],\"articleSection\":[\"Actualit\u00e9s\",\"Architecture &amp; Conception\",\"zz_5fa\u00e7ades\",\"zz_Actualit\u00e9s - 5fa\u00e7ades\"],\"inLanguage\":\"fr-FR\"},{\"@type\":\"WebPage\",\"@id\":\"https:\\\/\\\/batijournal.com\\\/index.php\\\/1-800-m2-de-menuiseries-aluminium-sur-limmeuble-trait-dunion\\\/104293\\\/\",\"url\":\"https:\\\/\\\/batijournal.com\\\/index.php\\\/1-800-m2-de-menuiseries-aluminium-sur-limmeuble-trait-dunion\\\/104293\\\/\",\"name\":\"1 800 m2 de menuiseries aluminium sur l'immeuble \u00ab Trait d\u2019Union \u00bb\",\"isPartOf\":{\"@id\":\"https:\\\/\\\/batijournal.com\\\/#website\"},\"primaryImageOfPage\":{\"@id\":\"https:\\\/\\\/batijournal.com\\\/index.php\\\/1-800-m2-de-menuiseries-aluminium-sur-limmeuble-trait-dunion\\\/104293\\\/#primaryimage\"},\"image\":{\"@id\":\"https:\\\/\\\/batijournal.com\\\/index.php\\\/1-800-m2-de-menuiseries-aluminium-sur-limmeuble-trait-dunion\\\/104293\\\/#primaryimage\"},\"thumbnailUrl\":\"https:\\\/\\\/batijournal.com\\\/wp-content\\\/uploads\\\/2020\\\/06\\\/baies-technal-aluminier-agree.png\",\"datePublished\":\"2020-06-04T05:40:42+00:00\",\"author\":{\"@id\":\"https:\\\/\\\/batijournal.com\\\/#\\\/schema\\\/person\\\/1dc96ec6957aa1ccb25ebe78bb19f100\"},\"breadcrumb\":{\"@id\":\"https:\\\/\\\/batijournal.com\\\/index.php\\\/1-800-m2-de-menuiseries-aluminium-sur-limmeuble-trait-dunion\\\/104293\\\/#breadcrumb\"},\"inLanguage\":\"fr-FR\",\"potentialAction\":[{\"@type\":\"ReadAction\",\"target\":[\"https:\\\/\\\/batijournal.com\\\/index.php\\\/1-800-m2-de-menuiseries-aluminium-sur-limmeuble-trait-dunion\\\/104293\\\/\"]}]},{\"@type\":\"ImageObject\",\"inLanguage\":\"fr-FR\",\"@id\":\"https:\\\/\\\/batijournal.com\\\/index.php\\\/1-800-m2-de-menuiseries-aluminium-sur-limmeuble-trait-dunion\\\/104293\\\/#primaryimage\",\"url\":\"https:\\\/\\\/batijournal.com\\\/wp-content\\\/uploads\\\/2020\\\/06\\\/baies-technal-aluminier-agree.png\",\"contentUrl\":\"https:\\\/\\\/batijournal.com\\\/wp-content\\\/uploads\\\/2020\\\/06\\\/baies-technal-aluminier-agree.png\",\"width\":404,\"height\":583},{\"@type\":\"BreadcrumbList\",\"@id\":\"https:\\\/\\\/batijournal.com\\\/index.php\\\/1-800-m2-de-menuiseries-aluminium-sur-limmeuble-trait-dunion\\\/104293\\\/#breadcrumb\",\"itemListElement\":[{\"@type\":\"ListItem\",\"position\":1,\"name\":\"Accueil\",\"item\":\"https:\\\/\\\/batijournal.com\\\/\"},{\"@type\":\"ListItem\",\"position\":2,\"name\":\"Actualit\u00e9s\",\"item\":\"https:\\\/\\\/batijournal.com\\\/index.php\\\/category\\\/actualites\\\/\"},{\"@type\":\"ListItem\",\"position\":3,\"name\":\"1 800 m2 de menuiseries aluminium sur l&rsquo;immeuble \u00ab Trait d\u2019Union \u00bb\"}]},{\"@type\":\"WebSite\",\"@id\":\"https:\\\/\\\/batijournal.com\\\/#website\",\"url\":\"https:\\\/\\\/batijournal.com\\\/\",\"name\":\"Batijournal\",\"description\":\"L&#039;actualit\u00e9 du b\u00e2timent\",\"potentialAction\":[{\"@type\":\"SearchAction\",\"target\":{\"@type\":\"EntryPoint\",\"urlTemplate\":\"https:\\\/\\\/batijournal.com\\\/?s={search_term_string}\"},\"query-input\":{\"@type\":\"PropertyValueSpecification\",\"valueRequired\":true,\"valueName\":\"search_term_string\"}}],\"inLanguage\":\"fr-FR\"},{\"@type\":\"Person\",\"@id\":\"https:\\\/\\\/batijournal.com\\\/#\\\/schema\\\/person\\\/1dc96ec6957aa1ccb25ebe78bb19f100\",\"name\":\"St\u00e9phane Miget\",\"image\":{\"@type\":\"ImageObject\",\"inLanguage\":\"fr-FR\",\"@id\":\"https:\\\/\\\/secure.gravatar.com\\\/avatar\\\/89915563d925342126b8ef0281b93d9d7fc337043e8df017f780908eb9644451?s=96&d=mm&r=g\",\"url\":\"https:\\\/\\\/secure.gravatar.com\\\/avatar\\\/89915563d925342126b8ef0281b93d9d7fc337043e8df017f780908eb9644451?s=96&d=mm&r=g\",\"contentUrl\":\"https:\\\/\\\/secure.gravatar.com\\\/avatar\\\/89915563d925342126b8ef0281b93d9d7fc337043e8df017f780908eb9644451?s=96&d=mm&r=g\",\"caption\":\"St\u00e9phane Miget\"},\"url\":\"https:\\\/\\\/batijournal.com\\\/index.php\\\/author\\\/stephane\\\/\"}]}<\/script>\n<!-- \/ Yoast SEO plugin. -->","yoast_head_json":{"title":"1 800 m2 de menuiseries aluminium sur l'immeuble \u00ab Trait d\u2019Union \u00bb","robots":{"index":"index","follow":"follow","max-snippet":"max-snippet:-1","max-image-preview":"max-image-preview:large","max-video-preview":"max-video-preview:-1"},"canonical":"https:\/\/batijournal.com\/index.php\/1-800-m2-de-menuiseries-aluminium-sur-limmeuble-trait-dunion\/104293\/","og_locale":"fr_FR","og_type":"article","og_title":"1 800 m2 de menuiseries aluminium sur l'immeuble \u00ab Trait d\u2019Union \u00bb","og_description":"TECHNAL participe \u00e0 la construction de l&rsquo;ouvrage parisien \u00ab Trait d\u2019Union \u00bb, un programme compos\u00e9 d\u2019une r\u00e9sidence sociale de 86 logements pour jeunes actifs, d\u2019une plateforme p\u00e9dagogique et de formation, et d\u2019un centre de distribution des Restos du C\u0153ur. Situ\u00e9 entre les voies ferr\u00e9es, les contre-all\u00e9es du boulevard p\u00e9riph\u00e9rique et la rue passante Bartet, le [&hellip;]","og_url":"https:\/\/batijournal.com\/index.php\/1-800-m2-de-menuiseries-aluminium-sur-limmeuble-trait-dunion\/104293\/","og_site_name":"Batijournal","article_published_time":"2020-06-04T05:40:42+00:00","og_image":[{"width":404,"height":583,"url":"https:\/\/batijournal.com\/wp-content\/uploads\/2020\/06\/baies-technal-aluminier-agree.png","type":"image\/png"}],"author":"St\u00e9phane Miget","twitter_card":"summary_large_image","twitter_creator":"@bati_journal","twitter_site":"@bati_journal","twitter_misc":{"\u00c9crit par":"St\u00e9phane Miget","Dur\u00e9e de lecture estim\u00e9e":"1 minute"},"schema":{"@context":"https:\/\/schema.org","@graph":[{"@type":"Article","@id":"https:\/\/batijournal.com\/index.php\/1-800-m2-de-menuiseries-aluminium-sur-limmeuble-trait-dunion\/104293\/#article","isPartOf":{"@id":"https:\/\/batijournal.com\/index.php\/1-800-m2-de-menuiseries-aluminium-sur-limmeuble-trait-dunion\/104293\/"},"author":{"name":"St\u00e9phane Miget","@id":"https:\/\/batijournal.com\/#\/schema\/person\/1dc96ec6957aa1ccb25ebe78bb19f100"},"headline":"1 800 m2 de menuiseries aluminium sur l&rsquo;immeuble \u00ab Trait d\u2019Union \u00bb","datePublished":"2020-06-04T05:40:42+00:00","mainEntityOfPage":{"@id":"https:\/\/batijournal.com\/index.php\/1-800-m2-de-menuiseries-aluminium-sur-limmeuble-trait-dunion\/104293\/"},"wordCount":289,"image":{"@id":"https:\/\/batijournal.com\/index.php\/1-800-m2-de-menuiseries-aluminium-sur-limmeuble-trait-dunion\/104293\/#primaryimage"},"thumbnailUrl":"https:\/\/batijournal.com\/wp-content\/uploads\/2020\/06\/baies-technal-aluminier-agree.png","keywords":["bloc baie"],"articleSection":["Actualit\u00e9s","Architecture &amp; Conception","zz_5fa\u00e7ades","zz_Actualit\u00e9s - 5fa\u00e7ades"],"inLanguage":"fr-FR"},{"@type":"WebPage","@id":"https:\/\/batijournal.com\/index.php\/1-800-m2-de-menuiseries-aluminium-sur-limmeuble-trait-dunion\/104293\/","url":"https:\/\/batijournal.com\/index.php\/1-800-m2-de-menuiseries-aluminium-sur-limmeuble-trait-dunion\/104293\/","name":"1 800 m2 de menuiseries aluminium sur l'immeuble \u00ab Trait d\u2019Union \u00bb","isPartOf":{"@id":"https:\/\/batijournal.com\/#website"},"primaryImageOfPage":{"@id":"https:\/\/batijournal.com\/index.php\/1-800-m2-de-menuiseries-aluminium-sur-limmeuble-trait-dunion\/104293\/#primaryimage"},"image":{"@id":"https:\/\/batijournal.com\/index.php\/1-800-m2-de-menuiseries-aluminium-sur-limmeuble-trait-dunion\/104293\/#primaryimage"},"thumbnailUrl":"https:\/\/batijournal.com\/wp-content\/uploads\/2020\/06\/baies-technal-aluminier-agree.png","datePublished":"2020-06-04T05:40:42+00:00","author":{"@id":"https:\/\/batijournal.com\/#\/schema\/person\/1dc96ec6957aa1ccb25ebe78bb19f100"},"breadcrumb":{"@id":"https:\/\/batijournal.com\/index.php\/1-800-m2-de-menuiseries-aluminium-sur-limmeuble-trait-dunion\/104293\/#breadcrumb"},"inLanguage":"fr-FR","potentialAction":[{"@type":"ReadAction","target":["https:\/\/batijournal.com\/index.php\/1-800-m2-de-menuiseries-aluminium-sur-limmeuble-trait-dunion\/104293\/"]}]},{"@type":"ImageObject","inLanguage":"fr-FR","@id":"https:\/\/batijournal.com\/index.php\/1-800-m2-de-menuiseries-aluminium-sur-limmeuble-trait-dunion\/104293\/#primaryimage","url":"https:\/\/batijournal.com\/wp-content\/uploads\/2020\/06\/baies-technal-aluminier-agree.png","contentUrl":"https:\/\/batijournal.com\/wp-content\/uploads\/2020\/06\/baies-technal-aluminier-agree.png","width":404,"height":583},{"@type":"BreadcrumbList","@id":"https:\/\/batijournal.com\/index.php\/1-800-m2-de-menuiseries-aluminium-sur-limmeuble-trait-dunion\/104293\/#breadcrumb","itemListElement":[{"@type":"ListItem","position":1,"name":"Accueil","item":"https:\/\/batijournal.com\/"},{"@type":"ListItem","position":2,"name":"Actualit\u00e9s","item":"https:\/\/batijournal.com\/index.php\/category\/actualites\/"},{"@type":"ListItem","position":3,"name":"1 800 m2 de menuiseries aluminium sur l&rsquo;immeuble \u00ab Trait d\u2019Union \u00bb"}]},{"@type":"WebSite","@id":"https:\/\/batijournal.com\/#website","url":"https:\/\/batijournal.com\/","name":"Batijournal","description":"L&#039;actualit\u00e9 du b\u00e2timent","potentialAction":[{"@type":"SearchAction","target":{"@type":"EntryPoint","urlTemplate":"https:\/\/batijournal.com\/?s={search_term_string}"},"query-input":{"@type":"PropertyValueSpecification","valueRequired":true,"valueName":"search_term_string"}}],"inLanguage":"fr-FR"},{"@type":"Person","@id":"https:\/\/batijournal.com\/#\/schema\/person\/1dc96ec6957aa1ccb25ebe78bb19f100","name":"St\u00e9phane Miget","image":{"@type":"ImageObject","inLanguage":"fr-FR","@id":"https:\/\/secure.gravatar.com\/avatar\/89915563d925342126b8ef0281b93d9d7fc337043e8df017f780908eb9644451?s=96&d=mm&r=g","url":"https:\/\/secure.gravatar.com\/avatar\/89915563d925342126b8ef0281b93d9d7fc337043e8df017f780908eb9644451?s=96&d=mm&r=g","contentUrl":"https:\/\/secure.gravatar.com\/avatar\/89915563d925342126b8ef0281b93d9d7fc337043e8df017f780908eb9644451?s=96&d=mm&r=g","caption":"St\u00e9phane Miget"},"url":"https:\/\/batijournal.com\/index.php\/author\/stephane\/"}]}},"_links":{"self":[{"href":"https:\/\/batijournal.com\/index.php\/wp-json\/wp\/v2\/posts\/104293","targetHints":{"allow":["GET"]}}],"collection":[{"href":"https:\/\/batijournal.com\/index.php\/wp-json\/wp\/v2\/posts"}],"about":[{"href":"https:\/\/batijournal.com\/index.php\/wp-json\/wp\/v2\/types\/post"}],"author":[{"embeddable":true,"href":"https:\/\/batijournal.com\/index.php\/wp-json\/wp\/v2\/users\/17"}],"replies":[{"embeddable":true,"href":"https:\/\/batijournal.com\/index.php\/wp-json\/wp\/v2\/comments?post=104293"}],"version-history":[{"count":0,"href":"https:\/\/batijournal.com\/index.php\/wp-json\/wp\/v2\/posts\/104293\/revisions"}],"wp:featuredmedia":[{"embeddable":true,"href":"https:\/\/batijournal.com\/index.php\/wp-json\/wp\/v2\/media\/104295"}],"wp:attachment":[{"href":"https:\/\/batijournal.com\/index.php\/wp-json\/wp\/v2\/media?parent=104293"}],"wp:term":[{"taxonomy":"category","embeddable":true,"href":"https:\/\/batijournal.com\/index.php\/wp-json\/wp\/v2\/categories?post=104293"},{"taxonomy":"post_tag","embeddable":true,"href":"https:\/\/batijournal.com\/index.php\/wp-json\/wp\/v2\/tags?post=104293"}],"curies":[{"name":"wp","href":"https:\/\/api.w.org\/{rel}","templated":true}]}}