{"id":104299,"date":"2020-06-04T12:22:34","date_gmt":"2020-06-04T10:22:34","guid":{"rendered":"https:\/\/batijournal.com\/?p=104299"},"modified":"2020-06-04T12:22:34","modified_gmt":"2020-06-04T10:22:34","slug":"lufme-a-elu-son-nouveau-president","status":"publish","type":"post","link":"https:\/\/batijournal.com\/index.php\/lufme-a-elu-son-nouveau-president\/104299\/","title":{"rendered":"L\u2019UFME a \u00e9lu son nouveau Pr\u00e9sident"},"content":{"rendered":"<p>Le Conseil d\u2019Administration Extraordinaire de l\u2019UFME a \u00e9lu son nouveau Pr\u00e9sident Bruno Cadudal, pour un mandat d\u2019un an renouvelable sans limite. Il succ\u00e8de \u00e0 Robert Dollat qui a assur\u00e9 la pr\u00e9sidence ces deux derni\u00e8res ann\u00e9es, \u0153uvrant pour la valorisation de la menuiserie fran\u00e7aise de qualit\u00e9. Apr\u00e8s des ann\u00e9es d\u2019aides fiscales d\u00e9di\u00e9es \u00e0 la fen\u00eatre, la profession est entr\u00e9e depuis deux ans dans une nouvelle \u00e8re. Souhaitant que l\u2019UFME prenne une nouvelle dimension dans les d\u00e9bats de demain, Bruno Cadudal se fixe pour missions de d\u00e9velopper le r\u00e9seau d\u2019adh\u00e9rents afin de renforcer sa repr\u00e9sentativit\u00e9 et notamment sur les sujets li\u00e9s \u00e0 l\u2019environnement, de consolider sa position aupr\u00e8s des instances du secteur (P\u00f4le Fen\u00eatre, CSTB, DHUP, FCBA, AIMCC, EPPA&#8230;), et de permettre \u00e0 chacun de participer aux travaux et \u00e9changes, quelle que soit la taille de l\u2019entreprise, et de poursuivre son ouverture vers les extrudeurs gammistes et professions associ\u00e9es.<\/p>\n<p>Photo : Charles Marion<\/p>\n","protected":false},"excerpt":{"rendered":"<p>Le Conseil d\u2019Administration Extraordinaire de l\u2019UFME a \u00e9lu son nouveau Pr\u00e9sident Bruno Cadudal, pour un mandat d\u2019un an renouvelable sans limite. Il succ\u00e8de \u00e0 Robert Dollat qui a assur\u00e9 la pr\u00e9sidence ces deux derni\u00e8res ann\u00e9es, \u0153uvrant pour la valorisation de la menuiserie fran\u00e7aise de qualit\u00e9. Apr\u00e8s des ann\u00e9es d\u2019aides fiscales d\u00e9di\u00e9es \u00e0 la fen\u00eatre, la [&hellip;]<\/p>\n","protected":false},"author":17,"featured_media":104300,"comment_status":"closed","ping_status":"closed","sticky":false,"template":"","format":"standard","meta":{"_et_pb_use_builder":"","_et_pb_old_content":"","_et_gb_content_width":"","footnotes":""},"categories":[10530,6345,10771,10776],"tags":[2500],"class_list":["post-104299","post","type-post","status-publish","format-standard","has-post-thumbnail","hentry","category-actualites","category-economie-marches","category-5facades","category-nouvelles-tetes-5facades","tag-ufme"],"yoast_head":"<!-- This site is optimized with the Yoast SEO plugin v27.4 - https:\/\/yoast.com\/product\/yoast-seo-wordpress\/ -->\n<title>L\u2019UFME a \u00e9lu son nouveau Pr\u00e9sident<\/title>\n<meta name=\"robots\" content=\"index, follow, max-snippet:-1, max-image-preview:large, max-video-preview:-1\" \/>\n<link rel=\"canonical\" href=\"https:\/\/batijournal.com\/index.php\/lufme-a-elu-son-nouveau-president\/104299\/\" \/>\n<meta property=\"og:locale\" content=\"fr_FR\" \/>\n<meta property=\"og:type\" content=\"article\" \/>\n<meta property=\"og:title\" content=\"L\u2019UFME a \u00e9lu son nouveau Pr\u00e9sident\" \/>\n<meta property=\"og:description\" content=\"Le Conseil d\u2019Administration Extraordinaire de l\u2019UFME a \u00e9lu son nouveau Pr\u00e9sident Bruno Cadudal, pour un mandat d\u2019un an renouvelable sans limite. Il succ\u00e8de \u00e0 Robert Dollat qui a assur\u00e9 la pr\u00e9sidence ces deux derni\u00e8res ann\u00e9es, \u0153uvrant pour la valorisation de la menuiserie fran\u00e7aise de qualit\u00e9. Apr\u00e8s des ann\u00e9es d\u2019aides fiscales d\u00e9di\u00e9es \u00e0 la fen\u00eatre, la [&hellip;]\" \/>\n<meta property=\"og:url\" content=\"https:\/\/batijournal.com\/index.php\/lufme-a-elu-son-nouveau-president\/104299\/\" \/>\n<meta property=\"og:site_name\" content=\"Batijournal\" \/>\n<meta property=\"article:published_time\" content=\"2020-06-04T10:22:34+00:00\" \/>\n<meta property=\"og:image\" content=\"https:\/\/batijournal.com\/wp-content\/uploads\/2020\/06\/Bruno-Cadudal-president-ufme.png\" \/>\n\t<meta property=\"og:image:width\" content=\"568\" \/>\n\t<meta property=\"og:image:height\" content=\"447\" \/>\n\t<meta property=\"og:image:type\" content=\"image\/png\" \/>\n<meta name=\"author\" content=\"St\u00e9phane Miget\" \/>\n<meta name=\"twitter:card\" content=\"summary_large_image\" \/>\n<meta name=\"twitter:creator\" content=\"@bati_journal\" \/>\n<meta name=\"twitter:site\" content=\"@bati_journal\" \/>\n<meta name=\"twitter:label1\" content=\"\u00c9crit par\" \/>\n\t<meta name=\"twitter:data1\" content=\"St\u00e9phane Miget\" \/>\n\t<meta name=\"twitter:label2\" content=\"Dur\u00e9e de lecture estim\u00e9e\" \/>\n\t<meta name=\"twitter:data2\" content=\"1 minute\" \/>\n<script type=\"application\/ld+json\" class=\"yoast-schema-graph\">{\"@context\":\"https:\\\/\\\/schema.org\",\"@graph\":[{\"@type\":\"Article\",\"@id\":\"https:\\\/\\\/batijournal.com\\\/index.php\\\/lufme-a-elu-son-nouveau-president\\\/104299\\\/#article\",\"isPartOf\":{\"@id\":\"https:\\\/\\\/batijournal.com\\\/index.php\\\/lufme-a-elu-son-nouveau-president\\\/104299\\\/\"},\"author\":{\"name\":\"St\u00e9phane Miget\",\"@id\":\"https:\\\/\\\/batijournal.com\\\/#\\\/schema\\\/person\\\/1dc96ec6957aa1ccb25ebe78bb19f100\"},\"headline\":\"L\u2019UFME a \u00e9lu son nouveau Pr\u00e9sident\",\"datePublished\":\"2020-06-04T10:22:34+00:00\",\"mainEntityOfPage\":{\"@id\":\"https:\\\/\\\/batijournal.com\\\/index.php\\\/lufme-a-elu-son-nouveau-president\\\/104299\\\/\"},\"wordCount\":184,\"image\":{\"@id\":\"https:\\\/\\\/batijournal.com\\\/index.php\\\/lufme-a-elu-son-nouveau-president\\\/104299\\\/#primaryimage\"},\"thumbnailUrl\":\"https:\\\/\\\/batijournal.com\\\/wp-content\\\/uploads\\\/2020\\\/06\\\/Bruno-Cadudal-president-ufme.png\",\"keywords\":[\"UFME\"],\"articleSection\":[\"Actualit\u00e9s\",\"\u00c9conomie &amp; March\u00e9s\",\"zz_5fa\u00e7ades\",\"zz_Nouvelles t\u00eates - 5fa\u00e7ades\"],\"inLanguage\":\"fr-FR\"},{\"@type\":\"WebPage\",\"@id\":\"https:\\\/\\\/batijournal.com\\\/index.php\\\/lufme-a-elu-son-nouveau-president\\\/104299\\\/\",\"url\":\"https:\\\/\\\/batijournal.com\\\/index.php\\\/lufme-a-elu-son-nouveau-president\\\/104299\\\/\",\"name\":\"L\u2019UFME a \u00e9lu son nouveau Pr\u00e9sident\",\"isPartOf\":{\"@id\":\"https:\\\/\\\/batijournal.com\\\/#website\"},\"primaryImageOfPage\":{\"@id\":\"https:\\\/\\\/batijournal.com\\\/index.php\\\/lufme-a-elu-son-nouveau-president\\\/104299\\\/#primaryimage\"},\"image\":{\"@id\":\"https:\\\/\\\/batijournal.com\\\/index.php\\\/lufme-a-elu-son-nouveau-president\\\/104299\\\/#primaryimage\"},\"thumbnailUrl\":\"https:\\\/\\\/batijournal.com\\\/wp-content\\\/uploads\\\/2020\\\/06\\\/Bruno-Cadudal-president-ufme.png\",\"datePublished\":\"2020-06-04T10:22:34+00:00\",\"author\":{\"@id\":\"https:\\\/\\\/batijournal.com\\\/#\\\/schema\\\/person\\\/1dc96ec6957aa1ccb25ebe78bb19f100\"},\"breadcrumb\":{\"@id\":\"https:\\\/\\\/batijournal.com\\\/index.php\\\/lufme-a-elu-son-nouveau-president\\\/104299\\\/#breadcrumb\"},\"inLanguage\":\"fr-FR\",\"potentialAction\":[{\"@type\":\"ReadAction\",\"target\":[\"https:\\\/\\\/batijournal.com\\\/index.php\\\/lufme-a-elu-son-nouveau-president\\\/104299\\\/\"]}]},{\"@type\":\"ImageObject\",\"inLanguage\":\"fr-FR\",\"@id\":\"https:\\\/\\\/batijournal.com\\\/index.php\\\/lufme-a-elu-son-nouveau-president\\\/104299\\\/#primaryimage\",\"url\":\"https:\\\/\\\/batijournal.com\\\/wp-content\\\/uploads\\\/2020\\\/06\\\/Bruno-Cadudal-president-ufme.png\",\"contentUrl\":\"https:\\\/\\\/batijournal.com\\\/wp-content\\\/uploads\\\/2020\\\/06\\\/Bruno-Cadudal-president-ufme.png\",\"width\":568,\"height\":447},{\"@type\":\"BreadcrumbList\",\"@id\":\"https:\\\/\\\/batijournal.com\\\/index.php\\\/lufme-a-elu-son-nouveau-president\\\/104299\\\/#breadcrumb\",\"itemListElement\":[{\"@type\":\"ListItem\",\"position\":1,\"name\":\"Accueil\",\"item\":\"https:\\\/\\\/batijournal.com\\\/\"},{\"@type\":\"ListItem\",\"position\":2,\"name\":\"Actualit\u00e9s\",\"item\":\"https:\\\/\\\/batijournal.com\\\/index.php\\\/category\\\/actualites\\\/\"},{\"@type\":\"ListItem\",\"position\":3,\"name\":\"L\u2019UFME a \u00e9lu son nouveau Pr\u00e9sident\"}]},{\"@type\":\"WebSite\",\"@id\":\"https:\\\/\\\/batijournal.com\\\/#website\",\"url\":\"https:\\\/\\\/batijournal.com\\\/\",\"name\":\"Batijournal\",\"description\":\"L&#039;actualit\u00e9 du b\u00e2timent\",\"potentialAction\":[{\"@type\":\"SearchAction\",\"target\":{\"@type\":\"EntryPoint\",\"urlTemplate\":\"https:\\\/\\\/batijournal.com\\\/?s={search_term_string}\"},\"query-input\":{\"@type\":\"PropertyValueSpecification\",\"valueRequired\":true,\"valueName\":\"search_term_string\"}}],\"inLanguage\":\"fr-FR\"},{\"@type\":\"Person\",\"@id\":\"https:\\\/\\\/batijournal.com\\\/#\\\/schema\\\/person\\\/1dc96ec6957aa1ccb25ebe78bb19f100\",\"name\":\"St\u00e9phane Miget\",\"image\":{\"@type\":\"ImageObject\",\"inLanguage\":\"fr-FR\",\"@id\":\"https:\\\/\\\/secure.gravatar.com\\\/avatar\\\/89915563d925342126b8ef0281b93d9d7fc337043e8df017f780908eb9644451?s=96&d=mm&r=g\",\"url\":\"https:\\\/\\\/secure.gravatar.com\\\/avatar\\\/89915563d925342126b8ef0281b93d9d7fc337043e8df017f780908eb9644451?s=96&d=mm&r=g\",\"contentUrl\":\"https:\\\/\\\/secure.gravatar.com\\\/avatar\\\/89915563d925342126b8ef0281b93d9d7fc337043e8df017f780908eb9644451?s=96&d=mm&r=g\",\"caption\":\"St\u00e9phane Miget\"},\"url\":\"https:\\\/\\\/batijournal.com\\\/index.php\\\/author\\\/stephane\\\/\"}]}<\/script>\n<!-- \/ Yoast SEO plugin. -->","yoast_head_json":{"title":"L\u2019UFME a \u00e9lu son nouveau Pr\u00e9sident","robots":{"index":"index","follow":"follow","max-snippet":"max-snippet:-1","max-image-preview":"max-image-preview:large","max-video-preview":"max-video-preview:-1"},"canonical":"https:\/\/batijournal.com\/index.php\/lufme-a-elu-son-nouveau-president\/104299\/","og_locale":"fr_FR","og_type":"article","og_title":"L\u2019UFME a \u00e9lu son nouveau Pr\u00e9sident","og_description":"Le Conseil d\u2019Administration Extraordinaire de l\u2019UFME a \u00e9lu son nouveau Pr\u00e9sident Bruno Cadudal, pour un mandat d\u2019un an renouvelable sans limite. Il succ\u00e8de \u00e0 Robert Dollat qui a assur\u00e9 la pr\u00e9sidence ces deux derni\u00e8res ann\u00e9es, \u0153uvrant pour la valorisation de la menuiserie fran\u00e7aise de qualit\u00e9. Apr\u00e8s des ann\u00e9es d\u2019aides fiscales d\u00e9di\u00e9es \u00e0 la fen\u00eatre, la [&hellip;]","og_url":"https:\/\/batijournal.com\/index.php\/lufme-a-elu-son-nouveau-president\/104299\/","og_site_name":"Batijournal","article_published_time":"2020-06-04T10:22:34+00:00","og_image":[{"width":568,"height":447,"url":"https:\/\/batijournal.com\/wp-content\/uploads\/2020\/06\/Bruno-Cadudal-president-ufme.png","type":"image\/png"}],"author":"St\u00e9phane Miget","twitter_card":"summary_large_image","twitter_creator":"@bati_journal","twitter_site":"@bati_journal","twitter_misc":{"\u00c9crit par":"St\u00e9phane Miget","Dur\u00e9e de lecture estim\u00e9e":"1 minute"},"schema":{"@context":"https:\/\/schema.org","@graph":[{"@type":"Article","@id":"https:\/\/batijournal.com\/index.php\/lufme-a-elu-son-nouveau-president\/104299\/#article","isPartOf":{"@id":"https:\/\/batijournal.com\/index.php\/lufme-a-elu-son-nouveau-president\/104299\/"},"author":{"name":"St\u00e9phane Miget","@id":"https:\/\/batijournal.com\/#\/schema\/person\/1dc96ec6957aa1ccb25ebe78bb19f100"},"headline":"L\u2019UFME a \u00e9lu son nouveau Pr\u00e9sident","datePublished":"2020-06-04T10:22:34+00:00","mainEntityOfPage":{"@id":"https:\/\/batijournal.com\/index.php\/lufme-a-elu-son-nouveau-president\/104299\/"},"wordCount":184,"image":{"@id":"https:\/\/batijournal.com\/index.php\/lufme-a-elu-son-nouveau-president\/104299\/#primaryimage"},"thumbnailUrl":"https:\/\/batijournal.com\/wp-content\/uploads\/2020\/06\/Bruno-Cadudal-president-ufme.png","keywords":["UFME"],"articleSection":["Actualit\u00e9s","\u00c9conomie &amp; March\u00e9s","zz_5fa\u00e7ades","zz_Nouvelles t\u00eates - 5fa\u00e7ades"],"inLanguage":"fr-FR"},{"@type":"WebPage","@id":"https:\/\/batijournal.com\/index.php\/lufme-a-elu-son-nouveau-president\/104299\/","url":"https:\/\/batijournal.com\/index.php\/lufme-a-elu-son-nouveau-president\/104299\/","name":"L\u2019UFME a \u00e9lu son nouveau Pr\u00e9sident","isPartOf":{"@id":"https:\/\/batijournal.com\/#website"},"primaryImageOfPage":{"@id":"https:\/\/batijournal.com\/index.php\/lufme-a-elu-son-nouveau-president\/104299\/#primaryimage"},"image":{"@id":"https:\/\/batijournal.com\/index.php\/lufme-a-elu-son-nouveau-president\/104299\/#primaryimage"},"thumbnailUrl":"https:\/\/batijournal.com\/wp-content\/uploads\/2020\/06\/Bruno-Cadudal-president-ufme.png","datePublished":"2020-06-04T10:22:34+00:00","author":{"@id":"https:\/\/batijournal.com\/#\/schema\/person\/1dc96ec6957aa1ccb25ebe78bb19f100"},"breadcrumb":{"@id":"https:\/\/batijournal.com\/index.php\/lufme-a-elu-son-nouveau-president\/104299\/#breadcrumb"},"inLanguage":"fr-FR","potentialAction":[{"@type":"ReadAction","target":["https:\/\/batijournal.com\/index.php\/lufme-a-elu-son-nouveau-president\/104299\/"]}]},{"@type":"ImageObject","inLanguage":"fr-FR","@id":"https:\/\/batijournal.com\/index.php\/lufme-a-elu-son-nouveau-president\/104299\/#primaryimage","url":"https:\/\/batijournal.com\/wp-content\/uploads\/2020\/06\/Bruno-Cadudal-president-ufme.png","contentUrl":"https:\/\/batijournal.com\/wp-content\/uploads\/2020\/06\/Bruno-Cadudal-president-ufme.png","width":568,"height":447},{"@type":"BreadcrumbList","@id":"https:\/\/batijournal.com\/index.php\/lufme-a-elu-son-nouveau-president\/104299\/#breadcrumb","itemListElement":[{"@type":"ListItem","position":1,"name":"Accueil","item":"https:\/\/batijournal.com\/"},{"@type":"ListItem","position":2,"name":"Actualit\u00e9s","item":"https:\/\/batijournal.com\/index.php\/category\/actualites\/"},{"@type":"ListItem","position":3,"name":"L\u2019UFME a \u00e9lu son nouveau Pr\u00e9sident"}]},{"@type":"WebSite","@id":"https:\/\/batijournal.com\/#website","url":"https:\/\/batijournal.com\/","name":"Batijournal","description":"L&#039;actualit\u00e9 du b\u00e2timent","potentialAction":[{"@type":"SearchAction","target":{"@type":"EntryPoint","urlTemplate":"https:\/\/batijournal.com\/?s={search_term_string}"},"query-input":{"@type":"PropertyValueSpecification","valueRequired":true,"valueName":"search_term_string"}}],"inLanguage":"fr-FR"},{"@type":"Person","@id":"https:\/\/batijournal.com\/#\/schema\/person\/1dc96ec6957aa1ccb25ebe78bb19f100","name":"St\u00e9phane Miget","image":{"@type":"ImageObject","inLanguage":"fr-FR","@id":"https:\/\/secure.gravatar.com\/avatar\/89915563d925342126b8ef0281b93d9d7fc337043e8df017f780908eb9644451?s=96&d=mm&r=g","url":"https:\/\/secure.gravatar.com\/avatar\/89915563d925342126b8ef0281b93d9d7fc337043e8df017f780908eb9644451?s=96&d=mm&r=g","contentUrl":"https:\/\/secure.gravatar.com\/avatar\/89915563d925342126b8ef0281b93d9d7fc337043e8df017f780908eb9644451?s=96&d=mm&r=g","caption":"St\u00e9phane Miget"},"url":"https:\/\/batijournal.com\/index.php\/author\/stephane\/"}]}},"_links":{"self":[{"href":"https:\/\/batijournal.com\/index.php\/wp-json\/wp\/v2\/posts\/104299","targetHints":{"allow":["GET"]}}],"collection":[{"href":"https:\/\/batijournal.com\/index.php\/wp-json\/wp\/v2\/posts"}],"about":[{"href":"https:\/\/batijournal.com\/index.php\/wp-json\/wp\/v2\/types\/post"}],"author":[{"embeddable":true,"href":"https:\/\/batijournal.com\/index.php\/wp-json\/wp\/v2\/users\/17"}],"replies":[{"embeddable":true,"href":"https:\/\/batijournal.com\/index.php\/wp-json\/wp\/v2\/comments?post=104299"}],"version-history":[{"count":0,"href":"https:\/\/batijournal.com\/index.php\/wp-json\/wp\/v2\/posts\/104299\/revisions"}],"wp:featuredmedia":[{"embeddable":true,"href":"https:\/\/batijournal.com\/index.php\/wp-json\/wp\/v2\/media\/104300"}],"wp:attachment":[{"href":"https:\/\/batijournal.com\/index.php\/wp-json\/wp\/v2\/media?parent=104299"}],"wp:term":[{"taxonomy":"category","embeddable":true,"href":"https:\/\/batijournal.com\/index.php\/wp-json\/wp\/v2\/categories?post=104299"},{"taxonomy":"post_tag","embeddable":true,"href":"https:\/\/batijournal.com\/index.php\/wp-json\/wp\/v2\/tags?post=104299"}],"curies":[{"name":"wp","href":"https:\/\/api.w.org\/{rel}","templated":true}]}}