{"id":104317,"date":"2020-06-05T16:46:56","date_gmt":"2020-06-05T14:46:56","guid":{"rendered":"https:\/\/batijournal.com\/?p=104317"},"modified":"2020-06-05T16:46:56","modified_gmt":"2020-06-05T14:46:56","slug":"decarbonation-des-batiments-neufs-re-2020-role-cle-du-bois-francais","status":"publish","type":"post","link":"https:\/\/batijournal.com\/index.php\/decarbonation-des-batiments-neufs-re-2020-role-cle-du-bois-francais\/104317\/","title":{"rendered":"D\u00e9carbonation des b\u00e2timents neufs, RE 2020 : r\u00f4le cl\u00e9 du bois fran\u00e7ais"},"content":{"rendered":"<p><strong>Alors que la future r\u00e9glementation environnementale 2020 poursuit son processus d\u2019\u00e9laboration pour une application effective \u00e0 l\u2019\u00e9t\u00e9 2021, l\u2019interprofession France Bois For\u00eat et les principaux acteurs de la fili\u00e8re du bois \u00e9nergie rappellent qu\u2019en qualit\u00e9 de mat\u00e9riau de construction durable et de combustible renouvelable, le bois r\u00e9unit les conditions utiles pour faire de la r\u00e9glementation environnementale 2020 un texte particuli\u00e8rement efficace dans la lutte contre le r\u00e9chauffement climatique. Les acteurs du secteur plaident \u00e9galement pour une politique p\u00e9renne de soutien \u00e0 l\u2019offre associ\u00e9e au soutien \u00e0 la demande pour renforcer l\u2019outil industriel national.<\/strong><\/p>\n<p>la profession attire l\u2019attention du Gouvernement sur plusieurs points :<\/p>\n<p>&#8211; Il est essentiel que le contenu carbone des diff\u00e9rents mat\u00e9riaux de construction soit scientifiquement objectiv\u00e9 afin d\u2019\u00e9viter toute d\u00e9claration fantaisiste et que le stockage carbone soit bien pris en compte dans le cadre de la RE2020 ;<\/p>\n<p>&#8211; Un ratio de chaleur renouvelable contraignant et ambitieux doit \u00eatre mis en place afin de permettre le d\u00e9ploiement des solutions bois \u00e9nergie \u00e0 hauteur de nos engagements (38% de chaleur renouvelable en 2030).<\/p>\n<p>Avec 95 % du bois \u00e9nergie provenant des for\u00eats fran\u00e7aises et 63 % du bois construction, promus comme \u00ab\u00a0Bois de France\u00a0\u00bb, l\u2019ind\u00e9pendance nationale est importante. N\u00e9anmoins, il est possible d\u2019aller au-del\u00e0 dans la mesure o\u00f9 le potentiel est loin d\u2019\u00eatre totalement exploit\u00e9. Dans le cadre du Pacte productif et de son verdissement, il para\u00eet essentiel de porter des mesures de comp\u00e9titivit\u00e9 pour l\u2019industrie du bois en :<\/p>\n<p>&#8211; All\u00e9geant la fiscalit\u00e9 de production aujourd\u2019hui trois fois plus \u00e9lev\u00e9e en France que la moyenne europ\u00e9enne et huit fois sup\u00e9rieure \u00e0 celle de nos voisins allemands ;<\/p>\n<p>&#8211; Soutenant les investissements productifs tels que le s\u00e9chage via le Fonds chaleur de l\u2019ADEME ou en r\u00e9introduisant une enveloppe budg\u00e9taire fl\u00e9ch\u00e9e vers des installations de cog\u00e9n\u00e9ration biomasse bien cibl\u00e9e ;<\/p>\n<p>&#8211; R\u00e9introduisant un dispositif de suramortissement pour moderniser l\u2019outil productif ;<\/p>\n<p>&#8211; Accompagnant les mesures et dispositifs de replantation pour disposer d\u2019un capital de long terme et d\u2019un puits de carbone encore plus efficace ;<\/p>\n<p>&#8211; Promouvant la marque bois de France aupr\u00e8s des donneurs d\u2019ordre publics et priv\u00e9s.<\/p>\n<p>Apr\u00e8s un \u00e9pisode sanitaire sans pr\u00e9c\u00e9dent qui a soulign\u00e9 la d\u00e9pendance de notre pays \u00e0 des biens import\u00e9s, il est indispensable de garantir un haut niveau de s\u00e9curit\u00e9 d\u2019approvisionnement sur les volets strat\u00e9giques des mat\u00e9riaux de construction et des combustibles. Le bois de France est le garant de cette autonomie vitale et constitue un levier de la relance \u00e9conomique.<\/p>\n<p>&nbsp;<\/p>\n<p>Photo : Group Ducerf<\/p>\n<p>&nbsp;<\/p>\n","protected":false},"excerpt":{"rendered":"<p>Alors que la future r\u00e9glementation environnementale 2020 poursuit son processus d\u2019\u00e9laboration pour une application effective \u00e0 l\u2019\u00e9t\u00e9 2021, l\u2019interprofession France Bois For\u00eat et les principaux acteurs de la fili\u00e8re du bois \u00e9nergie rappellent qu\u2019en qualit\u00e9 de mat\u00e9riau de construction durable et de combustible renouvelable, le bois r\u00e9unit les conditions utiles pour faire de la r\u00e9glementation [&hellip;]<\/p>\n","protected":false},"author":17,"featured_media":104138,"comment_status":"closed","ping_status":"closed","sticky":false,"template":"","format":"standard","meta":{"_et_pb_use_builder":"","_et_pb_old_content":"","_et_gb_content_width":"","footnotes":""},"categories":[10530,6340,6345,10781,10769,10778,10764],"tags":[374],"class_list":["post-104317","post","type-post","status-publish","format-standard","has-post-thumbnail","hentry","category-actualites","category-architecture-conception","category-economie-marches","category-publications-planete","category-publications","category-planete","category-woodsurfer","tag-construction-bois-2"],"yoast_head":"<!-- This site is optimized with the Yoast SEO plugin v27.4 - https:\/\/yoast.com\/product\/yoast-seo-wordpress\/ -->\n<title>D\u00e9carbonation des b\u00e2timents neufs, RE 2020 : r\u00f4le cl\u00e9 du bois fran\u00e7ais<\/title>\n<meta name=\"robots\" content=\"index, follow, max-snippet:-1, max-image-preview:large, max-video-preview:-1\" \/>\n<link rel=\"canonical\" href=\"https:\/\/batijournal.com\/index.php\/decarbonation-des-batiments-neufs-re-2020-role-cle-du-bois-francais\/104317\/\" \/>\n<meta property=\"og:locale\" content=\"fr_FR\" \/>\n<meta property=\"og:type\" content=\"article\" \/>\n<meta property=\"og:title\" content=\"D\u00e9carbonation des b\u00e2timents neufs, RE 2020 : r\u00f4le cl\u00e9 du bois fran\u00e7ais\" \/>\n<meta property=\"og:description\" content=\"Alors que la future r\u00e9glementation environnementale 2020 poursuit son processus d\u2019\u00e9laboration pour une application effective \u00e0 l\u2019\u00e9t\u00e9 2021, l\u2019interprofession France Bois For\u00eat et les principaux acteurs de la fili\u00e8re du bois \u00e9nergie rappellent qu\u2019en qualit\u00e9 de mat\u00e9riau de construction durable et de combustible renouvelable, le bois r\u00e9unit les conditions utiles pour faire de la r\u00e9glementation [&hellip;]\" \/>\n<meta property=\"og:url\" content=\"https:\/\/batijournal.com\/index.php\/decarbonation-des-batiments-neufs-re-2020-role-cle-du-bois-francais\/104317\/\" \/>\n<meta property=\"og:site_name\" content=\"Batijournal\" \/>\n<meta property=\"article:published_time\" content=\"2020-06-05T14:46:56+00:00\" \/>\n<meta property=\"og:image\" content=\"https:\/\/batijournal.com\/wp-content\/uploads\/2020\/04\/faire-faconner-vos-bois-par-des-experts-groupe-ducerf.jpg\" \/>\n\t<meta property=\"og:image:width\" content=\"700\" \/>\n\t<meta property=\"og:image:height\" content=\"480\" \/>\n\t<meta property=\"og:image:type\" content=\"image\/jpeg\" \/>\n<meta name=\"author\" content=\"St\u00e9phane Miget\" \/>\n<meta name=\"twitter:card\" content=\"summary_large_image\" \/>\n<meta name=\"twitter:creator\" content=\"@bati_journal\" \/>\n<meta name=\"twitter:site\" content=\"@bati_journal\" \/>\n<meta name=\"twitter:label1\" content=\"\u00c9crit par\" \/>\n\t<meta name=\"twitter:data1\" content=\"St\u00e9phane Miget\" \/>\n\t<meta name=\"twitter:label2\" content=\"Dur\u00e9e de lecture estim\u00e9e\" \/>\n\t<meta name=\"twitter:data2\" content=\"2 minutes\" \/>\n<script type=\"application\/ld+json\" class=\"yoast-schema-graph\">{\"@context\":\"https:\\\/\\\/schema.org\",\"@graph\":[{\"@type\":\"Article\",\"@id\":\"https:\\\/\\\/batijournal.com\\\/index.php\\\/decarbonation-des-batiments-neufs-re-2020-role-cle-du-bois-francais\\\/104317\\\/#article\",\"isPartOf\":{\"@id\":\"https:\\\/\\\/batijournal.com\\\/index.php\\\/decarbonation-des-batiments-neufs-re-2020-role-cle-du-bois-francais\\\/104317\\\/\"},\"author\":{\"name\":\"St\u00e9phane Miget\",\"@id\":\"https:\\\/\\\/batijournal.com\\\/#\\\/schema\\\/person\\\/1dc96ec6957aa1ccb25ebe78bb19f100\"},\"headline\":\"D\u00e9carbonation des b\u00e2timents neufs, RE 2020 : r\u00f4le cl\u00e9 du bois fran\u00e7ais\",\"datePublished\":\"2020-06-05T14:46:56+00:00\",\"mainEntityOfPage\":{\"@id\":\"https:\\\/\\\/batijournal.com\\\/index.php\\\/decarbonation-des-batiments-neufs-re-2020-role-cle-du-bois-francais\\\/104317\\\/\"},\"wordCount\":468,\"image\":{\"@id\":\"https:\\\/\\\/batijournal.com\\\/index.php\\\/decarbonation-des-batiments-neufs-re-2020-role-cle-du-bois-francais\\\/104317\\\/#primaryimage\"},\"thumbnailUrl\":\"https:\\\/\\\/batijournal.com\\\/wp-content\\\/uploads\\\/2020\\\/04\\\/faire-faconner-vos-bois-par-des-experts-groupe-ducerf.jpg\",\"keywords\":[\"construction bois\"],\"articleSection\":[\"Actualit\u00e9s\",\"Architecture &amp; Conception\",\"\u00c9conomie &amp; March\u00e9s\",\"zz_Actualit\u00e9s - Plan\u00e8te\",\"zz_Actualit\u00e9s - Woodsurfer\",\"zz_Plan\u00e8te B\u00e2timent\",\"zz_Woodsurfer\"],\"inLanguage\":\"fr-FR\"},{\"@type\":\"WebPage\",\"@id\":\"https:\\\/\\\/batijournal.com\\\/index.php\\\/decarbonation-des-batiments-neufs-re-2020-role-cle-du-bois-francais\\\/104317\\\/\",\"url\":\"https:\\\/\\\/batijournal.com\\\/index.php\\\/decarbonation-des-batiments-neufs-re-2020-role-cle-du-bois-francais\\\/104317\\\/\",\"name\":\"D\u00e9carbonation des b\u00e2timents neufs, RE 2020 : r\u00f4le cl\u00e9 du bois fran\u00e7ais\",\"isPartOf\":{\"@id\":\"https:\\\/\\\/batijournal.com\\\/#website\"},\"primaryImageOfPage\":{\"@id\":\"https:\\\/\\\/batijournal.com\\\/index.php\\\/decarbonation-des-batiments-neufs-re-2020-role-cle-du-bois-francais\\\/104317\\\/#primaryimage\"},\"image\":{\"@id\":\"https:\\\/\\\/batijournal.com\\\/index.php\\\/decarbonation-des-batiments-neufs-re-2020-role-cle-du-bois-francais\\\/104317\\\/#primaryimage\"},\"thumbnailUrl\":\"https:\\\/\\\/batijournal.com\\\/wp-content\\\/uploads\\\/2020\\\/04\\\/faire-faconner-vos-bois-par-des-experts-groupe-ducerf.jpg\",\"datePublished\":\"2020-06-05T14:46:56+00:00\",\"author\":{\"@id\":\"https:\\\/\\\/batijournal.com\\\/#\\\/schema\\\/person\\\/1dc96ec6957aa1ccb25ebe78bb19f100\"},\"breadcrumb\":{\"@id\":\"https:\\\/\\\/batijournal.com\\\/index.php\\\/decarbonation-des-batiments-neufs-re-2020-role-cle-du-bois-francais\\\/104317\\\/#breadcrumb\"},\"inLanguage\":\"fr-FR\",\"potentialAction\":[{\"@type\":\"ReadAction\",\"target\":[\"https:\\\/\\\/batijournal.com\\\/index.php\\\/decarbonation-des-batiments-neufs-re-2020-role-cle-du-bois-francais\\\/104317\\\/\"]}]},{\"@type\":\"ImageObject\",\"inLanguage\":\"fr-FR\",\"@id\":\"https:\\\/\\\/batijournal.com\\\/index.php\\\/decarbonation-des-batiments-neufs-re-2020-role-cle-du-bois-francais\\\/104317\\\/#primaryimage\",\"url\":\"https:\\\/\\\/batijournal.com\\\/wp-content\\\/uploads\\\/2020\\\/04\\\/faire-faconner-vos-bois-par-des-experts-groupe-ducerf.jpg\",\"contentUrl\":\"https:\\\/\\\/batijournal.com\\\/wp-content\\\/uploads\\\/2020\\\/04\\\/faire-faconner-vos-bois-par-des-experts-groupe-ducerf.jpg\",\"width\":700,\"height\":480},{\"@type\":\"BreadcrumbList\",\"@id\":\"https:\\\/\\\/batijournal.com\\\/index.php\\\/decarbonation-des-batiments-neufs-re-2020-role-cle-du-bois-francais\\\/104317\\\/#breadcrumb\",\"itemListElement\":[{\"@type\":\"ListItem\",\"position\":1,\"name\":\"Accueil\",\"item\":\"https:\\\/\\\/batijournal.com\\\/\"},{\"@type\":\"ListItem\",\"position\":2,\"name\":\"Actualit\u00e9s\",\"item\":\"https:\\\/\\\/batijournal.com\\\/index.php\\\/category\\\/actualites\\\/\"},{\"@type\":\"ListItem\",\"position\":3,\"name\":\"D\u00e9carbonation des b\u00e2timents neufs, RE 2020 : r\u00f4le cl\u00e9 du bois fran\u00e7ais\"}]},{\"@type\":\"WebSite\",\"@id\":\"https:\\\/\\\/batijournal.com\\\/#website\",\"url\":\"https:\\\/\\\/batijournal.com\\\/\",\"name\":\"Batijournal\",\"description\":\"L&#039;actualit\u00e9 du b\u00e2timent\",\"potentialAction\":[{\"@type\":\"SearchAction\",\"target\":{\"@type\":\"EntryPoint\",\"urlTemplate\":\"https:\\\/\\\/batijournal.com\\\/?s={search_term_string}\"},\"query-input\":{\"@type\":\"PropertyValueSpecification\",\"valueRequired\":true,\"valueName\":\"search_term_string\"}}],\"inLanguage\":\"fr-FR\"},{\"@type\":\"Person\",\"@id\":\"https:\\\/\\\/batijournal.com\\\/#\\\/schema\\\/person\\\/1dc96ec6957aa1ccb25ebe78bb19f100\",\"name\":\"St\u00e9phane Miget\",\"image\":{\"@type\":\"ImageObject\",\"inLanguage\":\"fr-FR\",\"@id\":\"https:\\\/\\\/secure.gravatar.com\\\/avatar\\\/89915563d925342126b8ef0281b93d9d7fc337043e8df017f780908eb9644451?s=96&d=mm&r=g\",\"url\":\"https:\\\/\\\/secure.gravatar.com\\\/avatar\\\/89915563d925342126b8ef0281b93d9d7fc337043e8df017f780908eb9644451?s=96&d=mm&r=g\",\"contentUrl\":\"https:\\\/\\\/secure.gravatar.com\\\/avatar\\\/89915563d925342126b8ef0281b93d9d7fc337043e8df017f780908eb9644451?s=96&d=mm&r=g\",\"caption\":\"St\u00e9phane Miget\"},\"url\":\"https:\\\/\\\/batijournal.com\\\/index.php\\\/author\\\/stephane\\\/\"}]}<\/script>\n<!-- \/ Yoast SEO plugin. -->","yoast_head_json":{"title":"D\u00e9carbonation des b\u00e2timents neufs, RE 2020 : r\u00f4le cl\u00e9 du bois fran\u00e7ais","robots":{"index":"index","follow":"follow","max-snippet":"max-snippet:-1","max-image-preview":"max-image-preview:large","max-video-preview":"max-video-preview:-1"},"canonical":"https:\/\/batijournal.com\/index.php\/decarbonation-des-batiments-neufs-re-2020-role-cle-du-bois-francais\/104317\/","og_locale":"fr_FR","og_type":"article","og_title":"D\u00e9carbonation des b\u00e2timents neufs, RE 2020 : r\u00f4le cl\u00e9 du bois fran\u00e7ais","og_description":"Alors que la future r\u00e9glementation environnementale 2020 poursuit son processus d\u2019\u00e9laboration pour une application effective \u00e0 l\u2019\u00e9t\u00e9 2021, l\u2019interprofession France Bois For\u00eat et les principaux acteurs de la fili\u00e8re du bois \u00e9nergie rappellent qu\u2019en qualit\u00e9 de mat\u00e9riau de construction durable et de combustible renouvelable, le bois r\u00e9unit les conditions utiles pour faire de la r\u00e9glementation [&hellip;]","og_url":"https:\/\/batijournal.com\/index.php\/decarbonation-des-batiments-neufs-re-2020-role-cle-du-bois-francais\/104317\/","og_site_name":"Batijournal","article_published_time":"2020-06-05T14:46:56+00:00","og_image":[{"width":700,"height":480,"url":"https:\/\/batijournal.com\/wp-content\/uploads\/2020\/04\/faire-faconner-vos-bois-par-des-experts-groupe-ducerf.jpg","type":"image\/jpeg"}],"author":"St\u00e9phane Miget","twitter_card":"summary_large_image","twitter_creator":"@bati_journal","twitter_site":"@bati_journal","twitter_misc":{"\u00c9crit par":"St\u00e9phane Miget","Dur\u00e9e de lecture estim\u00e9e":"2 minutes"},"schema":{"@context":"https:\/\/schema.org","@graph":[{"@type":"Article","@id":"https:\/\/batijournal.com\/index.php\/decarbonation-des-batiments-neufs-re-2020-role-cle-du-bois-francais\/104317\/#article","isPartOf":{"@id":"https:\/\/batijournal.com\/index.php\/decarbonation-des-batiments-neufs-re-2020-role-cle-du-bois-francais\/104317\/"},"author":{"name":"St\u00e9phane Miget","@id":"https:\/\/batijournal.com\/#\/schema\/person\/1dc96ec6957aa1ccb25ebe78bb19f100"},"headline":"D\u00e9carbonation des b\u00e2timents neufs, RE 2020 : r\u00f4le cl\u00e9 du bois fran\u00e7ais","datePublished":"2020-06-05T14:46:56+00:00","mainEntityOfPage":{"@id":"https:\/\/batijournal.com\/index.php\/decarbonation-des-batiments-neufs-re-2020-role-cle-du-bois-francais\/104317\/"},"wordCount":468,"image":{"@id":"https:\/\/batijournal.com\/index.php\/decarbonation-des-batiments-neufs-re-2020-role-cle-du-bois-francais\/104317\/#primaryimage"},"thumbnailUrl":"https:\/\/batijournal.com\/wp-content\/uploads\/2020\/04\/faire-faconner-vos-bois-par-des-experts-groupe-ducerf.jpg","keywords":["construction bois"],"articleSection":["Actualit\u00e9s","Architecture &amp; Conception","\u00c9conomie &amp; March\u00e9s","zz_Actualit\u00e9s - Plan\u00e8te","zz_Actualit\u00e9s - Woodsurfer","zz_Plan\u00e8te B\u00e2timent","zz_Woodsurfer"],"inLanguage":"fr-FR"},{"@type":"WebPage","@id":"https:\/\/batijournal.com\/index.php\/decarbonation-des-batiments-neufs-re-2020-role-cle-du-bois-francais\/104317\/","url":"https:\/\/batijournal.com\/index.php\/decarbonation-des-batiments-neufs-re-2020-role-cle-du-bois-francais\/104317\/","name":"D\u00e9carbonation des b\u00e2timents neufs, RE 2020 : r\u00f4le cl\u00e9 du bois fran\u00e7ais","isPartOf":{"@id":"https:\/\/batijournal.com\/#website"},"primaryImageOfPage":{"@id":"https:\/\/batijournal.com\/index.php\/decarbonation-des-batiments-neufs-re-2020-role-cle-du-bois-francais\/104317\/#primaryimage"},"image":{"@id":"https:\/\/batijournal.com\/index.php\/decarbonation-des-batiments-neufs-re-2020-role-cle-du-bois-francais\/104317\/#primaryimage"},"thumbnailUrl":"https:\/\/batijournal.com\/wp-content\/uploads\/2020\/04\/faire-faconner-vos-bois-par-des-experts-groupe-ducerf.jpg","datePublished":"2020-06-05T14:46:56+00:00","author":{"@id":"https:\/\/batijournal.com\/#\/schema\/person\/1dc96ec6957aa1ccb25ebe78bb19f100"},"breadcrumb":{"@id":"https:\/\/batijournal.com\/index.php\/decarbonation-des-batiments-neufs-re-2020-role-cle-du-bois-francais\/104317\/#breadcrumb"},"inLanguage":"fr-FR","potentialAction":[{"@type":"ReadAction","target":["https:\/\/batijournal.com\/index.php\/decarbonation-des-batiments-neufs-re-2020-role-cle-du-bois-francais\/104317\/"]}]},{"@type":"ImageObject","inLanguage":"fr-FR","@id":"https:\/\/batijournal.com\/index.php\/decarbonation-des-batiments-neufs-re-2020-role-cle-du-bois-francais\/104317\/#primaryimage","url":"https:\/\/batijournal.com\/wp-content\/uploads\/2020\/04\/faire-faconner-vos-bois-par-des-experts-groupe-ducerf.jpg","contentUrl":"https:\/\/batijournal.com\/wp-content\/uploads\/2020\/04\/faire-faconner-vos-bois-par-des-experts-groupe-ducerf.jpg","width":700,"height":480},{"@type":"BreadcrumbList","@id":"https:\/\/batijournal.com\/index.php\/decarbonation-des-batiments-neufs-re-2020-role-cle-du-bois-francais\/104317\/#breadcrumb","itemListElement":[{"@type":"ListItem","position":1,"name":"Accueil","item":"https:\/\/batijournal.com\/"},{"@type":"ListItem","position":2,"name":"Actualit\u00e9s","item":"https:\/\/batijournal.com\/index.php\/category\/actualites\/"},{"@type":"ListItem","position":3,"name":"D\u00e9carbonation des b\u00e2timents neufs, RE 2020 : r\u00f4le cl\u00e9 du bois fran\u00e7ais"}]},{"@type":"WebSite","@id":"https:\/\/batijournal.com\/#website","url":"https:\/\/batijournal.com\/","name":"Batijournal","description":"L&#039;actualit\u00e9 du b\u00e2timent","potentialAction":[{"@type":"SearchAction","target":{"@type":"EntryPoint","urlTemplate":"https:\/\/batijournal.com\/?s={search_term_string}"},"query-input":{"@type":"PropertyValueSpecification","valueRequired":true,"valueName":"search_term_string"}}],"inLanguage":"fr-FR"},{"@type":"Person","@id":"https:\/\/batijournal.com\/#\/schema\/person\/1dc96ec6957aa1ccb25ebe78bb19f100","name":"St\u00e9phane Miget","image":{"@type":"ImageObject","inLanguage":"fr-FR","@id":"https:\/\/secure.gravatar.com\/avatar\/89915563d925342126b8ef0281b93d9d7fc337043e8df017f780908eb9644451?s=96&d=mm&r=g","url":"https:\/\/secure.gravatar.com\/avatar\/89915563d925342126b8ef0281b93d9d7fc337043e8df017f780908eb9644451?s=96&d=mm&r=g","contentUrl":"https:\/\/secure.gravatar.com\/avatar\/89915563d925342126b8ef0281b93d9d7fc337043e8df017f780908eb9644451?s=96&d=mm&r=g","caption":"St\u00e9phane Miget"},"url":"https:\/\/batijournal.com\/index.php\/author\/stephane\/"}]}},"_links":{"self":[{"href":"https:\/\/batijournal.com\/index.php\/wp-json\/wp\/v2\/posts\/104317","targetHints":{"allow":["GET"]}}],"collection":[{"href":"https:\/\/batijournal.com\/index.php\/wp-json\/wp\/v2\/posts"}],"about":[{"href":"https:\/\/batijournal.com\/index.php\/wp-json\/wp\/v2\/types\/post"}],"author":[{"embeddable":true,"href":"https:\/\/batijournal.com\/index.php\/wp-json\/wp\/v2\/users\/17"}],"replies":[{"embeddable":true,"href":"https:\/\/batijournal.com\/index.php\/wp-json\/wp\/v2\/comments?post=104317"}],"version-history":[{"count":0,"href":"https:\/\/batijournal.com\/index.php\/wp-json\/wp\/v2\/posts\/104317\/revisions"}],"wp:featuredmedia":[{"embeddable":true,"href":"https:\/\/batijournal.com\/index.php\/wp-json\/wp\/v2\/media\/104138"}],"wp:attachment":[{"href":"https:\/\/batijournal.com\/index.php\/wp-json\/wp\/v2\/media?parent=104317"}],"wp:term":[{"taxonomy":"category","embeddable":true,"href":"https:\/\/batijournal.com\/index.php\/wp-json\/wp\/v2\/categories?post=104317"},{"taxonomy":"post_tag","embeddable":true,"href":"https:\/\/batijournal.com\/index.php\/wp-json\/wp\/v2\/tags?post=104317"}],"curies":[{"name":"wp","href":"https:\/\/api.w.org\/{rel}","templated":true}]}}