{"id":104318,"date":"2020-06-05T16:52:10","date_gmt":"2020-06-05T14:52:10","guid":{"rendered":"https:\/\/batijournal.com\/?p=104318"},"modified":"2020-06-05T16:52:10","modified_gmt":"2020-06-05T14:52:10","slug":"les-entreprises-de-la-construction-bois-a-la-pointe-de-la-reprise","status":"publish","type":"post","link":"https:\/\/batijournal.com\/index.php\/les-entreprises-de-la-construction-bois-a-la-pointe-de-la-reprise\/104318\/","title":{"rendered":"Les entreprises de la construction bois \u00e0 la pointe de la reprise"},"content":{"rendered":"<p><strong>L\u2019Union des Industriels et Constructeurs Bois a r\u00e9alis\u00e9 une enqu\u00eate aupr\u00e8s de ses adh\u00e9rents, entre le 15 et le 28 mai, pour conna\u00eetre la fa\u00e7on dont ils avaient travers\u00e9 la crise sanitaire et \u00e9valuer leurs perspectives de reprise. Le barom\u00e8tre montre la capacit\u00e9 de rebond dans la fili\u00e8re bois, malgr\u00e9 une tr\u00e8s grande disparit\u00e9 entre les situations : certaines entreprises abordent les prochaines semaines avec beaucoup d\u2019optimisme pendant que d\u2019autres n\u2019envisagent pas leur situation s\u2019am\u00e9liorer avant 2021.<\/strong><\/p>\n<p>Si les 2\/3 des entreprises ont d\u00fb fermer leurs portes entre mi-mars et mi-avril, l\u2019activit\u00e9 a fortement red\u00e9marr\u00e9 depuis. Ainsi les adh\u00e9rents de l\u2019UICB, entreprises industrielles ou de mise en \u0153uvre sur les chantiers de construction, sont massivement mobilis\u00e9es pour assurer la reprise dans les ateliers et sur les chantiers. La bonne sant\u00e9 de la fili\u00e8re bois avant la crise sanitaire facilite cette relance, mais cette volont\u00e9 partag\u00e9e d\u2019\u00eatre un moteur pour l\u2019\u00e9conomie nationale ne doit pas faire oublier que certaines entreprises traversent encore aujourd\u2019hui de tr\u00e8s grandes difficult\u00e9s, mena\u00e7ant leur p\u00e9rennit\u00e9 \u00e0 court terme. Au 28 mai, les salari\u00e9s des entreprises sond\u00e9es ont presque tous retrouv\u00e9 leur poste de travail.<\/p>\n<p>Une entreprise sur 5 voit son carnet de commandes tr\u00e8s fortement amput\u00e9 par rapport \u00e0 la situation de l\u2019ann\u00e9e pr\u00e9c\u00e9dente, ce qui laisse craindre un grand nombre de d\u00e9faillances d\u2019ici la fin 2020. A l\u2019inverse, une entreprise sur 5 voit son carnet de commandes mieux garni qu\u2019\u00e0 la m\u00eame date en 2019. Ainsi, les perspectives d\u2019un retour \u00e0 une activit\u00e9 normale sont tr\u00e8s tranch\u00e9es : 1\/3 des r\u00e9pondants estiment que leur actvit\u00e9 retrouvera un rythme normal avant la fin de l\u2019\u00e9t\u00e9, 1\/3 voient la situation s\u2019am\u00e9liorer au dernier trimestre 2020, le dernier tiers envisage ce retour \u00e0 la normale en 2021<\/p>\n","protected":false},"excerpt":{"rendered":"<p>L\u2019Union des Industriels et Constructeurs Bois a r\u00e9alis\u00e9 une enqu\u00eate aupr\u00e8s de ses adh\u00e9rents, entre le 15 et le 28 mai, pour conna\u00eetre la fa\u00e7on dont ils avaient travers\u00e9 la crise sanitaire et \u00e9valuer leurs perspectives de reprise. Le barom\u00e8tre montre la capacit\u00e9 de rebond dans la fili\u00e8re bois, malgr\u00e9 une tr\u00e8s grande disparit\u00e9 entre [&hellip;]<\/p>\n","protected":false},"author":17,"featured_media":104319,"comment_status":"closed","ping_status":"closed","sticky":false,"template":"","format":"standard","meta":{"_et_pb_use_builder":"","_et_pb_old_content":"","_et_gb_content_width":"","footnotes":""},"categories":[10530,6345,10769,10764],"tags":[374],"class_list":["post-104318","post","type-post","status-publish","format-standard","has-post-thumbnail","hentry","category-actualites","category-economie-marches","category-publications","category-woodsurfer","tag-construction-bois-2"],"yoast_head":"<!-- This site is optimized with the Yoast SEO plugin v27.4 - https:\/\/yoast.com\/product\/yoast-seo-wordpress\/ -->\n<title>Les entreprises de la construction bois \u00e0 la pointe de la reprise<\/title>\n<meta name=\"robots\" content=\"index, follow, max-snippet:-1, max-image-preview:large, max-video-preview:-1\" \/>\n<link rel=\"canonical\" href=\"https:\/\/batijournal.com\/index.php\/les-entreprises-de-la-construction-bois-a-la-pointe-de-la-reprise\/104318\/\" \/>\n<meta property=\"og:locale\" content=\"fr_FR\" \/>\n<meta property=\"og:type\" content=\"article\" \/>\n<meta property=\"og:title\" content=\"Les entreprises de la construction bois \u00e0 la pointe de la reprise\" \/>\n<meta property=\"og:description\" content=\"L\u2019Union des Industriels et Constructeurs Bois a r\u00e9alis\u00e9 une enqu\u00eate aupr\u00e8s de ses adh\u00e9rents, entre le 15 et le 28 mai, pour conna\u00eetre la fa\u00e7on dont ils avaient travers\u00e9 la crise sanitaire et \u00e9valuer leurs perspectives de reprise. Le barom\u00e8tre montre la capacit\u00e9 de rebond dans la fili\u00e8re bois, malgr\u00e9 une tr\u00e8s grande disparit\u00e9 entre [&hellip;]\" \/>\n<meta property=\"og:url\" content=\"https:\/\/batijournal.com\/index.php\/les-entreprises-de-la-construction-bois-a-la-pointe-de-la-reprise\/104318\/\" \/>\n<meta property=\"og:site_name\" content=\"Batijournal\" \/>\n<meta property=\"article:published_time\" content=\"2020-06-05T14:52:10+00:00\" \/>\n<meta property=\"og:image\" content=\"https:\/\/batijournal.com\/wp-content\/uploads\/2020\/06\/entreprises-de-la-construction-bois.png\" \/>\n\t<meta property=\"og:image:width\" content=\"845\" \/>\n\t<meta property=\"og:image:height\" content=\"374\" \/>\n\t<meta property=\"og:image:type\" content=\"image\/png\" \/>\n<meta name=\"author\" content=\"St\u00e9phane Miget\" \/>\n<meta name=\"twitter:card\" content=\"summary_large_image\" \/>\n<meta name=\"twitter:creator\" content=\"@bati_journal\" \/>\n<meta name=\"twitter:site\" content=\"@bati_journal\" \/>\n<meta name=\"twitter:label1\" content=\"\u00c9crit par\" \/>\n\t<meta name=\"twitter:data1\" content=\"St\u00e9phane Miget\" \/>\n\t<meta name=\"twitter:label2\" content=\"Dur\u00e9e de lecture estim\u00e9e\" \/>\n\t<meta name=\"twitter:data2\" content=\"2 minutes\" \/>\n<script type=\"application\/ld+json\" class=\"yoast-schema-graph\">{\"@context\":\"https:\\\/\\\/schema.org\",\"@graph\":[{\"@type\":\"Article\",\"@id\":\"https:\\\/\\\/batijournal.com\\\/index.php\\\/les-entreprises-de-la-construction-bois-a-la-pointe-de-la-reprise\\\/104318\\\/#article\",\"isPartOf\":{\"@id\":\"https:\\\/\\\/batijournal.com\\\/index.php\\\/les-entreprises-de-la-construction-bois-a-la-pointe-de-la-reprise\\\/104318\\\/\"},\"author\":{\"name\":\"St\u00e9phane Miget\",\"@id\":\"https:\\\/\\\/batijournal.com\\\/#\\\/schema\\\/person\\\/1dc96ec6957aa1ccb25ebe78bb19f100\"},\"headline\":\"Les entreprises de la construction bois \u00e0 la pointe de la reprise\",\"datePublished\":\"2020-06-05T14:52:10+00:00\",\"mainEntityOfPage\":{\"@id\":\"https:\\\/\\\/batijournal.com\\\/index.php\\\/les-entreprises-de-la-construction-bois-a-la-pointe-de-la-reprise\\\/104318\\\/\"},\"wordCount\":328,\"image\":{\"@id\":\"https:\\\/\\\/batijournal.com\\\/index.php\\\/les-entreprises-de-la-construction-bois-a-la-pointe-de-la-reprise\\\/104318\\\/#primaryimage\"},\"thumbnailUrl\":\"https:\\\/\\\/batijournal.com\\\/wp-content\\\/uploads\\\/2020\\\/06\\\/entreprises-de-la-construction-bois.png\",\"keywords\":[\"construction bois\"],\"articleSection\":[\"Actualit\u00e9s\",\"\u00c9conomie &amp; March\u00e9s\",\"zz_Actualit\u00e9s - Woodsurfer\",\"zz_Woodsurfer\"],\"inLanguage\":\"fr-FR\"},{\"@type\":\"WebPage\",\"@id\":\"https:\\\/\\\/batijournal.com\\\/index.php\\\/les-entreprises-de-la-construction-bois-a-la-pointe-de-la-reprise\\\/104318\\\/\",\"url\":\"https:\\\/\\\/batijournal.com\\\/index.php\\\/les-entreprises-de-la-construction-bois-a-la-pointe-de-la-reprise\\\/104318\\\/\",\"name\":\"Les entreprises de la construction bois \u00e0 la pointe de la reprise\",\"isPartOf\":{\"@id\":\"https:\\\/\\\/batijournal.com\\\/#website\"},\"primaryImageOfPage\":{\"@id\":\"https:\\\/\\\/batijournal.com\\\/index.php\\\/les-entreprises-de-la-construction-bois-a-la-pointe-de-la-reprise\\\/104318\\\/#primaryimage\"},\"image\":{\"@id\":\"https:\\\/\\\/batijournal.com\\\/index.php\\\/les-entreprises-de-la-construction-bois-a-la-pointe-de-la-reprise\\\/104318\\\/#primaryimage\"},\"thumbnailUrl\":\"https:\\\/\\\/batijournal.com\\\/wp-content\\\/uploads\\\/2020\\\/06\\\/entreprises-de-la-construction-bois.png\",\"datePublished\":\"2020-06-05T14:52:10+00:00\",\"author\":{\"@id\":\"https:\\\/\\\/batijournal.com\\\/#\\\/schema\\\/person\\\/1dc96ec6957aa1ccb25ebe78bb19f100\"},\"breadcrumb\":{\"@id\":\"https:\\\/\\\/batijournal.com\\\/index.php\\\/les-entreprises-de-la-construction-bois-a-la-pointe-de-la-reprise\\\/104318\\\/#breadcrumb\"},\"inLanguage\":\"fr-FR\",\"potentialAction\":[{\"@type\":\"ReadAction\",\"target\":[\"https:\\\/\\\/batijournal.com\\\/index.php\\\/les-entreprises-de-la-construction-bois-a-la-pointe-de-la-reprise\\\/104318\\\/\"]}]},{\"@type\":\"ImageObject\",\"inLanguage\":\"fr-FR\",\"@id\":\"https:\\\/\\\/batijournal.com\\\/index.php\\\/les-entreprises-de-la-construction-bois-a-la-pointe-de-la-reprise\\\/104318\\\/#primaryimage\",\"url\":\"https:\\\/\\\/batijournal.com\\\/wp-content\\\/uploads\\\/2020\\\/06\\\/entreprises-de-la-construction-bois.png\",\"contentUrl\":\"https:\\\/\\\/batijournal.com\\\/wp-content\\\/uploads\\\/2020\\\/06\\\/entreprises-de-la-construction-bois.png\",\"width\":845,\"height\":374},{\"@type\":\"BreadcrumbList\",\"@id\":\"https:\\\/\\\/batijournal.com\\\/index.php\\\/les-entreprises-de-la-construction-bois-a-la-pointe-de-la-reprise\\\/104318\\\/#breadcrumb\",\"itemListElement\":[{\"@type\":\"ListItem\",\"position\":1,\"name\":\"Accueil\",\"item\":\"https:\\\/\\\/batijournal.com\\\/\"},{\"@type\":\"ListItem\",\"position\":2,\"name\":\"Actualit\u00e9s\",\"item\":\"https:\\\/\\\/batijournal.com\\\/index.php\\\/category\\\/actualites\\\/\"},{\"@type\":\"ListItem\",\"position\":3,\"name\":\"Les entreprises de la construction bois \u00e0 la pointe de la reprise\"}]},{\"@type\":\"WebSite\",\"@id\":\"https:\\\/\\\/batijournal.com\\\/#website\",\"url\":\"https:\\\/\\\/batijournal.com\\\/\",\"name\":\"Batijournal\",\"description\":\"L&#039;actualit\u00e9 du b\u00e2timent\",\"potentialAction\":[{\"@type\":\"SearchAction\",\"target\":{\"@type\":\"EntryPoint\",\"urlTemplate\":\"https:\\\/\\\/batijournal.com\\\/?s={search_term_string}\"},\"query-input\":{\"@type\":\"PropertyValueSpecification\",\"valueRequired\":true,\"valueName\":\"search_term_string\"}}],\"inLanguage\":\"fr-FR\"},{\"@type\":\"Person\",\"@id\":\"https:\\\/\\\/batijournal.com\\\/#\\\/schema\\\/person\\\/1dc96ec6957aa1ccb25ebe78bb19f100\",\"name\":\"St\u00e9phane Miget\",\"image\":{\"@type\":\"ImageObject\",\"inLanguage\":\"fr-FR\",\"@id\":\"https:\\\/\\\/secure.gravatar.com\\\/avatar\\\/89915563d925342126b8ef0281b93d9d7fc337043e8df017f780908eb9644451?s=96&d=mm&r=g\",\"url\":\"https:\\\/\\\/secure.gravatar.com\\\/avatar\\\/89915563d925342126b8ef0281b93d9d7fc337043e8df017f780908eb9644451?s=96&d=mm&r=g\",\"contentUrl\":\"https:\\\/\\\/secure.gravatar.com\\\/avatar\\\/89915563d925342126b8ef0281b93d9d7fc337043e8df017f780908eb9644451?s=96&d=mm&r=g\",\"caption\":\"St\u00e9phane Miget\"},\"url\":\"https:\\\/\\\/batijournal.com\\\/index.php\\\/author\\\/stephane\\\/\"}]}<\/script>\n<!-- \/ Yoast SEO plugin. -->","yoast_head_json":{"title":"Les entreprises de la construction bois \u00e0 la pointe de la reprise","robots":{"index":"index","follow":"follow","max-snippet":"max-snippet:-1","max-image-preview":"max-image-preview:large","max-video-preview":"max-video-preview:-1"},"canonical":"https:\/\/batijournal.com\/index.php\/les-entreprises-de-la-construction-bois-a-la-pointe-de-la-reprise\/104318\/","og_locale":"fr_FR","og_type":"article","og_title":"Les entreprises de la construction bois \u00e0 la pointe de la reprise","og_description":"L\u2019Union des Industriels et Constructeurs Bois a r\u00e9alis\u00e9 une enqu\u00eate aupr\u00e8s de ses adh\u00e9rents, entre le 15 et le 28 mai, pour conna\u00eetre la fa\u00e7on dont ils avaient travers\u00e9 la crise sanitaire et \u00e9valuer leurs perspectives de reprise. Le barom\u00e8tre montre la capacit\u00e9 de rebond dans la fili\u00e8re bois, malgr\u00e9 une tr\u00e8s grande disparit\u00e9 entre [&hellip;]","og_url":"https:\/\/batijournal.com\/index.php\/les-entreprises-de-la-construction-bois-a-la-pointe-de-la-reprise\/104318\/","og_site_name":"Batijournal","article_published_time":"2020-06-05T14:52:10+00:00","og_image":[{"width":845,"height":374,"url":"https:\/\/batijournal.com\/wp-content\/uploads\/2020\/06\/entreprises-de-la-construction-bois.png","type":"image\/png"}],"author":"St\u00e9phane Miget","twitter_card":"summary_large_image","twitter_creator":"@bati_journal","twitter_site":"@bati_journal","twitter_misc":{"\u00c9crit par":"St\u00e9phane Miget","Dur\u00e9e de lecture estim\u00e9e":"2 minutes"},"schema":{"@context":"https:\/\/schema.org","@graph":[{"@type":"Article","@id":"https:\/\/batijournal.com\/index.php\/les-entreprises-de-la-construction-bois-a-la-pointe-de-la-reprise\/104318\/#article","isPartOf":{"@id":"https:\/\/batijournal.com\/index.php\/les-entreprises-de-la-construction-bois-a-la-pointe-de-la-reprise\/104318\/"},"author":{"name":"St\u00e9phane Miget","@id":"https:\/\/batijournal.com\/#\/schema\/person\/1dc96ec6957aa1ccb25ebe78bb19f100"},"headline":"Les entreprises de la construction bois \u00e0 la pointe de la reprise","datePublished":"2020-06-05T14:52:10+00:00","mainEntityOfPage":{"@id":"https:\/\/batijournal.com\/index.php\/les-entreprises-de-la-construction-bois-a-la-pointe-de-la-reprise\/104318\/"},"wordCount":328,"image":{"@id":"https:\/\/batijournal.com\/index.php\/les-entreprises-de-la-construction-bois-a-la-pointe-de-la-reprise\/104318\/#primaryimage"},"thumbnailUrl":"https:\/\/batijournal.com\/wp-content\/uploads\/2020\/06\/entreprises-de-la-construction-bois.png","keywords":["construction bois"],"articleSection":["Actualit\u00e9s","\u00c9conomie &amp; March\u00e9s","zz_Actualit\u00e9s - Woodsurfer","zz_Woodsurfer"],"inLanguage":"fr-FR"},{"@type":"WebPage","@id":"https:\/\/batijournal.com\/index.php\/les-entreprises-de-la-construction-bois-a-la-pointe-de-la-reprise\/104318\/","url":"https:\/\/batijournal.com\/index.php\/les-entreprises-de-la-construction-bois-a-la-pointe-de-la-reprise\/104318\/","name":"Les entreprises de la construction bois \u00e0 la pointe de la reprise","isPartOf":{"@id":"https:\/\/batijournal.com\/#website"},"primaryImageOfPage":{"@id":"https:\/\/batijournal.com\/index.php\/les-entreprises-de-la-construction-bois-a-la-pointe-de-la-reprise\/104318\/#primaryimage"},"image":{"@id":"https:\/\/batijournal.com\/index.php\/les-entreprises-de-la-construction-bois-a-la-pointe-de-la-reprise\/104318\/#primaryimage"},"thumbnailUrl":"https:\/\/batijournal.com\/wp-content\/uploads\/2020\/06\/entreprises-de-la-construction-bois.png","datePublished":"2020-06-05T14:52:10+00:00","author":{"@id":"https:\/\/batijournal.com\/#\/schema\/person\/1dc96ec6957aa1ccb25ebe78bb19f100"},"breadcrumb":{"@id":"https:\/\/batijournal.com\/index.php\/les-entreprises-de-la-construction-bois-a-la-pointe-de-la-reprise\/104318\/#breadcrumb"},"inLanguage":"fr-FR","potentialAction":[{"@type":"ReadAction","target":["https:\/\/batijournal.com\/index.php\/les-entreprises-de-la-construction-bois-a-la-pointe-de-la-reprise\/104318\/"]}]},{"@type":"ImageObject","inLanguage":"fr-FR","@id":"https:\/\/batijournal.com\/index.php\/les-entreprises-de-la-construction-bois-a-la-pointe-de-la-reprise\/104318\/#primaryimage","url":"https:\/\/batijournal.com\/wp-content\/uploads\/2020\/06\/entreprises-de-la-construction-bois.png","contentUrl":"https:\/\/batijournal.com\/wp-content\/uploads\/2020\/06\/entreprises-de-la-construction-bois.png","width":845,"height":374},{"@type":"BreadcrumbList","@id":"https:\/\/batijournal.com\/index.php\/les-entreprises-de-la-construction-bois-a-la-pointe-de-la-reprise\/104318\/#breadcrumb","itemListElement":[{"@type":"ListItem","position":1,"name":"Accueil","item":"https:\/\/batijournal.com\/"},{"@type":"ListItem","position":2,"name":"Actualit\u00e9s","item":"https:\/\/batijournal.com\/index.php\/category\/actualites\/"},{"@type":"ListItem","position":3,"name":"Les entreprises de la construction bois \u00e0 la pointe de la reprise"}]},{"@type":"WebSite","@id":"https:\/\/batijournal.com\/#website","url":"https:\/\/batijournal.com\/","name":"Batijournal","description":"L&#039;actualit\u00e9 du b\u00e2timent","potentialAction":[{"@type":"SearchAction","target":{"@type":"EntryPoint","urlTemplate":"https:\/\/batijournal.com\/?s={search_term_string}"},"query-input":{"@type":"PropertyValueSpecification","valueRequired":true,"valueName":"search_term_string"}}],"inLanguage":"fr-FR"},{"@type":"Person","@id":"https:\/\/batijournal.com\/#\/schema\/person\/1dc96ec6957aa1ccb25ebe78bb19f100","name":"St\u00e9phane Miget","image":{"@type":"ImageObject","inLanguage":"fr-FR","@id":"https:\/\/secure.gravatar.com\/avatar\/89915563d925342126b8ef0281b93d9d7fc337043e8df017f780908eb9644451?s=96&d=mm&r=g","url":"https:\/\/secure.gravatar.com\/avatar\/89915563d925342126b8ef0281b93d9d7fc337043e8df017f780908eb9644451?s=96&d=mm&r=g","contentUrl":"https:\/\/secure.gravatar.com\/avatar\/89915563d925342126b8ef0281b93d9d7fc337043e8df017f780908eb9644451?s=96&d=mm&r=g","caption":"St\u00e9phane Miget"},"url":"https:\/\/batijournal.com\/index.php\/author\/stephane\/"}]}},"_links":{"self":[{"href":"https:\/\/batijournal.com\/index.php\/wp-json\/wp\/v2\/posts\/104318","targetHints":{"allow":["GET"]}}],"collection":[{"href":"https:\/\/batijournal.com\/index.php\/wp-json\/wp\/v2\/posts"}],"about":[{"href":"https:\/\/batijournal.com\/index.php\/wp-json\/wp\/v2\/types\/post"}],"author":[{"embeddable":true,"href":"https:\/\/batijournal.com\/index.php\/wp-json\/wp\/v2\/users\/17"}],"replies":[{"embeddable":true,"href":"https:\/\/batijournal.com\/index.php\/wp-json\/wp\/v2\/comments?post=104318"}],"version-history":[{"count":0,"href":"https:\/\/batijournal.com\/index.php\/wp-json\/wp\/v2\/posts\/104318\/revisions"}],"wp:featuredmedia":[{"embeddable":true,"href":"https:\/\/batijournal.com\/index.php\/wp-json\/wp\/v2\/media\/104319"}],"wp:attachment":[{"href":"https:\/\/batijournal.com\/index.php\/wp-json\/wp\/v2\/media?parent=104318"}],"wp:term":[{"taxonomy":"category","embeddable":true,"href":"https:\/\/batijournal.com\/index.php\/wp-json\/wp\/v2\/categories?post=104318"},{"taxonomy":"post_tag","embeddable":true,"href":"https:\/\/batijournal.com\/index.php\/wp-json\/wp\/v2\/tags?post=104318"}],"curies":[{"name":"wp","href":"https:\/\/api.w.org\/{rel}","templated":true}]}}