{"id":104324,"date":"2020-06-08T06:03:57","date_gmt":"2020-06-08T04:03:57","guid":{"rendered":"https:\/\/batijournal.com\/?p=104324"},"modified":"2020-06-08T06:03:57","modified_gmt":"2020-06-08T04:03:57","slug":"le-plancher-chauffant-rafraichissant-se-developpe-dans-le-logement-collectif","status":"publish","type":"post","link":"https:\/\/batijournal.com\/index.php\/le-plancher-chauffant-rafraichissant-se-developpe-dans-le-logement-collectif\/104324\/","title":{"rendered":"Le plancher chauffant \/ rafra\u00eechissant se d\u00e9veloppe dans le logement collectif"},"content":{"rendered":"<p>Le syndicat national des fabricants de composants et de syst\u00e8mes int\u00e9gr\u00e9s de chauffage, rafra\u00eechissement et sanitaires (Cochebat) publie les r\u00e9sultats d&rsquo;une \u00e9tude aupr\u00e8s des sur le plancher chauffant \/ rafra\u00eechissant dans le logement collectif en France. Il y a en Europe plus de 50 % de planchers chauffants \/ rafra\u00eechissants dans le logement collectif, contre seulement 20 % en France. Ces chiffres sont en fort d\u00e9calage avec le logement individuel, puisque 60.% des maisons s\u2019\u00e9quipent aujourd\u2019hui de ce syst\u00e8me. \u00ab 1 prescripteur sur 2 recommande aujourd\u2019hui les planchers chauffants \/ rafra\u00eechissants, notamment les architectes, sensibles au design et \u00e0 l\u2019optimisation de l\u2019espace. En effet, le syst\u00e8me permet d\u2019\u00e9conomiser jusqu\u2019\u00e0 + 8% de surface habitable. De plus, cette solution met en avant l\u2019absence de bruit (95 %) et offre un syst\u00e8me complet (92 %). Le premier frein identifi\u00e9 pour int\u00e9grer davantage nos solutions dans le logement collectif concerne le co\u00fbt (pour 40 % des prescripteurs), qui peut s\u2019expliquer en partie par la difficult\u00e9 de mon\u00e9tiser le confort. Pourtant, nous avons un rapport Euro-m2 parmi les moins chers d\u2019Europe \u00bb, explique Hugues de Marne, Pr\u00e9sident de la commission communication Cochebat. Le syndicat indique pour ses adh\u00e9rents une croissance de +17 % pour les dalles, +16 % pour les collecteurs et +13 % pour la r\u00e9gulation pour le march\u00e9 du plancher chauffant \/ rafra\u00eechissant.<\/p>\n<p>&nbsp;<\/p>\n<p>Visuel : plancher chauffant certitherm<\/p>\n","protected":false},"excerpt":{"rendered":"<p>Le syndicat national des fabricants de composants et de syst\u00e8mes int\u00e9gr\u00e9s de chauffage, rafra\u00eechissement et sanitaires (Cochebat) publie les r\u00e9sultats d&rsquo;une \u00e9tude aupr\u00e8s des sur le plancher chauffant \/ rafra\u00eechissant dans le logement collectif en France. Il y a en Europe plus de 50 % de planchers chauffants \/ rafra\u00eechissants dans le logement collectif, contre [&hellip;]<\/p>\n","protected":false},"author":17,"featured_media":96852,"comment_status":"closed","ping_status":"closed","sticky":false,"template":"","format":"standard","meta":{"_et_pb_use_builder":"","_et_pb_old_content":"","_et_gb_content_width":"","footnotes":""},"categories":[10530,6351,10781,10778],"tags":[6618],"class_list":["post-104324","post","type-post","status-publish","format-standard","has-post-thumbnail","hentry","category-actualites","category-energie-environnement","category-publications-planete","category-planete","tag-plancher-chauffant"],"yoast_head":"<!-- This site is optimized with the Yoast SEO plugin v27.4 - https:\/\/yoast.com\/product\/yoast-seo-wordpress\/ -->\n<title>Le plancher chauffant \/ rafra\u00eechissant se d\u00e9veloppe dans le logement collectif<\/title>\n<meta name=\"robots\" content=\"index, follow, max-snippet:-1, max-image-preview:large, max-video-preview:-1\" \/>\n<link rel=\"canonical\" href=\"https:\/\/batijournal.com\/index.php\/le-plancher-chauffant-rafraichissant-se-developpe-dans-le-logement-collectif\/104324\/\" \/>\n<meta property=\"og:locale\" content=\"fr_FR\" \/>\n<meta property=\"og:type\" content=\"article\" \/>\n<meta property=\"og:title\" content=\"Le plancher chauffant \/ rafra\u00eechissant se d\u00e9veloppe dans le logement collectif\" \/>\n<meta property=\"og:description\" content=\"Le syndicat national des fabricants de composants et de syst\u00e8mes int\u00e9gr\u00e9s de chauffage, rafra\u00eechissement et sanitaires (Cochebat) publie les r\u00e9sultats d&rsquo;une \u00e9tude aupr\u00e8s des sur le plancher chauffant \/ rafra\u00eechissant dans le logement collectif en France. Il y a en Europe plus de 50 % de planchers chauffants \/ rafra\u00eechissants dans le logement collectif, contre [&hellip;]\" \/>\n<meta property=\"og:url\" content=\"https:\/\/batijournal.com\/index.php\/le-plancher-chauffant-rafraichissant-se-developpe-dans-le-logement-collectif\/104324\/\" \/>\n<meta property=\"og:site_name\" content=\"Batijournal\" \/>\n<meta property=\"article:published_time\" content=\"2020-06-08T04:03:57+00:00\" \/>\n<meta property=\"og:image\" content=\"https:\/\/batijournal.com\/wp-content\/uploads\/2017\/09\/plancher-chauffant-certitherm.jpg\" \/>\n\t<meta property=\"og:image:width\" content=\"711\" \/>\n\t<meta property=\"og:image:height\" content=\"537\" \/>\n\t<meta property=\"og:image:type\" content=\"image\/jpeg\" \/>\n<meta name=\"author\" content=\"St\u00e9phane Miget\" \/>\n<meta name=\"twitter:card\" content=\"summary_large_image\" \/>\n<meta name=\"twitter:creator\" content=\"@bati_journal\" \/>\n<meta name=\"twitter:site\" content=\"@bati_journal\" \/>\n<meta name=\"twitter:label1\" content=\"\u00c9crit par\" \/>\n\t<meta name=\"twitter:data1\" content=\"St\u00e9phane Miget\" \/>\n\t<meta name=\"twitter:label2\" content=\"Dur\u00e9e de lecture estim\u00e9e\" \/>\n\t<meta name=\"twitter:data2\" content=\"1 minute\" \/>\n<script type=\"application\/ld+json\" class=\"yoast-schema-graph\">{\"@context\":\"https:\\\/\\\/schema.org\",\"@graph\":[{\"@type\":\"Article\",\"@id\":\"https:\\\/\\\/batijournal.com\\\/index.php\\\/le-plancher-chauffant-rafraichissant-se-developpe-dans-le-logement-collectif\\\/104324\\\/#article\",\"isPartOf\":{\"@id\":\"https:\\\/\\\/batijournal.com\\\/index.php\\\/le-plancher-chauffant-rafraichissant-se-developpe-dans-le-logement-collectif\\\/104324\\\/\"},\"author\":{\"name\":\"St\u00e9phane Miget\",\"@id\":\"https:\\\/\\\/batijournal.com\\\/#\\\/schema\\\/person\\\/1dc96ec6957aa1ccb25ebe78bb19f100\"},\"headline\":\"Le plancher chauffant \\\/ rafra\u00eechissant se d\u00e9veloppe dans le logement collectif\",\"datePublished\":\"2020-06-08T04:03:57+00:00\",\"mainEntityOfPage\":{\"@id\":\"https:\\\/\\\/batijournal.com\\\/index.php\\\/le-plancher-chauffant-rafraichissant-se-developpe-dans-le-logement-collectif\\\/104324\\\/\"},\"wordCount\":240,\"image\":{\"@id\":\"https:\\\/\\\/batijournal.com\\\/index.php\\\/le-plancher-chauffant-rafraichissant-se-developpe-dans-le-logement-collectif\\\/104324\\\/#primaryimage\"},\"thumbnailUrl\":\"https:\\\/\\\/batijournal.com\\\/wp-content\\\/uploads\\\/2017\\\/09\\\/plancher-chauffant-certitherm.jpg\",\"keywords\":[\"plancher chauffant\"],\"articleSection\":[\"Actualit\u00e9s\",\"\u00c9nergie &amp; Environnement\",\"zz_Actualit\u00e9s - Plan\u00e8te\",\"zz_Plan\u00e8te B\u00e2timent\"],\"inLanguage\":\"fr-FR\"},{\"@type\":\"WebPage\",\"@id\":\"https:\\\/\\\/batijournal.com\\\/index.php\\\/le-plancher-chauffant-rafraichissant-se-developpe-dans-le-logement-collectif\\\/104324\\\/\",\"url\":\"https:\\\/\\\/batijournal.com\\\/index.php\\\/le-plancher-chauffant-rafraichissant-se-developpe-dans-le-logement-collectif\\\/104324\\\/\",\"name\":\"Le plancher chauffant \\\/ rafra\u00eechissant se d\u00e9veloppe dans le logement collectif\",\"isPartOf\":{\"@id\":\"https:\\\/\\\/batijournal.com\\\/#website\"},\"primaryImageOfPage\":{\"@id\":\"https:\\\/\\\/batijournal.com\\\/index.php\\\/le-plancher-chauffant-rafraichissant-se-developpe-dans-le-logement-collectif\\\/104324\\\/#primaryimage\"},\"image\":{\"@id\":\"https:\\\/\\\/batijournal.com\\\/index.php\\\/le-plancher-chauffant-rafraichissant-se-developpe-dans-le-logement-collectif\\\/104324\\\/#primaryimage\"},\"thumbnailUrl\":\"https:\\\/\\\/batijournal.com\\\/wp-content\\\/uploads\\\/2017\\\/09\\\/plancher-chauffant-certitherm.jpg\",\"datePublished\":\"2020-06-08T04:03:57+00:00\",\"author\":{\"@id\":\"https:\\\/\\\/batijournal.com\\\/#\\\/schema\\\/person\\\/1dc96ec6957aa1ccb25ebe78bb19f100\"},\"breadcrumb\":{\"@id\":\"https:\\\/\\\/batijournal.com\\\/index.php\\\/le-plancher-chauffant-rafraichissant-se-developpe-dans-le-logement-collectif\\\/104324\\\/#breadcrumb\"},\"inLanguage\":\"fr-FR\",\"potentialAction\":[{\"@type\":\"ReadAction\",\"target\":[\"https:\\\/\\\/batijournal.com\\\/index.php\\\/le-plancher-chauffant-rafraichissant-se-developpe-dans-le-logement-collectif\\\/104324\\\/\"]}]},{\"@type\":\"ImageObject\",\"inLanguage\":\"fr-FR\",\"@id\":\"https:\\\/\\\/batijournal.com\\\/index.php\\\/le-plancher-chauffant-rafraichissant-se-developpe-dans-le-logement-collectif\\\/104324\\\/#primaryimage\",\"url\":\"https:\\\/\\\/batijournal.com\\\/wp-content\\\/uploads\\\/2017\\\/09\\\/plancher-chauffant-certitherm.jpg\",\"contentUrl\":\"https:\\\/\\\/batijournal.com\\\/wp-content\\\/uploads\\\/2017\\\/09\\\/plancher-chauffant-certitherm.jpg\",\"width\":711,\"height\":537},{\"@type\":\"BreadcrumbList\",\"@id\":\"https:\\\/\\\/batijournal.com\\\/index.php\\\/le-plancher-chauffant-rafraichissant-se-developpe-dans-le-logement-collectif\\\/104324\\\/#breadcrumb\",\"itemListElement\":[{\"@type\":\"ListItem\",\"position\":1,\"name\":\"Accueil\",\"item\":\"https:\\\/\\\/batijournal.com\\\/\"},{\"@type\":\"ListItem\",\"position\":2,\"name\":\"Actualit\u00e9s\",\"item\":\"https:\\\/\\\/batijournal.com\\\/index.php\\\/category\\\/actualites\\\/\"},{\"@type\":\"ListItem\",\"position\":3,\"name\":\"Le plancher chauffant \\\/ rafra\u00eechissant se d\u00e9veloppe dans le logement collectif\"}]},{\"@type\":\"WebSite\",\"@id\":\"https:\\\/\\\/batijournal.com\\\/#website\",\"url\":\"https:\\\/\\\/batijournal.com\\\/\",\"name\":\"Batijournal\",\"description\":\"L&#039;actualit\u00e9 du b\u00e2timent\",\"potentialAction\":[{\"@type\":\"SearchAction\",\"target\":{\"@type\":\"EntryPoint\",\"urlTemplate\":\"https:\\\/\\\/batijournal.com\\\/?s={search_term_string}\"},\"query-input\":{\"@type\":\"PropertyValueSpecification\",\"valueRequired\":true,\"valueName\":\"search_term_string\"}}],\"inLanguage\":\"fr-FR\"},{\"@type\":\"Person\",\"@id\":\"https:\\\/\\\/batijournal.com\\\/#\\\/schema\\\/person\\\/1dc96ec6957aa1ccb25ebe78bb19f100\",\"name\":\"St\u00e9phane Miget\",\"image\":{\"@type\":\"ImageObject\",\"inLanguage\":\"fr-FR\",\"@id\":\"https:\\\/\\\/secure.gravatar.com\\\/avatar\\\/89915563d925342126b8ef0281b93d9d7fc337043e8df017f780908eb9644451?s=96&d=mm&r=g\",\"url\":\"https:\\\/\\\/secure.gravatar.com\\\/avatar\\\/89915563d925342126b8ef0281b93d9d7fc337043e8df017f780908eb9644451?s=96&d=mm&r=g\",\"contentUrl\":\"https:\\\/\\\/secure.gravatar.com\\\/avatar\\\/89915563d925342126b8ef0281b93d9d7fc337043e8df017f780908eb9644451?s=96&d=mm&r=g\",\"caption\":\"St\u00e9phane Miget\"},\"url\":\"https:\\\/\\\/batijournal.com\\\/index.php\\\/author\\\/stephane\\\/\"}]}<\/script>\n<!-- \/ Yoast SEO plugin. -->","yoast_head_json":{"title":"Le plancher chauffant \/ rafra\u00eechissant se d\u00e9veloppe dans le logement collectif","robots":{"index":"index","follow":"follow","max-snippet":"max-snippet:-1","max-image-preview":"max-image-preview:large","max-video-preview":"max-video-preview:-1"},"canonical":"https:\/\/batijournal.com\/index.php\/le-plancher-chauffant-rafraichissant-se-developpe-dans-le-logement-collectif\/104324\/","og_locale":"fr_FR","og_type":"article","og_title":"Le plancher chauffant \/ rafra\u00eechissant se d\u00e9veloppe dans le logement collectif","og_description":"Le syndicat national des fabricants de composants et de syst\u00e8mes int\u00e9gr\u00e9s de chauffage, rafra\u00eechissement et sanitaires (Cochebat) publie les r\u00e9sultats d&rsquo;une \u00e9tude aupr\u00e8s des sur le plancher chauffant \/ rafra\u00eechissant dans le logement collectif en France. Il y a en Europe plus de 50 % de planchers chauffants \/ rafra\u00eechissants dans le logement collectif, contre [&hellip;]","og_url":"https:\/\/batijournal.com\/index.php\/le-plancher-chauffant-rafraichissant-se-developpe-dans-le-logement-collectif\/104324\/","og_site_name":"Batijournal","article_published_time":"2020-06-08T04:03:57+00:00","og_image":[{"width":711,"height":537,"url":"https:\/\/batijournal.com\/wp-content\/uploads\/2017\/09\/plancher-chauffant-certitherm.jpg","type":"image\/jpeg"}],"author":"St\u00e9phane Miget","twitter_card":"summary_large_image","twitter_creator":"@bati_journal","twitter_site":"@bati_journal","twitter_misc":{"\u00c9crit par":"St\u00e9phane Miget","Dur\u00e9e de lecture estim\u00e9e":"1 minute"},"schema":{"@context":"https:\/\/schema.org","@graph":[{"@type":"Article","@id":"https:\/\/batijournal.com\/index.php\/le-plancher-chauffant-rafraichissant-se-developpe-dans-le-logement-collectif\/104324\/#article","isPartOf":{"@id":"https:\/\/batijournal.com\/index.php\/le-plancher-chauffant-rafraichissant-se-developpe-dans-le-logement-collectif\/104324\/"},"author":{"name":"St\u00e9phane Miget","@id":"https:\/\/batijournal.com\/#\/schema\/person\/1dc96ec6957aa1ccb25ebe78bb19f100"},"headline":"Le plancher chauffant \/ rafra\u00eechissant se d\u00e9veloppe dans le logement collectif","datePublished":"2020-06-08T04:03:57+00:00","mainEntityOfPage":{"@id":"https:\/\/batijournal.com\/index.php\/le-plancher-chauffant-rafraichissant-se-developpe-dans-le-logement-collectif\/104324\/"},"wordCount":240,"image":{"@id":"https:\/\/batijournal.com\/index.php\/le-plancher-chauffant-rafraichissant-se-developpe-dans-le-logement-collectif\/104324\/#primaryimage"},"thumbnailUrl":"https:\/\/batijournal.com\/wp-content\/uploads\/2017\/09\/plancher-chauffant-certitherm.jpg","keywords":["plancher chauffant"],"articleSection":["Actualit\u00e9s","\u00c9nergie &amp; Environnement","zz_Actualit\u00e9s - Plan\u00e8te","zz_Plan\u00e8te B\u00e2timent"],"inLanguage":"fr-FR"},{"@type":"WebPage","@id":"https:\/\/batijournal.com\/index.php\/le-plancher-chauffant-rafraichissant-se-developpe-dans-le-logement-collectif\/104324\/","url":"https:\/\/batijournal.com\/index.php\/le-plancher-chauffant-rafraichissant-se-developpe-dans-le-logement-collectif\/104324\/","name":"Le plancher chauffant \/ rafra\u00eechissant se d\u00e9veloppe dans le logement collectif","isPartOf":{"@id":"https:\/\/batijournal.com\/#website"},"primaryImageOfPage":{"@id":"https:\/\/batijournal.com\/index.php\/le-plancher-chauffant-rafraichissant-se-developpe-dans-le-logement-collectif\/104324\/#primaryimage"},"image":{"@id":"https:\/\/batijournal.com\/index.php\/le-plancher-chauffant-rafraichissant-se-developpe-dans-le-logement-collectif\/104324\/#primaryimage"},"thumbnailUrl":"https:\/\/batijournal.com\/wp-content\/uploads\/2017\/09\/plancher-chauffant-certitherm.jpg","datePublished":"2020-06-08T04:03:57+00:00","author":{"@id":"https:\/\/batijournal.com\/#\/schema\/person\/1dc96ec6957aa1ccb25ebe78bb19f100"},"breadcrumb":{"@id":"https:\/\/batijournal.com\/index.php\/le-plancher-chauffant-rafraichissant-se-developpe-dans-le-logement-collectif\/104324\/#breadcrumb"},"inLanguage":"fr-FR","potentialAction":[{"@type":"ReadAction","target":["https:\/\/batijournal.com\/index.php\/le-plancher-chauffant-rafraichissant-se-developpe-dans-le-logement-collectif\/104324\/"]}]},{"@type":"ImageObject","inLanguage":"fr-FR","@id":"https:\/\/batijournal.com\/index.php\/le-plancher-chauffant-rafraichissant-se-developpe-dans-le-logement-collectif\/104324\/#primaryimage","url":"https:\/\/batijournal.com\/wp-content\/uploads\/2017\/09\/plancher-chauffant-certitherm.jpg","contentUrl":"https:\/\/batijournal.com\/wp-content\/uploads\/2017\/09\/plancher-chauffant-certitherm.jpg","width":711,"height":537},{"@type":"BreadcrumbList","@id":"https:\/\/batijournal.com\/index.php\/le-plancher-chauffant-rafraichissant-se-developpe-dans-le-logement-collectif\/104324\/#breadcrumb","itemListElement":[{"@type":"ListItem","position":1,"name":"Accueil","item":"https:\/\/batijournal.com\/"},{"@type":"ListItem","position":2,"name":"Actualit\u00e9s","item":"https:\/\/batijournal.com\/index.php\/category\/actualites\/"},{"@type":"ListItem","position":3,"name":"Le plancher chauffant \/ rafra\u00eechissant se d\u00e9veloppe dans le logement collectif"}]},{"@type":"WebSite","@id":"https:\/\/batijournal.com\/#website","url":"https:\/\/batijournal.com\/","name":"Batijournal","description":"L&#039;actualit\u00e9 du b\u00e2timent","potentialAction":[{"@type":"SearchAction","target":{"@type":"EntryPoint","urlTemplate":"https:\/\/batijournal.com\/?s={search_term_string}"},"query-input":{"@type":"PropertyValueSpecification","valueRequired":true,"valueName":"search_term_string"}}],"inLanguage":"fr-FR"},{"@type":"Person","@id":"https:\/\/batijournal.com\/#\/schema\/person\/1dc96ec6957aa1ccb25ebe78bb19f100","name":"St\u00e9phane Miget","image":{"@type":"ImageObject","inLanguage":"fr-FR","@id":"https:\/\/secure.gravatar.com\/avatar\/89915563d925342126b8ef0281b93d9d7fc337043e8df017f780908eb9644451?s=96&d=mm&r=g","url":"https:\/\/secure.gravatar.com\/avatar\/89915563d925342126b8ef0281b93d9d7fc337043e8df017f780908eb9644451?s=96&d=mm&r=g","contentUrl":"https:\/\/secure.gravatar.com\/avatar\/89915563d925342126b8ef0281b93d9d7fc337043e8df017f780908eb9644451?s=96&d=mm&r=g","caption":"St\u00e9phane Miget"},"url":"https:\/\/batijournal.com\/index.php\/author\/stephane\/"}]}},"_links":{"self":[{"href":"https:\/\/batijournal.com\/index.php\/wp-json\/wp\/v2\/posts\/104324","targetHints":{"allow":["GET"]}}],"collection":[{"href":"https:\/\/batijournal.com\/index.php\/wp-json\/wp\/v2\/posts"}],"about":[{"href":"https:\/\/batijournal.com\/index.php\/wp-json\/wp\/v2\/types\/post"}],"author":[{"embeddable":true,"href":"https:\/\/batijournal.com\/index.php\/wp-json\/wp\/v2\/users\/17"}],"replies":[{"embeddable":true,"href":"https:\/\/batijournal.com\/index.php\/wp-json\/wp\/v2\/comments?post=104324"}],"version-history":[{"count":0,"href":"https:\/\/batijournal.com\/index.php\/wp-json\/wp\/v2\/posts\/104324\/revisions"}],"wp:featuredmedia":[{"embeddable":true,"href":"https:\/\/batijournal.com\/index.php\/wp-json\/wp\/v2\/media\/96852"}],"wp:attachment":[{"href":"https:\/\/batijournal.com\/index.php\/wp-json\/wp\/v2\/media?parent=104324"}],"wp:term":[{"taxonomy":"category","embeddable":true,"href":"https:\/\/batijournal.com\/index.php\/wp-json\/wp\/v2\/categories?post=104324"},{"taxonomy":"post_tag","embeddable":true,"href":"https:\/\/batijournal.com\/index.php\/wp-json\/wp\/v2\/tags?post=104324"}],"curies":[{"name":"wp","href":"https:\/\/api.w.org\/{rel}","templated":true}]}}