{"id":104358,"date":"2020-06-15T07:24:12","date_gmt":"2020-06-15T05:24:12","guid":{"rendered":"https:\/\/batijournal.com\/?p=104358"},"modified":"2020-06-15T07:24:12","modified_gmt":"2020-06-15T05:24:12","slug":"le-nouveau-president-de-la-ffb-prend-ses-fonctions-et-annonce-les-etats-generaux-de-la-construction","status":"publish","type":"post","link":"https:\/\/batijournal.com\/index.php\/le-nouveau-president-de-la-ffb-prend-ses-fonctions-et-annonce-les-etats-generaux-de-la-construction\/104358\/","title":{"rendered":"Le nouveau pr\u00e9sident de la FFB prend ses fonctions et annonce les Etats g\u00e9n\u00e9raux de la construction"},"content":{"rendered":"<p>Olivier SALLERON, \u00e9lu pr\u00e9sident de la F\u00e9d\u00e9ration Fran\u00e7aise du B\u00e2timent le 20 mars dernier, vient de succ\u00e9der \u00e0 Jacques CHANUT lors du conseil d\u2019administration de la F\u00e9d\u00e9ration. Au cours de son intervention, le nouveau pr\u00e9sident a rappel\u00e9 sa d\u00e9termination \u00e0 donner plus de place au b\u00e2timent dans l&rsquo;\u00e9conomie nationale et \u00e0 pr\u00e9parer le futur de la profession. C\u2019est pourquoi, il a annonc\u00e9 le lancement des Etats g\u00e9n\u00e9raux de la construction. Cet appel \u00e0 la mobilisation g\u00e9n\u00e9rale s&rsquo;inscrit dans le cadre d\u2019une n\u00e9cessaire relance apr\u00e8s la crise sanitaire subie de plein fouet. Pour Olivier SALLERON : <em>\u00ab C&rsquo;est une grande fiert\u00e9 que de prendre la pr\u00e9sidence de la FFB. Avec mon \u00e9quipe, motiv\u00e9e et d\u00e9j\u00e0 pleinement engag\u00e9e, je consacrerai toute mon \u00e9nergie et mon action \u00e0 la promotion et la repr\u00e9sentation des 50 000 artisans et entrepreneurs adh\u00e9rents de la f\u00e9d\u00e9ration. Nous allons r\u00e9pondre aux d\u00e9fis immenses qui nous attendent. Le lancement d&rsquo;un plan massif de r\u00e9novation \u00e9nerg\u00e9tique des b\u00e2timents en est une premi\u00e8re illustration, au m\u00eame titre que la n\u00e9cessit\u00e9 d&rsquo;accompagner la r\u00e9novation ou la construction d&rsquo;un million de logements par an sur tout le territoire. L&#8217;emploi et la dynamique territoriale seront au c\u0153ur de mon engagement pour conserver toutes ses lettres de noblesse \u00e0 notre profession et faire reconna\u00eetre, \u00e0 son juste niveau, la contribution essentielle de notre secteur \u00e0 la vie \u00e9conomique et sociale de la France \u00bb.<\/em><\/p>\n","protected":false},"excerpt":{"rendered":"<p>Olivier SALLERON, \u00e9lu pr\u00e9sident de la F\u00e9d\u00e9ration Fran\u00e7aise du B\u00e2timent le 20 mars dernier, vient de succ\u00e9der \u00e0 Jacques CHANUT lors du conseil d\u2019administration de la F\u00e9d\u00e9ration. Au cours de son intervention, le nouveau pr\u00e9sident a rappel\u00e9 sa d\u00e9termination \u00e0 donner plus de place au b\u00e2timent dans l&rsquo;\u00e9conomie nationale et \u00e0 pr\u00e9parer le futur de [&hellip;]<\/p>\n","protected":false},"author":17,"featured_media":103980,"comment_status":"closed","ping_status":"closed","sticky":false,"template":"","format":"standard","meta":{"_et_pb_use_builder":"","_et_pb_old_content":"","_et_gb_content_width":"","footnotes":""},"categories":[10736,10530,6345,10781,10778],"tags":[373],"class_list":["post-104358","post","type-post","status-publish","format-standard","has-post-thumbnail","hentry","category-a-la-une","category-actualites","category-economie-marches","category-publications-planete","category-planete","tag-ffb"],"yoast_head":"<!-- This site is optimized with the Yoast SEO plugin v27.4 - https:\/\/yoast.com\/product\/yoast-seo-wordpress\/ -->\n<title>Le nouveau pr\u00e9sident de la FFB prend ses fonctions et annonce les Etats g\u00e9n\u00e9raux de la construction<\/title>\n<meta name=\"robots\" content=\"index, follow, max-snippet:-1, max-image-preview:large, max-video-preview:-1\" \/>\n<link rel=\"canonical\" href=\"https:\/\/batijournal.com\/index.php\/le-nouveau-president-de-la-ffb-prend-ses-fonctions-et-annonce-les-etats-generaux-de-la-construction\/104358\/\" \/>\n<meta property=\"og:locale\" content=\"fr_FR\" \/>\n<meta property=\"og:type\" content=\"article\" \/>\n<meta property=\"og:title\" content=\"Le nouveau pr\u00e9sident de la FFB prend ses fonctions et annonce les Etats g\u00e9n\u00e9raux de la construction\" \/>\n<meta property=\"og:description\" content=\"Olivier SALLERON, \u00e9lu pr\u00e9sident de la F\u00e9d\u00e9ration Fran\u00e7aise du B\u00e2timent le 20 mars dernier, vient de succ\u00e9der \u00e0 Jacques CHANUT lors du conseil d\u2019administration de la F\u00e9d\u00e9ration. Au cours de son intervention, le nouveau pr\u00e9sident a rappel\u00e9 sa d\u00e9termination \u00e0 donner plus de place au b\u00e2timent dans l&rsquo;\u00e9conomie nationale et \u00e0 pr\u00e9parer le futur de [&hellip;]\" \/>\n<meta property=\"og:url\" content=\"https:\/\/batijournal.com\/index.php\/le-nouveau-president-de-la-ffb-prend-ses-fonctions-et-annonce-les-etats-generaux-de-la-construction\/104358\/\" \/>\n<meta property=\"og:site_name\" content=\"Batijournal\" \/>\n<meta property=\"article:published_time\" content=\"2020-06-15T05:24:12+00:00\" \/>\n<meta property=\"og:image\" content=\"https:\/\/batijournal.com\/wp-content\/uploads\/2020\/03\/FFB_Olivier_SALLERON_nouveau-president.jpg\" \/>\n\t<meta property=\"og:image:width\" content=\"1181\" \/>\n\t<meta property=\"og:image:height\" content=\"694\" \/>\n\t<meta property=\"og:image:type\" content=\"image\/jpeg\" \/>\n<meta name=\"author\" content=\"St\u00e9phane Miget\" \/>\n<meta name=\"twitter:card\" content=\"summary_large_image\" \/>\n<meta name=\"twitter:creator\" content=\"@bati_journal\" \/>\n<meta name=\"twitter:site\" content=\"@bati_journal\" \/>\n<meta name=\"twitter:label1\" content=\"\u00c9crit par\" \/>\n\t<meta name=\"twitter:data1\" content=\"St\u00e9phane Miget\" \/>\n\t<meta name=\"twitter:label2\" content=\"Dur\u00e9e de lecture estim\u00e9e\" \/>\n\t<meta name=\"twitter:data2\" content=\"1 minute\" \/>\n<script type=\"application\/ld+json\" class=\"yoast-schema-graph\">{\"@context\":\"https:\\\/\\\/schema.org\",\"@graph\":[{\"@type\":\"Article\",\"@id\":\"https:\\\/\\\/batijournal.com\\\/index.php\\\/le-nouveau-president-de-la-ffb-prend-ses-fonctions-et-annonce-les-etats-generaux-de-la-construction\\\/104358\\\/#article\",\"isPartOf\":{\"@id\":\"https:\\\/\\\/batijournal.com\\\/index.php\\\/le-nouveau-president-de-la-ffb-prend-ses-fonctions-et-annonce-les-etats-generaux-de-la-construction\\\/104358\\\/\"},\"author\":{\"name\":\"St\u00e9phane Miget\",\"@id\":\"https:\\\/\\\/batijournal.com\\\/#\\\/schema\\\/person\\\/1dc96ec6957aa1ccb25ebe78bb19f100\"},\"headline\":\"Le nouveau pr\u00e9sident de la FFB prend ses fonctions et annonce les Etats g\u00e9n\u00e9raux de la construction\",\"datePublished\":\"2020-06-15T05:24:12+00:00\",\"mainEntityOfPage\":{\"@id\":\"https:\\\/\\\/batijournal.com\\\/index.php\\\/le-nouveau-president-de-la-ffb-prend-ses-fonctions-et-annonce-les-etats-generaux-de-la-construction\\\/104358\\\/\"},\"wordCount\":283,\"image\":{\"@id\":\"https:\\\/\\\/batijournal.com\\\/index.php\\\/le-nouveau-president-de-la-ffb-prend-ses-fonctions-et-annonce-les-etats-generaux-de-la-construction\\\/104358\\\/#primaryimage\"},\"thumbnailUrl\":\"https:\\\/\\\/batijournal.com\\\/wp-content\\\/uploads\\\/2020\\\/03\\\/FFB_Olivier_SALLERON_nouveau-president.jpg\",\"keywords\":[\"ffb\"],\"articleSection\":[\"A la Une\",\"Actualit\u00e9s\",\"\u00c9conomie &amp; March\u00e9s\",\"zz_Actualit\u00e9s - Plan\u00e8te\",\"zz_Plan\u00e8te B\u00e2timent\"],\"inLanguage\":\"fr-FR\"},{\"@type\":\"WebPage\",\"@id\":\"https:\\\/\\\/batijournal.com\\\/index.php\\\/le-nouveau-president-de-la-ffb-prend-ses-fonctions-et-annonce-les-etats-generaux-de-la-construction\\\/104358\\\/\",\"url\":\"https:\\\/\\\/batijournal.com\\\/index.php\\\/le-nouveau-president-de-la-ffb-prend-ses-fonctions-et-annonce-les-etats-generaux-de-la-construction\\\/104358\\\/\",\"name\":\"Le nouveau pr\u00e9sident de la FFB prend ses fonctions et annonce les Etats g\u00e9n\u00e9raux de la construction\",\"isPartOf\":{\"@id\":\"https:\\\/\\\/batijournal.com\\\/#website\"},\"primaryImageOfPage\":{\"@id\":\"https:\\\/\\\/batijournal.com\\\/index.php\\\/le-nouveau-president-de-la-ffb-prend-ses-fonctions-et-annonce-les-etats-generaux-de-la-construction\\\/104358\\\/#primaryimage\"},\"image\":{\"@id\":\"https:\\\/\\\/batijournal.com\\\/index.php\\\/le-nouveau-president-de-la-ffb-prend-ses-fonctions-et-annonce-les-etats-generaux-de-la-construction\\\/104358\\\/#primaryimage\"},\"thumbnailUrl\":\"https:\\\/\\\/batijournal.com\\\/wp-content\\\/uploads\\\/2020\\\/03\\\/FFB_Olivier_SALLERON_nouveau-president.jpg\",\"datePublished\":\"2020-06-15T05:24:12+00:00\",\"author\":{\"@id\":\"https:\\\/\\\/batijournal.com\\\/#\\\/schema\\\/person\\\/1dc96ec6957aa1ccb25ebe78bb19f100\"},\"breadcrumb\":{\"@id\":\"https:\\\/\\\/batijournal.com\\\/index.php\\\/le-nouveau-president-de-la-ffb-prend-ses-fonctions-et-annonce-les-etats-generaux-de-la-construction\\\/104358\\\/#breadcrumb\"},\"inLanguage\":\"fr-FR\",\"potentialAction\":[{\"@type\":\"ReadAction\",\"target\":[\"https:\\\/\\\/batijournal.com\\\/index.php\\\/le-nouveau-president-de-la-ffb-prend-ses-fonctions-et-annonce-les-etats-generaux-de-la-construction\\\/104358\\\/\"]}]},{\"@type\":\"ImageObject\",\"inLanguage\":\"fr-FR\",\"@id\":\"https:\\\/\\\/batijournal.com\\\/index.php\\\/le-nouveau-president-de-la-ffb-prend-ses-fonctions-et-annonce-les-etats-generaux-de-la-construction\\\/104358\\\/#primaryimage\",\"url\":\"https:\\\/\\\/batijournal.com\\\/wp-content\\\/uploads\\\/2020\\\/03\\\/FFB_Olivier_SALLERON_nouveau-president.jpg\",\"contentUrl\":\"https:\\\/\\\/batijournal.com\\\/wp-content\\\/uploads\\\/2020\\\/03\\\/FFB_Olivier_SALLERON_nouveau-president.jpg\",\"width\":1181,\"height\":694},{\"@type\":\"BreadcrumbList\",\"@id\":\"https:\\\/\\\/batijournal.com\\\/index.php\\\/le-nouveau-president-de-la-ffb-prend-ses-fonctions-et-annonce-les-etats-generaux-de-la-construction\\\/104358\\\/#breadcrumb\",\"itemListElement\":[{\"@type\":\"ListItem\",\"position\":1,\"name\":\"Accueil\",\"item\":\"https:\\\/\\\/batijournal.com\\\/\"},{\"@type\":\"ListItem\",\"position\":2,\"name\":\"Actualit\u00e9s\",\"item\":\"https:\\\/\\\/batijournal.com\\\/index.php\\\/category\\\/actualites\\\/\"},{\"@type\":\"ListItem\",\"position\":3,\"name\":\"\u00c9conomie &amp; March\u00e9s\",\"item\":\"https:\\\/\\\/batijournal.com\\\/index.php\\\/category\\\/actualites\\\/economie-marches\\\/\"},{\"@type\":\"ListItem\",\"position\":4,\"name\":\"Le nouveau pr\u00e9sident de la FFB prend ses fonctions et annonce les Etats g\u00e9n\u00e9raux de la construction\"}]},{\"@type\":\"WebSite\",\"@id\":\"https:\\\/\\\/batijournal.com\\\/#website\",\"url\":\"https:\\\/\\\/batijournal.com\\\/\",\"name\":\"Batijournal\",\"description\":\"L&#039;actualit\u00e9 du b\u00e2timent\",\"potentialAction\":[{\"@type\":\"SearchAction\",\"target\":{\"@type\":\"EntryPoint\",\"urlTemplate\":\"https:\\\/\\\/batijournal.com\\\/?s={search_term_string}\"},\"query-input\":{\"@type\":\"PropertyValueSpecification\",\"valueRequired\":true,\"valueName\":\"search_term_string\"}}],\"inLanguage\":\"fr-FR\"},{\"@type\":\"Person\",\"@id\":\"https:\\\/\\\/batijournal.com\\\/#\\\/schema\\\/person\\\/1dc96ec6957aa1ccb25ebe78bb19f100\",\"name\":\"St\u00e9phane Miget\",\"image\":{\"@type\":\"ImageObject\",\"inLanguage\":\"fr-FR\",\"@id\":\"https:\\\/\\\/secure.gravatar.com\\\/avatar\\\/89915563d925342126b8ef0281b93d9d7fc337043e8df017f780908eb9644451?s=96&d=mm&r=g\",\"url\":\"https:\\\/\\\/secure.gravatar.com\\\/avatar\\\/89915563d925342126b8ef0281b93d9d7fc337043e8df017f780908eb9644451?s=96&d=mm&r=g\",\"contentUrl\":\"https:\\\/\\\/secure.gravatar.com\\\/avatar\\\/89915563d925342126b8ef0281b93d9d7fc337043e8df017f780908eb9644451?s=96&d=mm&r=g\",\"caption\":\"St\u00e9phane Miget\"},\"url\":\"https:\\\/\\\/batijournal.com\\\/index.php\\\/author\\\/stephane\\\/\"}]}<\/script>\n<!-- \/ Yoast SEO plugin. -->","yoast_head_json":{"title":"Le nouveau pr\u00e9sident de la FFB prend ses fonctions et annonce les Etats g\u00e9n\u00e9raux de la construction","robots":{"index":"index","follow":"follow","max-snippet":"max-snippet:-1","max-image-preview":"max-image-preview:large","max-video-preview":"max-video-preview:-1"},"canonical":"https:\/\/batijournal.com\/index.php\/le-nouveau-president-de-la-ffb-prend-ses-fonctions-et-annonce-les-etats-generaux-de-la-construction\/104358\/","og_locale":"fr_FR","og_type":"article","og_title":"Le nouveau pr\u00e9sident de la FFB prend ses fonctions et annonce les Etats g\u00e9n\u00e9raux de la construction","og_description":"Olivier SALLERON, \u00e9lu pr\u00e9sident de la F\u00e9d\u00e9ration Fran\u00e7aise du B\u00e2timent le 20 mars dernier, vient de succ\u00e9der \u00e0 Jacques CHANUT lors du conseil d\u2019administration de la F\u00e9d\u00e9ration. Au cours de son intervention, le nouveau pr\u00e9sident a rappel\u00e9 sa d\u00e9termination \u00e0 donner plus de place au b\u00e2timent dans l&rsquo;\u00e9conomie nationale et \u00e0 pr\u00e9parer le futur de [&hellip;]","og_url":"https:\/\/batijournal.com\/index.php\/le-nouveau-president-de-la-ffb-prend-ses-fonctions-et-annonce-les-etats-generaux-de-la-construction\/104358\/","og_site_name":"Batijournal","article_published_time":"2020-06-15T05:24:12+00:00","og_image":[{"width":1181,"height":694,"url":"https:\/\/batijournal.com\/wp-content\/uploads\/2020\/03\/FFB_Olivier_SALLERON_nouveau-president.jpg","type":"image\/jpeg"}],"author":"St\u00e9phane Miget","twitter_card":"summary_large_image","twitter_creator":"@bati_journal","twitter_site":"@bati_journal","twitter_misc":{"\u00c9crit par":"St\u00e9phane Miget","Dur\u00e9e de lecture estim\u00e9e":"1 minute"},"schema":{"@context":"https:\/\/schema.org","@graph":[{"@type":"Article","@id":"https:\/\/batijournal.com\/index.php\/le-nouveau-president-de-la-ffb-prend-ses-fonctions-et-annonce-les-etats-generaux-de-la-construction\/104358\/#article","isPartOf":{"@id":"https:\/\/batijournal.com\/index.php\/le-nouveau-president-de-la-ffb-prend-ses-fonctions-et-annonce-les-etats-generaux-de-la-construction\/104358\/"},"author":{"name":"St\u00e9phane Miget","@id":"https:\/\/batijournal.com\/#\/schema\/person\/1dc96ec6957aa1ccb25ebe78bb19f100"},"headline":"Le nouveau pr\u00e9sident de la FFB prend ses fonctions et annonce les Etats g\u00e9n\u00e9raux de la construction","datePublished":"2020-06-15T05:24:12+00:00","mainEntityOfPage":{"@id":"https:\/\/batijournal.com\/index.php\/le-nouveau-president-de-la-ffb-prend-ses-fonctions-et-annonce-les-etats-generaux-de-la-construction\/104358\/"},"wordCount":283,"image":{"@id":"https:\/\/batijournal.com\/index.php\/le-nouveau-president-de-la-ffb-prend-ses-fonctions-et-annonce-les-etats-generaux-de-la-construction\/104358\/#primaryimage"},"thumbnailUrl":"https:\/\/batijournal.com\/wp-content\/uploads\/2020\/03\/FFB_Olivier_SALLERON_nouveau-president.jpg","keywords":["ffb"],"articleSection":["A la Une","Actualit\u00e9s","\u00c9conomie &amp; March\u00e9s","zz_Actualit\u00e9s - Plan\u00e8te","zz_Plan\u00e8te B\u00e2timent"],"inLanguage":"fr-FR"},{"@type":"WebPage","@id":"https:\/\/batijournal.com\/index.php\/le-nouveau-president-de-la-ffb-prend-ses-fonctions-et-annonce-les-etats-generaux-de-la-construction\/104358\/","url":"https:\/\/batijournal.com\/index.php\/le-nouveau-president-de-la-ffb-prend-ses-fonctions-et-annonce-les-etats-generaux-de-la-construction\/104358\/","name":"Le nouveau pr\u00e9sident de la FFB prend ses fonctions et annonce les Etats g\u00e9n\u00e9raux de la construction","isPartOf":{"@id":"https:\/\/batijournal.com\/#website"},"primaryImageOfPage":{"@id":"https:\/\/batijournal.com\/index.php\/le-nouveau-president-de-la-ffb-prend-ses-fonctions-et-annonce-les-etats-generaux-de-la-construction\/104358\/#primaryimage"},"image":{"@id":"https:\/\/batijournal.com\/index.php\/le-nouveau-president-de-la-ffb-prend-ses-fonctions-et-annonce-les-etats-generaux-de-la-construction\/104358\/#primaryimage"},"thumbnailUrl":"https:\/\/batijournal.com\/wp-content\/uploads\/2020\/03\/FFB_Olivier_SALLERON_nouveau-president.jpg","datePublished":"2020-06-15T05:24:12+00:00","author":{"@id":"https:\/\/batijournal.com\/#\/schema\/person\/1dc96ec6957aa1ccb25ebe78bb19f100"},"breadcrumb":{"@id":"https:\/\/batijournal.com\/index.php\/le-nouveau-president-de-la-ffb-prend-ses-fonctions-et-annonce-les-etats-generaux-de-la-construction\/104358\/#breadcrumb"},"inLanguage":"fr-FR","potentialAction":[{"@type":"ReadAction","target":["https:\/\/batijournal.com\/index.php\/le-nouveau-president-de-la-ffb-prend-ses-fonctions-et-annonce-les-etats-generaux-de-la-construction\/104358\/"]}]},{"@type":"ImageObject","inLanguage":"fr-FR","@id":"https:\/\/batijournal.com\/index.php\/le-nouveau-president-de-la-ffb-prend-ses-fonctions-et-annonce-les-etats-generaux-de-la-construction\/104358\/#primaryimage","url":"https:\/\/batijournal.com\/wp-content\/uploads\/2020\/03\/FFB_Olivier_SALLERON_nouveau-president.jpg","contentUrl":"https:\/\/batijournal.com\/wp-content\/uploads\/2020\/03\/FFB_Olivier_SALLERON_nouveau-president.jpg","width":1181,"height":694},{"@type":"BreadcrumbList","@id":"https:\/\/batijournal.com\/index.php\/le-nouveau-president-de-la-ffb-prend-ses-fonctions-et-annonce-les-etats-generaux-de-la-construction\/104358\/#breadcrumb","itemListElement":[{"@type":"ListItem","position":1,"name":"Accueil","item":"https:\/\/batijournal.com\/"},{"@type":"ListItem","position":2,"name":"Actualit\u00e9s","item":"https:\/\/batijournal.com\/index.php\/category\/actualites\/"},{"@type":"ListItem","position":3,"name":"\u00c9conomie &amp; March\u00e9s","item":"https:\/\/batijournal.com\/index.php\/category\/actualites\/economie-marches\/"},{"@type":"ListItem","position":4,"name":"Le nouveau pr\u00e9sident de la FFB prend ses fonctions et annonce les Etats g\u00e9n\u00e9raux de la construction"}]},{"@type":"WebSite","@id":"https:\/\/batijournal.com\/#website","url":"https:\/\/batijournal.com\/","name":"Batijournal","description":"L&#039;actualit\u00e9 du b\u00e2timent","potentialAction":[{"@type":"SearchAction","target":{"@type":"EntryPoint","urlTemplate":"https:\/\/batijournal.com\/?s={search_term_string}"},"query-input":{"@type":"PropertyValueSpecification","valueRequired":true,"valueName":"search_term_string"}}],"inLanguage":"fr-FR"},{"@type":"Person","@id":"https:\/\/batijournal.com\/#\/schema\/person\/1dc96ec6957aa1ccb25ebe78bb19f100","name":"St\u00e9phane Miget","image":{"@type":"ImageObject","inLanguage":"fr-FR","@id":"https:\/\/secure.gravatar.com\/avatar\/89915563d925342126b8ef0281b93d9d7fc337043e8df017f780908eb9644451?s=96&d=mm&r=g","url":"https:\/\/secure.gravatar.com\/avatar\/89915563d925342126b8ef0281b93d9d7fc337043e8df017f780908eb9644451?s=96&d=mm&r=g","contentUrl":"https:\/\/secure.gravatar.com\/avatar\/89915563d925342126b8ef0281b93d9d7fc337043e8df017f780908eb9644451?s=96&d=mm&r=g","caption":"St\u00e9phane Miget"},"url":"https:\/\/batijournal.com\/index.php\/author\/stephane\/"}]}},"_links":{"self":[{"href":"https:\/\/batijournal.com\/index.php\/wp-json\/wp\/v2\/posts\/104358","targetHints":{"allow":["GET"]}}],"collection":[{"href":"https:\/\/batijournal.com\/index.php\/wp-json\/wp\/v2\/posts"}],"about":[{"href":"https:\/\/batijournal.com\/index.php\/wp-json\/wp\/v2\/types\/post"}],"author":[{"embeddable":true,"href":"https:\/\/batijournal.com\/index.php\/wp-json\/wp\/v2\/users\/17"}],"replies":[{"embeddable":true,"href":"https:\/\/batijournal.com\/index.php\/wp-json\/wp\/v2\/comments?post=104358"}],"version-history":[{"count":0,"href":"https:\/\/batijournal.com\/index.php\/wp-json\/wp\/v2\/posts\/104358\/revisions"}],"wp:featuredmedia":[{"embeddable":true,"href":"https:\/\/batijournal.com\/index.php\/wp-json\/wp\/v2\/media\/103980"}],"wp:attachment":[{"href":"https:\/\/batijournal.com\/index.php\/wp-json\/wp\/v2\/media?parent=104358"}],"wp:term":[{"taxonomy":"category","embeddable":true,"href":"https:\/\/batijournal.com\/index.php\/wp-json\/wp\/v2\/categories?post=104358"},{"taxonomy":"post_tag","embeddable":true,"href":"https:\/\/batijournal.com\/index.php\/wp-json\/wp\/v2\/tags?post=104358"}],"curies":[{"name":"wp","href":"https:\/\/api.w.org\/{rel}","templated":true}]}}