{"id":104359,"date":"2020-06-15T07:34:42","date_gmt":"2020-06-15T05:34:42","guid":{"rendered":"https:\/\/batijournal.com\/?p=104359"},"modified":"2020-06-15T07:34:42","modified_gmt":"2020-06-15T05:34:42","slug":"5e-biennale-du-reseau-des-maisons-de-larchitecture","status":"publish","type":"post","link":"https:\/\/batijournal.com\/index.php\/5e-biennale-du-reseau-des-maisons-de-larchitecture\/104359\/","title":{"rendered":"5e biennale du r\u00e9seau des maisons de l\u2019architecture"},"content":{"rendered":"<p>Cet automne, le R\u00e9seau des maisons de l\u2019architecture organise sa cinqui\u00e8me biennale \u00e0 Clermont-Ferrand, en collaboration avec la Maison de l\u2019architecture Auvergne. Du 20 au 22 novembre 2020, la ville rev\u00eatira les couleurs de l\u2019architecture et sera le th\u00e9\u00e2tre de nombreuses animations : expositions, conf\u00e9rences, ateliers, projections et balades. Trois jours de festivit\u00e9s ouvertes \u00e0 tous pour rappeler l\u2019importance de l\u2019architecture dans notre quotidien, valoriser ses composantes culturelles et patrimoniales autant que les enjeux d\u00e9mocratiques, \u00e9cologiques et sociaux li\u00e9s \u00e0 la fabrication de nos cadres de vie. Cette biennale sera \u00e9galement l\u2019occasion de mettre en lumi\u00e8re le dynamisme architectural de la m\u00e9tropole Clermontoise.<\/p>\n","protected":false},"excerpt":{"rendered":"<p>Cet automne, le R\u00e9seau des maisons de l\u2019architecture organise sa cinqui\u00e8me biennale \u00e0 Clermont-Ferrand, en collaboration avec la Maison de l\u2019architecture Auvergne. Du 20 au 22 novembre 2020, la ville rev\u00eatira les couleurs de l\u2019architecture et sera le th\u00e9\u00e2tre de nombreuses animations : expositions, conf\u00e9rences, ateliers, projections et balades. Trois jours de festivit\u00e9s ouvertes \u00e0 [&hellip;]<\/p>\n","protected":false},"author":17,"featured_media":104360,"comment_status":"closed","ping_status":"closed","sticky":false,"template":"","format":"standard","meta":{"_et_pb_use_builder":"","_et_pb_old_content":"","_et_gb_content_width":"","footnotes":""},"categories":[10530,6340],"tags":[12901],"class_list":["post-104359","post","type-post","status-publish","format-standard","has-post-thumbnail","hentry","category-actualites","category-architecture-conception","tag-architecture"],"yoast_head":"<!-- This site is optimized with the Yoast SEO plugin v27.4 - https:\/\/yoast.com\/product\/yoast-seo-wordpress\/ -->\n<title>5e biennale du r\u00e9seau des maisons de l\u2019architecture<\/title>\n<meta name=\"robots\" content=\"index, follow, max-snippet:-1, max-image-preview:large, max-video-preview:-1\" \/>\n<link rel=\"canonical\" href=\"https:\/\/batijournal.com\/index.php\/5e-biennale-du-reseau-des-maisons-de-larchitecture\/104359\/\" \/>\n<meta property=\"og:locale\" content=\"fr_FR\" \/>\n<meta property=\"og:type\" content=\"article\" \/>\n<meta property=\"og:title\" content=\"5e biennale du r\u00e9seau des maisons de l\u2019architecture\" \/>\n<meta property=\"og:description\" content=\"Cet automne, le R\u00e9seau des maisons de l\u2019architecture organise sa cinqui\u00e8me biennale \u00e0 Clermont-Ferrand, en collaboration avec la Maison de l\u2019architecture Auvergne. Du 20 au 22 novembre 2020, la ville rev\u00eatira les couleurs de l\u2019architecture et sera le th\u00e9\u00e2tre de nombreuses animations : expositions, conf\u00e9rences, ateliers, projections et balades. Trois jours de festivit\u00e9s ouvertes \u00e0 [&hellip;]\" \/>\n<meta property=\"og:url\" content=\"https:\/\/batijournal.com\/index.php\/5e-biennale-du-reseau-des-maisons-de-larchitecture\/104359\/\" \/>\n<meta property=\"og:site_name\" content=\"Batijournal\" \/>\n<meta property=\"article:published_time\" content=\"2020-06-15T05:34:42+00:00\" \/>\n<meta property=\"og:image\" content=\"https:\/\/batijournal.com\/wp-content\/uploads\/2020\/06\/biennale-reseaux-architecture.jpg\" \/>\n\t<meta property=\"og:image:width\" content=\"1164\" \/>\n\t<meta property=\"og:image:height\" content=\"394\" \/>\n\t<meta property=\"og:image:type\" content=\"image\/jpeg\" \/>\n<meta name=\"author\" content=\"St\u00e9phane Miget\" \/>\n<meta name=\"twitter:card\" content=\"summary_large_image\" \/>\n<meta name=\"twitter:creator\" content=\"@bati_journal\" \/>\n<meta name=\"twitter:site\" content=\"@bati_journal\" \/>\n<meta name=\"twitter:label1\" content=\"\u00c9crit par\" \/>\n\t<meta name=\"twitter:data1\" content=\"St\u00e9phane Miget\" \/>\n\t<meta name=\"twitter:label2\" content=\"Dur\u00e9e de lecture estim\u00e9e\" \/>\n\t<meta name=\"twitter:data2\" content=\"1 minute\" \/>\n<script type=\"application\/ld+json\" class=\"yoast-schema-graph\">{\"@context\":\"https:\\\/\\\/schema.org\",\"@graph\":[{\"@type\":\"Article\",\"@id\":\"https:\\\/\\\/batijournal.com\\\/index.php\\\/5e-biennale-du-reseau-des-maisons-de-larchitecture\\\/104359\\\/#article\",\"isPartOf\":{\"@id\":\"https:\\\/\\\/batijournal.com\\\/index.php\\\/5e-biennale-du-reseau-des-maisons-de-larchitecture\\\/104359\\\/\"},\"author\":{\"name\":\"St\u00e9phane Miget\",\"@id\":\"https:\\\/\\\/batijournal.com\\\/#\\\/schema\\\/person\\\/1dc96ec6957aa1ccb25ebe78bb19f100\"},\"headline\":\"5e biennale du r\u00e9seau des maisons de l\u2019architecture\",\"datePublished\":\"2020-06-15T05:34:42+00:00\",\"mainEntityOfPage\":{\"@id\":\"https:\\\/\\\/batijournal.com\\\/index.php\\\/5e-biennale-du-reseau-des-maisons-de-larchitecture\\\/104359\\\/\"},\"wordCount\":122,\"image\":{\"@id\":\"https:\\\/\\\/batijournal.com\\\/index.php\\\/5e-biennale-du-reseau-des-maisons-de-larchitecture\\\/104359\\\/#primaryimage\"},\"thumbnailUrl\":\"https:\\\/\\\/batijournal.com\\\/wp-content\\\/uploads\\\/2020\\\/06\\\/biennale-reseaux-architecture.jpg\",\"keywords\":[\"architecture\"],\"articleSection\":[\"Actualit\u00e9s\",\"Architecture &amp; Conception\"],\"inLanguage\":\"fr-FR\"},{\"@type\":\"WebPage\",\"@id\":\"https:\\\/\\\/batijournal.com\\\/index.php\\\/5e-biennale-du-reseau-des-maisons-de-larchitecture\\\/104359\\\/\",\"url\":\"https:\\\/\\\/batijournal.com\\\/index.php\\\/5e-biennale-du-reseau-des-maisons-de-larchitecture\\\/104359\\\/\",\"name\":\"5e biennale du r\u00e9seau des maisons de l\u2019architecture\",\"isPartOf\":{\"@id\":\"https:\\\/\\\/batijournal.com\\\/#website\"},\"primaryImageOfPage\":{\"@id\":\"https:\\\/\\\/batijournal.com\\\/index.php\\\/5e-biennale-du-reseau-des-maisons-de-larchitecture\\\/104359\\\/#primaryimage\"},\"image\":{\"@id\":\"https:\\\/\\\/batijournal.com\\\/index.php\\\/5e-biennale-du-reseau-des-maisons-de-larchitecture\\\/104359\\\/#primaryimage\"},\"thumbnailUrl\":\"https:\\\/\\\/batijournal.com\\\/wp-content\\\/uploads\\\/2020\\\/06\\\/biennale-reseaux-architecture.jpg\",\"datePublished\":\"2020-06-15T05:34:42+00:00\",\"author\":{\"@id\":\"https:\\\/\\\/batijournal.com\\\/#\\\/schema\\\/person\\\/1dc96ec6957aa1ccb25ebe78bb19f100\"},\"breadcrumb\":{\"@id\":\"https:\\\/\\\/batijournal.com\\\/index.php\\\/5e-biennale-du-reseau-des-maisons-de-larchitecture\\\/104359\\\/#breadcrumb\"},\"inLanguage\":\"fr-FR\",\"potentialAction\":[{\"@type\":\"ReadAction\",\"target\":[\"https:\\\/\\\/batijournal.com\\\/index.php\\\/5e-biennale-du-reseau-des-maisons-de-larchitecture\\\/104359\\\/\"]}]},{\"@type\":\"ImageObject\",\"inLanguage\":\"fr-FR\",\"@id\":\"https:\\\/\\\/batijournal.com\\\/index.php\\\/5e-biennale-du-reseau-des-maisons-de-larchitecture\\\/104359\\\/#primaryimage\",\"url\":\"https:\\\/\\\/batijournal.com\\\/wp-content\\\/uploads\\\/2020\\\/06\\\/biennale-reseaux-architecture.jpg\",\"contentUrl\":\"https:\\\/\\\/batijournal.com\\\/wp-content\\\/uploads\\\/2020\\\/06\\\/biennale-reseaux-architecture.jpg\",\"width\":1164,\"height\":394},{\"@type\":\"BreadcrumbList\",\"@id\":\"https:\\\/\\\/batijournal.com\\\/index.php\\\/5e-biennale-du-reseau-des-maisons-de-larchitecture\\\/104359\\\/#breadcrumb\",\"itemListElement\":[{\"@type\":\"ListItem\",\"position\":1,\"name\":\"Accueil\",\"item\":\"https:\\\/\\\/batijournal.com\\\/\"},{\"@type\":\"ListItem\",\"position\":2,\"name\":\"Actualit\u00e9s\",\"item\":\"https:\\\/\\\/batijournal.com\\\/index.php\\\/category\\\/actualites\\\/\"},{\"@type\":\"ListItem\",\"position\":3,\"name\":\"Architecture &amp; Conception\",\"item\":\"https:\\\/\\\/batijournal.com\\\/index.php\\\/category\\\/actualites\\\/architecture-conception\\\/\"},{\"@type\":\"ListItem\",\"position\":4,\"name\":\"5e biennale du r\u00e9seau des maisons de l\u2019architecture\"}]},{\"@type\":\"WebSite\",\"@id\":\"https:\\\/\\\/batijournal.com\\\/#website\",\"url\":\"https:\\\/\\\/batijournal.com\\\/\",\"name\":\"Batijournal\",\"description\":\"L&#039;actualit\u00e9 du b\u00e2timent\",\"potentialAction\":[{\"@type\":\"SearchAction\",\"target\":{\"@type\":\"EntryPoint\",\"urlTemplate\":\"https:\\\/\\\/batijournal.com\\\/?s={search_term_string}\"},\"query-input\":{\"@type\":\"PropertyValueSpecification\",\"valueRequired\":true,\"valueName\":\"search_term_string\"}}],\"inLanguage\":\"fr-FR\"},{\"@type\":\"Person\",\"@id\":\"https:\\\/\\\/batijournal.com\\\/#\\\/schema\\\/person\\\/1dc96ec6957aa1ccb25ebe78bb19f100\",\"name\":\"St\u00e9phane Miget\",\"image\":{\"@type\":\"ImageObject\",\"inLanguage\":\"fr-FR\",\"@id\":\"https:\\\/\\\/secure.gravatar.com\\\/avatar\\\/89915563d925342126b8ef0281b93d9d7fc337043e8df017f780908eb9644451?s=96&d=mm&r=g\",\"url\":\"https:\\\/\\\/secure.gravatar.com\\\/avatar\\\/89915563d925342126b8ef0281b93d9d7fc337043e8df017f780908eb9644451?s=96&d=mm&r=g\",\"contentUrl\":\"https:\\\/\\\/secure.gravatar.com\\\/avatar\\\/89915563d925342126b8ef0281b93d9d7fc337043e8df017f780908eb9644451?s=96&d=mm&r=g\",\"caption\":\"St\u00e9phane Miget\"},\"url\":\"https:\\\/\\\/batijournal.com\\\/index.php\\\/author\\\/stephane\\\/\"}]}<\/script>\n<!-- \/ Yoast SEO plugin. -->","yoast_head_json":{"title":"5e biennale du r\u00e9seau des maisons de l\u2019architecture","robots":{"index":"index","follow":"follow","max-snippet":"max-snippet:-1","max-image-preview":"max-image-preview:large","max-video-preview":"max-video-preview:-1"},"canonical":"https:\/\/batijournal.com\/index.php\/5e-biennale-du-reseau-des-maisons-de-larchitecture\/104359\/","og_locale":"fr_FR","og_type":"article","og_title":"5e biennale du r\u00e9seau des maisons de l\u2019architecture","og_description":"Cet automne, le R\u00e9seau des maisons de l\u2019architecture organise sa cinqui\u00e8me biennale \u00e0 Clermont-Ferrand, en collaboration avec la Maison de l\u2019architecture Auvergne. Du 20 au 22 novembre 2020, la ville rev\u00eatira les couleurs de l\u2019architecture et sera le th\u00e9\u00e2tre de nombreuses animations : expositions, conf\u00e9rences, ateliers, projections et balades. Trois jours de festivit\u00e9s ouvertes \u00e0 [&hellip;]","og_url":"https:\/\/batijournal.com\/index.php\/5e-biennale-du-reseau-des-maisons-de-larchitecture\/104359\/","og_site_name":"Batijournal","article_published_time":"2020-06-15T05:34:42+00:00","og_image":[{"width":1164,"height":394,"url":"https:\/\/batijournal.com\/wp-content\/uploads\/2020\/06\/biennale-reseaux-architecture.jpg","type":"image\/jpeg"}],"author":"St\u00e9phane Miget","twitter_card":"summary_large_image","twitter_creator":"@bati_journal","twitter_site":"@bati_journal","twitter_misc":{"\u00c9crit par":"St\u00e9phane Miget","Dur\u00e9e de lecture estim\u00e9e":"1 minute"},"schema":{"@context":"https:\/\/schema.org","@graph":[{"@type":"Article","@id":"https:\/\/batijournal.com\/index.php\/5e-biennale-du-reseau-des-maisons-de-larchitecture\/104359\/#article","isPartOf":{"@id":"https:\/\/batijournal.com\/index.php\/5e-biennale-du-reseau-des-maisons-de-larchitecture\/104359\/"},"author":{"name":"St\u00e9phane Miget","@id":"https:\/\/batijournal.com\/#\/schema\/person\/1dc96ec6957aa1ccb25ebe78bb19f100"},"headline":"5e biennale du r\u00e9seau des maisons de l\u2019architecture","datePublished":"2020-06-15T05:34:42+00:00","mainEntityOfPage":{"@id":"https:\/\/batijournal.com\/index.php\/5e-biennale-du-reseau-des-maisons-de-larchitecture\/104359\/"},"wordCount":122,"image":{"@id":"https:\/\/batijournal.com\/index.php\/5e-biennale-du-reseau-des-maisons-de-larchitecture\/104359\/#primaryimage"},"thumbnailUrl":"https:\/\/batijournal.com\/wp-content\/uploads\/2020\/06\/biennale-reseaux-architecture.jpg","keywords":["architecture"],"articleSection":["Actualit\u00e9s","Architecture &amp; Conception"],"inLanguage":"fr-FR"},{"@type":"WebPage","@id":"https:\/\/batijournal.com\/index.php\/5e-biennale-du-reseau-des-maisons-de-larchitecture\/104359\/","url":"https:\/\/batijournal.com\/index.php\/5e-biennale-du-reseau-des-maisons-de-larchitecture\/104359\/","name":"5e biennale du r\u00e9seau des maisons de l\u2019architecture","isPartOf":{"@id":"https:\/\/batijournal.com\/#website"},"primaryImageOfPage":{"@id":"https:\/\/batijournal.com\/index.php\/5e-biennale-du-reseau-des-maisons-de-larchitecture\/104359\/#primaryimage"},"image":{"@id":"https:\/\/batijournal.com\/index.php\/5e-biennale-du-reseau-des-maisons-de-larchitecture\/104359\/#primaryimage"},"thumbnailUrl":"https:\/\/batijournal.com\/wp-content\/uploads\/2020\/06\/biennale-reseaux-architecture.jpg","datePublished":"2020-06-15T05:34:42+00:00","author":{"@id":"https:\/\/batijournal.com\/#\/schema\/person\/1dc96ec6957aa1ccb25ebe78bb19f100"},"breadcrumb":{"@id":"https:\/\/batijournal.com\/index.php\/5e-biennale-du-reseau-des-maisons-de-larchitecture\/104359\/#breadcrumb"},"inLanguage":"fr-FR","potentialAction":[{"@type":"ReadAction","target":["https:\/\/batijournal.com\/index.php\/5e-biennale-du-reseau-des-maisons-de-larchitecture\/104359\/"]}]},{"@type":"ImageObject","inLanguage":"fr-FR","@id":"https:\/\/batijournal.com\/index.php\/5e-biennale-du-reseau-des-maisons-de-larchitecture\/104359\/#primaryimage","url":"https:\/\/batijournal.com\/wp-content\/uploads\/2020\/06\/biennale-reseaux-architecture.jpg","contentUrl":"https:\/\/batijournal.com\/wp-content\/uploads\/2020\/06\/biennale-reseaux-architecture.jpg","width":1164,"height":394},{"@type":"BreadcrumbList","@id":"https:\/\/batijournal.com\/index.php\/5e-biennale-du-reseau-des-maisons-de-larchitecture\/104359\/#breadcrumb","itemListElement":[{"@type":"ListItem","position":1,"name":"Accueil","item":"https:\/\/batijournal.com\/"},{"@type":"ListItem","position":2,"name":"Actualit\u00e9s","item":"https:\/\/batijournal.com\/index.php\/category\/actualites\/"},{"@type":"ListItem","position":3,"name":"Architecture &amp; Conception","item":"https:\/\/batijournal.com\/index.php\/category\/actualites\/architecture-conception\/"},{"@type":"ListItem","position":4,"name":"5e biennale du r\u00e9seau des maisons de l\u2019architecture"}]},{"@type":"WebSite","@id":"https:\/\/batijournal.com\/#website","url":"https:\/\/batijournal.com\/","name":"Batijournal","description":"L&#039;actualit\u00e9 du b\u00e2timent","potentialAction":[{"@type":"SearchAction","target":{"@type":"EntryPoint","urlTemplate":"https:\/\/batijournal.com\/?s={search_term_string}"},"query-input":{"@type":"PropertyValueSpecification","valueRequired":true,"valueName":"search_term_string"}}],"inLanguage":"fr-FR"},{"@type":"Person","@id":"https:\/\/batijournal.com\/#\/schema\/person\/1dc96ec6957aa1ccb25ebe78bb19f100","name":"St\u00e9phane Miget","image":{"@type":"ImageObject","inLanguage":"fr-FR","@id":"https:\/\/secure.gravatar.com\/avatar\/89915563d925342126b8ef0281b93d9d7fc337043e8df017f780908eb9644451?s=96&d=mm&r=g","url":"https:\/\/secure.gravatar.com\/avatar\/89915563d925342126b8ef0281b93d9d7fc337043e8df017f780908eb9644451?s=96&d=mm&r=g","contentUrl":"https:\/\/secure.gravatar.com\/avatar\/89915563d925342126b8ef0281b93d9d7fc337043e8df017f780908eb9644451?s=96&d=mm&r=g","caption":"St\u00e9phane Miget"},"url":"https:\/\/batijournal.com\/index.php\/author\/stephane\/"}]}},"_links":{"self":[{"href":"https:\/\/batijournal.com\/index.php\/wp-json\/wp\/v2\/posts\/104359","targetHints":{"allow":["GET"]}}],"collection":[{"href":"https:\/\/batijournal.com\/index.php\/wp-json\/wp\/v2\/posts"}],"about":[{"href":"https:\/\/batijournal.com\/index.php\/wp-json\/wp\/v2\/types\/post"}],"author":[{"embeddable":true,"href":"https:\/\/batijournal.com\/index.php\/wp-json\/wp\/v2\/users\/17"}],"replies":[{"embeddable":true,"href":"https:\/\/batijournal.com\/index.php\/wp-json\/wp\/v2\/comments?post=104359"}],"version-history":[{"count":0,"href":"https:\/\/batijournal.com\/index.php\/wp-json\/wp\/v2\/posts\/104359\/revisions"}],"wp:featuredmedia":[{"embeddable":true,"href":"https:\/\/batijournal.com\/index.php\/wp-json\/wp\/v2\/media\/104360"}],"wp:attachment":[{"href":"https:\/\/batijournal.com\/index.php\/wp-json\/wp\/v2\/media?parent=104359"}],"wp:term":[{"taxonomy":"category","embeddable":true,"href":"https:\/\/batijournal.com\/index.php\/wp-json\/wp\/v2\/categories?post=104359"},{"taxonomy":"post_tag","embeddable":true,"href":"https:\/\/batijournal.com\/index.php\/wp-json\/wp\/v2\/tags?post=104359"}],"curies":[{"name":"wp","href":"https:\/\/api.w.org\/{rel}","templated":true}]}}